{"id":13140,"date":"2018-11-06T16:26:48","date_gmt":"2018-11-06T15:26:48","guid":{"rendered":"http:\/\/dorogimedence.hu\/?p=13140"},"modified":"2018-11-06T16:26:48","modified_gmt":"2018-11-06T15:26:48","slug":"fejlemenyek-a-dorogi-tomegkozlekedes-korszerusiteserol","status":"publish","type":"post","link":"https:\/\/dorogimedence.hu\/index.php\/2018\/11\/06\/fejlemenyek-a-dorogi-tomegkozlekedes-korszerusiteserol\/","title":{"rendered":"Fejlem\u00e9nyek a dorogi t\u00f6megk\u00f6zleked\u00e9s korszer\u0171s\u00edt\u00e9s\u00e9r\u0151l"},"content":{"rendered":"<p><strong>Kor\u00e1bban \u00edrtuk, hogy a meg\u00fajult vas\u00fat\u00e1llom\u00e1s mellett 6 \u00e1ll\u00e1sos buszfordul\u00f3 is \u00e9p\u00fcl, illetve \u00faj bek\u00f6t\u0151utat is l\u00e9tes\u00edtenek k\u00f6rforgalommal.<\/strong><\/p>\n<p>A Dorogi-medence Region\u00e1lis H\u00edrport\u00e1l megkereste a Nemzeti Infrastrukt\u00fara-fejleszt\u0151 Zrt.-t a jelenlegi munk\u00e1latokkal kapcsolatban, illetve a j\u00f6v\u0151ben megval\u00f3sul\u00f3 kivitelez\u00e9sekr\u0151l.<\/p>\n<p><strong><em>A NIF Zrt. t\u00e1j\u00e9koztat\u00e1sa:<\/em><\/strong><\/p>\n<p>Dorogon a vas\u00fatvonal korszer\u0171s\u00edt\u00e9se, az \u00e1llom\u00e1s v\u00e1g\u00e1nyh\u00e1l\u00f3zat\u00e1nak teljes \u00e1t\u00e9p\u00edt\u00e9s\u00e9vel egyidej\u0171leg kor\u00e1bbi projekt keret\u00e9ben megval\u00f3sult. <strong>Jelenleg folyamatban l\u00e9v\u0151 projekt sor\u00e1n \u00faj 2. v\u00e1g\u00e1ny \u00e9p\u00fclt 1200fm hosszban. Teljesen meg\u00fajul, \u00e1t\u00e9p\u00fcl a felv\u00e9teli \u00e9p\u00fclet.<\/strong> Az utasforgalmi szempontb\u00f3l t\u00f6rt\u00e9n\u0151 \u00e1talak\u00edt\u00e1sa a v\u00e9gs\u0151 f\u00e1zisban j\u00e1r, a munk\u00e1k v\u00e1rhat\u00f3an 2018 \u0151sz\u00e9n befejez\u0151dnek, \u00edgy az utasok sz\u00e1m\u00e1ra is el\u00e9rhet\u0151v\u00e9 v\u00e1lik majd a meg\u00fajult \u00e9p\u00fclet.<\/p>\n<p>Az \u00e9p\u00fclet m\u00f6g\u00f6tt, a volt tehervonati fogad\u00f3- \u00e9s t\u00e1rol\u00f3 v\u00e1g\u00e1nyok hely\u00e9n, azok elbont\u00e1sa, a ter\u00fclet rendez\u00e9se ut\u00e1n modern, <strong>6 \u00e1ll\u00e1sos buszfordul\u00f3 \u00e9p\u00fcl az aut\u00f3buszok \u00e9s a vonatok k\u00f6z\u00f6tti jobb \u00e1tsz\u00e1ll\u00e1si lehet\u0151s\u00e9g megteremt\u00e9se \u00e9rdek\u00e9ben<\/strong>. A felv\u00e9teli \u00e9p\u00fclet el\u0151tti ter\u00fcleten a kor\u00e1bbi teherp\u00e1lyaudvari funkci\u00f3k \u00e9vtizedes m\u0171k\u00f6d\u00e9s\u00e9b\u0151l ered\u0151 vas\u00fat\u00fczemi hat\u00e1sok felm\u00e9r\u00e9se \u00e9s elemz\u00e9se, \u00e9s az esetlegesen sz\u00fcks\u00e9ges beavatkoz\u00e1sok vizsg\u00e1lata m\u00e9g zajlik, a buszmeg\u00e1ll\u00f3k kialak\u00edt\u00e1sa ezt k\u00f6vet\u0151en kezd\u0151dhet meg, <strong>v\u00e1rhat\u00f3an 2019-ben<\/strong> t\u00f6rt\u00e9n\u0151 megval\u00f3s\u00edt\u00e1ssal.<\/p>\n<p>A forgalom biztons\u00e1gos lebonyol\u00edthat\u00f3s\u00e1ga \u00e9rdek\u00e9ben <strong>\u00faj \u00f6sszek\u00f6ttet\u00e9s \u00e9p\u00fcl ki a Hantken Miksa utc\u00e1n kereszt\u00fcl a Richter Nyrt. bej\u00e1rat\u00e1nak ir\u00e1ny\u00e1ba, ahol a 111.sz. \u00fat csatlakoz\u00e1s\u00e1n\u00e1l k\u00f6rforgalom \u00e9p\u00fcl<\/strong>.<\/p>\n<p>A magas szint\u0171 szolg\u00e1ltat\u00e1s beind\u00edt\u00e1s\u00e1t a lehet\u0151 leghamarabb, az utasok kiszolg\u00e1l\u00e1sa \u00e9rdek\u00e9ben m\u00e1r a projekt valamennyi munk\u00e1j\u00e1nak elv\u00e9gz\u00e9s\u00e9t megel\u0151z\u0151en megtett\u00fck a M\u00c1V Zrt.-vel \u00e9s a M\u00c1V-Start Zrt.-vel k\u00f6z\u00f6sen. A beavatkoz\u00e1snak k\u00f6sz\u00f6nhet\u0151en Dorogr\u00f3l is gyorsabban el\u00e9rhet\u0151 Budapest illetve a vas\u00fatvonal menti tov\u00e1bbi agglomer\u00e1ci\u00f3s telep\u00fcl\u00e9sek, melyet az utasok tavasz \u00f3ta folyamatosan tapasztalhatnak.<\/p>\n<p>2018 tavasza \u00f3ta modern, villanyvontat\u00e1s\u00fa FLIRT motorvonatokon k\u00f6zlekednek a teljes 2-es vonalon. A gyors\u00edtott szem\u00e9lyvonatok eset\u00e9ben 62 percre cs\u00f6kkent a menetid\u0151 a Nyugati p\u00e1lyaudvar \u00e9s Esztergom k\u00f6z\u00f6tt, valamint b\u0151v\u00fclt a menetrendi k\u00edn\u00e1lat is.<\/p>\n<p>A R\u00e1kosrendez\u0151-Esztergom vas\u00fatvonal villamos\u00edt\u00e1sa, biztos\u00edt\u00f3berendez\u00e9s korszer\u0171s\u00edt\u00e9se projekt keret\u00e9ben \u00f6sszesen 51 km hosszan t\u00f6rt\u00e9nik a vas\u00fatvonal villamos\u00edt\u00e1sa, illetve a teljes szakaszon ki\u00e9p\u00fclnek a kieg\u00e9sz\u00edt\u0151 biztos\u00edt\u00f3berendez\u00e9sek is.<\/p>\n<p>A \u201eBudapest-Esztergom vas\u00fatvonal villamos\u00edt\u00e1sa \u00e9s kieg\u00e9sz\u00edt\u0151 \u00e9p\u00edt\u00e9si munk\u00e1k v\u00e9gz\u00e9se a fels\u0151vezet\u00e9k \u00e9p\u00edt\u00e9si munk\u00e1khoz kapcsol\u00f3d\u00f3an\u201d t\u00e1rgy\u00fa V\u00e1llalkoz\u00e1si Szerz\u0151d\u00e9s keret\u00e9ben az \u00e9rintett vas\u00fatvonal fejleszt\u00e9s\u00e9nek kivitelez\u00e9s\u00e9t az STO Esztergom Konzorcium v\u00e9gzi (konzorciumvezet\u0151: STRABAG Vas\u00fat\u00e9p\u00edt\u0151 Kft.) A beruh\u00e1z\u00e1s uni\u00f3s \u00e9s hazai forr\u00e1s felhaszn\u00e1l\u00e1s\u00e1val val\u00f3sul meg.<\/p>\n<p><em><strong>Cikkek a t\u00e9m\u00e1ban:<\/strong><\/em><\/p>\n<p><a href=\"https:\/\/dorogimedence.hu\/index.php\/2017\/07\/03\/dorogi-busz-es-vasutallomas\/\" target=\"_blank\" rel=\"noopener\"><span style=\"text-decoration: underline; color: #0000ff;\">Dorogi busz- \u00e9s vas\u00fat\u00e1llom\u00e1s<\/span><\/a> &#8211; 2017.07.03.<br \/>\n<a href=\"https:\/\/dorogimedence.hu\/index.php\/2017\/08\/11\/eloterben-a-tomegkozlekedes-es-a-zoldfejlesztes\/\" target=\"_blank\" rel=\"noopener\"><span style=\"text-decoration: underline; color: #0000ff;\">El\u0151t\u00e9rben a t\u00f6megk\u00f6zleked\u00e9s \u00e9s a z\u00f6ldfejleszt\u00e9s<\/span><\/a> &#8211; 2017.08.11.<br \/>\n<a href=\"https:\/\/dorogimedence.hu\/index.php\/2018\/02\/20\/uj-utat-buszmegallokat-terveznek-dorogon\/\" target=\"_blank\" rel=\"noopener\"><span style=\"text-decoration: underline; color: #0000ff;\">\u00daj utat, buszmeg\u00e1ll\u00f3kat terveznek Dorogon<\/span><\/a> &#8211; 2018.02.20.<br \/>\n<a href=\"https:\/\/dorogimedence.hu\/index.php\/2018\/06\/07\/elkezdodtek-a-dorogi-forgalmi-csomopont-munkalatai\/\" target=\"_blank\" rel=\"noopener\"><span style=\"text-decoration: underline; color: #0000ff;\">Elkezd\u0151dtek a dorogi forgalmi csom\u00f3pont munk\u00e1latai<\/span><\/a> &#8211; 2018.06.07.<\/p>\n<p><em>Bor\u00edt\u00f3k\u00e9p: Google Maps<\/em><\/p>\n","protected":false},"excerpt":{"rendered":"<p>Kor\u00e1bban \u00edrtuk, hogy a meg\u00fajult vas\u00fat\u00e1llom\u00e1s mellett 6 \u00e1ll\u00e1sos buszfordul\u00f3 is \u00e9p\u00fcl, illetve \u00faj bek\u00f6t\u0151utat is l\u00e9tes\u00edtenek k\u00f6rforgalommal. A Dorogi-medence Region\u00e1lis H\u00edrport\u00e1l megkereste a Nemzeti Infrastrukt\u00fara-fejleszt\u0151 Zrt.-t a jelenlegi munk\u00e1latokkal kapcsolatban, illetve a j\u00f6v\u0151ben megval\u00f3sul\u00f3 kivitelez\u00e9sekr\u0151l. A NIF Zrt. t\u00e1j\u00e9koztat\u00e1sa: Dorogon a vas\u00fatvonal korszer\u0171s\u00edt\u00e9se, az \u00e1llom\u00e1s v\u00e1g\u00e1nyh\u00e1l\u00f3zat\u00e1nak teljes \u00e1t\u00e9p\u00edt\u00e9s\u00e9vel egyidej\u0171leg kor\u00e1bbi projekt keret\u00e9ben megval\u00f3sult. Jelenleg<\/p>\n","protected":false},"author":1,"featured_media":13141,"comment_status":"closed","ping_status":"closed","sticky":false,"template":"","format":"standard","meta":{"ngg_post_thumbnail":0,"footnotes":""},"categories":[2,3],"tags":[458,1043,15,464,279,3182,74,1088,1753,381,291],"class_list":{"0":"post-13140","1":"post","2":"type-post","3":"status-publish","4":"format-standard","5":"has-post-thumbnail","7":"category-dorog","8":"category-hirek","9":"tag-autobusz","10":"tag-busz","11":"tag-dorog","12":"tag-felujitas","13":"tag-kozlekedes","14":"tag-nif-zrt","15":"tag-palyazat","16":"tag-tomegkozlekedes","17":"tag-unios-palyazat","18":"tag-vasut","19":"tag-vonat"},"yoast_head":"<!-- This site is optimized with the Yoast SEO plugin v27.5 - https:\/\/yoast.com\/product\/yoast-seo-wordpress\/ -->\n<title>Fejlem\u00e9nyek a dorogi t\u00f6megk\u00f6zleked\u00e9s korszer\u0171s\u00edt\u00e9s\u00e9r\u0151l<\/title>\n<meta name=\"robots\" content=\"index, follow, max-snippet:-1, max-image-preview:large, max-video-preview:-1\" \/>\n<link rel=\"canonical\" href=\"https:\/\/dorogimedence.hu\/index.php\/2018\/11\/06\/fejlemenyek-a-dorogi-tomegkozlekedes-korszerusiteserol\/\" class=\"yoast-seo-meta-tag\" \/>\n<meta property=\"og:locale\" content=\"hu_HU\" class=\"yoast-seo-meta-tag\" \/>\n<meta property=\"og:type\" content=\"article\" class=\"yoast-seo-meta-tag\" \/>\n<meta property=\"og:title\" content=\"Fejlem\u00e9nyek a dorogi t\u00f6megk\u00f6zleked\u00e9s korszer\u0171s\u00edt\u00e9s\u00e9r\u0151l\" class=\"yoast-seo-meta-tag\" \/>\n<meta property=\"og:description\" content=\"Kor\u00e1bban \u00edrtuk, hogy a meg\u00fajult vas\u00fat\u00e1llom\u00e1s mellett 6 \u00e1ll\u00e1sos buszfordul\u00f3 is \u00e9p\u00fcl, illetve \u00faj bek\u00f6t\u0151utat is l\u00e9tes\u00edtenek k\u00f6rforgalommal. A Dorogi-medence Region\u00e1lis H\u00edrport\u00e1l megkereste a Nemzeti Infrastrukt\u00fara-fejleszt\u0151 Zrt.-t a jelenlegi munk\u00e1latokkal kapcsolatban, illetve a j\u00f6v\u0151ben megval\u00f3sul\u00f3 kivitelez\u00e9sekr\u0151l. A NIF Zrt. t\u00e1j\u00e9koztat\u00e1sa: Dorogon a vas\u00fatvonal korszer\u0171s\u00edt\u00e9se, az \u00e1llom\u00e1s v\u00e1g\u00e1nyh\u00e1l\u00f3zat\u00e1nak teljes \u00e1t\u00e9p\u00edt\u00e9s\u00e9vel egyidej\u0171leg kor\u00e1bbi projekt keret\u00e9ben megval\u00f3sult. Jelenleg\" class=\"yoast-seo-meta-tag\" \/>\n<meta property=\"og:url\" content=\"https:\/\/dorogimedence.hu\/index.php\/2018\/11\/06\/fejlemenyek-a-dorogi-tomegkozlekedes-korszerusiteserol\/\" class=\"yoast-seo-meta-tag\" \/>\n<meta property=\"og:site_name\" content=\"Dorogi-medence Region\u00e1lis H\u00edrport\u00e1l\" class=\"yoast-seo-meta-tag\" \/>\n<meta property=\"article:publisher\" content=\"https:\/\/www.facebook.com\/dorogimedence\/\" class=\"yoast-seo-meta-tag\" \/>\n<meta property=\"article:published_time\" content=\"2018-11-06T15:26:48+00:00\" class=\"yoast-seo-meta-tag\" \/>\n<meta property=\"og:image\" content=\"https:\/\/i0.wp.com\/dorogimedence.hu\/wp-content\/uploads\/2018\/11\/dorog-muholdkep-uj.jpg?fit=670%2C365&ssl=1\" class=\"yoast-seo-meta-tag\" \/>\n\t<meta property=\"og:image:width\" content=\"670\" class=\"yoast-seo-meta-tag\" \/>\n\t<meta property=\"og:image:height\" content=\"365\" class=\"yoast-seo-meta-tag\" \/>\n\t<meta property=\"og:image:type\" content=\"image\/jpeg\" class=\"yoast-seo-meta-tag\" \/>\n<meta name=\"author\" content=\"dorogimedence.hu\" class=\"yoast-seo-meta-tag\" \/>\n<meta name=\"twitter:card\" content=\"summary_large_image\" class=\"yoast-seo-meta-tag\" \/>\n<meta name=\"twitter:label1\" content=\"Szerz\u0151:\" class=\"yoast-seo-meta-tag\" \/>\n\t<meta name=\"twitter:data1\" content=\"dorogimedence.hu\" class=\"yoast-seo-meta-tag\" \/>\n\t<meta name=\"twitter:label2\" content=\"Becs\u00fclt olvas\u00e1si id\u0151\" class=\"yoast-seo-meta-tag\" \/>\n\t<meta name=\"twitter:data2\" content=\"3 perc\" class=\"yoast-seo-meta-tag\" \/>\n<script type=\"application\/ld+json\" class=\"yoast-schema-graph\">{\"@context\":\"https:\\\/\\\/schema.org\",\"@graph\":[{\"@type\":\"Article\",\"@id\":\"https:\\\/\\\/dorogimedence.hu\\\/index.php\\\/2018\\\/11\\\/06\\\/fejlemenyek-a-dorogi-tomegkozlekedes-korszerusiteserol\\\/#article\",\"isPartOf\":{\"@id\":\"https:\\\/\\\/dorogimedence.hu\\\/index.php\\\/2018\\\/11\\\/06\\\/fejlemenyek-a-dorogi-tomegkozlekedes-korszerusiteserol\\\/\"},\"author\":{\"name\":\"dorogimedence.hu\",\"@id\":\"https:\\\/\\\/dorogimedence.hu\\\/#\\\/schema\\\/person\\\/ce6091eeb7e95ecdc87890d6aa8e0fd4\"},\"headline\":\"Fejlem\u00e9nyek a dorogi t\u00f6megk\u00f6zleked\u00e9s korszer\u0171s\u00edt\u00e9s\u00e9r\u0151l\",\"datePublished\":\"2018-11-06T15:26:48+00:00\",\"mainEntityOfPage\":{\"@id\":\"https:\\\/\\\/dorogimedence.hu\\\/index.php\\\/2018\\\/11\\\/06\\\/fejlemenyek-a-dorogi-tomegkozlekedes-korszerusiteserol\\\/\"},\"wordCount\":664,\"publisher\":{\"@id\":\"https:\\\/\\\/dorogimedence.hu\\\/#organization\"},\"image\":{\"@id\":\"https:\\\/\\\/dorogimedence.hu\\\/index.php\\\/2018\\\/11\\\/06\\\/fejlemenyek-a-dorogi-tomegkozlekedes-korszerusiteserol\\\/#primaryimage\"},\"thumbnailUrl\":\"https:\\\/\\\/dorogimedence.hu\\\/wp-content\\\/uploads\\\/2018\\\/11\\\/dorog-muholdkep-uj.jpg\",\"keywords\":[\"aut\u00f3busz\",\"busz\",\"Dorog\",\"fel\u00faj\u00edt\u00e1s\",\"k\u00f6zleked\u00e9s\",\"NIF Zrt.\",\"p\u00e1ly\u00e1zat\",\"t\u00f6megk\u00f6zleked\u00e9s\",\"uni\u00f3s p\u00e1ly\u00e1zat\",\"vas\u00fat\",\"vonat\"],\"articleSection\":[\"Dorog\",\"H\u00edrek\"],\"inLanguage\":\"hu\"},{\"@type\":\"WebPage\",\"@id\":\"https:\\\/\\\/dorogimedence.hu\\\/index.php\\\/2018\\\/11\\\/06\\\/fejlemenyek-a-dorogi-tomegkozlekedes-korszerusiteserol\\\/\",\"url\":\"https:\\\/\\\/dorogimedence.hu\\\/index.php\\\/2018\\\/11\\\/06\\\/fejlemenyek-a-dorogi-tomegkozlekedes-korszerusiteserol\\\/\",\"name\":\"Fejlem\u00e9nyek a dorogi t\u00f6megk\u00f6zleked\u00e9s korszer\u0171s\u00edt\u00e9s\u00e9r\u0151l\",\"isPartOf\":{\"@id\":\"https:\\\/\\\/dorogimedence.hu\\\/#website\"},\"primaryImageOfPage\":{\"@id\":\"https:\\\/\\\/dorogimedence.hu\\\/index.php\\\/2018\\\/11\\\/06\\\/fejlemenyek-a-dorogi-tomegkozlekedes-korszerusiteserol\\\/#primaryimage\"},\"image\":{\"@id\":\"https:\\\/\\\/dorogimedence.hu\\\/index.php\\\/2018\\\/11\\\/06\\\/fejlemenyek-a-dorogi-tomegkozlekedes-korszerusiteserol\\\/#primaryimage\"},\"thumbnailUrl\":\"https:\\\/\\\/dorogimedence.hu\\\/wp-content\\\/uploads\\\/2018\\\/11\\\/dorog-muholdkep-uj.jpg\",\"datePublished\":\"2018-11-06T15:26:48+00:00\",\"breadcrumb\":{\"@id\":\"https:\\\/\\\/dorogimedence.hu\\\/index.php\\\/2018\\\/11\\\/06\\\/fejlemenyek-a-dorogi-tomegkozlekedes-korszerusiteserol\\\/#breadcrumb\"},\"inLanguage\":\"hu\",\"potentialAction\":[{\"@type\":\"ReadAction\",\"target\":[\"https:\\\/\\\/dorogimedence.hu\\\/index.php\\\/2018\\\/11\\\/06\\\/fejlemenyek-a-dorogi-tomegkozlekedes-korszerusiteserol\\\/\"]}]},{\"@type\":\"ImageObject\",\"inLanguage\":\"hu\",\"@id\":\"https:\\\/\\\/dorogimedence.hu\\\/index.php\\\/2018\\\/11\\\/06\\\/fejlemenyek-a-dorogi-tomegkozlekedes-korszerusiteserol\\\/#primaryimage\",\"url\":\"https:\\\/\\\/dorogimedence.hu\\\/wp-content\\\/uploads\\\/2018\\\/11\\\/dorog-muholdkep-uj.jpg\",\"contentUrl\":\"https:\\\/\\\/dorogimedence.hu\\\/wp-content\\\/uploads\\\/2018\\\/11\\\/dorog-muholdkep-uj.jpg\",\"width\":670,\"height\":365},{\"@type\":\"BreadcrumbList\",\"@id\":\"https:\\\/\\\/dorogimedence.hu\\\/index.php\\\/2018\\\/11\\\/06\\\/fejlemenyek-a-dorogi-tomegkozlekedes-korszerusiteserol\\\/#breadcrumb\",\"itemListElement\":[{\"@type\":\"ListItem\",\"position\":1,\"name\":\"Kezd\u0151lap\",\"item\":\"https:\\\/\\\/dorogimedence.hu\\\/\"},{\"@type\":\"ListItem\",\"position\":2,\"name\":\"Fejlem\u00e9nyek a dorogi t\u00f6megk\u00f6zleked\u00e9s korszer\u0171s\u00edt\u00e9s\u00e9r\u0151l\"}]},{\"@type\":\"WebSite\",\"@id\":\"https:\\\/\\\/dorogimedence.hu\\\/#website\",\"url\":\"https:\\\/\\\/dorogimedence.hu\\\/\",\"name\":\"Dorogi-medence Region\u00e1lis H\u00edrport\u00e1l\",\"description\":\"Dorog, Keszt\u00f6lc, Le\u00e1nyv\u00e1r, Piliscs\u00e9v, Tokod, Tokodalt\u00e1r\u00f3, Csolnok, Esztergom-kertv\u00e1ros: h\u00edrek, programok\",\"publisher\":{\"@id\":\"https:\\\/\\\/dorogimedence.hu\\\/#organization\"},\"potentialAction\":[{\"@type\":\"SearchAction\",\"target\":{\"@type\":\"EntryPoint\",\"urlTemplate\":\"https:\\\/\\\/dorogimedence.hu\\\/?s={search_term_string}\"},\"query-input\":{\"@type\":\"PropertyValueSpecification\",\"valueRequired\":true,\"valueName\":\"search_term_string\"}}],\"inLanguage\":\"hu\"},{\"@type\":\"Organization\",\"@id\":\"https:\\\/\\\/dorogimedence.hu\\\/#organization\",\"name\":\"Dorogi-medence Region\u00e1lis H\u00edrport\u00e1l\",\"url\":\"https:\\\/\\\/dorogimedence.hu\\\/\",\"logo\":{\"@type\":\"ImageObject\",\"inLanguage\":\"hu\",\"@id\":\"https:\\\/\\\/dorogimedence.hu\\\/#\\\/schema\\\/logo\\\/image\\\/\",\"url\":\"https:\\\/\\\/dorogimedence.hu\\\/wp-content\\\/uploads\\\/2021\\\/04\\\/logo-feher-600.png\",\"contentUrl\":\"https:\\\/\\\/dorogimedence.hu\\\/wp-content\\\/uploads\\\/2021\\\/04\\\/logo-feher-600.png\",\"width\":600,\"height\":100,\"caption\":\"Dorogi-medence Region\u00e1lis H\u00edrport\u00e1l\"},\"image\":{\"@id\":\"https:\\\/\\\/dorogimedence.hu\\\/#\\\/schema\\\/logo\\\/image\\\/\"},\"sameAs\":[\"https:\\\/\\\/www.facebook.com\\\/dorogimedence\\\/\"]},{\"@type\":\"Person\",\"@id\":\"https:\\\/\\\/dorogimedence.hu\\\/#\\\/schema\\\/person\\\/ce6091eeb7e95ecdc87890d6aa8e0fd4\",\"name\":\"dorogimedence.hu\",\"image\":{\"@type\":\"ImageObject\",\"inLanguage\":\"hu\",\"@id\":\"\\\/\\\/www.gravatar.com\\\/avatar\\\/d8d45f8901aadff40a4af72c0b826f1d?s=96&#038;r=g&#038;d=mm\",\"url\":\"\\\/\\\/www.gravatar.com\\\/avatar\\\/d8d45f8901aadff40a4af72c0b826f1d?s=96&#038;r=g&#038;d=mm\",\"contentUrl\":\"\\\/\\\/www.gravatar.com\\\/avatar\\\/d8d45f8901aadff40a4af72c0b826f1d?s=96&#038;r=g&#038;d=mm\",\"caption\":\"dorogimedence.hu\"}}]}<\/script>\n<!-- \/ Yoast SEO plugin. -->","yoast_head_json":{"title":"Fejlem\u00e9nyek a dorogi t\u00f6megk\u00f6zleked\u00e9s korszer\u0171s\u00edt\u00e9s\u00e9r\u0151l","robots":{"index":"index","follow":"follow","max-snippet":"max-snippet:-1","max-image-preview":"max-image-preview:large","max-video-preview":"max-video-preview:-1"},"canonical":"https:\/\/dorogimedence.hu\/index.php\/2018\/11\/06\/fejlemenyek-a-dorogi-tomegkozlekedes-korszerusiteserol\/","og_locale":"hu_HU","og_type":"article","og_title":"Fejlem\u00e9nyek a dorogi t\u00f6megk\u00f6zleked\u00e9s korszer\u0171s\u00edt\u00e9s\u00e9r\u0151l","og_description":"Kor\u00e1bban \u00edrtuk, hogy a meg\u00fajult vas\u00fat\u00e1llom\u00e1s mellett 6 \u00e1ll\u00e1sos buszfordul\u00f3 is \u00e9p\u00fcl, illetve \u00faj bek\u00f6t\u0151utat is l\u00e9tes\u00edtenek k\u00f6rforgalommal. A Dorogi-medence Region\u00e1lis H\u00edrport\u00e1l megkereste a Nemzeti Infrastrukt\u00fara-fejleszt\u0151 Zrt.-t a jelenlegi munk\u00e1latokkal kapcsolatban, illetve a j\u00f6v\u0151ben megval\u00f3sul\u00f3 kivitelez\u00e9sekr\u0151l. A NIF Zrt. t\u00e1j\u00e9koztat\u00e1sa: Dorogon a vas\u00fatvonal korszer\u0171s\u00edt\u00e9se, az \u00e1llom\u00e1s v\u00e1g\u00e1nyh\u00e1l\u00f3zat\u00e1nak teljes \u00e1t\u00e9p\u00edt\u00e9s\u00e9vel egyidej\u0171leg kor\u00e1bbi projekt keret\u00e9ben megval\u00f3sult. Jelenleg","og_url":"https:\/\/dorogimedence.hu\/index.php\/2018\/11\/06\/fejlemenyek-a-dorogi-tomegkozlekedes-korszerusiteserol\/","og_site_name":"Dorogi-medence Region\u00e1lis H\u00edrport\u00e1l","article_publisher":"https:\/\/www.facebook.com\/dorogimedence\/","article_published_time":"2018-11-06T15:26:48+00:00","og_image":[{"width":670,"height":365,"url":"https:\/\/i0.wp.com\/dorogimedence.hu\/wp-content\/uploads\/2018\/11\/dorog-muholdkep-uj.jpg?fit=670%2C365&ssl=1","type":"image\/jpeg"}],"author":"dorogimedence.hu","twitter_card":"summary_large_image","twitter_misc":{"Szerz\u0151:":"dorogimedence.hu","Becs\u00fclt olvas\u00e1si id\u0151":"3 perc"},"schema":{"@context":"https:\/\/schema.org","@graph":[{"@type":"Article","@id":"https:\/\/dorogimedence.hu\/index.php\/2018\/11\/06\/fejlemenyek-a-dorogi-tomegkozlekedes-korszerusiteserol\/#article","isPartOf":{"@id":"https:\/\/dorogimedence.hu\/index.php\/2018\/11\/06\/fejlemenyek-a-dorogi-tomegkozlekedes-korszerusiteserol\/"},"author":{"name":"dorogimedence.hu","@id":"https:\/\/dorogimedence.hu\/#\/schema\/person\/ce6091eeb7e95ecdc87890d6aa8e0fd4"},"headline":"Fejlem\u00e9nyek a dorogi t\u00f6megk\u00f6zleked\u00e9s korszer\u0171s\u00edt\u00e9s\u00e9r\u0151l","datePublished":"2018-11-06T15:26:48+00:00","mainEntityOfPage":{"@id":"https:\/\/dorogimedence.hu\/index.php\/2018\/11\/06\/fejlemenyek-a-dorogi-tomegkozlekedes-korszerusiteserol\/"},"wordCount":664,"publisher":{"@id":"https:\/\/dorogimedence.hu\/#organization"},"image":{"@id":"https:\/\/dorogimedence.hu\/index.php\/2018\/11\/06\/fejlemenyek-a-dorogi-tomegkozlekedes-korszerusiteserol\/#primaryimage"},"thumbnailUrl":"https:\/\/dorogimedence.hu\/wp-content\/uploads\/2018\/11\/dorog-muholdkep-uj.jpg","keywords":["aut\u00f3busz","busz","Dorog","fel\u00faj\u00edt\u00e1s","k\u00f6zleked\u00e9s","NIF Zrt.","p\u00e1ly\u00e1zat","t\u00f6megk\u00f6zleked\u00e9s","uni\u00f3s p\u00e1ly\u00e1zat","vas\u00fat","vonat"],"articleSection":["Dorog","H\u00edrek"],"inLanguage":"hu"},{"@type":"WebPage","@id":"https:\/\/dorogimedence.hu\/index.php\/2018\/11\/06\/fejlemenyek-a-dorogi-tomegkozlekedes-korszerusiteserol\/","url":"https:\/\/dorogimedence.hu\/index.php\/2018\/11\/06\/fejlemenyek-a-dorogi-tomegkozlekedes-korszerusiteserol\/","name":"Fejlem\u00e9nyek a dorogi t\u00f6megk\u00f6zleked\u00e9s korszer\u0171s\u00edt\u00e9s\u00e9r\u0151l","isPartOf":{"@id":"https:\/\/dorogimedence.hu\/#website"},"primaryImageOfPage":{"@id":"https:\/\/dorogimedence.hu\/index.php\/2018\/11\/06\/fejlemenyek-a-dorogi-tomegkozlekedes-korszerusiteserol\/#primaryimage"},"image":{"@id":"https:\/\/dorogimedence.hu\/index.php\/2018\/11\/06\/fejlemenyek-a-dorogi-tomegkozlekedes-korszerusiteserol\/#primaryimage"},"thumbnailUrl":"https:\/\/dorogimedence.hu\/wp-content\/uploads\/2018\/11\/dorog-muholdkep-uj.jpg","datePublished":"2018-11-06T15:26:48+00:00","breadcrumb":{"@id":"https:\/\/dorogimedence.hu\/index.php\/2018\/11\/06\/fejlemenyek-a-dorogi-tomegkozlekedes-korszerusiteserol\/#breadcrumb"},"inLanguage":"hu","potentialAction":[{"@type":"ReadAction","target":["https:\/\/dorogimedence.hu\/index.php\/2018\/11\/06\/fejlemenyek-a-dorogi-tomegkozlekedes-korszerusiteserol\/"]}]},{"@type":"ImageObject","inLanguage":"hu","@id":"https:\/\/dorogimedence.hu\/index.php\/2018\/11\/06\/fejlemenyek-a-dorogi-tomegkozlekedes-korszerusiteserol\/#primaryimage","url":"https:\/\/dorogimedence.hu\/wp-content\/uploads\/2018\/11\/dorog-muholdkep-uj.jpg","contentUrl":"https:\/\/dorogimedence.hu\/wp-content\/uploads\/2018\/11\/dorog-muholdkep-uj.jpg","width":670,"height":365},{"@type":"BreadcrumbList","@id":"https:\/\/dorogimedence.hu\/index.php\/2018\/11\/06\/fejlemenyek-a-dorogi-tomegkozlekedes-korszerusiteserol\/#breadcrumb","itemListElement":[{"@type":"ListItem","position":1,"name":"Kezd\u0151lap","item":"https:\/\/dorogimedence.hu\/"},{"@type":"ListItem","position":2,"name":"Fejlem\u00e9nyek a dorogi t\u00f6megk\u00f6zleked\u00e9s korszer\u0171s\u00edt\u00e9s\u00e9r\u0151l"}]},{"@type":"WebSite","@id":"https:\/\/dorogimedence.hu\/#website","url":"https:\/\/dorogimedence.hu\/","name":"Dorogi-medence Region\u00e1lis H\u00edrport\u00e1l","description":"Dorog, Keszt\u00f6lc, Le\u00e1nyv\u00e1r, Piliscs\u00e9v, Tokod, Tokodalt\u00e1r\u00f3, Csolnok, Esztergom-kertv\u00e1ros: h\u00edrek, programok","publisher":{"@id":"https:\/\/dorogimedence.hu\/#organization"},"potentialAction":[{"@type":"SearchAction","target":{"@type":"EntryPoint","urlTemplate":"https:\/\/dorogimedence.hu\/?s={search_term_string}"},"query-input":{"@type":"PropertyValueSpecification","valueRequired":true,"valueName":"search_term_string"}}],"inLanguage":"hu"},{"@type":"Organization","@id":"https:\/\/dorogimedence.hu\/#organization","name":"Dorogi-medence Region\u00e1lis H\u00edrport\u00e1l","url":"https:\/\/dorogimedence.hu\/","logo":{"@type":"ImageObject","inLanguage":"hu","@id":"https:\/\/dorogimedence.hu\/#\/schema\/logo\/image\/","url":"https:\/\/dorogimedence.hu\/wp-content\/uploads\/2021\/04\/logo-feher-600.png","contentUrl":"https:\/\/dorogimedence.hu\/wp-content\/uploads\/2021\/04\/logo-feher-600.png","width":600,"height":100,"caption":"Dorogi-medence Region\u00e1lis H\u00edrport\u00e1l"},"image":{"@id":"https:\/\/dorogimedence.hu\/#\/schema\/logo\/image\/"},"sameAs":["https:\/\/www.facebook.com\/dorogimedence\/"]},{"@type":"Person","@id":"https:\/\/dorogimedence.hu\/#\/schema\/person\/ce6091eeb7e95ecdc87890d6aa8e0fd4","name":"dorogimedence.hu","image":{"@type":"ImageObject","inLanguage":"hu","@id":"\/\/www.gravatar.com\/avatar\/d8d45f8901aadff40a4af72c0b826f1d?s=96&#038;r=g&#038;d=mm","url":"\/\/www.gravatar.com\/avatar\/d8d45f8901aadff40a4af72c0b826f1d?s=96&#038;r=g&#038;d=mm","contentUrl":"\/\/www.gravatar.com\/avatar\/d8d45f8901aadff40a4af72c0b826f1d?s=96&#038;r=g&#038;d=mm","caption":"dorogimedence.hu"}}]}},"_links":{"self":[{"href":"https:\/\/dorogimedence.hu\/index.php\/wp-json\/wp\/v2\/posts\/13140","targetHints":{"allow":["GET"]}}],"collection":[{"href":"https:\/\/dorogimedence.hu\/index.php\/wp-json\/wp\/v2\/posts"}],"about":[{"href":"https:\/\/dorogimedence.hu\/index.php\/wp-json\/wp\/v2\/types\/post"}],"author":[{"embeddable":true,"href":"https:\/\/dorogimedence.hu\/index.php\/wp-json\/wp\/v2\/users\/1"}],"replies":[{"embeddable":true,"href":"https:\/\/dorogimedence.hu\/index.php\/wp-json\/wp\/v2\/comments?post=13140"}],"version-history":[{"count":0,"href":"https:\/\/dorogimedence.hu\/index.php\/wp-json\/wp\/v2\/posts\/13140\/revisions"}],"wp:featuredmedia":[{"embeddable":true,"href":"https:\/\/dorogimedence.hu\/index.php\/wp-json\/wp\/v2\/media\/13141"}],"wp:attachment":[{"href":"https:\/\/dorogimedence.hu\/index.php\/wp-json\/wp\/v2\/media?parent=13140"}],"wp:term":[{"taxonomy":"category","embeddable":true,"href":"https:\/\/dorogimedence.hu\/index.php\/wp-json\/wp\/v2\/categories?post=13140"},{"taxonomy":"post_tag","embeddable":true,"href":"https:\/\/dorogimedence.hu\/index.php\/wp-json\/wp\/v2\/tags?post=13140"}],"curies":[{"name":"wp","href":"https:\/\/api.w.org\/{rel}","templated":true}]}}