{"id":1305,"date":"2017-03-08T11:21:53","date_gmt":"2017-03-08T10:21:53","guid":{"rendered":"http:\/\/dorogimedence.hu\/?p=1305"},"modified":"2017-03-08T11:21:53","modified_gmt":"2017-03-08T10:21:53","slug":"varjak-a-jelentkezoket-a-tati-borversenyre","status":"publish","type":"post","link":"https:\/\/dorogimedence.hu\/index.php\/2017\/03\/08\/varjak-a-jelentkezoket-a-tati-borversenyre\/","title":{"rendered":"V\u00e1rj\u00e1k a jelentkez\u0151ket a t\u00e1ti borversenyre"},"content":{"rendered":"<p>M\u00e1rcius 18-\u00e1n, szombaton Borversenyt rendeznek a T\u00e1ti Kult\u00farh\u00e1zban, ahova v\u00e1rj\u00e1k a t\u00e1ti \u00e9s mogyor\u00f3sb\u00e1nyai bortermel\u0151ket, valamint az \u00e9rdekl\u0151d\u0151ket.<\/p>\n<p><strong>H\u00e1mos L\u00e1szl\u00f3t, a T\u00e1ti Kult\u00farh\u00e1z igazgat\u00f3j\u00e1t k\u00e9rdezt\u00fck a versenyr\u0151l.<\/strong><\/p>\n<p><span style=\"color: #ff0000;\"><strong><em>T\u00e1ton \u00fajszer\u0171 a borverseny, vagy m\u00e1r hagyom\u00e1nyosan megrendezend\u0151 esem\u00e9ny?<\/em><\/strong><\/span><\/p>\n<p>Nem \u00fajszer\u0171. T\u00f6bb \u00e9vtizedes m\u00faltra tekint vissza a T\u00e1t-Mogyor\u00f3sb\u00e1nya helyi borverseny. Egyik \u00e9vben T\u00e1t rendezi, a m\u00e1sikban pedig Mogyor\u00f3sb\u00e1nya. A versenyen a k\u00e9t telep\u00fcl\u00e9s bortermel\u0151i nevezhetnek, ahol minden \u00e9vben, nagy l\u00e9tsz\u00e1mban m\u00e9rik \u00f6ssze a \u201etud\u00e1sukat\u201d.<\/p>\n<p><span style=\"color: #ff0000;\"><strong><em>A versenyre nevezett borokat mikor \u00e9s milyen form\u00e1ban adhatj\u00e1k le a bor\u00e1szok?<\/em><\/strong><\/span><\/p>\n<p>A versenyre nevezett borokat 2 db 7 dl-es palackban (azonos hord\u00f3b\u00f3l) lehet leadni, m\u00e1rcius 16-\u00e1n, cs\u00fct\u00f6rt\u00f6k\u00f6n 15 \u00e9s 19 \u00f3ra k\u00f6z\u00f6tt a T\u00e1ti Kult\u00farh\u00e1zban. Fontos: a palackra er\u0151s\u00edtett t\u00e1bl\u00e1n (nem ragasztva) fel kell t\u0171ntetni a k\u00f6vetkez\u0151 adatokat: a termel\u0151 neve, a bor fajt\u00e1ja, \u00e9vj\u00e1rata \u00e9s termel\u0151helye. A nevez\u00e9s d\u00edja: 1000 Ft\/bor.<\/p>\n<p><span style=\"color: #ff0000;\"><strong><em>Hogyan t\u00f6rt\u00e9nik a borok zs\u0171riz\u00e9se?<\/em><\/strong><\/span><\/p>\n<p>Az \u00f6sszes be\u00e9rkezett bor k\u00f6z\u00fcl v\u00e1lassz\u00e1k meg a legt\u00f6bb pontot el\u00e9rt, \u00fagynevezett \u201eChampion\u201d bort. Tov\u00e1bb\u00e1 telep\u00fcl\u00e9senk\u00e9nt v\u00e1lasztj\u00e1k ki a legjobb feh\u00e9r, v\u00f6r\u00f6s \u00e9s ros\u00e9 bort. Ezen fel\u00fcl saj\u00e1t termel\u00e9s\u0171 sz\u0151l\u0151b\u0151l k\u00e9sz\u00fclt legjobb t\u00e1ti \u00e9s mogyor\u00f3sb\u00e1nyai bor is kiv\u00e1laszt\u00e1sra ker\u00fcl.<\/p>\n<p><span style=\"color: #ff0000;\"><strong><em>Eredm\u00e9nyhirdet\u00e9s mikor v\u00e1rhat\u00f3?<\/em><\/strong><\/span><\/p>\n<p>M\u00e1rcius 18-\u00e1n, szombaton 17 \u00f3r\u00e1t\u00f3l a T\u00e1ti Kult\u00farh\u00e1zban. A d\u00edj\u00e1tad\u00f3 \u00fcnneps\u00e9gen a T\u00e1ti F\u00e9rfik\u00f3rus bordalokat fog \u00e9nekelni. Az esem\u00e9ny ut\u00e1n pedig k\u00f6z\u00f6s besz\u00e9lget\u00e9sre \u00e9s vacsor\u00e1ra invit\u00e1ljuk a termel\u0151ket \u00e9s az \u00e9rdekl\u0151d\u0151ket (a vacsora \u00e1ra 1.400 Ft\/f\u0151).<\/p>\n<p><span style=\"color: #ff0000;\"><strong><em>A t\u00e9nyek tudat\u00e1ban rem\u00e9lj\u00fck, hogy id\u00e9n is neh\u00e9z lesz a d\u00f6nt\u00e9s, a termel\u0151k kiv\u00e1l\u00f3 borai miatt.<\/em><\/strong><\/span><\/p>\n<p>B\u00edzunk benne \u00e9s sok szeretettel v\u00e1rjuk az \u00e9rdekl\u0151d\u0151ket is!<\/p>\n<p><em>dorogimedence.hu<\/em><\/p>\n<p><img fetchpriority=\"high\" decoding=\"async\" class=\"alignnone size-full wp-image-1283\" src=\"https:\/\/dorogimedence.hu\/wp-content\/uploads\/2017\/03\/borverseny-tat2.jpg\" alt=\"\" width=\"2392\" height=\"3347\" srcset=\"https:\/\/dorogimedence.hu\/wp-content\/uploads\/2017\/03\/borverseny-tat2.jpg 2392w, https:\/\/dorogimedence.hu\/wp-content\/uploads\/2017\/03\/borverseny-tat2-214x300.jpg 214w, https:\/\/dorogimedence.hu\/wp-content\/uploads\/2017\/03\/borverseny-tat2-768x1075.jpg 768w, https:\/\/dorogimedence.hu\/wp-content\/uploads\/2017\/03\/borverseny-tat2-732x1024.jpg 732w\" sizes=\"(max-width: 2392px) 100vw, 2392px\" \/><\/p>\n","protected":false},"excerpt":{"rendered":"<p>M\u00e1rcius 18-\u00e1n, szombaton Borversenyt rendeznek a T\u00e1ti Kult\u00farh\u00e1zban, ahova v\u00e1rj\u00e1k a t\u00e1ti \u00e9s mogyor\u00f3sb\u00e1nyai bortermel\u0151ket, valamint az \u00e9rdekl\u0151d\u0151ket. H\u00e1mos L\u00e1szl\u00f3t, a T\u00e1ti Kult\u00farh\u00e1z igazgat\u00f3j\u00e1t k\u00e9rdezt\u00fck a versenyr\u0151l. T\u00e1ton \u00fajszer\u0171 a borverseny, vagy m\u00e1r hagyom\u00e1nyosan megrendezend\u0151 esem\u00e9ny? Nem \u00fajszer\u0171. T\u00f6bb \u00e9vtizedes m\u00faltra tekint vissza a T\u00e1t-Mogyor\u00f3sb\u00e1nya helyi borverseny. Egyik \u00e9vben T\u00e1t rendezi, a m\u00e1sikban pedig Mogyor\u00f3sb\u00e1nya.<\/p>\n","protected":false},"author":1,"featured_media":1306,"comment_status":"closed","ping_status":"closed","sticky":false,"template":"","format":"standard","meta":{"ngg_post_thumbnail":0,"footnotes":""},"categories":[3,110],"tags":[166,450,101,111,451],"class_list":{"0":"post-1305","1":"post","2":"type-post","3":"status-publish","4":"format-standard","5":"has-post-thumbnail","7":"category-hirek","8":"category-tat","9":"tag-borverseny","10":"tag-mogyorosbanya","11":"tag-program","12":"tag-tat","13":"tag-verseny"},"yoast_head":"<!-- This site is optimized with the Yoast SEO plugin v27.4 - https:\/\/yoast.com\/product\/yoast-seo-wordpress\/ -->\n<title>V\u00e1rj\u00e1k a jelentkez\u0151ket a t\u00e1ti borversenyre<\/title>\n<meta name=\"robots\" content=\"index, follow, max-snippet:-1, max-image-preview:large, max-video-preview:-1\" \/>\n<link rel=\"canonical\" href=\"https:\/\/dorogimedence.hu\/index.php\/2017\/03\/08\/varjak-a-jelentkezoket-a-tati-borversenyre\/\" class=\"yoast-seo-meta-tag\" \/>\n<meta property=\"og:locale\" content=\"hu_HU\" class=\"yoast-seo-meta-tag\" \/>\n<meta property=\"og:type\" content=\"article\" class=\"yoast-seo-meta-tag\" \/>\n<meta property=\"og:title\" content=\"V\u00e1rj\u00e1k a jelentkez\u0151ket a t\u00e1ti borversenyre\" class=\"yoast-seo-meta-tag\" \/>\n<meta property=\"og:description\" content=\"M\u00e1rcius 18-\u00e1n, szombaton Borversenyt rendeznek a T\u00e1ti Kult\u00farh\u00e1zban, ahova v\u00e1rj\u00e1k a t\u00e1ti \u00e9s mogyor\u00f3sb\u00e1nyai bortermel\u0151ket, valamint az \u00e9rdekl\u0151d\u0151ket. H\u00e1mos L\u00e1szl\u00f3t, a T\u00e1ti Kult\u00farh\u00e1z igazgat\u00f3j\u00e1t k\u00e9rdezt\u00fck a versenyr\u0151l. T\u00e1ton \u00fajszer\u0171 a borverseny, vagy m\u00e1r hagyom\u00e1nyosan megrendezend\u0151 esem\u00e9ny? Nem \u00fajszer\u0171. T\u00f6bb \u00e9vtizedes m\u00faltra tekint vissza a T\u00e1t-Mogyor\u00f3sb\u00e1nya helyi borverseny. Egyik \u00e9vben T\u00e1t rendezi, a m\u00e1sikban pedig Mogyor\u00f3sb\u00e1nya.\" class=\"yoast-seo-meta-tag\" \/>\n<meta property=\"og:url\" content=\"https:\/\/dorogimedence.hu\/index.php\/2017\/03\/08\/varjak-a-jelentkezoket-a-tati-borversenyre\/\" class=\"yoast-seo-meta-tag\" \/>\n<meta property=\"og:site_name\" content=\"Dorogi-medence Region\u00e1lis H\u00edrport\u00e1l\" class=\"yoast-seo-meta-tag\" \/>\n<meta property=\"article:publisher\" content=\"https:\/\/www.facebook.com\/dorogimedence\/\" class=\"yoast-seo-meta-tag\" \/>\n<meta property=\"article:published_time\" content=\"2017-03-08T10:21:53+00:00\" class=\"yoast-seo-meta-tag\" \/>\n<meta property=\"og:image\" content=\"https:\/\/i0.wp.com\/dorogimedence.hu\/wp-content\/uploads\/2017\/03\/bor.jpg?fit=1920%2C1200&ssl=1\" class=\"yoast-seo-meta-tag\" \/>\n\t<meta property=\"og:image:width\" content=\"1920\" class=\"yoast-seo-meta-tag\" \/>\n\t<meta property=\"og:image:height\" content=\"1200\" class=\"yoast-seo-meta-tag\" \/>\n\t<meta property=\"og:image:type\" content=\"image\/jpeg\" class=\"yoast-seo-meta-tag\" \/>\n<meta name=\"author\" content=\"dorogimedence.hu\" class=\"yoast-seo-meta-tag\" \/>\n<meta name=\"twitter:card\" content=\"summary_large_image\" class=\"yoast-seo-meta-tag\" \/>\n<meta name=\"twitter:label1\" content=\"Szerz\u0151:\" class=\"yoast-seo-meta-tag\" \/>\n\t<meta name=\"twitter:data1\" content=\"dorogimedence.hu\" class=\"yoast-seo-meta-tag\" \/>\n\t<meta name=\"twitter:label2\" content=\"Becs\u00fclt olvas\u00e1si id\u0151\" class=\"yoast-seo-meta-tag\" \/>\n\t<meta name=\"twitter:data2\" content=\"2 perc\" class=\"yoast-seo-meta-tag\" \/>\n<script type=\"application\/ld+json\" class=\"yoast-schema-graph\">{\"@context\":\"https:\\\/\\\/schema.org\",\"@graph\":[{\"@type\":\"Article\",\"@id\":\"https:\\\/\\\/dorogimedence.hu\\\/index.php\\\/2017\\\/03\\\/08\\\/varjak-a-jelentkezoket-a-tati-borversenyre\\\/#article\",\"isPartOf\":{\"@id\":\"https:\\\/\\\/dorogimedence.hu\\\/index.php\\\/2017\\\/03\\\/08\\\/varjak-a-jelentkezoket-a-tati-borversenyre\\\/\"},\"author\":{\"name\":\"dorogimedence.hu\",\"@id\":\"https:\\\/\\\/dorogimedence.hu\\\/#\\\/schema\\\/person\\\/ce6091eeb7e95ecdc87890d6aa8e0fd4\"},\"headline\":\"V\u00e1rj\u00e1k a jelentkez\u0151ket a t\u00e1ti borversenyre\",\"datePublished\":\"2017-03-08T10:21:53+00:00\",\"mainEntityOfPage\":{\"@id\":\"https:\\\/\\\/dorogimedence.hu\\\/index.php\\\/2017\\\/03\\\/08\\\/varjak-a-jelentkezoket-a-tati-borversenyre\\\/\"},\"wordCount\":396,\"publisher\":{\"@id\":\"https:\\\/\\\/dorogimedence.hu\\\/#organization\"},\"image\":{\"@id\":\"https:\\\/\\\/dorogimedence.hu\\\/index.php\\\/2017\\\/03\\\/08\\\/varjak-a-jelentkezoket-a-tati-borversenyre\\\/#primaryimage\"},\"thumbnailUrl\":\"https:\\\/\\\/dorogimedence.hu\\\/wp-content\\\/uploads\\\/2017\\\/03\\\/bor.jpg\",\"keywords\":[\"borverseny\",\"Mogyor\u00f3sb\u00e1nya\",\"program\",\"T\u00e1t\",\"verseny\"],\"articleSection\":[\"H\u00edrek\",\"T\u00e1t\"],\"inLanguage\":\"hu\"},{\"@type\":\"WebPage\",\"@id\":\"https:\\\/\\\/dorogimedence.hu\\\/index.php\\\/2017\\\/03\\\/08\\\/varjak-a-jelentkezoket-a-tati-borversenyre\\\/\",\"url\":\"https:\\\/\\\/dorogimedence.hu\\\/index.php\\\/2017\\\/03\\\/08\\\/varjak-a-jelentkezoket-a-tati-borversenyre\\\/\",\"name\":\"V\u00e1rj\u00e1k a jelentkez\u0151ket a t\u00e1ti borversenyre\",\"isPartOf\":{\"@id\":\"https:\\\/\\\/dorogimedence.hu\\\/#website\"},\"primaryImageOfPage\":{\"@id\":\"https:\\\/\\\/dorogimedence.hu\\\/index.php\\\/2017\\\/03\\\/08\\\/varjak-a-jelentkezoket-a-tati-borversenyre\\\/#primaryimage\"},\"image\":{\"@id\":\"https:\\\/\\\/dorogimedence.hu\\\/index.php\\\/2017\\\/03\\\/08\\\/varjak-a-jelentkezoket-a-tati-borversenyre\\\/#primaryimage\"},\"thumbnailUrl\":\"https:\\\/\\\/dorogimedence.hu\\\/wp-content\\\/uploads\\\/2017\\\/03\\\/bor.jpg\",\"datePublished\":\"2017-03-08T10:21:53+00:00\",\"breadcrumb\":{\"@id\":\"https:\\\/\\\/dorogimedence.hu\\\/index.php\\\/2017\\\/03\\\/08\\\/varjak-a-jelentkezoket-a-tati-borversenyre\\\/#breadcrumb\"},\"inLanguage\":\"hu\",\"potentialAction\":[{\"@type\":\"ReadAction\",\"target\":[\"https:\\\/\\\/dorogimedence.hu\\\/index.php\\\/2017\\\/03\\\/08\\\/varjak-a-jelentkezoket-a-tati-borversenyre\\\/\"]}]},{\"@type\":\"ImageObject\",\"inLanguage\":\"hu\",\"@id\":\"https:\\\/\\\/dorogimedence.hu\\\/index.php\\\/2017\\\/03\\\/08\\\/varjak-a-jelentkezoket-a-tati-borversenyre\\\/#primaryimage\",\"url\":\"https:\\\/\\\/dorogimedence.hu\\\/wp-content\\\/uploads\\\/2017\\\/03\\\/bor.jpg\",\"contentUrl\":\"https:\\\/\\\/dorogimedence.hu\\\/wp-content\\\/uploads\\\/2017\\\/03\\\/bor.jpg\",\"width\":1920,\"height\":1200},{\"@type\":\"BreadcrumbList\",\"@id\":\"https:\\\/\\\/dorogimedence.hu\\\/index.php\\\/2017\\\/03\\\/08\\\/varjak-a-jelentkezoket-a-tati-borversenyre\\\/#breadcrumb\",\"itemListElement\":[{\"@type\":\"ListItem\",\"position\":1,\"name\":\"Kezd\u0151lap\",\"item\":\"https:\\\/\\\/dorogimedence.hu\\\/\"},{\"@type\":\"ListItem\",\"position\":2,\"name\":\"V\u00e1rj\u00e1k a jelentkez\u0151ket a t\u00e1ti borversenyre\"}]},{\"@type\":\"WebSite\",\"@id\":\"https:\\\/\\\/dorogimedence.hu\\\/#website\",\"url\":\"https:\\\/\\\/dorogimedence.hu\\\/\",\"name\":\"Dorogi-medence Region\u00e1lis H\u00edrport\u00e1l\",\"description\":\"Dorog, Keszt\u00f6lc, Le\u00e1nyv\u00e1r, Piliscs\u00e9v, Tokod, Tokodalt\u00e1r\u00f3, Csolnok, Esztergom-kertv\u00e1ros: h\u00edrek, programok\",\"publisher\":{\"@id\":\"https:\\\/\\\/dorogimedence.hu\\\/#organization\"},\"potentialAction\":[{\"@type\":\"SearchAction\",\"target\":{\"@type\":\"EntryPoint\",\"urlTemplate\":\"https:\\\/\\\/dorogimedence.hu\\\/?s={search_term_string}\"},\"query-input\":{\"@type\":\"PropertyValueSpecification\",\"valueRequired\":true,\"valueName\":\"search_term_string\"}}],\"inLanguage\":\"hu\"},{\"@type\":\"Organization\",\"@id\":\"https:\\\/\\\/dorogimedence.hu\\\/#organization\",\"name\":\"Dorogi-medence Region\u00e1lis H\u00edrport\u00e1l\",\"url\":\"https:\\\/\\\/dorogimedence.hu\\\/\",\"logo\":{\"@type\":\"ImageObject\",\"inLanguage\":\"hu\",\"@id\":\"https:\\\/\\\/dorogimedence.hu\\\/#\\\/schema\\\/logo\\\/image\\\/\",\"url\":\"https:\\\/\\\/dorogimedence.hu\\\/wp-content\\\/uploads\\\/2021\\\/04\\\/logo-feher-600.png\",\"contentUrl\":\"https:\\\/\\\/dorogimedence.hu\\\/wp-content\\\/uploads\\\/2021\\\/04\\\/logo-feher-600.png\",\"width\":600,\"height\":100,\"caption\":\"Dorogi-medence Region\u00e1lis H\u00edrport\u00e1l\"},\"image\":{\"@id\":\"https:\\\/\\\/dorogimedence.hu\\\/#\\\/schema\\\/logo\\\/image\\\/\"},\"sameAs\":[\"https:\\\/\\\/www.facebook.com\\\/dorogimedence\\\/\"]},{\"@type\":\"Person\",\"@id\":\"https:\\\/\\\/dorogimedence.hu\\\/#\\\/schema\\\/person\\\/ce6091eeb7e95ecdc87890d6aa8e0fd4\",\"name\":\"dorogimedence.hu\",\"image\":{\"@type\":\"ImageObject\",\"inLanguage\":\"hu\",\"@id\":\"\\\/\\\/www.gravatar.com\\\/avatar\\\/d8d45f8901aadff40a4af72c0b826f1d?s=96&#038;r=g&#038;d=mm\",\"url\":\"\\\/\\\/www.gravatar.com\\\/avatar\\\/d8d45f8901aadff40a4af72c0b826f1d?s=96&#038;r=g&#038;d=mm\",\"contentUrl\":\"\\\/\\\/www.gravatar.com\\\/avatar\\\/d8d45f8901aadff40a4af72c0b826f1d?s=96&#038;r=g&#038;d=mm\",\"caption\":\"dorogimedence.hu\"}}]}<\/script>\n<!-- \/ Yoast SEO plugin. -->","yoast_head_json":{"title":"V\u00e1rj\u00e1k a jelentkez\u0151ket a t\u00e1ti borversenyre","robots":{"index":"index","follow":"follow","max-snippet":"max-snippet:-1","max-image-preview":"max-image-preview:large","max-video-preview":"max-video-preview:-1"},"canonical":"https:\/\/dorogimedence.hu\/index.php\/2017\/03\/08\/varjak-a-jelentkezoket-a-tati-borversenyre\/","og_locale":"hu_HU","og_type":"article","og_title":"V\u00e1rj\u00e1k a jelentkez\u0151ket a t\u00e1ti borversenyre","og_description":"M\u00e1rcius 18-\u00e1n, szombaton Borversenyt rendeznek a T\u00e1ti Kult\u00farh\u00e1zban, ahova v\u00e1rj\u00e1k a t\u00e1ti \u00e9s mogyor\u00f3sb\u00e1nyai bortermel\u0151ket, valamint az \u00e9rdekl\u0151d\u0151ket. H\u00e1mos L\u00e1szl\u00f3t, a T\u00e1ti Kult\u00farh\u00e1z igazgat\u00f3j\u00e1t k\u00e9rdezt\u00fck a versenyr\u0151l. T\u00e1ton \u00fajszer\u0171 a borverseny, vagy m\u00e1r hagyom\u00e1nyosan megrendezend\u0151 esem\u00e9ny? Nem \u00fajszer\u0171. T\u00f6bb \u00e9vtizedes m\u00faltra tekint vissza a T\u00e1t-Mogyor\u00f3sb\u00e1nya helyi borverseny. Egyik \u00e9vben T\u00e1t rendezi, a m\u00e1sikban pedig Mogyor\u00f3sb\u00e1nya.","og_url":"https:\/\/dorogimedence.hu\/index.php\/2017\/03\/08\/varjak-a-jelentkezoket-a-tati-borversenyre\/","og_site_name":"Dorogi-medence Region\u00e1lis H\u00edrport\u00e1l","article_publisher":"https:\/\/www.facebook.com\/dorogimedence\/","article_published_time":"2017-03-08T10:21:53+00:00","og_image":[{"width":1920,"height":1200,"url":"https:\/\/i0.wp.com\/dorogimedence.hu\/wp-content\/uploads\/2017\/03\/bor.jpg?fit=1920%2C1200&ssl=1","type":"image\/jpeg"}],"author":"dorogimedence.hu","twitter_card":"summary_large_image","twitter_misc":{"Szerz\u0151:":"dorogimedence.hu","Becs\u00fclt olvas\u00e1si id\u0151":"2 perc"},"schema":{"@context":"https:\/\/schema.org","@graph":[{"@type":"Article","@id":"https:\/\/dorogimedence.hu\/index.php\/2017\/03\/08\/varjak-a-jelentkezoket-a-tati-borversenyre\/#article","isPartOf":{"@id":"https:\/\/dorogimedence.hu\/index.php\/2017\/03\/08\/varjak-a-jelentkezoket-a-tati-borversenyre\/"},"author":{"name":"dorogimedence.hu","@id":"https:\/\/dorogimedence.hu\/#\/schema\/person\/ce6091eeb7e95ecdc87890d6aa8e0fd4"},"headline":"V\u00e1rj\u00e1k a jelentkez\u0151ket a t\u00e1ti borversenyre","datePublished":"2017-03-08T10:21:53+00:00","mainEntityOfPage":{"@id":"https:\/\/dorogimedence.hu\/index.php\/2017\/03\/08\/varjak-a-jelentkezoket-a-tati-borversenyre\/"},"wordCount":396,"publisher":{"@id":"https:\/\/dorogimedence.hu\/#organization"},"image":{"@id":"https:\/\/dorogimedence.hu\/index.php\/2017\/03\/08\/varjak-a-jelentkezoket-a-tati-borversenyre\/#primaryimage"},"thumbnailUrl":"https:\/\/dorogimedence.hu\/wp-content\/uploads\/2017\/03\/bor.jpg","keywords":["borverseny","Mogyor\u00f3sb\u00e1nya","program","T\u00e1t","verseny"],"articleSection":["H\u00edrek","T\u00e1t"],"inLanguage":"hu"},{"@type":"WebPage","@id":"https:\/\/dorogimedence.hu\/index.php\/2017\/03\/08\/varjak-a-jelentkezoket-a-tati-borversenyre\/","url":"https:\/\/dorogimedence.hu\/index.php\/2017\/03\/08\/varjak-a-jelentkezoket-a-tati-borversenyre\/","name":"V\u00e1rj\u00e1k a jelentkez\u0151ket a t\u00e1ti borversenyre","isPartOf":{"@id":"https:\/\/dorogimedence.hu\/#website"},"primaryImageOfPage":{"@id":"https:\/\/dorogimedence.hu\/index.php\/2017\/03\/08\/varjak-a-jelentkezoket-a-tati-borversenyre\/#primaryimage"},"image":{"@id":"https:\/\/dorogimedence.hu\/index.php\/2017\/03\/08\/varjak-a-jelentkezoket-a-tati-borversenyre\/#primaryimage"},"thumbnailUrl":"https:\/\/dorogimedence.hu\/wp-content\/uploads\/2017\/03\/bor.jpg","datePublished":"2017-03-08T10:21:53+00:00","breadcrumb":{"@id":"https:\/\/dorogimedence.hu\/index.php\/2017\/03\/08\/varjak-a-jelentkezoket-a-tati-borversenyre\/#breadcrumb"},"inLanguage":"hu","potentialAction":[{"@type":"ReadAction","target":["https:\/\/dorogimedence.hu\/index.php\/2017\/03\/08\/varjak-a-jelentkezoket-a-tati-borversenyre\/"]}]},{"@type":"ImageObject","inLanguage":"hu","@id":"https:\/\/dorogimedence.hu\/index.php\/2017\/03\/08\/varjak-a-jelentkezoket-a-tati-borversenyre\/#primaryimage","url":"https:\/\/dorogimedence.hu\/wp-content\/uploads\/2017\/03\/bor.jpg","contentUrl":"https:\/\/dorogimedence.hu\/wp-content\/uploads\/2017\/03\/bor.jpg","width":1920,"height":1200},{"@type":"BreadcrumbList","@id":"https:\/\/dorogimedence.hu\/index.php\/2017\/03\/08\/varjak-a-jelentkezoket-a-tati-borversenyre\/#breadcrumb","itemListElement":[{"@type":"ListItem","position":1,"name":"Kezd\u0151lap","item":"https:\/\/dorogimedence.hu\/"},{"@type":"ListItem","position":2,"name":"V\u00e1rj\u00e1k a jelentkez\u0151ket a t\u00e1ti borversenyre"}]},{"@type":"WebSite","@id":"https:\/\/dorogimedence.hu\/#website","url":"https:\/\/dorogimedence.hu\/","name":"Dorogi-medence Region\u00e1lis H\u00edrport\u00e1l","description":"Dorog, Keszt\u00f6lc, Le\u00e1nyv\u00e1r, Piliscs\u00e9v, Tokod, Tokodalt\u00e1r\u00f3, Csolnok, Esztergom-kertv\u00e1ros: h\u00edrek, programok","publisher":{"@id":"https:\/\/dorogimedence.hu\/#organization"},"potentialAction":[{"@type":"SearchAction","target":{"@type":"EntryPoint","urlTemplate":"https:\/\/dorogimedence.hu\/?s={search_term_string}"},"query-input":{"@type":"PropertyValueSpecification","valueRequired":true,"valueName":"search_term_string"}}],"inLanguage":"hu"},{"@type":"Organization","@id":"https:\/\/dorogimedence.hu\/#organization","name":"Dorogi-medence Region\u00e1lis H\u00edrport\u00e1l","url":"https:\/\/dorogimedence.hu\/","logo":{"@type":"ImageObject","inLanguage":"hu","@id":"https:\/\/dorogimedence.hu\/#\/schema\/logo\/image\/","url":"https:\/\/dorogimedence.hu\/wp-content\/uploads\/2021\/04\/logo-feher-600.png","contentUrl":"https:\/\/dorogimedence.hu\/wp-content\/uploads\/2021\/04\/logo-feher-600.png","width":600,"height":100,"caption":"Dorogi-medence Region\u00e1lis H\u00edrport\u00e1l"},"image":{"@id":"https:\/\/dorogimedence.hu\/#\/schema\/logo\/image\/"},"sameAs":["https:\/\/www.facebook.com\/dorogimedence\/"]},{"@type":"Person","@id":"https:\/\/dorogimedence.hu\/#\/schema\/person\/ce6091eeb7e95ecdc87890d6aa8e0fd4","name":"dorogimedence.hu","image":{"@type":"ImageObject","inLanguage":"hu","@id":"\/\/www.gravatar.com\/avatar\/d8d45f8901aadff40a4af72c0b826f1d?s=96&#038;r=g&#038;d=mm","url":"\/\/www.gravatar.com\/avatar\/d8d45f8901aadff40a4af72c0b826f1d?s=96&#038;r=g&#038;d=mm","contentUrl":"\/\/www.gravatar.com\/avatar\/d8d45f8901aadff40a4af72c0b826f1d?s=96&#038;r=g&#038;d=mm","caption":"dorogimedence.hu"}}]}},"_links":{"self":[{"href":"https:\/\/dorogimedence.hu\/index.php\/wp-json\/wp\/v2\/posts\/1305","targetHints":{"allow":["GET"]}}],"collection":[{"href":"https:\/\/dorogimedence.hu\/index.php\/wp-json\/wp\/v2\/posts"}],"about":[{"href":"https:\/\/dorogimedence.hu\/index.php\/wp-json\/wp\/v2\/types\/post"}],"author":[{"embeddable":true,"href":"https:\/\/dorogimedence.hu\/index.php\/wp-json\/wp\/v2\/users\/1"}],"replies":[{"embeddable":true,"href":"https:\/\/dorogimedence.hu\/index.php\/wp-json\/wp\/v2\/comments?post=1305"}],"version-history":[{"count":0,"href":"https:\/\/dorogimedence.hu\/index.php\/wp-json\/wp\/v2\/posts\/1305\/revisions"}],"wp:featuredmedia":[{"embeddable":true,"href":"https:\/\/dorogimedence.hu\/index.php\/wp-json\/wp\/v2\/media\/1306"}],"wp:attachment":[{"href":"https:\/\/dorogimedence.hu\/index.php\/wp-json\/wp\/v2\/media?parent=1305"}],"wp:term":[{"taxonomy":"category","embeddable":true,"href":"https:\/\/dorogimedence.hu\/index.php\/wp-json\/wp\/v2\/categories?post=1305"},{"taxonomy":"post_tag","embeddable":true,"href":"https:\/\/dorogimedence.hu\/index.php\/wp-json\/wp\/v2\/tags?post=1305"}],"curies":[{"name":"wp","href":"https:\/\/api.w.org\/{rel}","templated":true}]}}