{"id":12969,"date":"2018-10-26T07:05:52","date_gmt":"2018-10-26T05:05:52","guid":{"rendered":"http:\/\/dorogimedence.hu\/?p=12969"},"modified":"2018-10-26T07:05:52","modified_gmt":"2018-10-26T05:05:52","slug":"esztergomi-vonatok-is-zakatoltak-a-vasuttorteneti-parkban","status":"publish","type":"post","link":"https:\/\/dorogimedence.hu\/index.php\/2018\/10\/26\/esztergomi-vonatok-is-zakatoltak-a-vasuttorteneti-parkban\/","title":{"rendered":"Esztergomi vonatok is zakatoltak a Vas\u00fatt\u00f6rt\u00e9neti parkban"},"content":{"rendered":"<p><strong>Okt\u00f3ber 20-22-e k\u00f6z\u00f6tt, tizedik alkalommal ker\u00fclt megrendez\u00e9sre a Budapesti Vas\u00fatt\u00f6rt\u00e9neti Parkban a Nemzetk\u00f6zi Technikai Modell Vas\u00fat Fesztiv\u00e1l (TEMOFESZT), vagyis K\u00f6z\u00e9p- \u00e9s Kelet-Eur\u00f3pa legnagyobb vas\u00fatmodell ki\u00e1ll\u00edt\u00e1sa, melyen az Esztergomi Vas\u00fatmodellez\u0151 Klub is r\u00e9szt vesz, id\u00e9n m\u00e1r harmadik alkalommal.<\/strong><\/p>\n<p><em>Jerola Norbertet, az esztergomi klub eln\u00f6k\u00e9t k\u00e9rdezt\u00fck az esem\u00e9nyr\u0151l.<\/em><\/p>\n<p><em><strong>H\u00e1nyan l\u00e1togattak ki a Temofesztre, illetve milyen \u00e9rdekl\u0151d\u00e9s fogadta a standotokat?<\/strong> <\/em>Pontos sz\u00e1mot nem tudok mondani, mert mi csak ki\u00e1ll\u00edt\u00f3k\u00e9nt voltunk fent \u00e9s nem szervez\u0151k\u00e9nt, de ha j\u00f3l hallottam minden id\u0151k legt\u00f6bb l\u00e1togat\u00f3ja volt a rendezv\u00e9nynek az idei.<\/p>\n<p><img fetchpriority=\"high\" decoding=\"async\" class=\"alignnone size-full wp-image-12971\" src=\"https:\/\/dorogimedence.hu\/wp-content\/uploads\/2018\/10\/vasutmodell-uj-02.jpg\" alt=\"\" width=\"720\" height=\"727\" srcset=\"https:\/\/dorogimedence.hu\/wp-content\/uploads\/2018\/10\/vasutmodell-uj-02.jpg 720w, https:\/\/dorogimedence.hu\/wp-content\/uploads\/2018\/10\/vasutmodell-uj-02-150x150.jpg 150w, https:\/\/dorogimedence.hu\/wp-content\/uploads\/2018\/10\/vasutmodell-uj-02-297x300.jpg 297w, https:\/\/dorogimedence.hu\/wp-content\/uploads\/2018\/10\/vasutmodell-uj-02-53x53.jpg 53w\" sizes=\"(max-width: 720px) 100vw, 720px\" \/><\/p>\n<p><em><strong>Milyen asztallal \u00e9s vonatokkal telep\u00fcltetek ki?<\/strong> <\/em>A TT-s modul rendszer\u00fcnkkel ami 16 egys\u00e9gb\u0151l \u00e1ll, illetve a H0-s asztalunkkal \u00e9s a kib\u0151v\u00edtett 4 egys\u00e9ggel amit id\u00e9n k\u00e9sz\u00edtett\u00fcnk az asztalhoz. T\u00f6bbf\u00e9le vonattal k\u00e9sz\u00fclt\u00fcnk a ki\u00e1ll\u00edt\u00e1sra, ami term\u00e9szetesen a k\u00f6zismert t\u00edpusok mint Szergej, Nohab, V43-as Szili, Gigant, Cs\u00f6rg\u0151 illetve t\u00f6bbf\u00e9le g\u0151z\u00f6s is futott a 3 nap alatt.<\/p>\n<p><em><strong>Melyik vas\u00fatmodell tetszett legjobban a l\u00e1togat\u00f3itoknak?<\/strong> <\/em>Legjobban a TT-s asztalon l\u00e9v\u0151 tavaly elk\u00e9sz\u00fclt &#8222;gyereksarok&#8221; tetszett a l\u00e1togat\u00f3knak, ahol a gyerekek ir\u00e1ny\u00edthatt\u00e1k egy szab\u00e1lyz\u00f3 seg\u00edts\u00e9g\u00e9vel a vonatokat, amerre szerett\u00e9k volna. Illetve a szeptemberben elk\u00e9sz\u00fclt \u00faj H0-s ford\u00edt\u00f3modul.<\/p>\n<p><img decoding=\"async\" class=\"alignnone size-full wp-image-12972\" src=\"https:\/\/dorogimedence.hu\/wp-content\/uploads\/2018\/10\/vasutmodell-uj-01.jpg\" alt=\"\" width=\"670\" height=\"365\" srcset=\"https:\/\/dorogimedence.hu\/wp-content\/uploads\/2018\/10\/vasutmodell-uj-01.jpg 670w, https:\/\/dorogimedence.hu\/wp-content\/uploads\/2018\/10\/vasutmodell-uj-01-300x163.jpg 300w\" sizes=\"(max-width: 670px) 100vw, 670px\" \/><\/p>\n<p><strong>Rajtatok k\u00edv\u00fcl honnan \u00e9rkeztek klubok, illetve h\u00e1ny klub k\u00e9pviselte mag\u00e1t?<\/strong> Budapestr\u0151l, Hat\u00e1ron t\u00falr\u00f3l, Szegedr\u0151l, Hatvanb\u00f3l, t\u00f6bb mag\u00e1nember is k\u00e9pviselte mag\u00e1t a ki\u00e1ll\u00edt\u00e1son. Ha j\u00f3l tudom hazai klubok k\u00f6z\u00fcl \u00f6ten k\u00e9pviselt\u00e9k magukat rajtunk k\u00edv\u00fcl. \u0150k N, TT \u00e9s H0 \u00e9p\u00edt\u00e9si nagys\u00e1gban hoztak asztalokat modul rendszereket. T\u00f6bb modellez\u00e9ssel foglalkoz\u00f3 bolt is kitelep\u00fclt a 3 nap alatt, ahol v\u00e1s\u00e1rolni is lehetett k\u00fcl\u00f6nb\u00f6z\u0151 nem csak vas\u00fat modelleket, hanem maketteket, legokat, RC-ket \u00e9s haszn\u00e1lt &#8222;turk\u00e1l\u00f3s&#8221; cuccokat is.<\/p>\n<p><strong>A ki\u00e1ll\u00edt\u00e1s mellett milyen programok v\u00e1rt\u00e1k az \u00e9rdekl\u0151d\u0151ket?<\/strong> A vas\u00fatmodell ki\u00e1ll\u00edt\u00e1s mellett Lego vonatok, RC kamionok, RC tankok, illetve sz\u00e1m\u00edt\u00f3g\u00e9pes vas\u00fati szimul\u00e1torok v\u00e1rt\u00e1k az \u00e9rdekl\u0151d\u0151ket, kint a park ter\u00fclet\u00e9n pedig fel lehetett n\u00e9zni a r\u00e9gi g\u0151z\u00f6s\u00f6kre d\u00edzelmozdonyokra, vagonokra. Tov\u00e1bb\u00e1 a kerti vas\u00faton is utazhattak a l\u00e1togat\u00f3k.<\/p>\n<p><img decoding=\"async\" class=\"alignnone size-full wp-image-12973\" src=\"https:\/\/dorogimedence.hu\/wp-content\/uploads\/2018\/10\/vasutmodell-uj-03.jpg\" alt=\"\" width=\"670\" height=\"365\" srcset=\"https:\/\/dorogimedence.hu\/wp-content\/uploads\/2018\/10\/vasutmodell-uj-03.jpg 670w, https:\/\/dorogimedence.hu\/wp-content\/uploads\/2018\/10\/vasutmodell-uj-03-300x163.jpg 300w\" sizes=\"(max-width: 670px) 100vw, 670px\" \/><\/p>\n<p><em>Fot\u00f3k: Esztergomi Vas\u00fatmodellez\u0151 Klub<\/em><\/p>\n","protected":false},"excerpt":{"rendered":"<p>Okt\u00f3ber 20-22-e k\u00f6z\u00f6tt, tizedik alkalommal ker\u00fclt megrendez\u00e9sre a Budapesti Vas\u00fatt\u00f6rt\u00e9neti Parkban a Nemzetk\u00f6zi Technikai Modell Vas\u00fat Fesztiv\u00e1l (TEMOFESZT), vagyis K\u00f6z\u00e9p- \u00e9s Kelet-Eur\u00f3pa legnagyobb vas\u00fatmodell ki\u00e1ll\u00edt\u00e1sa, melyen az Esztergomi Vas\u00fatmodellez\u0151 Klub is r\u00e9szt vesz, id\u00e9n m\u00e1r harmadik alkalommal. Jerola Norbertet, az esztergomi klub eln\u00f6k\u00e9t k\u00e9rdezt\u00fck az esem\u00e9nyr\u0151l. H\u00e1nyan l\u00e1togattak ki a Temofesztre, illetve milyen \u00e9rdekl\u0151d\u00e9s fogadta<\/p>\n","protected":false},"author":1,"featured_media":12970,"comment_status":"closed","ping_status":"closed","sticky":false,"template":"","format":"standard","meta":{"ngg_post_thumbnail":0,"footnotes":""},"categories":[38,3],"tags":[42,2926,3134,3135,381,2459,3133],"class_list":{"0":"post-12969","1":"post","2":"type-post","3":"status-publish","4":"format-standard","5":"has-post-thumbnail","7":"category-esztergom","8":"category-hirek","9":"tag-esztergom","10":"tag-esztergomi-vasutmodellezo-klub","11":"tag-modellezes","12":"tag-termofeszt","13":"tag-vasut","14":"tag-vasutmodell","15":"tag-vasuttorteneti-park"},"yoast_head":"<!-- This site is optimized with the Yoast SEO plugin v27.4 - https:\/\/yoast.com\/product\/yoast-seo-wordpress\/ -->\n<title>Esztergomi vonatok is zakatoltak a Vas\u00fatt\u00f6rt\u00e9neti parkban<\/title>\n<meta name=\"robots\" content=\"index, follow, max-snippet:-1, max-image-preview:large, max-video-preview:-1\" \/>\n<link rel=\"canonical\" href=\"https:\/\/dorogimedence.hu\/index.php\/2018\/10\/26\/esztergomi-vonatok-is-zakatoltak-a-vasuttorteneti-parkban\/\" class=\"yoast-seo-meta-tag\" \/>\n<meta property=\"og:locale\" content=\"hu_HU\" class=\"yoast-seo-meta-tag\" \/>\n<meta property=\"og:type\" content=\"article\" class=\"yoast-seo-meta-tag\" \/>\n<meta property=\"og:title\" content=\"Esztergomi vonatok is zakatoltak a Vas\u00fatt\u00f6rt\u00e9neti parkban\" class=\"yoast-seo-meta-tag\" \/>\n<meta property=\"og:description\" content=\"Okt\u00f3ber 20-22-e k\u00f6z\u00f6tt, tizedik alkalommal ker\u00fclt megrendez\u00e9sre a Budapesti Vas\u00fatt\u00f6rt\u00e9neti Parkban a Nemzetk\u00f6zi Technikai Modell Vas\u00fat Fesztiv\u00e1l (TEMOFESZT), vagyis K\u00f6z\u00e9p- \u00e9s Kelet-Eur\u00f3pa legnagyobb vas\u00fatmodell ki\u00e1ll\u00edt\u00e1sa, melyen az Esztergomi Vas\u00fatmodellez\u0151 Klub is r\u00e9szt vesz, id\u00e9n m\u00e1r harmadik alkalommal. Jerola Norbertet, az esztergomi klub eln\u00f6k\u00e9t k\u00e9rdezt\u00fck az esem\u00e9nyr\u0151l. H\u00e1nyan l\u00e1togattak ki a Temofesztre, illetve milyen \u00e9rdekl\u0151d\u00e9s fogadta\" class=\"yoast-seo-meta-tag\" \/>\n<meta property=\"og:url\" content=\"https:\/\/dorogimedence.hu\/index.php\/2018\/10\/26\/esztergomi-vonatok-is-zakatoltak-a-vasuttorteneti-parkban\/\" class=\"yoast-seo-meta-tag\" \/>\n<meta property=\"og:site_name\" content=\"Dorogi-medence Region\u00e1lis H\u00edrport\u00e1l\" class=\"yoast-seo-meta-tag\" \/>\n<meta property=\"article:publisher\" content=\"https:\/\/www.facebook.com\/dorogimedence\/\" class=\"yoast-seo-meta-tag\" \/>\n<meta property=\"article:published_time\" content=\"2018-10-26T05:05:52+00:00\" class=\"yoast-seo-meta-tag\" \/>\n<meta property=\"og:image\" content=\"https:\/\/i0.wp.com\/dorogimedence.hu\/wp-content\/uploads\/2018\/10\/esztergomi-modellezok.jpg?fit=670%2C365&ssl=1\" class=\"yoast-seo-meta-tag\" \/>\n\t<meta property=\"og:image:width\" content=\"670\" class=\"yoast-seo-meta-tag\" \/>\n\t<meta property=\"og:image:height\" content=\"365\" class=\"yoast-seo-meta-tag\" \/>\n\t<meta property=\"og:image:type\" content=\"image\/jpeg\" class=\"yoast-seo-meta-tag\" \/>\n<meta name=\"author\" content=\"dorogimedence.hu\" class=\"yoast-seo-meta-tag\" \/>\n<meta name=\"twitter:card\" content=\"summary_large_image\" class=\"yoast-seo-meta-tag\" \/>\n<meta name=\"twitter:label1\" content=\"Szerz\u0151:\" class=\"yoast-seo-meta-tag\" \/>\n\t<meta name=\"twitter:data1\" content=\"dorogimedence.hu\" class=\"yoast-seo-meta-tag\" \/>\n\t<meta name=\"twitter:label2\" content=\"Becs\u00fclt olvas\u00e1si id\u0151\" class=\"yoast-seo-meta-tag\" \/>\n\t<meta name=\"twitter:data2\" content=\"2 perc\" class=\"yoast-seo-meta-tag\" \/>\n<script type=\"application\/ld+json\" class=\"yoast-schema-graph\">{\"@context\":\"https:\\\/\\\/schema.org\",\"@graph\":[{\"@type\":\"Article\",\"@id\":\"https:\\\/\\\/dorogimedence.hu\\\/index.php\\\/2018\\\/10\\\/26\\\/esztergomi-vonatok-is-zakatoltak-a-vasuttorteneti-parkban\\\/#article\",\"isPartOf\":{\"@id\":\"https:\\\/\\\/dorogimedence.hu\\\/index.php\\\/2018\\\/10\\\/26\\\/esztergomi-vonatok-is-zakatoltak-a-vasuttorteneti-parkban\\\/\"},\"author\":{\"name\":\"dorogimedence.hu\",\"@id\":\"https:\\\/\\\/dorogimedence.hu\\\/#\\\/schema\\\/person\\\/ce6091eeb7e95ecdc87890d6aa8e0fd4\"},\"headline\":\"Esztergomi vonatok is zakatoltak a Vas\u00fatt\u00f6rt\u00e9neti parkban\",\"datePublished\":\"2018-10-26T05:05:52+00:00\",\"mainEntityOfPage\":{\"@id\":\"https:\\\/\\\/dorogimedence.hu\\\/index.php\\\/2018\\\/10\\\/26\\\/esztergomi-vonatok-is-zakatoltak-a-vasuttorteneti-parkban\\\/\"},\"wordCount\":473,\"publisher\":{\"@id\":\"https:\\\/\\\/dorogimedence.hu\\\/#organization\"},\"image\":{\"@id\":\"https:\\\/\\\/dorogimedence.hu\\\/index.php\\\/2018\\\/10\\\/26\\\/esztergomi-vonatok-is-zakatoltak-a-vasuttorteneti-parkban\\\/#primaryimage\"},\"thumbnailUrl\":\"https:\\\/\\\/dorogimedence.hu\\\/wp-content\\\/uploads\\\/2018\\\/10\\\/esztergomi-modellezok.jpg\",\"keywords\":[\"esztergom\",\"Esztergomi Vas\u00fatmodellez\u0151 Klub\",\"modellez\u00e9s\",\"termofeszt\",\"vas\u00fat\",\"vas\u00fatmodell\",\"Vas\u00fatt\u00f6rt\u00e9neti Park\"],\"articleSection\":[\"Esztergom\",\"H\u00edrek\"],\"inLanguage\":\"hu\"},{\"@type\":\"WebPage\",\"@id\":\"https:\\\/\\\/dorogimedence.hu\\\/index.php\\\/2018\\\/10\\\/26\\\/esztergomi-vonatok-is-zakatoltak-a-vasuttorteneti-parkban\\\/\",\"url\":\"https:\\\/\\\/dorogimedence.hu\\\/index.php\\\/2018\\\/10\\\/26\\\/esztergomi-vonatok-is-zakatoltak-a-vasuttorteneti-parkban\\\/\",\"name\":\"Esztergomi vonatok is zakatoltak a Vas\u00fatt\u00f6rt\u00e9neti parkban\",\"isPartOf\":{\"@id\":\"https:\\\/\\\/dorogimedence.hu\\\/#website\"},\"primaryImageOfPage\":{\"@id\":\"https:\\\/\\\/dorogimedence.hu\\\/index.php\\\/2018\\\/10\\\/26\\\/esztergomi-vonatok-is-zakatoltak-a-vasuttorteneti-parkban\\\/#primaryimage\"},\"image\":{\"@id\":\"https:\\\/\\\/dorogimedence.hu\\\/index.php\\\/2018\\\/10\\\/26\\\/esztergomi-vonatok-is-zakatoltak-a-vasuttorteneti-parkban\\\/#primaryimage\"},\"thumbnailUrl\":\"https:\\\/\\\/dorogimedence.hu\\\/wp-content\\\/uploads\\\/2018\\\/10\\\/esztergomi-modellezok.jpg\",\"datePublished\":\"2018-10-26T05:05:52+00:00\",\"breadcrumb\":{\"@id\":\"https:\\\/\\\/dorogimedence.hu\\\/index.php\\\/2018\\\/10\\\/26\\\/esztergomi-vonatok-is-zakatoltak-a-vasuttorteneti-parkban\\\/#breadcrumb\"},\"inLanguage\":\"hu\",\"potentialAction\":[{\"@type\":\"ReadAction\",\"target\":[\"https:\\\/\\\/dorogimedence.hu\\\/index.php\\\/2018\\\/10\\\/26\\\/esztergomi-vonatok-is-zakatoltak-a-vasuttorteneti-parkban\\\/\"]}]},{\"@type\":\"ImageObject\",\"inLanguage\":\"hu\",\"@id\":\"https:\\\/\\\/dorogimedence.hu\\\/index.php\\\/2018\\\/10\\\/26\\\/esztergomi-vonatok-is-zakatoltak-a-vasuttorteneti-parkban\\\/#primaryimage\",\"url\":\"https:\\\/\\\/dorogimedence.hu\\\/wp-content\\\/uploads\\\/2018\\\/10\\\/esztergomi-modellezok.jpg\",\"contentUrl\":\"https:\\\/\\\/dorogimedence.hu\\\/wp-content\\\/uploads\\\/2018\\\/10\\\/esztergomi-modellezok.jpg\",\"width\":670,\"height\":365},{\"@type\":\"BreadcrumbList\",\"@id\":\"https:\\\/\\\/dorogimedence.hu\\\/index.php\\\/2018\\\/10\\\/26\\\/esztergomi-vonatok-is-zakatoltak-a-vasuttorteneti-parkban\\\/#breadcrumb\",\"itemListElement\":[{\"@type\":\"ListItem\",\"position\":1,\"name\":\"Kezd\u0151lap\",\"item\":\"https:\\\/\\\/dorogimedence.hu\\\/\"},{\"@type\":\"ListItem\",\"position\":2,\"name\":\"Esztergomi vonatok is zakatoltak a Vas\u00fatt\u00f6rt\u00e9neti parkban\"}]},{\"@type\":\"WebSite\",\"@id\":\"https:\\\/\\\/dorogimedence.hu\\\/#website\",\"url\":\"https:\\\/\\\/dorogimedence.hu\\\/\",\"name\":\"Dorogi-medence Region\u00e1lis H\u00edrport\u00e1l\",\"description\":\"Dorog, Keszt\u00f6lc, Le\u00e1nyv\u00e1r, Piliscs\u00e9v, Tokod, Tokodalt\u00e1r\u00f3, Csolnok, Esztergom-kertv\u00e1ros: h\u00edrek, programok\",\"publisher\":{\"@id\":\"https:\\\/\\\/dorogimedence.hu\\\/#organization\"},\"potentialAction\":[{\"@type\":\"SearchAction\",\"target\":{\"@type\":\"EntryPoint\",\"urlTemplate\":\"https:\\\/\\\/dorogimedence.hu\\\/?s={search_term_string}\"},\"query-input\":{\"@type\":\"PropertyValueSpecification\",\"valueRequired\":true,\"valueName\":\"search_term_string\"}}],\"inLanguage\":\"hu\"},{\"@type\":\"Organization\",\"@id\":\"https:\\\/\\\/dorogimedence.hu\\\/#organization\",\"name\":\"Dorogi-medence Region\u00e1lis H\u00edrport\u00e1l\",\"url\":\"https:\\\/\\\/dorogimedence.hu\\\/\",\"logo\":{\"@type\":\"ImageObject\",\"inLanguage\":\"hu\",\"@id\":\"https:\\\/\\\/dorogimedence.hu\\\/#\\\/schema\\\/logo\\\/image\\\/\",\"url\":\"https:\\\/\\\/dorogimedence.hu\\\/wp-content\\\/uploads\\\/2021\\\/04\\\/logo-feher-600.png\",\"contentUrl\":\"https:\\\/\\\/dorogimedence.hu\\\/wp-content\\\/uploads\\\/2021\\\/04\\\/logo-feher-600.png\",\"width\":600,\"height\":100,\"caption\":\"Dorogi-medence Region\u00e1lis H\u00edrport\u00e1l\"},\"image\":{\"@id\":\"https:\\\/\\\/dorogimedence.hu\\\/#\\\/schema\\\/logo\\\/image\\\/\"},\"sameAs\":[\"https:\\\/\\\/www.facebook.com\\\/dorogimedence\\\/\"]},{\"@type\":\"Person\",\"@id\":\"https:\\\/\\\/dorogimedence.hu\\\/#\\\/schema\\\/person\\\/ce6091eeb7e95ecdc87890d6aa8e0fd4\",\"name\":\"dorogimedence.hu\",\"image\":{\"@type\":\"ImageObject\",\"inLanguage\":\"hu\",\"@id\":\"\\\/\\\/www.gravatar.com\\\/avatar\\\/d8d45f8901aadff40a4af72c0b826f1d?s=96&#038;r=g&#038;d=mm\",\"url\":\"\\\/\\\/www.gravatar.com\\\/avatar\\\/d8d45f8901aadff40a4af72c0b826f1d?s=96&#038;r=g&#038;d=mm\",\"contentUrl\":\"\\\/\\\/www.gravatar.com\\\/avatar\\\/d8d45f8901aadff40a4af72c0b826f1d?s=96&#038;r=g&#038;d=mm\",\"caption\":\"dorogimedence.hu\"}}]}<\/script>\n<!-- \/ Yoast SEO plugin. -->","yoast_head_json":{"title":"Esztergomi vonatok is zakatoltak a Vas\u00fatt\u00f6rt\u00e9neti parkban","robots":{"index":"index","follow":"follow","max-snippet":"max-snippet:-1","max-image-preview":"max-image-preview:large","max-video-preview":"max-video-preview:-1"},"canonical":"https:\/\/dorogimedence.hu\/index.php\/2018\/10\/26\/esztergomi-vonatok-is-zakatoltak-a-vasuttorteneti-parkban\/","og_locale":"hu_HU","og_type":"article","og_title":"Esztergomi vonatok is zakatoltak a Vas\u00fatt\u00f6rt\u00e9neti parkban","og_description":"Okt\u00f3ber 20-22-e k\u00f6z\u00f6tt, tizedik alkalommal ker\u00fclt megrendez\u00e9sre a Budapesti Vas\u00fatt\u00f6rt\u00e9neti Parkban a Nemzetk\u00f6zi Technikai Modell Vas\u00fat Fesztiv\u00e1l (TEMOFESZT), vagyis K\u00f6z\u00e9p- \u00e9s Kelet-Eur\u00f3pa legnagyobb vas\u00fatmodell ki\u00e1ll\u00edt\u00e1sa, melyen az Esztergomi Vas\u00fatmodellez\u0151 Klub is r\u00e9szt vesz, id\u00e9n m\u00e1r harmadik alkalommal. Jerola Norbertet, az esztergomi klub eln\u00f6k\u00e9t k\u00e9rdezt\u00fck az esem\u00e9nyr\u0151l. H\u00e1nyan l\u00e1togattak ki a Temofesztre, illetve milyen \u00e9rdekl\u0151d\u00e9s fogadta","og_url":"https:\/\/dorogimedence.hu\/index.php\/2018\/10\/26\/esztergomi-vonatok-is-zakatoltak-a-vasuttorteneti-parkban\/","og_site_name":"Dorogi-medence Region\u00e1lis H\u00edrport\u00e1l","article_publisher":"https:\/\/www.facebook.com\/dorogimedence\/","article_published_time":"2018-10-26T05:05:52+00:00","og_image":[{"width":670,"height":365,"url":"https:\/\/i0.wp.com\/dorogimedence.hu\/wp-content\/uploads\/2018\/10\/esztergomi-modellezok.jpg?fit=670%2C365&ssl=1","type":"image\/jpeg"}],"author":"dorogimedence.hu","twitter_card":"summary_large_image","twitter_misc":{"Szerz\u0151:":"dorogimedence.hu","Becs\u00fclt olvas\u00e1si id\u0151":"2 perc"},"schema":{"@context":"https:\/\/schema.org","@graph":[{"@type":"Article","@id":"https:\/\/dorogimedence.hu\/index.php\/2018\/10\/26\/esztergomi-vonatok-is-zakatoltak-a-vasuttorteneti-parkban\/#article","isPartOf":{"@id":"https:\/\/dorogimedence.hu\/index.php\/2018\/10\/26\/esztergomi-vonatok-is-zakatoltak-a-vasuttorteneti-parkban\/"},"author":{"name":"dorogimedence.hu","@id":"https:\/\/dorogimedence.hu\/#\/schema\/person\/ce6091eeb7e95ecdc87890d6aa8e0fd4"},"headline":"Esztergomi vonatok is zakatoltak a Vas\u00fatt\u00f6rt\u00e9neti parkban","datePublished":"2018-10-26T05:05:52+00:00","mainEntityOfPage":{"@id":"https:\/\/dorogimedence.hu\/index.php\/2018\/10\/26\/esztergomi-vonatok-is-zakatoltak-a-vasuttorteneti-parkban\/"},"wordCount":473,"publisher":{"@id":"https:\/\/dorogimedence.hu\/#organization"},"image":{"@id":"https:\/\/dorogimedence.hu\/index.php\/2018\/10\/26\/esztergomi-vonatok-is-zakatoltak-a-vasuttorteneti-parkban\/#primaryimage"},"thumbnailUrl":"https:\/\/dorogimedence.hu\/wp-content\/uploads\/2018\/10\/esztergomi-modellezok.jpg","keywords":["esztergom","Esztergomi Vas\u00fatmodellez\u0151 Klub","modellez\u00e9s","termofeszt","vas\u00fat","vas\u00fatmodell","Vas\u00fatt\u00f6rt\u00e9neti Park"],"articleSection":["Esztergom","H\u00edrek"],"inLanguage":"hu"},{"@type":"WebPage","@id":"https:\/\/dorogimedence.hu\/index.php\/2018\/10\/26\/esztergomi-vonatok-is-zakatoltak-a-vasuttorteneti-parkban\/","url":"https:\/\/dorogimedence.hu\/index.php\/2018\/10\/26\/esztergomi-vonatok-is-zakatoltak-a-vasuttorteneti-parkban\/","name":"Esztergomi vonatok is zakatoltak a Vas\u00fatt\u00f6rt\u00e9neti parkban","isPartOf":{"@id":"https:\/\/dorogimedence.hu\/#website"},"primaryImageOfPage":{"@id":"https:\/\/dorogimedence.hu\/index.php\/2018\/10\/26\/esztergomi-vonatok-is-zakatoltak-a-vasuttorteneti-parkban\/#primaryimage"},"image":{"@id":"https:\/\/dorogimedence.hu\/index.php\/2018\/10\/26\/esztergomi-vonatok-is-zakatoltak-a-vasuttorteneti-parkban\/#primaryimage"},"thumbnailUrl":"https:\/\/dorogimedence.hu\/wp-content\/uploads\/2018\/10\/esztergomi-modellezok.jpg","datePublished":"2018-10-26T05:05:52+00:00","breadcrumb":{"@id":"https:\/\/dorogimedence.hu\/index.php\/2018\/10\/26\/esztergomi-vonatok-is-zakatoltak-a-vasuttorteneti-parkban\/#breadcrumb"},"inLanguage":"hu","potentialAction":[{"@type":"ReadAction","target":["https:\/\/dorogimedence.hu\/index.php\/2018\/10\/26\/esztergomi-vonatok-is-zakatoltak-a-vasuttorteneti-parkban\/"]}]},{"@type":"ImageObject","inLanguage":"hu","@id":"https:\/\/dorogimedence.hu\/index.php\/2018\/10\/26\/esztergomi-vonatok-is-zakatoltak-a-vasuttorteneti-parkban\/#primaryimage","url":"https:\/\/dorogimedence.hu\/wp-content\/uploads\/2018\/10\/esztergomi-modellezok.jpg","contentUrl":"https:\/\/dorogimedence.hu\/wp-content\/uploads\/2018\/10\/esztergomi-modellezok.jpg","width":670,"height":365},{"@type":"BreadcrumbList","@id":"https:\/\/dorogimedence.hu\/index.php\/2018\/10\/26\/esztergomi-vonatok-is-zakatoltak-a-vasuttorteneti-parkban\/#breadcrumb","itemListElement":[{"@type":"ListItem","position":1,"name":"Kezd\u0151lap","item":"https:\/\/dorogimedence.hu\/"},{"@type":"ListItem","position":2,"name":"Esztergomi vonatok is zakatoltak a Vas\u00fatt\u00f6rt\u00e9neti parkban"}]},{"@type":"WebSite","@id":"https:\/\/dorogimedence.hu\/#website","url":"https:\/\/dorogimedence.hu\/","name":"Dorogi-medence Region\u00e1lis H\u00edrport\u00e1l","description":"Dorog, Keszt\u00f6lc, Le\u00e1nyv\u00e1r, Piliscs\u00e9v, Tokod, Tokodalt\u00e1r\u00f3, Csolnok, Esztergom-kertv\u00e1ros: h\u00edrek, programok","publisher":{"@id":"https:\/\/dorogimedence.hu\/#organization"},"potentialAction":[{"@type":"SearchAction","target":{"@type":"EntryPoint","urlTemplate":"https:\/\/dorogimedence.hu\/?s={search_term_string}"},"query-input":{"@type":"PropertyValueSpecification","valueRequired":true,"valueName":"search_term_string"}}],"inLanguage":"hu"},{"@type":"Organization","@id":"https:\/\/dorogimedence.hu\/#organization","name":"Dorogi-medence Region\u00e1lis H\u00edrport\u00e1l","url":"https:\/\/dorogimedence.hu\/","logo":{"@type":"ImageObject","inLanguage":"hu","@id":"https:\/\/dorogimedence.hu\/#\/schema\/logo\/image\/","url":"https:\/\/dorogimedence.hu\/wp-content\/uploads\/2021\/04\/logo-feher-600.png","contentUrl":"https:\/\/dorogimedence.hu\/wp-content\/uploads\/2021\/04\/logo-feher-600.png","width":600,"height":100,"caption":"Dorogi-medence Region\u00e1lis H\u00edrport\u00e1l"},"image":{"@id":"https:\/\/dorogimedence.hu\/#\/schema\/logo\/image\/"},"sameAs":["https:\/\/www.facebook.com\/dorogimedence\/"]},{"@type":"Person","@id":"https:\/\/dorogimedence.hu\/#\/schema\/person\/ce6091eeb7e95ecdc87890d6aa8e0fd4","name":"dorogimedence.hu","image":{"@type":"ImageObject","inLanguage":"hu","@id":"\/\/www.gravatar.com\/avatar\/d8d45f8901aadff40a4af72c0b826f1d?s=96&#038;r=g&#038;d=mm","url":"\/\/www.gravatar.com\/avatar\/d8d45f8901aadff40a4af72c0b826f1d?s=96&#038;r=g&#038;d=mm","contentUrl":"\/\/www.gravatar.com\/avatar\/d8d45f8901aadff40a4af72c0b826f1d?s=96&#038;r=g&#038;d=mm","caption":"dorogimedence.hu"}}]}},"_links":{"self":[{"href":"https:\/\/dorogimedence.hu\/index.php\/wp-json\/wp\/v2\/posts\/12969","targetHints":{"allow":["GET"]}}],"collection":[{"href":"https:\/\/dorogimedence.hu\/index.php\/wp-json\/wp\/v2\/posts"}],"about":[{"href":"https:\/\/dorogimedence.hu\/index.php\/wp-json\/wp\/v2\/types\/post"}],"author":[{"embeddable":true,"href":"https:\/\/dorogimedence.hu\/index.php\/wp-json\/wp\/v2\/users\/1"}],"replies":[{"embeddable":true,"href":"https:\/\/dorogimedence.hu\/index.php\/wp-json\/wp\/v2\/comments?post=12969"}],"version-history":[{"count":0,"href":"https:\/\/dorogimedence.hu\/index.php\/wp-json\/wp\/v2\/posts\/12969\/revisions"}],"wp:featuredmedia":[{"embeddable":true,"href":"https:\/\/dorogimedence.hu\/index.php\/wp-json\/wp\/v2\/media\/12970"}],"wp:attachment":[{"href":"https:\/\/dorogimedence.hu\/index.php\/wp-json\/wp\/v2\/media?parent=12969"}],"wp:term":[{"taxonomy":"category","embeddable":true,"href":"https:\/\/dorogimedence.hu\/index.php\/wp-json\/wp\/v2\/categories?post=12969"},{"taxonomy":"post_tag","embeddable":true,"href":"https:\/\/dorogimedence.hu\/index.php\/wp-json\/wp\/v2\/tags?post=12969"}],"curies":[{"name":"wp","href":"https:\/\/api.w.org\/{rel}","templated":true}]}}