{"id":12914,"date":"2018-10-23T08:33:53","date_gmt":"2018-10-23T06:33:53","guid":{"rendered":"http:\/\/dorogimedence.hu\/?p=12914"},"modified":"2018-10-23T08:33:53","modified_gmt":"2018-10-23T06:33:53","slug":"gyorben-remekeltek-a-dorogi-kezis-lanyok","status":"publish","type":"post","link":"https:\/\/dorogimedence.hu\/index.php\/2018\/10\/23\/gyorben-remekeltek-a-dorogi-kezis-lanyok\/","title":{"rendered":"Gy\u0151rben remekeltek a dorogi k\u00e9zis l\u00e1nyok"},"content":{"rendered":"<p><strong>Az NB I\/B-s bajnoks\u00e1g \u00f6t\u00f6dik fordul\u00f3j\u00e1ban a dorogi k\u00e9zilabd\u00e1s l\u00e1nyok Gy\u0151rbe utaztak, hogy megm\u00e9rk\u0151zzenek a hazai U19-es, illetve a Gy\u0151ri Audi ETO KC III ifj\u00fas\u00e1gi csapat\u00e1val.<\/strong><\/p>\n<p>Az U19-esek ellen szoros m\u00e9rk\u0151z\u00e9sben k\u00e9t ponttal maradtak alul a dorogiak, viszont a h\u00e1rmas ifj\u00fas\u00e1gi csoportban f\u00f6l\u00e9nyes gy\u0151zelmet arattak.<\/p>\n<p><span style=\"color: #ff0000;\"><strong>Gy\u0151ri Audi ETO KC U19 \u2013 Dorogi ESE 38-36 (21-16)<\/strong><\/span><\/p>\n<p><em><strong>\u00d6ssze\u00e1ll\u00edt\u00e1s:<\/strong><\/em> Stadler Merc\u00e9desz (kapus) \u2013 IMREI N\u00f3ri 4 g\u00f3l, KOSIK Ad\u00e9l 7 g\u00f3l, Kaposv\u00e1ri Anita 2 g\u00f3l TAK\u00c1CS Ang\u00e9la 4 g\u00f3l, Szab\u00f3 Janka 3 g\u00f3l, FORG\u00c1CS Klaudia 12 g\u00f3l.<br \/>\n<strong>Cser\u00e9k:<\/strong> M\u00e1ty\u00e1s Vikt\u00f3ria (kapus) \u2013 FORG\u00c1CS Vikt\u00f3ria 3 g\u00f3l, KEMENCZIK Martina 2 g\u00f3l, Markos R\u00e9ka, El\u0151d Nikoletta, Tur\u00e1k Ant\u00f3nia, T\u00f6r\u0151csik Zs\u00f3fia, Moln\u00e1r Eszter.<br \/>\n<em><strong>Mesterm\u00e9rleg &#8211; Bona Gerg\u0151:<\/strong><\/em> \u201eH\u00e1t ma nem volt valami szerencs\u00e9s napunk, de tal\u00e1n nem is ez a legfontosabb. L\u00e1that\u00f3 volt, hogy nagyon sokat l\u00e9pett el\u0151re a j\u00e1t\u00e9kunk, f\u0151leg t\u00e1mad\u00e1sban mutattunk ma sokat. V\u00e9dekez\u00e9sben azonban el kell ismerni, nem b\u00edrtuk P\u00e1l Tamara temp\u00f3j\u00e1t. Sz\u00e1munkra az elk\u00f6vetkez\u0151 hetekben nagyon fontos m\u00e9rk\u0151z\u00e9sek k\u00f6vetkeznek! S \u00fagy \u00e9rzem k\u00e9szen \u00e1llunk a soron k\u00f6vetkez\u0151 feladatokra.\u201d<\/p>\n<p><span style=\"color: #ff0000;\"><strong>Gy\u0151ri Audi ETO KC III \u2013 Dorogi ESE 28-36 (12-16)<\/strong><\/span><\/p>\n<p><em><strong>\u00d6ssze\u00e1ll\u00edt\u00e1s:<\/strong> <\/em>M\u00e1ty\u00e1s Vikt\u00f3ria (kapus) \u2013 IMREI N\u00f3ra 6 g\u00f3l, Moln\u00e1r Eszter 4 g\u00f3l, Forg\u00e1cs Klaudia 2 g\u00f3l, Markos R\u00e9ka 4 g\u00f3l, TUR\u00c1K Ant\u00f3nia 5 g\u00f3l, Forg\u00e1cs Vikt\u00f3ria 7 g\u00f3l.<br \/>\n<em><strong>Cser\u00e9k:<\/strong> <\/em>Berta Blanka \u00e9s Dob\u00e1ny Kitti (kapusok) \u2013 OSV\u00c1TH Petra 7 g\u00f3l, Szittya Lili 1 g\u00f3l, M\u00e1ty\u00e1s Anna, Resk\u00f3 Vanessza, Stefanik Laura, Czifra Lili.<br \/>\n<em><strong>Mesterm\u00e9rleg &#8211; Bona Gerg\u0151:<\/strong><\/em> \u201eMagabiztosan hoztuk a m\u00e9rk\u0151z\u00e9st. Gratul\u00e1lok Osv\u00e1th Petr\u00e1nak, aki t\u00f6k\u00e9letesen \u00e9rt\u00e9kes\u00edtette helyzeteit!\u201d<\/p>\n<p><a href=\"https:\/\/www.facebook.com\/Doroghandball\/posts\/2328185637211003?__tn__=K-R\" target=\"_blank\" rel=\"noopener\"><span style=\"text-decoration: underline; color: #0000ff;\"><strong>A m\u00e9rk\u0151z\u00e9s r\u00e9szletei&gt;&gt;<\/strong><\/span><\/a><\/p>\n<p><em>Fot\u00f3: Dorogi ESE Facebook oldala<\/em><\/p>\n","protected":false},"excerpt":{"rendered":"<p>Az NB I\/B-s bajnoks\u00e1g \u00f6t\u00f6dik fordul\u00f3j\u00e1ban a dorogi k\u00e9zilabd\u00e1s l\u00e1nyok Gy\u0151rbe utaztak, hogy megm\u00e9rk\u0151zzenek a hazai U19-es, illetve a Gy\u0151ri Audi ETO KC III ifj\u00fas\u00e1gi csapat\u00e1val. Az U19-esek ellen szoros m\u00e9rk\u0151z\u00e9sben k\u00e9t ponttal maradtak alul a dorogiak, viszont a h\u00e1rmas ifj\u00fas\u00e1gi csoportban f\u00f6l\u00e9nyes gy\u0151zelmet arattak. Gy\u0151ri Audi ETO KC U19 \u2013 Dorogi ESE 38-36 (21-16)<\/p>\n","protected":false},"author":1,"featured_media":12915,"comment_status":"closed","ping_status":"closed","sticky":false,"template":"","format":"standard","meta":{"ngg_post_thumbnail":0,"footnotes":""},"categories":[2,3,5],"tags":[15,424,355,16],"class_list":{"0":"post-12914","1":"post","2":"type-post","3":"status-publish","4":"format-standard","5":"has-post-thumbnail","7":"category-dorog","8":"category-hirek","9":"category-sport","10":"tag-dorog","11":"tag-dorogi-ese","12":"tag-kezilabda","13":"tag-sport"},"yoast_head":"<!-- This site is optimized with the Yoast SEO plugin v27.5 - https:\/\/yoast.com\/product\/yoast-seo-wordpress\/ -->\n<title>Gy\u0151rben remekeltek a dorogi k\u00e9zis l\u00e1nyok<\/title>\n<meta name=\"robots\" content=\"index, follow, max-snippet:-1, max-image-preview:large, max-video-preview:-1\" \/>\n<link rel=\"canonical\" href=\"https:\/\/dorogimedence.hu\/index.php\/2018\/10\/23\/gyorben-remekeltek-a-dorogi-kezis-lanyok\/\" class=\"yoast-seo-meta-tag\" \/>\n<meta property=\"og:locale\" content=\"hu_HU\" class=\"yoast-seo-meta-tag\" \/>\n<meta property=\"og:type\" content=\"article\" class=\"yoast-seo-meta-tag\" \/>\n<meta property=\"og:title\" content=\"Gy\u0151rben remekeltek a dorogi k\u00e9zis l\u00e1nyok\" class=\"yoast-seo-meta-tag\" \/>\n<meta property=\"og:description\" content=\"Az NB I\/B-s bajnoks\u00e1g \u00f6t\u00f6dik fordul\u00f3j\u00e1ban a dorogi k\u00e9zilabd\u00e1s l\u00e1nyok Gy\u0151rbe utaztak, hogy megm\u00e9rk\u0151zzenek a hazai U19-es, illetve a Gy\u0151ri Audi ETO KC III ifj\u00fas\u00e1gi csapat\u00e1val. Az U19-esek ellen szoros m\u00e9rk\u0151z\u00e9sben k\u00e9t ponttal maradtak alul a dorogiak, viszont a h\u00e1rmas ifj\u00fas\u00e1gi csoportban f\u00f6l\u00e9nyes gy\u0151zelmet arattak. Gy\u0151ri Audi ETO KC U19 \u2013 Dorogi ESE 38-36 (21-16)\" class=\"yoast-seo-meta-tag\" \/>\n<meta property=\"og:url\" content=\"https:\/\/dorogimedence.hu\/index.php\/2018\/10\/23\/gyorben-remekeltek-a-dorogi-kezis-lanyok\/\" class=\"yoast-seo-meta-tag\" \/>\n<meta property=\"og:site_name\" content=\"Dorogi-medence Region\u00e1lis H\u00edrport\u00e1l\" class=\"yoast-seo-meta-tag\" \/>\n<meta property=\"article:publisher\" content=\"https:\/\/www.facebook.com\/dorogimedence\/\" class=\"yoast-seo-meta-tag\" \/>\n<meta property=\"article:published_time\" content=\"2018-10-23T06:33:53+00:00\" class=\"yoast-seo-meta-tag\" \/>\n<meta property=\"og:image\" content=\"https:\/\/i0.wp.com\/dorogimedence.hu\/wp-content\/uploads\/2018\/10\/kezilabda-dorog-gyor.jpg?fit=670%2C365&ssl=1\" class=\"yoast-seo-meta-tag\" \/>\n\t<meta property=\"og:image:width\" content=\"670\" class=\"yoast-seo-meta-tag\" \/>\n\t<meta property=\"og:image:height\" content=\"365\" class=\"yoast-seo-meta-tag\" \/>\n\t<meta property=\"og:image:type\" content=\"image\/jpeg\" class=\"yoast-seo-meta-tag\" \/>\n<meta name=\"author\" content=\"dorogimedence.hu\" class=\"yoast-seo-meta-tag\" \/>\n<meta name=\"twitter:card\" content=\"summary_large_image\" class=\"yoast-seo-meta-tag\" \/>\n<meta name=\"twitter:label1\" content=\"Szerz\u0151:\" class=\"yoast-seo-meta-tag\" \/>\n\t<meta name=\"twitter:data1\" content=\"dorogimedence.hu\" class=\"yoast-seo-meta-tag\" \/>\n\t<meta name=\"twitter:label2\" content=\"Becs\u00fclt olvas\u00e1si id\u0151\" class=\"yoast-seo-meta-tag\" \/>\n\t<meta name=\"twitter:data2\" content=\"2 perc\" class=\"yoast-seo-meta-tag\" \/>\n<script type=\"application\/ld+json\" class=\"yoast-schema-graph\">{\"@context\":\"https:\\\/\\\/schema.org\",\"@graph\":[{\"@type\":\"Article\",\"@id\":\"https:\\\/\\\/dorogimedence.hu\\\/index.php\\\/2018\\\/10\\\/23\\\/gyorben-remekeltek-a-dorogi-kezis-lanyok\\\/#article\",\"isPartOf\":{\"@id\":\"https:\\\/\\\/dorogimedence.hu\\\/index.php\\\/2018\\\/10\\\/23\\\/gyorben-remekeltek-a-dorogi-kezis-lanyok\\\/\"},\"author\":{\"name\":\"dorogimedence.hu\",\"@id\":\"https:\\\/\\\/dorogimedence.hu\\\/#\\\/schema\\\/person\\\/ce6091eeb7e95ecdc87890d6aa8e0fd4\"},\"headline\":\"Gy\u0151rben remekeltek a dorogi k\u00e9zis l\u00e1nyok\",\"datePublished\":\"2018-10-23T06:33:53+00:00\",\"mainEntityOfPage\":{\"@id\":\"https:\\\/\\\/dorogimedence.hu\\\/index.php\\\/2018\\\/10\\\/23\\\/gyorben-remekeltek-a-dorogi-kezis-lanyok\\\/\"},\"wordCount\":370,\"publisher\":{\"@id\":\"https:\\\/\\\/dorogimedence.hu\\\/#organization\"},\"image\":{\"@id\":\"https:\\\/\\\/dorogimedence.hu\\\/index.php\\\/2018\\\/10\\\/23\\\/gyorben-remekeltek-a-dorogi-kezis-lanyok\\\/#primaryimage\"},\"thumbnailUrl\":\"https:\\\/\\\/dorogimedence.hu\\\/wp-content\\\/uploads\\\/2018\\\/10\\\/kezilabda-dorog-gyor.jpg\",\"keywords\":[\"Dorog\",\"Dorogi ESE\",\"k\u00e9zilabda\",\"sport\"],\"articleSection\":[\"Dorog\",\"H\u00edrek\",\"Sport\"],\"inLanguage\":\"hu\"},{\"@type\":\"WebPage\",\"@id\":\"https:\\\/\\\/dorogimedence.hu\\\/index.php\\\/2018\\\/10\\\/23\\\/gyorben-remekeltek-a-dorogi-kezis-lanyok\\\/\",\"url\":\"https:\\\/\\\/dorogimedence.hu\\\/index.php\\\/2018\\\/10\\\/23\\\/gyorben-remekeltek-a-dorogi-kezis-lanyok\\\/\",\"name\":\"Gy\u0151rben remekeltek a dorogi k\u00e9zis l\u00e1nyok\",\"isPartOf\":{\"@id\":\"https:\\\/\\\/dorogimedence.hu\\\/#website\"},\"primaryImageOfPage\":{\"@id\":\"https:\\\/\\\/dorogimedence.hu\\\/index.php\\\/2018\\\/10\\\/23\\\/gyorben-remekeltek-a-dorogi-kezis-lanyok\\\/#primaryimage\"},\"image\":{\"@id\":\"https:\\\/\\\/dorogimedence.hu\\\/index.php\\\/2018\\\/10\\\/23\\\/gyorben-remekeltek-a-dorogi-kezis-lanyok\\\/#primaryimage\"},\"thumbnailUrl\":\"https:\\\/\\\/dorogimedence.hu\\\/wp-content\\\/uploads\\\/2018\\\/10\\\/kezilabda-dorog-gyor.jpg\",\"datePublished\":\"2018-10-23T06:33:53+00:00\",\"breadcrumb\":{\"@id\":\"https:\\\/\\\/dorogimedence.hu\\\/index.php\\\/2018\\\/10\\\/23\\\/gyorben-remekeltek-a-dorogi-kezis-lanyok\\\/#breadcrumb\"},\"inLanguage\":\"hu\",\"potentialAction\":[{\"@type\":\"ReadAction\",\"target\":[\"https:\\\/\\\/dorogimedence.hu\\\/index.php\\\/2018\\\/10\\\/23\\\/gyorben-remekeltek-a-dorogi-kezis-lanyok\\\/\"]}]},{\"@type\":\"ImageObject\",\"inLanguage\":\"hu\",\"@id\":\"https:\\\/\\\/dorogimedence.hu\\\/index.php\\\/2018\\\/10\\\/23\\\/gyorben-remekeltek-a-dorogi-kezis-lanyok\\\/#primaryimage\",\"url\":\"https:\\\/\\\/dorogimedence.hu\\\/wp-content\\\/uploads\\\/2018\\\/10\\\/kezilabda-dorog-gyor.jpg\",\"contentUrl\":\"https:\\\/\\\/dorogimedence.hu\\\/wp-content\\\/uploads\\\/2018\\\/10\\\/kezilabda-dorog-gyor.jpg\",\"width\":670,\"height\":365},{\"@type\":\"BreadcrumbList\",\"@id\":\"https:\\\/\\\/dorogimedence.hu\\\/index.php\\\/2018\\\/10\\\/23\\\/gyorben-remekeltek-a-dorogi-kezis-lanyok\\\/#breadcrumb\",\"itemListElement\":[{\"@type\":\"ListItem\",\"position\":1,\"name\":\"Kezd\u0151lap\",\"item\":\"https:\\\/\\\/dorogimedence.hu\\\/\"},{\"@type\":\"ListItem\",\"position\":2,\"name\":\"Gy\u0151rben remekeltek a dorogi k\u00e9zis l\u00e1nyok\"}]},{\"@type\":\"WebSite\",\"@id\":\"https:\\\/\\\/dorogimedence.hu\\\/#website\",\"url\":\"https:\\\/\\\/dorogimedence.hu\\\/\",\"name\":\"Dorogi-medence Region\u00e1lis H\u00edrport\u00e1l\",\"description\":\"Dorog, Keszt\u00f6lc, Le\u00e1nyv\u00e1r, Piliscs\u00e9v, Tokod, Tokodalt\u00e1r\u00f3, Csolnok, Esztergom-kertv\u00e1ros: h\u00edrek, programok\",\"publisher\":{\"@id\":\"https:\\\/\\\/dorogimedence.hu\\\/#organization\"},\"potentialAction\":[{\"@type\":\"SearchAction\",\"target\":{\"@type\":\"EntryPoint\",\"urlTemplate\":\"https:\\\/\\\/dorogimedence.hu\\\/?s={search_term_string}\"},\"query-input\":{\"@type\":\"PropertyValueSpecification\",\"valueRequired\":true,\"valueName\":\"search_term_string\"}}],\"inLanguage\":\"hu\"},{\"@type\":\"Organization\",\"@id\":\"https:\\\/\\\/dorogimedence.hu\\\/#organization\",\"name\":\"Dorogi-medence Region\u00e1lis H\u00edrport\u00e1l\",\"url\":\"https:\\\/\\\/dorogimedence.hu\\\/\",\"logo\":{\"@type\":\"ImageObject\",\"inLanguage\":\"hu\",\"@id\":\"https:\\\/\\\/dorogimedence.hu\\\/#\\\/schema\\\/logo\\\/image\\\/\",\"url\":\"https:\\\/\\\/dorogimedence.hu\\\/wp-content\\\/uploads\\\/2021\\\/04\\\/logo-feher-600.png\",\"contentUrl\":\"https:\\\/\\\/dorogimedence.hu\\\/wp-content\\\/uploads\\\/2021\\\/04\\\/logo-feher-600.png\",\"width\":600,\"height\":100,\"caption\":\"Dorogi-medence Region\u00e1lis H\u00edrport\u00e1l\"},\"image\":{\"@id\":\"https:\\\/\\\/dorogimedence.hu\\\/#\\\/schema\\\/logo\\\/image\\\/\"},\"sameAs\":[\"https:\\\/\\\/www.facebook.com\\\/dorogimedence\\\/\"]},{\"@type\":\"Person\",\"@id\":\"https:\\\/\\\/dorogimedence.hu\\\/#\\\/schema\\\/person\\\/ce6091eeb7e95ecdc87890d6aa8e0fd4\",\"name\":\"dorogimedence.hu\",\"image\":{\"@type\":\"ImageObject\",\"inLanguage\":\"hu\",\"@id\":\"\\\/\\\/www.gravatar.com\\\/avatar\\\/d8d45f8901aadff40a4af72c0b826f1d?s=96&#038;r=g&#038;d=mm\",\"url\":\"\\\/\\\/www.gravatar.com\\\/avatar\\\/d8d45f8901aadff40a4af72c0b826f1d?s=96&#038;r=g&#038;d=mm\",\"contentUrl\":\"\\\/\\\/www.gravatar.com\\\/avatar\\\/d8d45f8901aadff40a4af72c0b826f1d?s=96&#038;r=g&#038;d=mm\",\"caption\":\"dorogimedence.hu\"}}]}<\/script>\n<!-- \/ Yoast SEO plugin. -->","yoast_head_json":{"title":"Gy\u0151rben remekeltek a dorogi k\u00e9zis l\u00e1nyok","robots":{"index":"index","follow":"follow","max-snippet":"max-snippet:-1","max-image-preview":"max-image-preview:large","max-video-preview":"max-video-preview:-1"},"canonical":"https:\/\/dorogimedence.hu\/index.php\/2018\/10\/23\/gyorben-remekeltek-a-dorogi-kezis-lanyok\/","og_locale":"hu_HU","og_type":"article","og_title":"Gy\u0151rben remekeltek a dorogi k\u00e9zis l\u00e1nyok","og_description":"Az NB I\/B-s bajnoks\u00e1g \u00f6t\u00f6dik fordul\u00f3j\u00e1ban a dorogi k\u00e9zilabd\u00e1s l\u00e1nyok Gy\u0151rbe utaztak, hogy megm\u00e9rk\u0151zzenek a hazai U19-es, illetve a Gy\u0151ri Audi ETO KC III ifj\u00fas\u00e1gi csapat\u00e1val. Az U19-esek ellen szoros m\u00e9rk\u0151z\u00e9sben k\u00e9t ponttal maradtak alul a dorogiak, viszont a h\u00e1rmas ifj\u00fas\u00e1gi csoportban f\u00f6l\u00e9nyes gy\u0151zelmet arattak. Gy\u0151ri Audi ETO KC U19 \u2013 Dorogi ESE 38-36 (21-16)","og_url":"https:\/\/dorogimedence.hu\/index.php\/2018\/10\/23\/gyorben-remekeltek-a-dorogi-kezis-lanyok\/","og_site_name":"Dorogi-medence Region\u00e1lis H\u00edrport\u00e1l","article_publisher":"https:\/\/www.facebook.com\/dorogimedence\/","article_published_time":"2018-10-23T06:33:53+00:00","og_image":[{"width":670,"height":365,"url":"https:\/\/i0.wp.com\/dorogimedence.hu\/wp-content\/uploads\/2018\/10\/kezilabda-dorog-gyor.jpg?fit=670%2C365&ssl=1","type":"image\/jpeg"}],"author":"dorogimedence.hu","twitter_card":"summary_large_image","twitter_misc":{"Szerz\u0151:":"dorogimedence.hu","Becs\u00fclt olvas\u00e1si id\u0151":"2 perc"},"schema":{"@context":"https:\/\/schema.org","@graph":[{"@type":"Article","@id":"https:\/\/dorogimedence.hu\/index.php\/2018\/10\/23\/gyorben-remekeltek-a-dorogi-kezis-lanyok\/#article","isPartOf":{"@id":"https:\/\/dorogimedence.hu\/index.php\/2018\/10\/23\/gyorben-remekeltek-a-dorogi-kezis-lanyok\/"},"author":{"name":"dorogimedence.hu","@id":"https:\/\/dorogimedence.hu\/#\/schema\/person\/ce6091eeb7e95ecdc87890d6aa8e0fd4"},"headline":"Gy\u0151rben remekeltek a dorogi k\u00e9zis l\u00e1nyok","datePublished":"2018-10-23T06:33:53+00:00","mainEntityOfPage":{"@id":"https:\/\/dorogimedence.hu\/index.php\/2018\/10\/23\/gyorben-remekeltek-a-dorogi-kezis-lanyok\/"},"wordCount":370,"publisher":{"@id":"https:\/\/dorogimedence.hu\/#organization"},"image":{"@id":"https:\/\/dorogimedence.hu\/index.php\/2018\/10\/23\/gyorben-remekeltek-a-dorogi-kezis-lanyok\/#primaryimage"},"thumbnailUrl":"https:\/\/dorogimedence.hu\/wp-content\/uploads\/2018\/10\/kezilabda-dorog-gyor.jpg","keywords":["Dorog","Dorogi ESE","k\u00e9zilabda","sport"],"articleSection":["Dorog","H\u00edrek","Sport"],"inLanguage":"hu"},{"@type":"WebPage","@id":"https:\/\/dorogimedence.hu\/index.php\/2018\/10\/23\/gyorben-remekeltek-a-dorogi-kezis-lanyok\/","url":"https:\/\/dorogimedence.hu\/index.php\/2018\/10\/23\/gyorben-remekeltek-a-dorogi-kezis-lanyok\/","name":"Gy\u0151rben remekeltek a dorogi k\u00e9zis l\u00e1nyok","isPartOf":{"@id":"https:\/\/dorogimedence.hu\/#website"},"primaryImageOfPage":{"@id":"https:\/\/dorogimedence.hu\/index.php\/2018\/10\/23\/gyorben-remekeltek-a-dorogi-kezis-lanyok\/#primaryimage"},"image":{"@id":"https:\/\/dorogimedence.hu\/index.php\/2018\/10\/23\/gyorben-remekeltek-a-dorogi-kezis-lanyok\/#primaryimage"},"thumbnailUrl":"https:\/\/dorogimedence.hu\/wp-content\/uploads\/2018\/10\/kezilabda-dorog-gyor.jpg","datePublished":"2018-10-23T06:33:53+00:00","breadcrumb":{"@id":"https:\/\/dorogimedence.hu\/index.php\/2018\/10\/23\/gyorben-remekeltek-a-dorogi-kezis-lanyok\/#breadcrumb"},"inLanguage":"hu","potentialAction":[{"@type":"ReadAction","target":["https:\/\/dorogimedence.hu\/index.php\/2018\/10\/23\/gyorben-remekeltek-a-dorogi-kezis-lanyok\/"]}]},{"@type":"ImageObject","inLanguage":"hu","@id":"https:\/\/dorogimedence.hu\/index.php\/2018\/10\/23\/gyorben-remekeltek-a-dorogi-kezis-lanyok\/#primaryimage","url":"https:\/\/dorogimedence.hu\/wp-content\/uploads\/2018\/10\/kezilabda-dorog-gyor.jpg","contentUrl":"https:\/\/dorogimedence.hu\/wp-content\/uploads\/2018\/10\/kezilabda-dorog-gyor.jpg","width":670,"height":365},{"@type":"BreadcrumbList","@id":"https:\/\/dorogimedence.hu\/index.php\/2018\/10\/23\/gyorben-remekeltek-a-dorogi-kezis-lanyok\/#breadcrumb","itemListElement":[{"@type":"ListItem","position":1,"name":"Kezd\u0151lap","item":"https:\/\/dorogimedence.hu\/"},{"@type":"ListItem","position":2,"name":"Gy\u0151rben remekeltek a dorogi k\u00e9zis l\u00e1nyok"}]},{"@type":"WebSite","@id":"https:\/\/dorogimedence.hu\/#website","url":"https:\/\/dorogimedence.hu\/","name":"Dorogi-medence Region\u00e1lis H\u00edrport\u00e1l","description":"Dorog, Keszt\u00f6lc, Le\u00e1nyv\u00e1r, Piliscs\u00e9v, Tokod, Tokodalt\u00e1r\u00f3, Csolnok, Esztergom-kertv\u00e1ros: h\u00edrek, programok","publisher":{"@id":"https:\/\/dorogimedence.hu\/#organization"},"potentialAction":[{"@type":"SearchAction","target":{"@type":"EntryPoint","urlTemplate":"https:\/\/dorogimedence.hu\/?s={search_term_string}"},"query-input":{"@type":"PropertyValueSpecification","valueRequired":true,"valueName":"search_term_string"}}],"inLanguage":"hu"},{"@type":"Organization","@id":"https:\/\/dorogimedence.hu\/#organization","name":"Dorogi-medence Region\u00e1lis H\u00edrport\u00e1l","url":"https:\/\/dorogimedence.hu\/","logo":{"@type":"ImageObject","inLanguage":"hu","@id":"https:\/\/dorogimedence.hu\/#\/schema\/logo\/image\/","url":"https:\/\/dorogimedence.hu\/wp-content\/uploads\/2021\/04\/logo-feher-600.png","contentUrl":"https:\/\/dorogimedence.hu\/wp-content\/uploads\/2021\/04\/logo-feher-600.png","width":600,"height":100,"caption":"Dorogi-medence Region\u00e1lis H\u00edrport\u00e1l"},"image":{"@id":"https:\/\/dorogimedence.hu\/#\/schema\/logo\/image\/"},"sameAs":["https:\/\/www.facebook.com\/dorogimedence\/"]},{"@type":"Person","@id":"https:\/\/dorogimedence.hu\/#\/schema\/person\/ce6091eeb7e95ecdc87890d6aa8e0fd4","name":"dorogimedence.hu","image":{"@type":"ImageObject","inLanguage":"hu","@id":"\/\/www.gravatar.com\/avatar\/d8d45f8901aadff40a4af72c0b826f1d?s=96&#038;r=g&#038;d=mm","url":"\/\/www.gravatar.com\/avatar\/d8d45f8901aadff40a4af72c0b826f1d?s=96&#038;r=g&#038;d=mm","contentUrl":"\/\/www.gravatar.com\/avatar\/d8d45f8901aadff40a4af72c0b826f1d?s=96&#038;r=g&#038;d=mm","caption":"dorogimedence.hu"}}]}},"_links":{"self":[{"href":"https:\/\/dorogimedence.hu\/index.php\/wp-json\/wp\/v2\/posts\/12914","targetHints":{"allow":["GET"]}}],"collection":[{"href":"https:\/\/dorogimedence.hu\/index.php\/wp-json\/wp\/v2\/posts"}],"about":[{"href":"https:\/\/dorogimedence.hu\/index.php\/wp-json\/wp\/v2\/types\/post"}],"author":[{"embeddable":true,"href":"https:\/\/dorogimedence.hu\/index.php\/wp-json\/wp\/v2\/users\/1"}],"replies":[{"embeddable":true,"href":"https:\/\/dorogimedence.hu\/index.php\/wp-json\/wp\/v2\/comments?post=12914"}],"version-history":[{"count":0,"href":"https:\/\/dorogimedence.hu\/index.php\/wp-json\/wp\/v2\/posts\/12914\/revisions"}],"wp:featuredmedia":[{"embeddable":true,"href":"https:\/\/dorogimedence.hu\/index.php\/wp-json\/wp\/v2\/media\/12915"}],"wp:attachment":[{"href":"https:\/\/dorogimedence.hu\/index.php\/wp-json\/wp\/v2\/media?parent=12914"}],"wp:term":[{"taxonomy":"category","embeddable":true,"href":"https:\/\/dorogimedence.hu\/index.php\/wp-json\/wp\/v2\/categories?post=12914"},{"taxonomy":"post_tag","embeddable":true,"href":"https:\/\/dorogimedence.hu\/index.php\/wp-json\/wp\/v2\/tags?post=12914"}],"curies":[{"name":"wp","href":"https:\/\/api.w.org\/{rel}","templated":true}]}}