{"id":12892,"date":"2018-10-21T13:02:56","date_gmt":"2018-10-21T11:02:56","guid":{"rendered":"http:\/\/dorogimedence.hu\/?p=12892"},"modified":"2018-10-21T17:25:22","modified_gmt":"2018-10-21T15:25:22","slug":"halalos-autobaleset-esztergomban-2","status":"publish","type":"post","link":"https:\/\/dorogimedence.hu\/index.php\/2018\/10\/21\/halalos-autobaleset-esztergomban-2\/","title":{"rendered":"Hal\u00e1los aut\u00f3baleset Esztergomban"},"content":{"rendered":"<p><strong>Okt\u00f3ber 21-\u00e9n, vas\u00e1rnap kora d\u00e9lut\u00e1n \u00e1rokba hajtott egy g\u00e9pkocsi Esztergomban, a Dobog\u00f3k\u0151i \u00faton, a Dobog\u00f3k\u0151 el\u00e9 vezet\u0151 ir\u00e1nyban.<\/strong><\/p>\n<p>A j\u00e1rm\u0171 kigyulladt, egy ember a kocsiba szorult, a t\u0171z a n\u00f6v\u00e9nyzetre is \u00e1tterjedt. Az esztergomi hivat\u00e1sos t\u0171zolt\u00f3k eloltott\u00e1k a l\u00e1ngokat, a j\u00e1rm\u0171 utas\u00e1r\u00f3l a ment\u0151k meg\u00e1llap\u00edtott\u00e1k, hogy meghalt. A hat\u00f3s\u00e1gok folytatj\u00e1k a munk\u00e1latokat a helysz\u00ednen, ahol <strong>lez\u00e1rt\u00e1k az \u00e9rintett \u00fatszakaszt.<\/strong><\/p>\n<p><span style=\"text-decoration: underline; color: #ff0000;\"><strong>Friss\u00edt\u00e9s:<\/strong><\/span> hal\u00e1los kimenetel\u0171 k\u00f6z\u00fati k\u00f6zleked\u00e9si baleset t\u00f6rt\u00e9nt 2018. okt\u00f3ber 21-\u00e9n 12 \u00f3ra 15 perc k\u00f6r\u00fcl a 1111-es sz\u00e1m\u00fa \u00faton. Egy Suzuki t\u00edpus\u00fa szem\u00e9lyg\u00e9pkocsi haladt Esztergom ir\u00e1ny\u00e1ba, ami \u00e1tt\u00e9rt a menetir\u00e1ny szerinti bal oldali forgalmi s\u00e1vba, majd lehaladt az \u00fattestr\u0151l \u00e9s f\u00e1nak \u00fctk\u00f6z\u00f6tt. A j\u00e1rm\u0171 kigyulladt, annak 44 \u00e9ves f\u00e9rfi vezet\u0151je a helysz\u00ednen \u00e9let\u00e9t vesztette. <strong>A rend\u0151r\u00f6k a baleset helysz\u00ednel\u00e9s\u00e9t befejezt\u00e9k, a forgalom 16 \u00f3ra 15 perct\u0151l ism\u00e9t zavartalanul haladhat.<\/strong><\/p>\n<p><em>Forr\u00e1s: komarom.katasztrofavedelem.hu \/ police.hu<br \/>\nFot\u00f3: police.hu<br \/>\n<\/em><\/p>\n","protected":false},"excerpt":{"rendered":"<p>Okt\u00f3ber 21-\u00e9n, vas\u00e1rnap kora d\u00e9lut\u00e1n \u00e1rokba hajtott egy g\u00e9pkocsi Esztergomban, a Dobog\u00f3k\u0151i \u00faton, a Dobog\u00f3k\u0151 el\u00e9 vezet\u0151 ir\u00e1nyban. A j\u00e1rm\u0171 kigyulladt, egy ember a kocsiba szorult, a t\u0171z a n\u00f6v\u00e9nyzetre is \u00e1tterjedt. Az esztergomi hivat\u00e1sos t\u0171zolt\u00f3k eloltott\u00e1k a l\u00e1ngokat, a j\u00e1rm\u0171 utas\u00e1r\u00f3l a ment\u0151k meg\u00e1llap\u00edtott\u00e1k, hogy meghalt. A hat\u00f3s\u00e1gok folytatj\u00e1k a munk\u00e1latokat a helysz\u00ednen, ahol<\/p>\n","protected":false},"author":1,"featured_media":12897,"comment_status":"closed","ping_status":"closed","sticky":false,"template":"","format":"standard","meta":{"ngg_post_thumbnail":0,"footnotes":""},"categories":[38,3,39],"tags":[45,44,2931,42,946,61],"class_list":{"0":"post-12892","1":"post","2":"type-post","3":"status-publish","4":"format-standard","5":"has-post-thumbnail","7":"category-esztergom","8":"category-hirek","9":"category-kek-hirek","10":"tag-autobaleset","11":"tag-baleset","12":"tag-dobogokoi-ut","13":"tag-esztergom","14":"tag-halalos-baleset","15":"tag-rendorsegi-hirek"},"yoast_head":"<!-- This site is optimized with the Yoast SEO plugin v27.5 - https:\/\/yoast.com\/product\/yoast-seo-wordpress\/ -->\n<title>Hal\u00e1los aut\u00f3baleset Esztergomban<\/title>\n<meta name=\"robots\" content=\"index, follow, max-snippet:-1, max-image-preview:large, max-video-preview:-1\" \/>\n<link rel=\"canonical\" href=\"https:\/\/dorogimedence.hu\/index.php\/2018\/10\/21\/halalos-autobaleset-esztergomban-2\/\" class=\"yoast-seo-meta-tag\" \/>\n<meta property=\"og:locale\" content=\"hu_HU\" class=\"yoast-seo-meta-tag\" \/>\n<meta property=\"og:type\" content=\"article\" class=\"yoast-seo-meta-tag\" \/>\n<meta property=\"og:title\" content=\"Hal\u00e1los aut\u00f3baleset Esztergomban\" class=\"yoast-seo-meta-tag\" \/>\n<meta property=\"og:description\" content=\"Okt\u00f3ber 21-\u00e9n, vas\u00e1rnap kora d\u00e9lut\u00e1n \u00e1rokba hajtott egy g\u00e9pkocsi Esztergomban, a Dobog\u00f3k\u0151i \u00faton, a Dobog\u00f3k\u0151 el\u00e9 vezet\u0151 ir\u00e1nyban. A j\u00e1rm\u0171 kigyulladt, egy ember a kocsiba szorult, a t\u0171z a n\u00f6v\u00e9nyzetre is \u00e1tterjedt. Az esztergomi hivat\u00e1sos t\u0171zolt\u00f3k eloltott\u00e1k a l\u00e1ngokat, a j\u00e1rm\u0171 utas\u00e1r\u00f3l a ment\u0151k meg\u00e1llap\u00edtott\u00e1k, hogy meghalt. A hat\u00f3s\u00e1gok folytatj\u00e1k a munk\u00e1latokat a helysz\u00ednen, ahol\" class=\"yoast-seo-meta-tag\" \/>\n<meta property=\"og:url\" content=\"https:\/\/dorogimedence.hu\/index.php\/2018\/10\/21\/halalos-autobaleset-esztergomban-2\/\" class=\"yoast-seo-meta-tag\" \/>\n<meta property=\"og:site_name\" content=\"Dorogi-medence Region\u00e1lis H\u00edrport\u00e1l\" class=\"yoast-seo-meta-tag\" \/>\n<meta property=\"article:publisher\" content=\"https:\/\/www.facebook.com\/dorogimedence\/\" class=\"yoast-seo-meta-tag\" \/>\n<meta property=\"article:published_time\" content=\"2018-10-21T11:02:56+00:00\" class=\"yoast-seo-meta-tag\" \/>\n<meta property=\"article:modified_time\" content=\"2018-10-21T15:25:22+00:00\" class=\"yoast-seo-meta-tag\" \/>\n<meta property=\"og:image\" content=\"https:\/\/i0.wp.com\/dorogimedence.hu\/wp-content\/uploads\/2018\/10\/dobko-baleset.jpg?fit=670%2C365&ssl=1\" class=\"yoast-seo-meta-tag\" \/>\n\t<meta property=\"og:image:width\" content=\"670\" class=\"yoast-seo-meta-tag\" \/>\n\t<meta property=\"og:image:height\" content=\"365\" class=\"yoast-seo-meta-tag\" \/>\n\t<meta property=\"og:image:type\" content=\"image\/jpeg\" class=\"yoast-seo-meta-tag\" \/>\n<meta name=\"author\" content=\"dorogimedence.hu\" class=\"yoast-seo-meta-tag\" \/>\n<meta name=\"twitter:card\" content=\"summary_large_image\" class=\"yoast-seo-meta-tag\" \/>\n<meta name=\"twitter:label1\" content=\"Szerz\u0151:\" class=\"yoast-seo-meta-tag\" \/>\n\t<meta name=\"twitter:data1\" content=\"dorogimedence.hu\" class=\"yoast-seo-meta-tag\" \/>\n\t<meta name=\"twitter:label2\" content=\"Becs\u00fclt olvas\u00e1si id\u0151\" class=\"yoast-seo-meta-tag\" \/>\n\t<meta name=\"twitter:data2\" content=\"1 perc\" class=\"yoast-seo-meta-tag\" \/>\n<script type=\"application\/ld+json\" class=\"yoast-schema-graph\">{\"@context\":\"https:\\\/\\\/schema.org\",\"@graph\":[{\"@type\":\"Article\",\"@id\":\"https:\\\/\\\/dorogimedence.hu\\\/index.php\\\/2018\\\/10\\\/21\\\/halalos-autobaleset-esztergomban-2\\\/#article\",\"isPartOf\":{\"@id\":\"https:\\\/\\\/dorogimedence.hu\\\/index.php\\\/2018\\\/10\\\/21\\\/halalos-autobaleset-esztergomban-2\\\/\"},\"author\":{\"name\":\"dorogimedence.hu\",\"@id\":\"https:\\\/\\\/dorogimedence.hu\\\/#\\\/schema\\\/person\\\/ce6091eeb7e95ecdc87890d6aa8e0fd4\"},\"headline\":\"Hal\u00e1los aut\u00f3baleset Esztergomban\",\"datePublished\":\"2018-10-21T11:02:56+00:00\",\"dateModified\":\"2018-10-21T15:25:22+00:00\",\"mainEntityOfPage\":{\"@id\":\"https:\\\/\\\/dorogimedence.hu\\\/index.php\\\/2018\\\/10\\\/21\\\/halalos-autobaleset-esztergomban-2\\\/\"},\"wordCount\":209,\"publisher\":{\"@id\":\"https:\\\/\\\/dorogimedence.hu\\\/#organization\"},\"image\":{\"@id\":\"https:\\\/\\\/dorogimedence.hu\\\/index.php\\\/2018\\\/10\\\/21\\\/halalos-autobaleset-esztergomban-2\\\/#primaryimage\"},\"thumbnailUrl\":\"https:\\\/\\\/dorogimedence.hu\\\/wp-content\\\/uploads\\\/2018\\\/10\\\/dobko-baleset.jpg\",\"keywords\":[\"aut\u00f3baleset\",\"baleset\",\"Dobog\u00f3k\u0151i \u00fat\",\"esztergom\",\"hal\u00e1los baleset\",\"rend\u0151rs\u00e9gi h\u00edrek\"],\"articleSection\":[\"Esztergom\",\"H\u00edrek\",\"K\u00e9k h\u00edrek\"],\"inLanguage\":\"hu\"},{\"@type\":\"WebPage\",\"@id\":\"https:\\\/\\\/dorogimedence.hu\\\/index.php\\\/2018\\\/10\\\/21\\\/halalos-autobaleset-esztergomban-2\\\/\",\"url\":\"https:\\\/\\\/dorogimedence.hu\\\/index.php\\\/2018\\\/10\\\/21\\\/halalos-autobaleset-esztergomban-2\\\/\",\"name\":\"Hal\u00e1los aut\u00f3baleset Esztergomban\",\"isPartOf\":{\"@id\":\"https:\\\/\\\/dorogimedence.hu\\\/#website\"},\"primaryImageOfPage\":{\"@id\":\"https:\\\/\\\/dorogimedence.hu\\\/index.php\\\/2018\\\/10\\\/21\\\/halalos-autobaleset-esztergomban-2\\\/#primaryimage\"},\"image\":{\"@id\":\"https:\\\/\\\/dorogimedence.hu\\\/index.php\\\/2018\\\/10\\\/21\\\/halalos-autobaleset-esztergomban-2\\\/#primaryimage\"},\"thumbnailUrl\":\"https:\\\/\\\/dorogimedence.hu\\\/wp-content\\\/uploads\\\/2018\\\/10\\\/dobko-baleset.jpg\",\"datePublished\":\"2018-10-21T11:02:56+00:00\",\"dateModified\":\"2018-10-21T15:25:22+00:00\",\"breadcrumb\":{\"@id\":\"https:\\\/\\\/dorogimedence.hu\\\/index.php\\\/2018\\\/10\\\/21\\\/halalos-autobaleset-esztergomban-2\\\/#breadcrumb\"},\"inLanguage\":\"hu\",\"potentialAction\":[{\"@type\":\"ReadAction\",\"target\":[\"https:\\\/\\\/dorogimedence.hu\\\/index.php\\\/2018\\\/10\\\/21\\\/halalos-autobaleset-esztergomban-2\\\/\"]}]},{\"@type\":\"ImageObject\",\"inLanguage\":\"hu\",\"@id\":\"https:\\\/\\\/dorogimedence.hu\\\/index.php\\\/2018\\\/10\\\/21\\\/halalos-autobaleset-esztergomban-2\\\/#primaryimage\",\"url\":\"https:\\\/\\\/dorogimedence.hu\\\/wp-content\\\/uploads\\\/2018\\\/10\\\/dobko-baleset.jpg\",\"contentUrl\":\"https:\\\/\\\/dorogimedence.hu\\\/wp-content\\\/uploads\\\/2018\\\/10\\\/dobko-baleset.jpg\",\"width\":670,\"height\":365},{\"@type\":\"BreadcrumbList\",\"@id\":\"https:\\\/\\\/dorogimedence.hu\\\/index.php\\\/2018\\\/10\\\/21\\\/halalos-autobaleset-esztergomban-2\\\/#breadcrumb\",\"itemListElement\":[{\"@type\":\"ListItem\",\"position\":1,\"name\":\"Kezd\u0151lap\",\"item\":\"https:\\\/\\\/dorogimedence.hu\\\/\"},{\"@type\":\"ListItem\",\"position\":2,\"name\":\"Hal\u00e1los aut\u00f3baleset Esztergomban\"}]},{\"@type\":\"WebSite\",\"@id\":\"https:\\\/\\\/dorogimedence.hu\\\/#website\",\"url\":\"https:\\\/\\\/dorogimedence.hu\\\/\",\"name\":\"Dorogi-medence Region\u00e1lis H\u00edrport\u00e1l\",\"description\":\"Dorog, Keszt\u00f6lc, Le\u00e1nyv\u00e1r, Piliscs\u00e9v, Tokod, Tokodalt\u00e1r\u00f3, Csolnok, Esztergom-kertv\u00e1ros: h\u00edrek, programok\",\"publisher\":{\"@id\":\"https:\\\/\\\/dorogimedence.hu\\\/#organization\"},\"potentialAction\":[{\"@type\":\"SearchAction\",\"target\":{\"@type\":\"EntryPoint\",\"urlTemplate\":\"https:\\\/\\\/dorogimedence.hu\\\/?s={search_term_string}\"},\"query-input\":{\"@type\":\"PropertyValueSpecification\",\"valueRequired\":true,\"valueName\":\"search_term_string\"}}],\"inLanguage\":\"hu\"},{\"@type\":\"Organization\",\"@id\":\"https:\\\/\\\/dorogimedence.hu\\\/#organization\",\"name\":\"Dorogi-medence Region\u00e1lis H\u00edrport\u00e1l\",\"url\":\"https:\\\/\\\/dorogimedence.hu\\\/\",\"logo\":{\"@type\":\"ImageObject\",\"inLanguage\":\"hu\",\"@id\":\"https:\\\/\\\/dorogimedence.hu\\\/#\\\/schema\\\/logo\\\/image\\\/\",\"url\":\"https:\\\/\\\/dorogimedence.hu\\\/wp-content\\\/uploads\\\/2021\\\/04\\\/logo-feher-600.png\",\"contentUrl\":\"https:\\\/\\\/dorogimedence.hu\\\/wp-content\\\/uploads\\\/2021\\\/04\\\/logo-feher-600.png\",\"width\":600,\"height\":100,\"caption\":\"Dorogi-medence Region\u00e1lis H\u00edrport\u00e1l\"},\"image\":{\"@id\":\"https:\\\/\\\/dorogimedence.hu\\\/#\\\/schema\\\/logo\\\/image\\\/\"},\"sameAs\":[\"https:\\\/\\\/www.facebook.com\\\/dorogimedence\\\/\"]},{\"@type\":\"Person\",\"@id\":\"https:\\\/\\\/dorogimedence.hu\\\/#\\\/schema\\\/person\\\/ce6091eeb7e95ecdc87890d6aa8e0fd4\",\"name\":\"dorogimedence.hu\",\"image\":{\"@type\":\"ImageObject\",\"inLanguage\":\"hu\",\"@id\":\"\\\/\\\/www.gravatar.com\\\/avatar\\\/d8d45f8901aadff40a4af72c0b826f1d?s=96&#038;r=g&#038;d=mm\",\"url\":\"\\\/\\\/www.gravatar.com\\\/avatar\\\/d8d45f8901aadff40a4af72c0b826f1d?s=96&#038;r=g&#038;d=mm\",\"contentUrl\":\"\\\/\\\/www.gravatar.com\\\/avatar\\\/d8d45f8901aadff40a4af72c0b826f1d?s=96&#038;r=g&#038;d=mm\",\"caption\":\"dorogimedence.hu\"}}]}<\/script>\n<!-- \/ Yoast SEO plugin. -->","yoast_head_json":{"title":"Hal\u00e1los aut\u00f3baleset Esztergomban","robots":{"index":"index","follow":"follow","max-snippet":"max-snippet:-1","max-image-preview":"max-image-preview:large","max-video-preview":"max-video-preview:-1"},"canonical":"https:\/\/dorogimedence.hu\/index.php\/2018\/10\/21\/halalos-autobaleset-esztergomban-2\/","og_locale":"hu_HU","og_type":"article","og_title":"Hal\u00e1los aut\u00f3baleset Esztergomban","og_description":"Okt\u00f3ber 21-\u00e9n, vas\u00e1rnap kora d\u00e9lut\u00e1n \u00e1rokba hajtott egy g\u00e9pkocsi Esztergomban, a Dobog\u00f3k\u0151i \u00faton, a Dobog\u00f3k\u0151 el\u00e9 vezet\u0151 ir\u00e1nyban. A j\u00e1rm\u0171 kigyulladt, egy ember a kocsiba szorult, a t\u0171z a n\u00f6v\u00e9nyzetre is \u00e1tterjedt. Az esztergomi hivat\u00e1sos t\u0171zolt\u00f3k eloltott\u00e1k a l\u00e1ngokat, a j\u00e1rm\u0171 utas\u00e1r\u00f3l a ment\u0151k meg\u00e1llap\u00edtott\u00e1k, hogy meghalt. A hat\u00f3s\u00e1gok folytatj\u00e1k a munk\u00e1latokat a helysz\u00ednen, ahol","og_url":"https:\/\/dorogimedence.hu\/index.php\/2018\/10\/21\/halalos-autobaleset-esztergomban-2\/","og_site_name":"Dorogi-medence Region\u00e1lis H\u00edrport\u00e1l","article_publisher":"https:\/\/www.facebook.com\/dorogimedence\/","article_published_time":"2018-10-21T11:02:56+00:00","article_modified_time":"2018-10-21T15:25:22+00:00","og_image":[{"width":670,"height":365,"url":"https:\/\/i0.wp.com\/dorogimedence.hu\/wp-content\/uploads\/2018\/10\/dobko-baleset.jpg?fit=670%2C365&ssl=1","type":"image\/jpeg"}],"author":"dorogimedence.hu","twitter_card":"summary_large_image","twitter_misc":{"Szerz\u0151:":"dorogimedence.hu","Becs\u00fclt olvas\u00e1si id\u0151":"1 perc"},"schema":{"@context":"https:\/\/schema.org","@graph":[{"@type":"Article","@id":"https:\/\/dorogimedence.hu\/index.php\/2018\/10\/21\/halalos-autobaleset-esztergomban-2\/#article","isPartOf":{"@id":"https:\/\/dorogimedence.hu\/index.php\/2018\/10\/21\/halalos-autobaleset-esztergomban-2\/"},"author":{"name":"dorogimedence.hu","@id":"https:\/\/dorogimedence.hu\/#\/schema\/person\/ce6091eeb7e95ecdc87890d6aa8e0fd4"},"headline":"Hal\u00e1los aut\u00f3baleset Esztergomban","datePublished":"2018-10-21T11:02:56+00:00","dateModified":"2018-10-21T15:25:22+00:00","mainEntityOfPage":{"@id":"https:\/\/dorogimedence.hu\/index.php\/2018\/10\/21\/halalos-autobaleset-esztergomban-2\/"},"wordCount":209,"publisher":{"@id":"https:\/\/dorogimedence.hu\/#organization"},"image":{"@id":"https:\/\/dorogimedence.hu\/index.php\/2018\/10\/21\/halalos-autobaleset-esztergomban-2\/#primaryimage"},"thumbnailUrl":"https:\/\/dorogimedence.hu\/wp-content\/uploads\/2018\/10\/dobko-baleset.jpg","keywords":["aut\u00f3baleset","baleset","Dobog\u00f3k\u0151i \u00fat","esztergom","hal\u00e1los baleset","rend\u0151rs\u00e9gi h\u00edrek"],"articleSection":["Esztergom","H\u00edrek","K\u00e9k h\u00edrek"],"inLanguage":"hu"},{"@type":"WebPage","@id":"https:\/\/dorogimedence.hu\/index.php\/2018\/10\/21\/halalos-autobaleset-esztergomban-2\/","url":"https:\/\/dorogimedence.hu\/index.php\/2018\/10\/21\/halalos-autobaleset-esztergomban-2\/","name":"Hal\u00e1los aut\u00f3baleset Esztergomban","isPartOf":{"@id":"https:\/\/dorogimedence.hu\/#website"},"primaryImageOfPage":{"@id":"https:\/\/dorogimedence.hu\/index.php\/2018\/10\/21\/halalos-autobaleset-esztergomban-2\/#primaryimage"},"image":{"@id":"https:\/\/dorogimedence.hu\/index.php\/2018\/10\/21\/halalos-autobaleset-esztergomban-2\/#primaryimage"},"thumbnailUrl":"https:\/\/dorogimedence.hu\/wp-content\/uploads\/2018\/10\/dobko-baleset.jpg","datePublished":"2018-10-21T11:02:56+00:00","dateModified":"2018-10-21T15:25:22+00:00","breadcrumb":{"@id":"https:\/\/dorogimedence.hu\/index.php\/2018\/10\/21\/halalos-autobaleset-esztergomban-2\/#breadcrumb"},"inLanguage":"hu","potentialAction":[{"@type":"ReadAction","target":["https:\/\/dorogimedence.hu\/index.php\/2018\/10\/21\/halalos-autobaleset-esztergomban-2\/"]}]},{"@type":"ImageObject","inLanguage":"hu","@id":"https:\/\/dorogimedence.hu\/index.php\/2018\/10\/21\/halalos-autobaleset-esztergomban-2\/#primaryimage","url":"https:\/\/dorogimedence.hu\/wp-content\/uploads\/2018\/10\/dobko-baleset.jpg","contentUrl":"https:\/\/dorogimedence.hu\/wp-content\/uploads\/2018\/10\/dobko-baleset.jpg","width":670,"height":365},{"@type":"BreadcrumbList","@id":"https:\/\/dorogimedence.hu\/index.php\/2018\/10\/21\/halalos-autobaleset-esztergomban-2\/#breadcrumb","itemListElement":[{"@type":"ListItem","position":1,"name":"Kezd\u0151lap","item":"https:\/\/dorogimedence.hu\/"},{"@type":"ListItem","position":2,"name":"Hal\u00e1los aut\u00f3baleset Esztergomban"}]},{"@type":"WebSite","@id":"https:\/\/dorogimedence.hu\/#website","url":"https:\/\/dorogimedence.hu\/","name":"Dorogi-medence Region\u00e1lis H\u00edrport\u00e1l","description":"Dorog, Keszt\u00f6lc, Le\u00e1nyv\u00e1r, Piliscs\u00e9v, Tokod, Tokodalt\u00e1r\u00f3, Csolnok, Esztergom-kertv\u00e1ros: h\u00edrek, programok","publisher":{"@id":"https:\/\/dorogimedence.hu\/#organization"},"potentialAction":[{"@type":"SearchAction","target":{"@type":"EntryPoint","urlTemplate":"https:\/\/dorogimedence.hu\/?s={search_term_string}"},"query-input":{"@type":"PropertyValueSpecification","valueRequired":true,"valueName":"search_term_string"}}],"inLanguage":"hu"},{"@type":"Organization","@id":"https:\/\/dorogimedence.hu\/#organization","name":"Dorogi-medence Region\u00e1lis H\u00edrport\u00e1l","url":"https:\/\/dorogimedence.hu\/","logo":{"@type":"ImageObject","inLanguage":"hu","@id":"https:\/\/dorogimedence.hu\/#\/schema\/logo\/image\/","url":"https:\/\/dorogimedence.hu\/wp-content\/uploads\/2021\/04\/logo-feher-600.png","contentUrl":"https:\/\/dorogimedence.hu\/wp-content\/uploads\/2021\/04\/logo-feher-600.png","width":600,"height":100,"caption":"Dorogi-medence Region\u00e1lis H\u00edrport\u00e1l"},"image":{"@id":"https:\/\/dorogimedence.hu\/#\/schema\/logo\/image\/"},"sameAs":["https:\/\/www.facebook.com\/dorogimedence\/"]},{"@type":"Person","@id":"https:\/\/dorogimedence.hu\/#\/schema\/person\/ce6091eeb7e95ecdc87890d6aa8e0fd4","name":"dorogimedence.hu","image":{"@type":"ImageObject","inLanguage":"hu","@id":"\/\/www.gravatar.com\/avatar\/d8d45f8901aadff40a4af72c0b826f1d?s=96&#038;r=g&#038;d=mm","url":"\/\/www.gravatar.com\/avatar\/d8d45f8901aadff40a4af72c0b826f1d?s=96&#038;r=g&#038;d=mm","contentUrl":"\/\/www.gravatar.com\/avatar\/d8d45f8901aadff40a4af72c0b826f1d?s=96&#038;r=g&#038;d=mm","caption":"dorogimedence.hu"}}]}},"_links":{"self":[{"href":"https:\/\/dorogimedence.hu\/index.php\/wp-json\/wp\/v2\/posts\/12892","targetHints":{"allow":["GET"]}}],"collection":[{"href":"https:\/\/dorogimedence.hu\/index.php\/wp-json\/wp\/v2\/posts"}],"about":[{"href":"https:\/\/dorogimedence.hu\/index.php\/wp-json\/wp\/v2\/types\/post"}],"author":[{"embeddable":true,"href":"https:\/\/dorogimedence.hu\/index.php\/wp-json\/wp\/v2\/users\/1"}],"replies":[{"embeddable":true,"href":"https:\/\/dorogimedence.hu\/index.php\/wp-json\/wp\/v2\/comments?post=12892"}],"version-history":[{"count":0,"href":"https:\/\/dorogimedence.hu\/index.php\/wp-json\/wp\/v2\/posts\/12892\/revisions"}],"wp:featuredmedia":[{"embeddable":true,"href":"https:\/\/dorogimedence.hu\/index.php\/wp-json\/wp\/v2\/media\/12897"}],"wp:attachment":[{"href":"https:\/\/dorogimedence.hu\/index.php\/wp-json\/wp\/v2\/media?parent=12892"}],"wp:term":[{"taxonomy":"category","embeddable":true,"href":"https:\/\/dorogimedence.hu\/index.php\/wp-json\/wp\/v2\/categories?post=12892"},{"taxonomy":"post_tag","embeddable":true,"href":"https:\/\/dorogimedence.hu\/index.php\/wp-json\/wp\/v2\/tags?post=12892"}],"curies":[{"name":"wp","href":"https:\/\/api.w.org\/{rel}","templated":true}]}}