{"id":12870,"date":"2018-10-19T07:05:17","date_gmt":"2018-10-19T05:05:17","guid":{"rendered":"http:\/\/dorogimedence.hu\/?p=12870"},"modified":"2018-10-19T07:05:17","modified_gmt":"2018-10-19T05:05:17","slug":"babolnai-es-esztergomi-kertek-az-orszag-legszebbjei-kozott","status":"publish","type":"post","link":"https:\/\/dorogimedence.hu\/index.php\/2018\/10\/19\/babolnai-es-esztergomi-kertek-az-orszag-legszebbjei-kozott\/","title":{"rendered":"B\u00e1bolnai \u00e9s esztergomi kertek az orsz\u00e1g legszebbjei k\u00f6z\u00f6tt!"},"content":{"rendered":"<p><strong>Megy\u00e9nk telep\u00fcl\u00e9sei is csatlakoztak \u201eA legszebb konyhakertek\u201d orsz\u00e1gos versenyhez, melynek okt\u00f3ber 15-ei, h\u00e9tf\u0151i d\u00edj\u00e1tad\u00f3j\u00e1n 3 telep\u00fcl\u00e9sr\u0151l 6-an vehettek \u00e1t elismer\u00e9st.<\/strong><\/p>\n<p>A Legtapasztaltabb kertm\u0171vel\u0151 k\u00fcl\u00f6nd\u00edj\u00e1t a <strong>b\u00e1bolnai \u00f6zv. So\u00f3s J\u00f3zsefn\u00e9<\/strong> \u00e9rdemelte ki, aki m\u00e9g 90 \u00e9vesen is akt\u00edv kertm\u0171vel\u0151. Mini kateg\u00f3ri\u00e1ban meger\u0151s\u00edt\u0151 d\u00edjat kapott az <strong>esztergomi Er\u0151s Mikl\u00f3s<\/strong>, k\u00f6z\u00f6ss\u00e9gi kateg\u00f3ri\u00e1ban pedig az <strong>Esztergomi B\u00e1nomi \u00d3voda<\/strong>.<\/p>\n<p>Gratul\u00e1lunk minden d\u00edjazottnak, \u00e9s k\u00edv\u00e1njuk, hogy min\u00e9l t\u00f6bben k\u00f6vess\u00e9k p\u00e9ld\u00e1jukat!<\/p>\n<p><img fetchpriority=\"high\" decoding=\"async\" class=\"alignnone size-full wp-image-12872\" src=\"https:\/\/dorogimedence.hu\/wp-content\/uploads\/2018\/10\/kertek-02.jpg\" alt=\"\" width=\"670\" height=\"221\" srcset=\"https:\/\/dorogimedence.hu\/wp-content\/uploads\/2018\/10\/kertek-02.jpg 670w, https:\/\/dorogimedence.hu\/wp-content\/uploads\/2018\/10\/kertek-02-300x99.jpg 300w\" sizes=\"(max-width: 670px) 100vw, 670px\" \/><\/p>\n<p><em>Fot\u00f3k, forr\u00e1s: Kom\u00e1rom-Esztergom Megyei \u00d6nkorm\u00e1nyzat<\/em><\/p>\n","protected":false},"excerpt":{"rendered":"<p>Megy\u00e9nk telep\u00fcl\u00e9sei is csatlakoztak \u201eA legszebb konyhakertek\u201d orsz\u00e1gos versenyhez, melynek okt\u00f3ber 15-ei, h\u00e9tf\u0151i d\u00edj\u00e1tad\u00f3j\u00e1n 3 telep\u00fcl\u00e9sr\u0151l 6-an vehettek \u00e1t elismer\u00e9st. A Legtapasztaltabb kertm\u0171vel\u0151 k\u00fcl\u00f6nd\u00edj\u00e1t a b\u00e1bolnai \u00f6zv. So\u00f3s J\u00f3zsefn\u00e9 \u00e9rdemelte ki, aki m\u00e9g 90 \u00e9vesen is akt\u00edv kertm\u0171vel\u0151. Mini kateg\u00f3ri\u00e1ban meger\u0151s\u00edt\u0151 d\u00edjat kapott az esztergomi Er\u0151s Mikl\u00f3s, k\u00f6z\u00f6ss\u00e9gi kateg\u00f3ri\u00e1ban pedig az Esztergomi B\u00e1nomi \u00d3voda. Gratul\u00e1lunk<\/p>\n","protected":false},"author":1,"featured_media":12871,"comment_status":"closed","ping_status":"closed","sticky":false,"template":"","format":"standard","meta":{"ngg_post_thumbnail":0,"footnotes":""},"categories":[38,3],"tags":[2018,42,3113,3115,3114],"class_list":{"0":"post-12870","1":"post","2":"type-post","3":"status-publish","4":"format-standard","5":"has-post-thumbnail","7":"category-esztergom","8":"category-hirek","9":"tag-babolna","10":"tag-esztergom","11":"tag-kert","12":"tag-kertek","13":"tag-legszebb-kertek"},"yoast_head":"<!-- This site is optimized with the Yoast SEO plugin v27.4 - https:\/\/yoast.com\/product\/yoast-seo-wordpress\/ -->\n<title>B\u00e1bolnai \u00e9s esztergomi kertek az orsz\u00e1g legszebbjei k\u00f6z\u00f6tt!<\/title>\n<meta name=\"robots\" content=\"index, follow, max-snippet:-1, max-image-preview:large, max-video-preview:-1\" \/>\n<link rel=\"canonical\" href=\"https:\/\/dorogimedence.hu\/index.php\/2018\/10\/19\/babolnai-es-esztergomi-kertek-az-orszag-legszebbjei-kozott\/\" class=\"yoast-seo-meta-tag\" \/>\n<meta property=\"og:locale\" content=\"hu_HU\" class=\"yoast-seo-meta-tag\" \/>\n<meta property=\"og:type\" content=\"article\" class=\"yoast-seo-meta-tag\" \/>\n<meta property=\"og:title\" content=\"B\u00e1bolnai \u00e9s esztergomi kertek az orsz\u00e1g legszebbjei k\u00f6z\u00f6tt!\" class=\"yoast-seo-meta-tag\" \/>\n<meta property=\"og:description\" content=\"Megy\u00e9nk telep\u00fcl\u00e9sei is csatlakoztak \u201eA legszebb konyhakertek\u201d orsz\u00e1gos versenyhez, melynek okt\u00f3ber 15-ei, h\u00e9tf\u0151i d\u00edj\u00e1tad\u00f3j\u00e1n 3 telep\u00fcl\u00e9sr\u0151l 6-an vehettek \u00e1t elismer\u00e9st. A Legtapasztaltabb kertm\u0171vel\u0151 k\u00fcl\u00f6nd\u00edj\u00e1t a b\u00e1bolnai \u00f6zv. So\u00f3s J\u00f3zsefn\u00e9 \u00e9rdemelte ki, aki m\u00e9g 90 \u00e9vesen is akt\u00edv kertm\u0171vel\u0151. Mini kateg\u00f3ri\u00e1ban meger\u0151s\u00edt\u0151 d\u00edjat kapott az esztergomi Er\u0151s Mikl\u00f3s, k\u00f6z\u00f6ss\u00e9gi kateg\u00f3ri\u00e1ban pedig az Esztergomi B\u00e1nomi \u00d3voda. Gratul\u00e1lunk\" class=\"yoast-seo-meta-tag\" \/>\n<meta property=\"og:url\" content=\"https:\/\/dorogimedence.hu\/index.php\/2018\/10\/19\/babolnai-es-esztergomi-kertek-az-orszag-legszebbjei-kozott\/\" class=\"yoast-seo-meta-tag\" \/>\n<meta property=\"og:site_name\" content=\"Dorogi-medence Region\u00e1lis H\u00edrport\u00e1l\" class=\"yoast-seo-meta-tag\" \/>\n<meta property=\"article:publisher\" content=\"https:\/\/www.facebook.com\/dorogimedence\/\" class=\"yoast-seo-meta-tag\" \/>\n<meta property=\"article:published_time\" content=\"2018-10-19T05:05:17+00:00\" class=\"yoast-seo-meta-tag\" \/>\n<meta property=\"og:image\" content=\"https:\/\/i0.wp.com\/dorogimedence.hu\/wp-content\/uploads\/2018\/10\/kertek-01.jpg?fit=670%2C365&ssl=1\" class=\"yoast-seo-meta-tag\" \/>\n\t<meta property=\"og:image:width\" content=\"670\" class=\"yoast-seo-meta-tag\" \/>\n\t<meta property=\"og:image:height\" content=\"365\" class=\"yoast-seo-meta-tag\" \/>\n\t<meta property=\"og:image:type\" content=\"image\/jpeg\" class=\"yoast-seo-meta-tag\" \/>\n<meta name=\"author\" content=\"dorogimedence.hu\" class=\"yoast-seo-meta-tag\" \/>\n<meta name=\"twitter:card\" content=\"summary_large_image\" class=\"yoast-seo-meta-tag\" \/>\n<meta name=\"twitter:label1\" content=\"Szerz\u0151:\" class=\"yoast-seo-meta-tag\" \/>\n\t<meta name=\"twitter:data1\" content=\"dorogimedence.hu\" class=\"yoast-seo-meta-tag\" \/>\n\t<meta name=\"twitter:label2\" content=\"Becs\u00fclt olvas\u00e1si id\u0151\" class=\"yoast-seo-meta-tag\" \/>\n\t<meta name=\"twitter:data2\" content=\"1 perc\" class=\"yoast-seo-meta-tag\" \/>\n<script type=\"application\/ld+json\" class=\"yoast-schema-graph\">{\"@context\":\"https:\\\/\\\/schema.org\",\"@graph\":[{\"@type\":\"Article\",\"@id\":\"https:\\\/\\\/dorogimedence.hu\\\/index.php\\\/2018\\\/10\\\/19\\\/babolnai-es-esztergomi-kertek-az-orszag-legszebbjei-kozott\\\/#article\",\"isPartOf\":{\"@id\":\"https:\\\/\\\/dorogimedence.hu\\\/index.php\\\/2018\\\/10\\\/19\\\/babolnai-es-esztergomi-kertek-az-orszag-legszebbjei-kozott\\\/\"},\"author\":{\"name\":\"dorogimedence.hu\",\"@id\":\"https:\\\/\\\/dorogimedence.hu\\\/#\\\/schema\\\/person\\\/ce6091eeb7e95ecdc87890d6aa8e0fd4\"},\"headline\":\"B\u00e1bolnai \u00e9s esztergomi kertek az orsz\u00e1g legszebbjei k\u00f6z\u00f6tt!\",\"datePublished\":\"2018-10-19T05:05:17+00:00\",\"mainEntityOfPage\":{\"@id\":\"https:\\\/\\\/dorogimedence.hu\\\/index.php\\\/2018\\\/10\\\/19\\\/babolnai-es-esztergomi-kertek-az-orszag-legszebbjei-kozott\\\/\"},\"wordCount\":132,\"publisher\":{\"@id\":\"https:\\\/\\\/dorogimedence.hu\\\/#organization\"},\"image\":{\"@id\":\"https:\\\/\\\/dorogimedence.hu\\\/index.php\\\/2018\\\/10\\\/19\\\/babolnai-es-esztergomi-kertek-az-orszag-legszebbjei-kozott\\\/#primaryimage\"},\"thumbnailUrl\":\"https:\\\/\\\/dorogimedence.hu\\\/wp-content\\\/uploads\\\/2018\\\/10\\\/kertek-01.jpg\",\"keywords\":[\"B\u00e1bolna\",\"esztergom\",\"kert\",\"kertek\",\"legszebb kertek\"],\"articleSection\":[\"Esztergom\",\"H\u00edrek\"],\"inLanguage\":\"hu\"},{\"@type\":\"WebPage\",\"@id\":\"https:\\\/\\\/dorogimedence.hu\\\/index.php\\\/2018\\\/10\\\/19\\\/babolnai-es-esztergomi-kertek-az-orszag-legszebbjei-kozott\\\/\",\"url\":\"https:\\\/\\\/dorogimedence.hu\\\/index.php\\\/2018\\\/10\\\/19\\\/babolnai-es-esztergomi-kertek-az-orszag-legszebbjei-kozott\\\/\",\"name\":\"B\u00e1bolnai \u00e9s esztergomi kertek az orsz\u00e1g legszebbjei k\u00f6z\u00f6tt!\",\"isPartOf\":{\"@id\":\"https:\\\/\\\/dorogimedence.hu\\\/#website\"},\"primaryImageOfPage\":{\"@id\":\"https:\\\/\\\/dorogimedence.hu\\\/index.php\\\/2018\\\/10\\\/19\\\/babolnai-es-esztergomi-kertek-az-orszag-legszebbjei-kozott\\\/#primaryimage\"},\"image\":{\"@id\":\"https:\\\/\\\/dorogimedence.hu\\\/index.php\\\/2018\\\/10\\\/19\\\/babolnai-es-esztergomi-kertek-az-orszag-legszebbjei-kozott\\\/#primaryimage\"},\"thumbnailUrl\":\"https:\\\/\\\/dorogimedence.hu\\\/wp-content\\\/uploads\\\/2018\\\/10\\\/kertek-01.jpg\",\"datePublished\":\"2018-10-19T05:05:17+00:00\",\"breadcrumb\":{\"@id\":\"https:\\\/\\\/dorogimedence.hu\\\/index.php\\\/2018\\\/10\\\/19\\\/babolnai-es-esztergomi-kertek-az-orszag-legszebbjei-kozott\\\/#breadcrumb\"},\"inLanguage\":\"hu\",\"potentialAction\":[{\"@type\":\"ReadAction\",\"target\":[\"https:\\\/\\\/dorogimedence.hu\\\/index.php\\\/2018\\\/10\\\/19\\\/babolnai-es-esztergomi-kertek-az-orszag-legszebbjei-kozott\\\/\"]}]},{\"@type\":\"ImageObject\",\"inLanguage\":\"hu\",\"@id\":\"https:\\\/\\\/dorogimedence.hu\\\/index.php\\\/2018\\\/10\\\/19\\\/babolnai-es-esztergomi-kertek-az-orszag-legszebbjei-kozott\\\/#primaryimage\",\"url\":\"https:\\\/\\\/dorogimedence.hu\\\/wp-content\\\/uploads\\\/2018\\\/10\\\/kertek-01.jpg\",\"contentUrl\":\"https:\\\/\\\/dorogimedence.hu\\\/wp-content\\\/uploads\\\/2018\\\/10\\\/kertek-01.jpg\",\"width\":670,\"height\":365},{\"@type\":\"BreadcrumbList\",\"@id\":\"https:\\\/\\\/dorogimedence.hu\\\/index.php\\\/2018\\\/10\\\/19\\\/babolnai-es-esztergomi-kertek-az-orszag-legszebbjei-kozott\\\/#breadcrumb\",\"itemListElement\":[{\"@type\":\"ListItem\",\"position\":1,\"name\":\"Kezd\u0151lap\",\"item\":\"https:\\\/\\\/dorogimedence.hu\\\/\"},{\"@type\":\"ListItem\",\"position\":2,\"name\":\"B\u00e1bolnai \u00e9s esztergomi kertek az orsz\u00e1g legszebbjei k\u00f6z\u00f6tt!\"}]},{\"@type\":\"WebSite\",\"@id\":\"https:\\\/\\\/dorogimedence.hu\\\/#website\",\"url\":\"https:\\\/\\\/dorogimedence.hu\\\/\",\"name\":\"Dorogi-medence Region\u00e1lis H\u00edrport\u00e1l\",\"description\":\"Dorog, Keszt\u00f6lc, Le\u00e1nyv\u00e1r, Piliscs\u00e9v, Tokod, Tokodalt\u00e1r\u00f3, Csolnok, Esztergom-kertv\u00e1ros: h\u00edrek, programok\",\"publisher\":{\"@id\":\"https:\\\/\\\/dorogimedence.hu\\\/#organization\"},\"potentialAction\":[{\"@type\":\"SearchAction\",\"target\":{\"@type\":\"EntryPoint\",\"urlTemplate\":\"https:\\\/\\\/dorogimedence.hu\\\/?s={search_term_string}\"},\"query-input\":{\"@type\":\"PropertyValueSpecification\",\"valueRequired\":true,\"valueName\":\"search_term_string\"}}],\"inLanguage\":\"hu\"},{\"@type\":\"Organization\",\"@id\":\"https:\\\/\\\/dorogimedence.hu\\\/#organization\",\"name\":\"Dorogi-medence Region\u00e1lis H\u00edrport\u00e1l\",\"url\":\"https:\\\/\\\/dorogimedence.hu\\\/\",\"logo\":{\"@type\":\"ImageObject\",\"inLanguage\":\"hu\",\"@id\":\"https:\\\/\\\/dorogimedence.hu\\\/#\\\/schema\\\/logo\\\/image\\\/\",\"url\":\"https:\\\/\\\/dorogimedence.hu\\\/wp-content\\\/uploads\\\/2021\\\/04\\\/logo-feher-600.png\",\"contentUrl\":\"https:\\\/\\\/dorogimedence.hu\\\/wp-content\\\/uploads\\\/2021\\\/04\\\/logo-feher-600.png\",\"width\":600,\"height\":100,\"caption\":\"Dorogi-medence Region\u00e1lis H\u00edrport\u00e1l\"},\"image\":{\"@id\":\"https:\\\/\\\/dorogimedence.hu\\\/#\\\/schema\\\/logo\\\/image\\\/\"},\"sameAs\":[\"https:\\\/\\\/www.facebook.com\\\/dorogimedence\\\/\"]},{\"@type\":\"Person\",\"@id\":\"https:\\\/\\\/dorogimedence.hu\\\/#\\\/schema\\\/person\\\/ce6091eeb7e95ecdc87890d6aa8e0fd4\",\"name\":\"dorogimedence.hu\",\"image\":{\"@type\":\"ImageObject\",\"inLanguage\":\"hu\",\"@id\":\"\\\/\\\/www.gravatar.com\\\/avatar\\\/d8d45f8901aadff40a4af72c0b826f1d?s=96&#038;r=g&#038;d=mm\",\"url\":\"\\\/\\\/www.gravatar.com\\\/avatar\\\/d8d45f8901aadff40a4af72c0b826f1d?s=96&#038;r=g&#038;d=mm\",\"contentUrl\":\"\\\/\\\/www.gravatar.com\\\/avatar\\\/d8d45f8901aadff40a4af72c0b826f1d?s=96&#038;r=g&#038;d=mm\",\"caption\":\"dorogimedence.hu\"}}]}<\/script>\n<!-- \/ Yoast SEO plugin. -->","yoast_head_json":{"title":"B\u00e1bolnai \u00e9s esztergomi kertek az orsz\u00e1g legszebbjei k\u00f6z\u00f6tt!","robots":{"index":"index","follow":"follow","max-snippet":"max-snippet:-1","max-image-preview":"max-image-preview:large","max-video-preview":"max-video-preview:-1"},"canonical":"https:\/\/dorogimedence.hu\/index.php\/2018\/10\/19\/babolnai-es-esztergomi-kertek-az-orszag-legszebbjei-kozott\/","og_locale":"hu_HU","og_type":"article","og_title":"B\u00e1bolnai \u00e9s esztergomi kertek az orsz\u00e1g legszebbjei k\u00f6z\u00f6tt!","og_description":"Megy\u00e9nk telep\u00fcl\u00e9sei is csatlakoztak \u201eA legszebb konyhakertek\u201d orsz\u00e1gos versenyhez, melynek okt\u00f3ber 15-ei, h\u00e9tf\u0151i d\u00edj\u00e1tad\u00f3j\u00e1n 3 telep\u00fcl\u00e9sr\u0151l 6-an vehettek \u00e1t elismer\u00e9st. A Legtapasztaltabb kertm\u0171vel\u0151 k\u00fcl\u00f6nd\u00edj\u00e1t a b\u00e1bolnai \u00f6zv. So\u00f3s J\u00f3zsefn\u00e9 \u00e9rdemelte ki, aki m\u00e9g 90 \u00e9vesen is akt\u00edv kertm\u0171vel\u0151. Mini kateg\u00f3ri\u00e1ban meger\u0151s\u00edt\u0151 d\u00edjat kapott az esztergomi Er\u0151s Mikl\u00f3s, k\u00f6z\u00f6ss\u00e9gi kateg\u00f3ri\u00e1ban pedig az Esztergomi B\u00e1nomi \u00d3voda. Gratul\u00e1lunk","og_url":"https:\/\/dorogimedence.hu\/index.php\/2018\/10\/19\/babolnai-es-esztergomi-kertek-az-orszag-legszebbjei-kozott\/","og_site_name":"Dorogi-medence Region\u00e1lis H\u00edrport\u00e1l","article_publisher":"https:\/\/www.facebook.com\/dorogimedence\/","article_published_time":"2018-10-19T05:05:17+00:00","og_image":[{"width":670,"height":365,"url":"https:\/\/i0.wp.com\/dorogimedence.hu\/wp-content\/uploads\/2018\/10\/kertek-01.jpg?fit=670%2C365&ssl=1","type":"image\/jpeg"}],"author":"dorogimedence.hu","twitter_card":"summary_large_image","twitter_misc":{"Szerz\u0151:":"dorogimedence.hu","Becs\u00fclt olvas\u00e1si id\u0151":"1 perc"},"schema":{"@context":"https:\/\/schema.org","@graph":[{"@type":"Article","@id":"https:\/\/dorogimedence.hu\/index.php\/2018\/10\/19\/babolnai-es-esztergomi-kertek-az-orszag-legszebbjei-kozott\/#article","isPartOf":{"@id":"https:\/\/dorogimedence.hu\/index.php\/2018\/10\/19\/babolnai-es-esztergomi-kertek-az-orszag-legszebbjei-kozott\/"},"author":{"name":"dorogimedence.hu","@id":"https:\/\/dorogimedence.hu\/#\/schema\/person\/ce6091eeb7e95ecdc87890d6aa8e0fd4"},"headline":"B\u00e1bolnai \u00e9s esztergomi kertek az orsz\u00e1g legszebbjei k\u00f6z\u00f6tt!","datePublished":"2018-10-19T05:05:17+00:00","mainEntityOfPage":{"@id":"https:\/\/dorogimedence.hu\/index.php\/2018\/10\/19\/babolnai-es-esztergomi-kertek-az-orszag-legszebbjei-kozott\/"},"wordCount":132,"publisher":{"@id":"https:\/\/dorogimedence.hu\/#organization"},"image":{"@id":"https:\/\/dorogimedence.hu\/index.php\/2018\/10\/19\/babolnai-es-esztergomi-kertek-az-orszag-legszebbjei-kozott\/#primaryimage"},"thumbnailUrl":"https:\/\/dorogimedence.hu\/wp-content\/uploads\/2018\/10\/kertek-01.jpg","keywords":["B\u00e1bolna","esztergom","kert","kertek","legszebb kertek"],"articleSection":["Esztergom","H\u00edrek"],"inLanguage":"hu"},{"@type":"WebPage","@id":"https:\/\/dorogimedence.hu\/index.php\/2018\/10\/19\/babolnai-es-esztergomi-kertek-az-orszag-legszebbjei-kozott\/","url":"https:\/\/dorogimedence.hu\/index.php\/2018\/10\/19\/babolnai-es-esztergomi-kertek-az-orszag-legszebbjei-kozott\/","name":"B\u00e1bolnai \u00e9s esztergomi kertek az orsz\u00e1g legszebbjei k\u00f6z\u00f6tt!","isPartOf":{"@id":"https:\/\/dorogimedence.hu\/#website"},"primaryImageOfPage":{"@id":"https:\/\/dorogimedence.hu\/index.php\/2018\/10\/19\/babolnai-es-esztergomi-kertek-az-orszag-legszebbjei-kozott\/#primaryimage"},"image":{"@id":"https:\/\/dorogimedence.hu\/index.php\/2018\/10\/19\/babolnai-es-esztergomi-kertek-az-orszag-legszebbjei-kozott\/#primaryimage"},"thumbnailUrl":"https:\/\/dorogimedence.hu\/wp-content\/uploads\/2018\/10\/kertek-01.jpg","datePublished":"2018-10-19T05:05:17+00:00","breadcrumb":{"@id":"https:\/\/dorogimedence.hu\/index.php\/2018\/10\/19\/babolnai-es-esztergomi-kertek-az-orszag-legszebbjei-kozott\/#breadcrumb"},"inLanguage":"hu","potentialAction":[{"@type":"ReadAction","target":["https:\/\/dorogimedence.hu\/index.php\/2018\/10\/19\/babolnai-es-esztergomi-kertek-az-orszag-legszebbjei-kozott\/"]}]},{"@type":"ImageObject","inLanguage":"hu","@id":"https:\/\/dorogimedence.hu\/index.php\/2018\/10\/19\/babolnai-es-esztergomi-kertek-az-orszag-legszebbjei-kozott\/#primaryimage","url":"https:\/\/dorogimedence.hu\/wp-content\/uploads\/2018\/10\/kertek-01.jpg","contentUrl":"https:\/\/dorogimedence.hu\/wp-content\/uploads\/2018\/10\/kertek-01.jpg","width":670,"height":365},{"@type":"BreadcrumbList","@id":"https:\/\/dorogimedence.hu\/index.php\/2018\/10\/19\/babolnai-es-esztergomi-kertek-az-orszag-legszebbjei-kozott\/#breadcrumb","itemListElement":[{"@type":"ListItem","position":1,"name":"Kezd\u0151lap","item":"https:\/\/dorogimedence.hu\/"},{"@type":"ListItem","position":2,"name":"B\u00e1bolnai \u00e9s esztergomi kertek az orsz\u00e1g legszebbjei k\u00f6z\u00f6tt!"}]},{"@type":"WebSite","@id":"https:\/\/dorogimedence.hu\/#website","url":"https:\/\/dorogimedence.hu\/","name":"Dorogi-medence Region\u00e1lis H\u00edrport\u00e1l","description":"Dorog, Keszt\u00f6lc, Le\u00e1nyv\u00e1r, Piliscs\u00e9v, Tokod, Tokodalt\u00e1r\u00f3, Csolnok, Esztergom-kertv\u00e1ros: h\u00edrek, programok","publisher":{"@id":"https:\/\/dorogimedence.hu\/#organization"},"potentialAction":[{"@type":"SearchAction","target":{"@type":"EntryPoint","urlTemplate":"https:\/\/dorogimedence.hu\/?s={search_term_string}"},"query-input":{"@type":"PropertyValueSpecification","valueRequired":true,"valueName":"search_term_string"}}],"inLanguage":"hu"},{"@type":"Organization","@id":"https:\/\/dorogimedence.hu\/#organization","name":"Dorogi-medence Region\u00e1lis H\u00edrport\u00e1l","url":"https:\/\/dorogimedence.hu\/","logo":{"@type":"ImageObject","inLanguage":"hu","@id":"https:\/\/dorogimedence.hu\/#\/schema\/logo\/image\/","url":"https:\/\/dorogimedence.hu\/wp-content\/uploads\/2021\/04\/logo-feher-600.png","contentUrl":"https:\/\/dorogimedence.hu\/wp-content\/uploads\/2021\/04\/logo-feher-600.png","width":600,"height":100,"caption":"Dorogi-medence Region\u00e1lis H\u00edrport\u00e1l"},"image":{"@id":"https:\/\/dorogimedence.hu\/#\/schema\/logo\/image\/"},"sameAs":["https:\/\/www.facebook.com\/dorogimedence\/"]},{"@type":"Person","@id":"https:\/\/dorogimedence.hu\/#\/schema\/person\/ce6091eeb7e95ecdc87890d6aa8e0fd4","name":"dorogimedence.hu","image":{"@type":"ImageObject","inLanguage":"hu","@id":"\/\/www.gravatar.com\/avatar\/d8d45f8901aadff40a4af72c0b826f1d?s=96&#038;r=g&#038;d=mm","url":"\/\/www.gravatar.com\/avatar\/d8d45f8901aadff40a4af72c0b826f1d?s=96&#038;r=g&#038;d=mm","contentUrl":"\/\/www.gravatar.com\/avatar\/d8d45f8901aadff40a4af72c0b826f1d?s=96&#038;r=g&#038;d=mm","caption":"dorogimedence.hu"}}]}},"_links":{"self":[{"href":"https:\/\/dorogimedence.hu\/index.php\/wp-json\/wp\/v2\/posts\/12870","targetHints":{"allow":["GET"]}}],"collection":[{"href":"https:\/\/dorogimedence.hu\/index.php\/wp-json\/wp\/v2\/posts"}],"about":[{"href":"https:\/\/dorogimedence.hu\/index.php\/wp-json\/wp\/v2\/types\/post"}],"author":[{"embeddable":true,"href":"https:\/\/dorogimedence.hu\/index.php\/wp-json\/wp\/v2\/users\/1"}],"replies":[{"embeddable":true,"href":"https:\/\/dorogimedence.hu\/index.php\/wp-json\/wp\/v2\/comments?post=12870"}],"version-history":[{"count":0,"href":"https:\/\/dorogimedence.hu\/index.php\/wp-json\/wp\/v2\/posts\/12870\/revisions"}],"wp:featuredmedia":[{"embeddable":true,"href":"https:\/\/dorogimedence.hu\/index.php\/wp-json\/wp\/v2\/media\/12871"}],"wp:attachment":[{"href":"https:\/\/dorogimedence.hu\/index.php\/wp-json\/wp\/v2\/media?parent=12870"}],"wp:term":[{"taxonomy":"category","embeddable":true,"href":"https:\/\/dorogimedence.hu\/index.php\/wp-json\/wp\/v2\/categories?post=12870"},{"taxonomy":"post_tag","embeddable":true,"href":"https:\/\/dorogimedence.hu\/index.php\/wp-json\/wp\/v2\/tags?post=12870"}],"curies":[{"name":"wp","href":"https:\/\/api.w.org\/{rel}","templated":true}]}}