{"id":12731,"date":"2018-10-12T07:00:54","date_gmt":"2018-10-12T05:00:54","guid":{"rendered":"http:\/\/dorogimedence.hu\/?p=12731"},"modified":"2018-10-12T07:00:54","modified_gmt":"2018-10-12T05:00:54","slug":"a-dorogi-futokor-is-kepviselte-magat-a-budapest-maratonon","status":"publish","type":"post","link":"https:\/\/dorogimedence.hu\/index.php\/2018\/10\/12\/a-dorogi-futokor-is-kepviselte-magat-a-budapest-maratonon\/","title":{"rendered":"A Dorogi Fut\u00f3k\u00f6r is k\u00e9pviselte mag\u00e1t a Budapest Maratonon"},"content":{"rendered":"<p><strong>Okt\u00f3ber 6-7-\u00e9n rendezt\u00e9k meg a 33. Spar Budapest Maraton Fesztiv\u00e1lt, melyen a Dorogi Fut\u00f3k\u00f6r tagjai is r\u00e9szt vettek.<\/strong><\/p>\n<p>Az esem\u00e9nyre \u00f6sszesen 33 ezer ember nevezett, 11 fajta versenysz\u00e1mban, ami rekordnak is sz\u00e1m\u00edt.<\/p>\n<p>A dorogiak k\u00f6z\u00fcl volt aki r\u00f6videbb, volt aki a hosszabb t\u00e1vot v\u00e1lasztott, de ind\u00edtottak egy maraton v\u00e1lt\u00f3 csapatot is \u00e9s sajnos olyanok is akadtak, akik s\u00e9r\u00fcl\u00e9s miatt nem tudtak elindulni, \u0151k viszont buzd\u00edtott\u00e1k a t\u00f6bbieket a helysz\u00ednen.<\/p>\n<div class=\"text_exposed_show\">\n<p>A kit\u0171z\u00f6tt c\u00e9lokat v\u00e9g\u00fcl sikeresen teljes\u00edtette mindenki, \u00edgy el\u00e9gedetten viselhett\u00e9k a sportol\u00f3k a teljes\u00edt\u00e9s\u00e9rt kapott befut\u00f3\u00e9rm\u00e9t.<\/p>\n<p><img fetchpriority=\"high\" decoding=\"async\" class=\"alignnone size-full wp-image-12733\" src=\"https:\/\/dorogimedence.hu\/wp-content\/uploads\/2018\/10\/spar-maraton-02.jpg\" alt=\"\" width=\"670\" height=\"365\" srcset=\"https:\/\/dorogimedence.hu\/wp-content\/uploads\/2018\/10\/spar-maraton-02.jpg 670w, https:\/\/dorogimedence.hu\/wp-content\/uploads\/2018\/10\/spar-maraton-02-300x163.jpg 300w\" sizes=\"(max-width: 670px) 100vw, 670px\" \/><\/p>\n<p>A szombati napon rendezt\u00e9k meg a r\u00f6videbb t\u00e1vokat, itt a Landliebe 10 km-es versenyen n\u00e9gyen k\u00e9pviselt\u00e9k a dorogi egyes\u00fcletet. A felt\u00f6rekv\u0151 gener\u00e1ci\u00f3 sem maradhatott ki, \u00edgy Kottesz Gabriella \u00e9s kisl\u00e1nya D\u00e9kay N\u00f3ri a Erste Maratonka 2,5 km-es t\u00e1vj\u00e1t teljes\u00edtette meg\u00e1ll\u00e1s n\u00e9lk\u00fcl.<\/p>\n<p><strong><em>Landliebe 10 km eredm\u00e9nyek:<\/em><br \/>\n<\/strong>Ber\u00e9nyin\u00e9 L\u0151rincz Anik\u00f3 59:51<br \/>\nKottesz Gabriella 1:15:28<br \/>\nP\u00e1sztor Zsuzsanna 54:54<br \/>\nSzolik Zolt\u00e1n 1:15:31<\/p>\n<p>A vas\u00e1rnapi nap m\u00e1r a hossz\u00fa t\u00e1vok\u00e9 volt. Ezen a napon indultak a 30km-es \u00e9s a maratoni t\u00e1vok.<\/p>\n<p><strong><em>Real Nature 30 km eredm\u00e9nyek:<\/em><br \/>\n<\/strong>Bihari Csilla 3:23:36<br \/>\nLudvig Elvira 3:23:57<\/p>\n<p><img decoding=\"async\" class=\"alignnone size-full wp-image-12734\" src=\"https:\/\/dorogimedence.hu\/wp-content\/uploads\/2018\/10\/spar-maraton-03.jpg\" alt=\"\" width=\"670\" height=\"365\" srcset=\"https:\/\/dorogimedence.hu\/wp-content\/uploads\/2018\/10\/spar-maraton-03.jpg 670w, https:\/\/dorogimedence.hu\/wp-content\/uploads\/2018\/10\/spar-maraton-03-300x163.jpg 300w\" sizes=\"(max-width: 670px) 100vw, 670px\" \/><\/p>\n<p>A Tolle UHT Maratonstaf\u00e9ta 4 f\u0151s v\u00e1lt\u00f3b\u00f3l \u00e1llt \u00f6ssze, A dorogi klub Sarpi-Dorog Fut\u00f3fesztiv\u00e1l n\u00e9ven indult el. A csapat tagjai: Farkas Bernadett, Preszlikn\u00e9 M\u00e1trav\u00f6lgyi \u00c1gnes, Patk\u00f3n\u00e9 Magdi \u00e9s T\u00f3th L\u00e1szl\u00f3. Eredm\u00e9ny\u00fck: 4:20:23.<\/p>\n<p><strong><em>Spar Maraton 42km eredm\u00e9nyek:<\/em><br \/>\n<\/strong>Berky Attila 4:24:27<br \/>\nSzegv\u00e1ri J\u00f3zsef 4:24:37<br \/>\nSzab\u00f3 Attila 4:27:11<br \/>\nT\u00f6reki Rich\u00e1rd 5:33:50<\/p>\n<p>Gratul\u00e1lunk a sportol\u00f3knak!<\/p>\n<p><em>Fot\u00f3k: dorogisport.hu<\/em><\/p>\n<\/div>\n","protected":false},"excerpt":{"rendered":"<p>Okt\u00f3ber 6-7-\u00e9n rendezt\u00e9k meg a 33. Spar Budapest Maraton Fesztiv\u00e1lt, melyen a Dorogi Fut\u00f3k\u00f6r tagjai is r\u00e9szt vettek. Az esem\u00e9nyre \u00f6sszesen 33 ezer ember nevezett, 11 fajta versenysz\u00e1mban, ami rekordnak is sz\u00e1m\u00edt. A dorogiak k\u00f6z\u00fcl volt aki r\u00f6videbb, volt aki a hosszabb t\u00e1vot v\u00e1lasztott, de ind\u00edtottak egy maraton v\u00e1lt\u00f3 csapatot is \u00e9s sajnos olyanok is<\/p>\n","protected":false},"author":1,"featured_media":12732,"comment_status":"closed","ping_status":"closed","sticky":false,"template":"","format":"standard","meta":{"ngg_post_thumbnail":0,"footnotes":""},"categories":[2,3,5],"tags":[15,749,85,287,2270,1562,16],"class_list":{"0":"post-12731","1":"post","2":"type-post","3":"status-publish","4":"format-standard","5":"has-post-thumbnail","7":"category-dorog","8":"category-hirek","9":"category-sport","10":"tag-dorog","11":"tag-dorogi-futokor","12":"tag-dorogi-sport","13":"tag-futas","14":"tag-futoverseny","15":"tag-maraton","16":"tag-sport"},"yoast_head":"<!-- This site is optimized with the Yoast SEO plugin v27.4 - https:\/\/yoast.com\/product\/yoast-seo-wordpress\/ -->\n<title>A Dorogi Fut\u00f3k\u00f6r is k\u00e9pviselte mag\u00e1t a Budapest Maratonon<\/title>\n<meta name=\"robots\" content=\"index, follow, max-snippet:-1, max-image-preview:large, max-video-preview:-1\" \/>\n<link rel=\"canonical\" href=\"https:\/\/dorogimedence.hu\/index.php\/2018\/10\/12\/a-dorogi-futokor-is-kepviselte-magat-a-budapest-maratonon\/\" class=\"yoast-seo-meta-tag\" \/>\n<meta property=\"og:locale\" content=\"hu_HU\" class=\"yoast-seo-meta-tag\" \/>\n<meta property=\"og:type\" content=\"article\" class=\"yoast-seo-meta-tag\" \/>\n<meta property=\"og:title\" content=\"A Dorogi Fut\u00f3k\u00f6r is k\u00e9pviselte mag\u00e1t a Budapest Maratonon\" class=\"yoast-seo-meta-tag\" \/>\n<meta property=\"og:description\" content=\"Okt\u00f3ber 6-7-\u00e9n rendezt\u00e9k meg a 33. Spar Budapest Maraton Fesztiv\u00e1lt, melyen a Dorogi Fut\u00f3k\u00f6r tagjai is r\u00e9szt vettek. Az esem\u00e9nyre \u00f6sszesen 33 ezer ember nevezett, 11 fajta versenysz\u00e1mban, ami rekordnak is sz\u00e1m\u00edt. A dorogiak k\u00f6z\u00fcl volt aki r\u00f6videbb, volt aki a hosszabb t\u00e1vot v\u00e1lasztott, de ind\u00edtottak egy maraton v\u00e1lt\u00f3 csapatot is \u00e9s sajnos olyanok is\" class=\"yoast-seo-meta-tag\" \/>\n<meta property=\"og:url\" content=\"https:\/\/dorogimedence.hu\/index.php\/2018\/10\/12\/a-dorogi-futokor-is-kepviselte-magat-a-budapest-maratonon\/\" class=\"yoast-seo-meta-tag\" \/>\n<meta property=\"og:site_name\" content=\"Dorogi-medence Region\u00e1lis H\u00edrport\u00e1l\" class=\"yoast-seo-meta-tag\" \/>\n<meta property=\"article:publisher\" content=\"https:\/\/www.facebook.com\/dorogimedence\/\" class=\"yoast-seo-meta-tag\" \/>\n<meta property=\"article:published_time\" content=\"2018-10-12T05:00:54+00:00\" class=\"yoast-seo-meta-tag\" \/>\n<meta property=\"og:image\" content=\"https:\/\/i0.wp.com\/dorogimedence.hu\/wp-content\/uploads\/2018\/10\/spar-maraton-01.jpg?fit=670%2C365&ssl=1\" class=\"yoast-seo-meta-tag\" \/>\n\t<meta property=\"og:image:width\" content=\"670\" class=\"yoast-seo-meta-tag\" \/>\n\t<meta property=\"og:image:height\" content=\"365\" class=\"yoast-seo-meta-tag\" \/>\n\t<meta property=\"og:image:type\" content=\"image\/jpeg\" class=\"yoast-seo-meta-tag\" \/>\n<meta name=\"author\" content=\"dorogimedence.hu\" class=\"yoast-seo-meta-tag\" \/>\n<meta name=\"twitter:card\" content=\"summary_large_image\" class=\"yoast-seo-meta-tag\" \/>\n<meta name=\"twitter:label1\" content=\"Szerz\u0151:\" class=\"yoast-seo-meta-tag\" \/>\n\t<meta name=\"twitter:data1\" content=\"dorogimedence.hu\" class=\"yoast-seo-meta-tag\" \/>\n\t<meta name=\"twitter:label2\" content=\"Becs\u00fclt olvas\u00e1si id\u0151\" class=\"yoast-seo-meta-tag\" \/>\n\t<meta name=\"twitter:data2\" content=\"1 perc\" class=\"yoast-seo-meta-tag\" \/>\n<script type=\"application\/ld+json\" class=\"yoast-schema-graph\">{\"@context\":\"https:\\\/\\\/schema.org\",\"@graph\":[{\"@type\":\"Article\",\"@id\":\"https:\\\/\\\/dorogimedence.hu\\\/index.php\\\/2018\\\/10\\\/12\\\/a-dorogi-futokor-is-kepviselte-magat-a-budapest-maratonon\\\/#article\",\"isPartOf\":{\"@id\":\"https:\\\/\\\/dorogimedence.hu\\\/index.php\\\/2018\\\/10\\\/12\\\/a-dorogi-futokor-is-kepviselte-magat-a-budapest-maratonon\\\/\"},\"author\":{\"name\":\"dorogimedence.hu\",\"@id\":\"https:\\\/\\\/dorogimedence.hu\\\/#\\\/schema\\\/person\\\/ce6091eeb7e95ecdc87890d6aa8e0fd4\"},\"headline\":\"A Dorogi Fut\u00f3k\u00f6r is k\u00e9pviselte mag\u00e1t a Budapest Maratonon\",\"datePublished\":\"2018-10-12T05:00:54+00:00\",\"mainEntityOfPage\":{\"@id\":\"https:\\\/\\\/dorogimedence.hu\\\/index.php\\\/2018\\\/10\\\/12\\\/a-dorogi-futokor-is-kepviselte-magat-a-budapest-maratonon\\\/\"},\"wordCount\":312,\"publisher\":{\"@id\":\"https:\\\/\\\/dorogimedence.hu\\\/#organization\"},\"image\":{\"@id\":\"https:\\\/\\\/dorogimedence.hu\\\/index.php\\\/2018\\\/10\\\/12\\\/a-dorogi-futokor-is-kepviselte-magat-a-budapest-maratonon\\\/#primaryimage\"},\"thumbnailUrl\":\"https:\\\/\\\/dorogimedence.hu\\\/wp-content\\\/uploads\\\/2018\\\/10\\\/spar-maraton-01.jpg\",\"keywords\":[\"Dorog\",\"Dorogi fut\u00f3k\u00f6r\",\"Dorogi Sport\",\"fut\u00e1s\",\"fut\u00f3verseny\",\"Maraton\",\"sport\"],\"articleSection\":[\"Dorog\",\"H\u00edrek\",\"Sport\"],\"inLanguage\":\"hu\"},{\"@type\":\"WebPage\",\"@id\":\"https:\\\/\\\/dorogimedence.hu\\\/index.php\\\/2018\\\/10\\\/12\\\/a-dorogi-futokor-is-kepviselte-magat-a-budapest-maratonon\\\/\",\"url\":\"https:\\\/\\\/dorogimedence.hu\\\/index.php\\\/2018\\\/10\\\/12\\\/a-dorogi-futokor-is-kepviselte-magat-a-budapest-maratonon\\\/\",\"name\":\"A Dorogi Fut\u00f3k\u00f6r is k\u00e9pviselte mag\u00e1t a Budapest Maratonon\",\"isPartOf\":{\"@id\":\"https:\\\/\\\/dorogimedence.hu\\\/#website\"},\"primaryImageOfPage\":{\"@id\":\"https:\\\/\\\/dorogimedence.hu\\\/index.php\\\/2018\\\/10\\\/12\\\/a-dorogi-futokor-is-kepviselte-magat-a-budapest-maratonon\\\/#primaryimage\"},\"image\":{\"@id\":\"https:\\\/\\\/dorogimedence.hu\\\/index.php\\\/2018\\\/10\\\/12\\\/a-dorogi-futokor-is-kepviselte-magat-a-budapest-maratonon\\\/#primaryimage\"},\"thumbnailUrl\":\"https:\\\/\\\/dorogimedence.hu\\\/wp-content\\\/uploads\\\/2018\\\/10\\\/spar-maraton-01.jpg\",\"datePublished\":\"2018-10-12T05:00:54+00:00\",\"breadcrumb\":{\"@id\":\"https:\\\/\\\/dorogimedence.hu\\\/index.php\\\/2018\\\/10\\\/12\\\/a-dorogi-futokor-is-kepviselte-magat-a-budapest-maratonon\\\/#breadcrumb\"},\"inLanguage\":\"hu\",\"potentialAction\":[{\"@type\":\"ReadAction\",\"target\":[\"https:\\\/\\\/dorogimedence.hu\\\/index.php\\\/2018\\\/10\\\/12\\\/a-dorogi-futokor-is-kepviselte-magat-a-budapest-maratonon\\\/\"]}]},{\"@type\":\"ImageObject\",\"inLanguage\":\"hu\",\"@id\":\"https:\\\/\\\/dorogimedence.hu\\\/index.php\\\/2018\\\/10\\\/12\\\/a-dorogi-futokor-is-kepviselte-magat-a-budapest-maratonon\\\/#primaryimage\",\"url\":\"https:\\\/\\\/dorogimedence.hu\\\/wp-content\\\/uploads\\\/2018\\\/10\\\/spar-maraton-01.jpg\",\"contentUrl\":\"https:\\\/\\\/dorogimedence.hu\\\/wp-content\\\/uploads\\\/2018\\\/10\\\/spar-maraton-01.jpg\",\"width\":670,\"height\":365},{\"@type\":\"BreadcrumbList\",\"@id\":\"https:\\\/\\\/dorogimedence.hu\\\/index.php\\\/2018\\\/10\\\/12\\\/a-dorogi-futokor-is-kepviselte-magat-a-budapest-maratonon\\\/#breadcrumb\",\"itemListElement\":[{\"@type\":\"ListItem\",\"position\":1,\"name\":\"Kezd\u0151lap\",\"item\":\"https:\\\/\\\/dorogimedence.hu\\\/\"},{\"@type\":\"ListItem\",\"position\":2,\"name\":\"A Dorogi Fut\u00f3k\u00f6r is k\u00e9pviselte mag\u00e1t a Budapest Maratonon\"}]},{\"@type\":\"WebSite\",\"@id\":\"https:\\\/\\\/dorogimedence.hu\\\/#website\",\"url\":\"https:\\\/\\\/dorogimedence.hu\\\/\",\"name\":\"Dorogi-medence Region\u00e1lis H\u00edrport\u00e1l\",\"description\":\"Dorog, Keszt\u00f6lc, Le\u00e1nyv\u00e1r, Piliscs\u00e9v, Tokod, Tokodalt\u00e1r\u00f3, Csolnok, Esztergom-kertv\u00e1ros: h\u00edrek, programok\",\"publisher\":{\"@id\":\"https:\\\/\\\/dorogimedence.hu\\\/#organization\"},\"potentialAction\":[{\"@type\":\"SearchAction\",\"target\":{\"@type\":\"EntryPoint\",\"urlTemplate\":\"https:\\\/\\\/dorogimedence.hu\\\/?s={search_term_string}\"},\"query-input\":{\"@type\":\"PropertyValueSpecification\",\"valueRequired\":true,\"valueName\":\"search_term_string\"}}],\"inLanguage\":\"hu\"},{\"@type\":\"Organization\",\"@id\":\"https:\\\/\\\/dorogimedence.hu\\\/#organization\",\"name\":\"Dorogi-medence Region\u00e1lis H\u00edrport\u00e1l\",\"url\":\"https:\\\/\\\/dorogimedence.hu\\\/\",\"logo\":{\"@type\":\"ImageObject\",\"inLanguage\":\"hu\",\"@id\":\"https:\\\/\\\/dorogimedence.hu\\\/#\\\/schema\\\/logo\\\/image\\\/\",\"url\":\"https:\\\/\\\/dorogimedence.hu\\\/wp-content\\\/uploads\\\/2021\\\/04\\\/logo-feher-600.png\",\"contentUrl\":\"https:\\\/\\\/dorogimedence.hu\\\/wp-content\\\/uploads\\\/2021\\\/04\\\/logo-feher-600.png\",\"width\":600,\"height\":100,\"caption\":\"Dorogi-medence Region\u00e1lis H\u00edrport\u00e1l\"},\"image\":{\"@id\":\"https:\\\/\\\/dorogimedence.hu\\\/#\\\/schema\\\/logo\\\/image\\\/\"},\"sameAs\":[\"https:\\\/\\\/www.facebook.com\\\/dorogimedence\\\/\"]},{\"@type\":\"Person\",\"@id\":\"https:\\\/\\\/dorogimedence.hu\\\/#\\\/schema\\\/person\\\/ce6091eeb7e95ecdc87890d6aa8e0fd4\",\"name\":\"dorogimedence.hu\",\"image\":{\"@type\":\"ImageObject\",\"inLanguage\":\"hu\",\"@id\":\"\\\/\\\/www.gravatar.com\\\/avatar\\\/d8d45f8901aadff40a4af72c0b826f1d?s=96&#038;r=g&#038;d=mm\",\"url\":\"\\\/\\\/www.gravatar.com\\\/avatar\\\/d8d45f8901aadff40a4af72c0b826f1d?s=96&#038;r=g&#038;d=mm\",\"contentUrl\":\"\\\/\\\/www.gravatar.com\\\/avatar\\\/d8d45f8901aadff40a4af72c0b826f1d?s=96&#038;r=g&#038;d=mm\",\"caption\":\"dorogimedence.hu\"}}]}<\/script>\n<!-- \/ Yoast SEO plugin. -->","yoast_head_json":{"title":"A Dorogi Fut\u00f3k\u00f6r is k\u00e9pviselte mag\u00e1t a Budapest Maratonon","robots":{"index":"index","follow":"follow","max-snippet":"max-snippet:-1","max-image-preview":"max-image-preview:large","max-video-preview":"max-video-preview:-1"},"canonical":"https:\/\/dorogimedence.hu\/index.php\/2018\/10\/12\/a-dorogi-futokor-is-kepviselte-magat-a-budapest-maratonon\/","og_locale":"hu_HU","og_type":"article","og_title":"A Dorogi Fut\u00f3k\u00f6r is k\u00e9pviselte mag\u00e1t a Budapest Maratonon","og_description":"Okt\u00f3ber 6-7-\u00e9n rendezt\u00e9k meg a 33. Spar Budapest Maraton Fesztiv\u00e1lt, melyen a Dorogi Fut\u00f3k\u00f6r tagjai is r\u00e9szt vettek. Az esem\u00e9nyre \u00f6sszesen 33 ezer ember nevezett, 11 fajta versenysz\u00e1mban, ami rekordnak is sz\u00e1m\u00edt. A dorogiak k\u00f6z\u00fcl volt aki r\u00f6videbb, volt aki a hosszabb t\u00e1vot v\u00e1lasztott, de ind\u00edtottak egy maraton v\u00e1lt\u00f3 csapatot is \u00e9s sajnos olyanok is","og_url":"https:\/\/dorogimedence.hu\/index.php\/2018\/10\/12\/a-dorogi-futokor-is-kepviselte-magat-a-budapest-maratonon\/","og_site_name":"Dorogi-medence Region\u00e1lis H\u00edrport\u00e1l","article_publisher":"https:\/\/www.facebook.com\/dorogimedence\/","article_published_time":"2018-10-12T05:00:54+00:00","og_image":[{"width":670,"height":365,"url":"https:\/\/i0.wp.com\/dorogimedence.hu\/wp-content\/uploads\/2018\/10\/spar-maraton-01.jpg?fit=670%2C365&ssl=1","type":"image\/jpeg"}],"author":"dorogimedence.hu","twitter_card":"summary_large_image","twitter_misc":{"Szerz\u0151:":"dorogimedence.hu","Becs\u00fclt olvas\u00e1si id\u0151":"1 perc"},"schema":{"@context":"https:\/\/schema.org","@graph":[{"@type":"Article","@id":"https:\/\/dorogimedence.hu\/index.php\/2018\/10\/12\/a-dorogi-futokor-is-kepviselte-magat-a-budapest-maratonon\/#article","isPartOf":{"@id":"https:\/\/dorogimedence.hu\/index.php\/2018\/10\/12\/a-dorogi-futokor-is-kepviselte-magat-a-budapest-maratonon\/"},"author":{"name":"dorogimedence.hu","@id":"https:\/\/dorogimedence.hu\/#\/schema\/person\/ce6091eeb7e95ecdc87890d6aa8e0fd4"},"headline":"A Dorogi Fut\u00f3k\u00f6r is k\u00e9pviselte mag\u00e1t a Budapest Maratonon","datePublished":"2018-10-12T05:00:54+00:00","mainEntityOfPage":{"@id":"https:\/\/dorogimedence.hu\/index.php\/2018\/10\/12\/a-dorogi-futokor-is-kepviselte-magat-a-budapest-maratonon\/"},"wordCount":312,"publisher":{"@id":"https:\/\/dorogimedence.hu\/#organization"},"image":{"@id":"https:\/\/dorogimedence.hu\/index.php\/2018\/10\/12\/a-dorogi-futokor-is-kepviselte-magat-a-budapest-maratonon\/#primaryimage"},"thumbnailUrl":"https:\/\/dorogimedence.hu\/wp-content\/uploads\/2018\/10\/spar-maraton-01.jpg","keywords":["Dorog","Dorogi fut\u00f3k\u00f6r","Dorogi Sport","fut\u00e1s","fut\u00f3verseny","Maraton","sport"],"articleSection":["Dorog","H\u00edrek","Sport"],"inLanguage":"hu"},{"@type":"WebPage","@id":"https:\/\/dorogimedence.hu\/index.php\/2018\/10\/12\/a-dorogi-futokor-is-kepviselte-magat-a-budapest-maratonon\/","url":"https:\/\/dorogimedence.hu\/index.php\/2018\/10\/12\/a-dorogi-futokor-is-kepviselte-magat-a-budapest-maratonon\/","name":"A Dorogi Fut\u00f3k\u00f6r is k\u00e9pviselte mag\u00e1t a Budapest Maratonon","isPartOf":{"@id":"https:\/\/dorogimedence.hu\/#website"},"primaryImageOfPage":{"@id":"https:\/\/dorogimedence.hu\/index.php\/2018\/10\/12\/a-dorogi-futokor-is-kepviselte-magat-a-budapest-maratonon\/#primaryimage"},"image":{"@id":"https:\/\/dorogimedence.hu\/index.php\/2018\/10\/12\/a-dorogi-futokor-is-kepviselte-magat-a-budapest-maratonon\/#primaryimage"},"thumbnailUrl":"https:\/\/dorogimedence.hu\/wp-content\/uploads\/2018\/10\/spar-maraton-01.jpg","datePublished":"2018-10-12T05:00:54+00:00","breadcrumb":{"@id":"https:\/\/dorogimedence.hu\/index.php\/2018\/10\/12\/a-dorogi-futokor-is-kepviselte-magat-a-budapest-maratonon\/#breadcrumb"},"inLanguage":"hu","potentialAction":[{"@type":"ReadAction","target":["https:\/\/dorogimedence.hu\/index.php\/2018\/10\/12\/a-dorogi-futokor-is-kepviselte-magat-a-budapest-maratonon\/"]}]},{"@type":"ImageObject","inLanguage":"hu","@id":"https:\/\/dorogimedence.hu\/index.php\/2018\/10\/12\/a-dorogi-futokor-is-kepviselte-magat-a-budapest-maratonon\/#primaryimage","url":"https:\/\/dorogimedence.hu\/wp-content\/uploads\/2018\/10\/spar-maraton-01.jpg","contentUrl":"https:\/\/dorogimedence.hu\/wp-content\/uploads\/2018\/10\/spar-maraton-01.jpg","width":670,"height":365},{"@type":"BreadcrumbList","@id":"https:\/\/dorogimedence.hu\/index.php\/2018\/10\/12\/a-dorogi-futokor-is-kepviselte-magat-a-budapest-maratonon\/#breadcrumb","itemListElement":[{"@type":"ListItem","position":1,"name":"Kezd\u0151lap","item":"https:\/\/dorogimedence.hu\/"},{"@type":"ListItem","position":2,"name":"A Dorogi Fut\u00f3k\u00f6r is k\u00e9pviselte mag\u00e1t a Budapest Maratonon"}]},{"@type":"WebSite","@id":"https:\/\/dorogimedence.hu\/#website","url":"https:\/\/dorogimedence.hu\/","name":"Dorogi-medence Region\u00e1lis H\u00edrport\u00e1l","description":"Dorog, Keszt\u00f6lc, Le\u00e1nyv\u00e1r, Piliscs\u00e9v, Tokod, Tokodalt\u00e1r\u00f3, Csolnok, Esztergom-kertv\u00e1ros: h\u00edrek, programok","publisher":{"@id":"https:\/\/dorogimedence.hu\/#organization"},"potentialAction":[{"@type":"SearchAction","target":{"@type":"EntryPoint","urlTemplate":"https:\/\/dorogimedence.hu\/?s={search_term_string}"},"query-input":{"@type":"PropertyValueSpecification","valueRequired":true,"valueName":"search_term_string"}}],"inLanguage":"hu"},{"@type":"Organization","@id":"https:\/\/dorogimedence.hu\/#organization","name":"Dorogi-medence Region\u00e1lis H\u00edrport\u00e1l","url":"https:\/\/dorogimedence.hu\/","logo":{"@type":"ImageObject","inLanguage":"hu","@id":"https:\/\/dorogimedence.hu\/#\/schema\/logo\/image\/","url":"https:\/\/dorogimedence.hu\/wp-content\/uploads\/2021\/04\/logo-feher-600.png","contentUrl":"https:\/\/dorogimedence.hu\/wp-content\/uploads\/2021\/04\/logo-feher-600.png","width":600,"height":100,"caption":"Dorogi-medence Region\u00e1lis H\u00edrport\u00e1l"},"image":{"@id":"https:\/\/dorogimedence.hu\/#\/schema\/logo\/image\/"},"sameAs":["https:\/\/www.facebook.com\/dorogimedence\/"]},{"@type":"Person","@id":"https:\/\/dorogimedence.hu\/#\/schema\/person\/ce6091eeb7e95ecdc87890d6aa8e0fd4","name":"dorogimedence.hu","image":{"@type":"ImageObject","inLanguage":"hu","@id":"\/\/www.gravatar.com\/avatar\/d8d45f8901aadff40a4af72c0b826f1d?s=96&#038;r=g&#038;d=mm","url":"\/\/www.gravatar.com\/avatar\/d8d45f8901aadff40a4af72c0b826f1d?s=96&#038;r=g&#038;d=mm","contentUrl":"\/\/www.gravatar.com\/avatar\/d8d45f8901aadff40a4af72c0b826f1d?s=96&#038;r=g&#038;d=mm","caption":"dorogimedence.hu"}}]}},"_links":{"self":[{"href":"https:\/\/dorogimedence.hu\/index.php\/wp-json\/wp\/v2\/posts\/12731","targetHints":{"allow":["GET"]}}],"collection":[{"href":"https:\/\/dorogimedence.hu\/index.php\/wp-json\/wp\/v2\/posts"}],"about":[{"href":"https:\/\/dorogimedence.hu\/index.php\/wp-json\/wp\/v2\/types\/post"}],"author":[{"embeddable":true,"href":"https:\/\/dorogimedence.hu\/index.php\/wp-json\/wp\/v2\/users\/1"}],"replies":[{"embeddable":true,"href":"https:\/\/dorogimedence.hu\/index.php\/wp-json\/wp\/v2\/comments?post=12731"}],"version-history":[{"count":0,"href":"https:\/\/dorogimedence.hu\/index.php\/wp-json\/wp\/v2\/posts\/12731\/revisions"}],"wp:featuredmedia":[{"embeddable":true,"href":"https:\/\/dorogimedence.hu\/index.php\/wp-json\/wp\/v2\/media\/12732"}],"wp:attachment":[{"href":"https:\/\/dorogimedence.hu\/index.php\/wp-json\/wp\/v2\/media?parent=12731"}],"wp:term":[{"taxonomy":"category","embeddable":true,"href":"https:\/\/dorogimedence.hu\/index.php\/wp-json\/wp\/v2\/categories?post=12731"},{"taxonomy":"post_tag","embeddable":true,"href":"https:\/\/dorogimedence.hu\/index.php\/wp-json\/wp\/v2\/tags?post=12731"}],"curies":[{"name":"wp","href":"https:\/\/api.w.org\/{rel}","templated":true}]}}