{"id":12721,"date":"2018-10-11T15:40:51","date_gmt":"2018-10-11T13:40:51","guid":{"rendered":"http:\/\/dorogimedence.hu\/?p=12721"},"modified":"2018-10-11T15:40:51","modified_gmt":"2018-10-11T13:40:51","slug":"konyvbemutatot-tartottak-a-dorogi-konyvtarban","status":"publish","type":"post","link":"https:\/\/dorogimedence.hu\/index.php\/2018\/10\/11\/konyvbemutatot-tartottak-a-dorogi-konyvtarban\/","title":{"rendered":"K\u00f6nyvbemutat\u00f3t tartottak a dorogi k\u00f6nyvt\u00e1rban"},"content":{"rendered":"<p><strong>Okt\u00f3ber 4-\u00e9n, cs\u00fct\u00f6rt\u00f6k\u00f6n 17 \u00f3rai kezdettel a G\u00e1thy Zolt\u00e1n V\u00e1rosi K\u00f6nyvt\u00e1rban az Orsz\u00e1gos K\u00f6nyvt\u00e1ri Napok (OKN) keret\u00e9ben k\u00f6nyvbemutat\u00f3t tartottak.<\/strong><\/p>\n<p>Az Informatikai \u00e9s K\u00f6nyvt\u00e1ri Sz\u00f6vets\u00e9g szervez\u00e9s\u00e9ben \u00e9s a Nemzeti Kultur\u00e1lis Alap, valamint a Csal\u00e1dok \u00c9ve t\u00e1mogat\u00e1s\u00e1val l\u00e9trej\u00f6tt program f\u0151szerepl\u0151i Peer Krisztina szakpszichol\u00f3gus \u00e9s Kele Fodor \u00c1kos \u00edr\u00f3 voltak, akik Meg\u00e1lmodtalak c\u00edm\u0171 k\u00f6z\u00f6s k\u00f6tet\u00fcket mutatt\u00e1k be az \u00e9rdekl\u0151d\u0151knek Holl\u00f3 M\u00e1rta pszichol\u00f3gus, k\u00e9rdez\u0151 seg\u00edts\u00e9g\u00e9vel, illetve Sz\u00e9kely Roz\u00e1lia \u00e9s Csillag Botond sz\u00edn\u00e9szek, felolvas\u00f3k k\u00f6zrem\u0171k\u00f6d\u00e9s\u00e9vel.<\/p>\n<p><img fetchpriority=\"high\" decoding=\"async\" class=\"alignnone size-full wp-image-12723\" src=\"https:\/\/dorogimedence.hu\/wp-content\/uploads\/2018\/10\/konyvbemutato-dorog-02.jpg\" alt=\"\" width=\"670\" height=\"365\" srcset=\"https:\/\/dorogimedence.hu\/wp-content\/uploads\/2018\/10\/konyvbemutato-dorog-02.jpg 670w, https:\/\/dorogimedence.hu\/wp-content\/uploads\/2018\/10\/konyvbemutato-dorog-02-300x163.jpg 300w\" sizes=\"(max-width: 670px) 100vw, 670px\" \/><\/p>\n<p>A r\u00e9m\u00e1lmokkal teli<em> l\u00e9lektani napl\u00f3 terhes any\u00e1knak \u00e9s v\u00e1rand\u00f3s ap\u00e1knak<\/em> alc\u00edmet visel\u0151 k\u00f6nyv saj\u00e1toss\u00e1ga, hogy egyedi m\u00f3don, saj\u00e1tos megk\u00f6zel\u00edt\u00e9sben t\u00e1r el\u00e9nk egy olyan \u00e9rz\u00e9keny \u00e9s intim t\u00e9m\u00e1t, ami sokunkat foglalkoztathat. Az \u0151szinte felt\u00e1rulkoz\u00e1s tapasztalatokb\u00f3l t\u00e1pl\u00e1lkoz\u00f3 vallom\u00e1sai, megl\u00e1t\u00e1sai tan\u00e1csk\u00e9nt \u00e9s b\u00e1tor\u00edt\u00e1sk\u00e9nt egyar\u00e1nt hat\u00f3 kedves hangneme sokakat megnevettetett \u00e9s elgondolkodtatott a besz\u00e9lget\u00e9sek \u00e9s felolvas\u00e1sok alatt. \u00cdgy az OKN tud\u00e1s\u00e1tad\u00e1s-tud\u00e1segyes\u00edt\u00e9s t\u00e9mak\u00f6r\u00e9ben megtartott k\u00f6z\u00f6ns\u00e9gtal\u00e1lkoz\u00f3j\u00e1n csak k\u00e9t elhat\u00e1roz\u00e1s foganhatott meg: a gyermekv\u00e1llal\u00e1s \u00e9s\/vagy a k\u00f6nyvolvas\u00e1s gondolata.<\/p>\n<p><em><strong>S\u00fct\u0151 Zs\u00f3fia<\/strong><\/em><\/p>\n","protected":false},"excerpt":{"rendered":"<p>Okt\u00f3ber 4-\u00e9n, cs\u00fct\u00f6rt\u00f6k\u00f6n 17 \u00f3rai kezdettel a G\u00e1thy Zolt\u00e1n V\u00e1rosi K\u00f6nyvt\u00e1rban az Orsz\u00e1gos K\u00f6nyvt\u00e1ri Napok (OKN) keret\u00e9ben k\u00f6nyvbemutat\u00f3t tartottak. Az Informatikai \u00e9s K\u00f6nyvt\u00e1ri Sz\u00f6vets\u00e9g szervez\u00e9s\u00e9ben \u00e9s a Nemzeti Kultur\u00e1lis Alap, valamint a Csal\u00e1dok \u00c9ve t\u00e1mogat\u00e1s\u00e1val l\u00e9trej\u00f6tt program f\u0151szerepl\u0151i Peer Krisztina szakpszichol\u00f3gus \u00e9s Kele Fodor \u00c1kos \u00edr\u00f3 voltak, akik Meg\u00e1lmodtalak c\u00edm\u0171 k\u00f6z\u00f6s k\u00f6tet\u00fcket mutatt\u00e1k be az<\/p>\n","protected":false},"author":1,"featured_media":12722,"comment_status":"closed","ping_status":"closed","sticky":false,"template":"","format":"standard","meta":{"ngg_post_thumbnail":0,"footnotes":""},"categories":[2,3],"tags":[15,1690,3088,673,144,3087],"class_list":{"0":"post-12721","1":"post","2":"type-post","3":"status-publish","4":"format-standard","5":"has-post-thumbnail","7":"category-dorog","8":"category-hirek","9":"tag-dorog","10":"tag-dorogi-konyvtar","11":"tag-kele-fodor-akos","12":"tag-konyvbemutato","13":"tag-konyvtar","14":"tag-peer-krisztina"},"yoast_head":"<!-- This site is optimized with the Yoast SEO plugin v27.4 - https:\/\/yoast.com\/product\/yoast-seo-wordpress\/ -->\n<title>K\u00f6nyvbemutat\u00f3t tartottak a dorogi k\u00f6nyvt\u00e1rban<\/title>\n<meta name=\"robots\" content=\"index, follow, max-snippet:-1, max-image-preview:large, max-video-preview:-1\" \/>\n<link rel=\"canonical\" href=\"https:\/\/dorogimedence.hu\/index.php\/2018\/10\/11\/konyvbemutatot-tartottak-a-dorogi-konyvtarban\/\" class=\"yoast-seo-meta-tag\" \/>\n<meta property=\"og:locale\" content=\"hu_HU\" class=\"yoast-seo-meta-tag\" \/>\n<meta property=\"og:type\" content=\"article\" class=\"yoast-seo-meta-tag\" \/>\n<meta property=\"og:title\" content=\"K\u00f6nyvbemutat\u00f3t tartottak a dorogi k\u00f6nyvt\u00e1rban\" class=\"yoast-seo-meta-tag\" \/>\n<meta property=\"og:description\" content=\"Okt\u00f3ber 4-\u00e9n, cs\u00fct\u00f6rt\u00f6k\u00f6n 17 \u00f3rai kezdettel a G\u00e1thy Zolt\u00e1n V\u00e1rosi K\u00f6nyvt\u00e1rban az Orsz\u00e1gos K\u00f6nyvt\u00e1ri Napok (OKN) keret\u00e9ben k\u00f6nyvbemutat\u00f3t tartottak. Az Informatikai \u00e9s K\u00f6nyvt\u00e1ri Sz\u00f6vets\u00e9g szervez\u00e9s\u00e9ben \u00e9s a Nemzeti Kultur\u00e1lis Alap, valamint a Csal\u00e1dok \u00c9ve t\u00e1mogat\u00e1s\u00e1val l\u00e9trej\u00f6tt program f\u0151szerepl\u0151i Peer Krisztina szakpszichol\u00f3gus \u00e9s Kele Fodor \u00c1kos \u00edr\u00f3 voltak, akik Meg\u00e1lmodtalak c\u00edm\u0171 k\u00f6z\u00f6s k\u00f6tet\u00fcket mutatt\u00e1k be az\" class=\"yoast-seo-meta-tag\" \/>\n<meta property=\"og:url\" content=\"https:\/\/dorogimedence.hu\/index.php\/2018\/10\/11\/konyvbemutatot-tartottak-a-dorogi-konyvtarban\/\" class=\"yoast-seo-meta-tag\" \/>\n<meta property=\"og:site_name\" content=\"Dorogi-medence Region\u00e1lis H\u00edrport\u00e1l\" class=\"yoast-seo-meta-tag\" \/>\n<meta property=\"article:publisher\" content=\"https:\/\/www.facebook.com\/dorogimedence\/\" class=\"yoast-seo-meta-tag\" \/>\n<meta property=\"article:published_time\" content=\"2018-10-11T13:40:51+00:00\" class=\"yoast-seo-meta-tag\" \/>\n<meta property=\"og:image\" content=\"https:\/\/i0.wp.com\/dorogimedence.hu\/wp-content\/uploads\/2018\/10\/konyvbemutato-dorog-01.jpg?fit=670%2C365&ssl=1\" class=\"yoast-seo-meta-tag\" \/>\n\t<meta property=\"og:image:width\" content=\"670\" class=\"yoast-seo-meta-tag\" \/>\n\t<meta property=\"og:image:height\" content=\"365\" class=\"yoast-seo-meta-tag\" \/>\n\t<meta property=\"og:image:type\" content=\"image\/jpeg\" class=\"yoast-seo-meta-tag\" \/>\n<meta name=\"author\" content=\"dorogimedence.hu\" class=\"yoast-seo-meta-tag\" \/>\n<meta name=\"twitter:card\" content=\"summary_large_image\" class=\"yoast-seo-meta-tag\" \/>\n<meta name=\"twitter:label1\" content=\"Szerz\u0151:\" class=\"yoast-seo-meta-tag\" \/>\n\t<meta name=\"twitter:data1\" content=\"dorogimedence.hu\" class=\"yoast-seo-meta-tag\" \/>\n\t<meta name=\"twitter:label2\" content=\"Becs\u00fclt olvas\u00e1si id\u0151\" class=\"yoast-seo-meta-tag\" \/>\n\t<meta name=\"twitter:data2\" content=\"1 perc\" class=\"yoast-seo-meta-tag\" \/>\n<script type=\"application\/ld+json\" class=\"yoast-schema-graph\">{\"@context\":\"https:\\\/\\\/schema.org\",\"@graph\":[{\"@type\":\"Article\",\"@id\":\"https:\\\/\\\/dorogimedence.hu\\\/index.php\\\/2018\\\/10\\\/11\\\/konyvbemutatot-tartottak-a-dorogi-konyvtarban\\\/#article\",\"isPartOf\":{\"@id\":\"https:\\\/\\\/dorogimedence.hu\\\/index.php\\\/2018\\\/10\\\/11\\\/konyvbemutatot-tartottak-a-dorogi-konyvtarban\\\/\"},\"author\":{\"name\":\"dorogimedence.hu\",\"@id\":\"https:\\\/\\\/dorogimedence.hu\\\/#\\\/schema\\\/person\\\/ce6091eeb7e95ecdc87890d6aa8e0fd4\"},\"headline\":\"K\u00f6nyvbemutat\u00f3t tartottak a dorogi k\u00f6nyvt\u00e1rban\",\"datePublished\":\"2018-10-11T13:40:51+00:00\",\"mainEntityOfPage\":{\"@id\":\"https:\\\/\\\/dorogimedence.hu\\\/index.php\\\/2018\\\/10\\\/11\\\/konyvbemutatot-tartottak-a-dorogi-konyvtarban\\\/\"},\"wordCount\":273,\"publisher\":{\"@id\":\"https:\\\/\\\/dorogimedence.hu\\\/#organization\"},\"image\":{\"@id\":\"https:\\\/\\\/dorogimedence.hu\\\/index.php\\\/2018\\\/10\\\/11\\\/konyvbemutatot-tartottak-a-dorogi-konyvtarban\\\/#primaryimage\"},\"thumbnailUrl\":\"https:\\\/\\\/dorogimedence.hu\\\/wp-content\\\/uploads\\\/2018\\\/10\\\/konyvbemutato-dorog-01.jpg\",\"keywords\":[\"Dorog\",\"dorogi k\u00f6nyvt\u00e1r\",\"Kele Fodor \u00c1kos\",\"k\u00f6nyvbemutat\u00f3\",\"k\u00f6nyvt\u00e1r\",\"Peer Krisztina\"],\"articleSection\":[\"Dorog\",\"H\u00edrek\"],\"inLanguage\":\"hu\"},{\"@type\":\"WebPage\",\"@id\":\"https:\\\/\\\/dorogimedence.hu\\\/index.php\\\/2018\\\/10\\\/11\\\/konyvbemutatot-tartottak-a-dorogi-konyvtarban\\\/\",\"url\":\"https:\\\/\\\/dorogimedence.hu\\\/index.php\\\/2018\\\/10\\\/11\\\/konyvbemutatot-tartottak-a-dorogi-konyvtarban\\\/\",\"name\":\"K\u00f6nyvbemutat\u00f3t tartottak a dorogi k\u00f6nyvt\u00e1rban\",\"isPartOf\":{\"@id\":\"https:\\\/\\\/dorogimedence.hu\\\/#website\"},\"primaryImageOfPage\":{\"@id\":\"https:\\\/\\\/dorogimedence.hu\\\/index.php\\\/2018\\\/10\\\/11\\\/konyvbemutatot-tartottak-a-dorogi-konyvtarban\\\/#primaryimage\"},\"image\":{\"@id\":\"https:\\\/\\\/dorogimedence.hu\\\/index.php\\\/2018\\\/10\\\/11\\\/konyvbemutatot-tartottak-a-dorogi-konyvtarban\\\/#primaryimage\"},\"thumbnailUrl\":\"https:\\\/\\\/dorogimedence.hu\\\/wp-content\\\/uploads\\\/2018\\\/10\\\/konyvbemutato-dorog-01.jpg\",\"datePublished\":\"2018-10-11T13:40:51+00:00\",\"breadcrumb\":{\"@id\":\"https:\\\/\\\/dorogimedence.hu\\\/index.php\\\/2018\\\/10\\\/11\\\/konyvbemutatot-tartottak-a-dorogi-konyvtarban\\\/#breadcrumb\"},\"inLanguage\":\"hu\",\"potentialAction\":[{\"@type\":\"ReadAction\",\"target\":[\"https:\\\/\\\/dorogimedence.hu\\\/index.php\\\/2018\\\/10\\\/11\\\/konyvbemutatot-tartottak-a-dorogi-konyvtarban\\\/\"]}]},{\"@type\":\"ImageObject\",\"inLanguage\":\"hu\",\"@id\":\"https:\\\/\\\/dorogimedence.hu\\\/index.php\\\/2018\\\/10\\\/11\\\/konyvbemutatot-tartottak-a-dorogi-konyvtarban\\\/#primaryimage\",\"url\":\"https:\\\/\\\/dorogimedence.hu\\\/wp-content\\\/uploads\\\/2018\\\/10\\\/konyvbemutato-dorog-01.jpg\",\"contentUrl\":\"https:\\\/\\\/dorogimedence.hu\\\/wp-content\\\/uploads\\\/2018\\\/10\\\/konyvbemutato-dorog-01.jpg\",\"width\":670,\"height\":365},{\"@type\":\"BreadcrumbList\",\"@id\":\"https:\\\/\\\/dorogimedence.hu\\\/index.php\\\/2018\\\/10\\\/11\\\/konyvbemutatot-tartottak-a-dorogi-konyvtarban\\\/#breadcrumb\",\"itemListElement\":[{\"@type\":\"ListItem\",\"position\":1,\"name\":\"Kezd\u0151lap\",\"item\":\"https:\\\/\\\/dorogimedence.hu\\\/\"},{\"@type\":\"ListItem\",\"position\":2,\"name\":\"K\u00f6nyvbemutat\u00f3t tartottak a dorogi k\u00f6nyvt\u00e1rban\"}]},{\"@type\":\"WebSite\",\"@id\":\"https:\\\/\\\/dorogimedence.hu\\\/#website\",\"url\":\"https:\\\/\\\/dorogimedence.hu\\\/\",\"name\":\"Dorogi-medence Region\u00e1lis H\u00edrport\u00e1l\",\"description\":\"Dorog, Keszt\u00f6lc, Le\u00e1nyv\u00e1r, Piliscs\u00e9v, Tokod, Tokodalt\u00e1r\u00f3, Csolnok, Esztergom-kertv\u00e1ros: h\u00edrek, programok\",\"publisher\":{\"@id\":\"https:\\\/\\\/dorogimedence.hu\\\/#organization\"},\"potentialAction\":[{\"@type\":\"SearchAction\",\"target\":{\"@type\":\"EntryPoint\",\"urlTemplate\":\"https:\\\/\\\/dorogimedence.hu\\\/?s={search_term_string}\"},\"query-input\":{\"@type\":\"PropertyValueSpecification\",\"valueRequired\":true,\"valueName\":\"search_term_string\"}}],\"inLanguage\":\"hu\"},{\"@type\":\"Organization\",\"@id\":\"https:\\\/\\\/dorogimedence.hu\\\/#organization\",\"name\":\"Dorogi-medence Region\u00e1lis H\u00edrport\u00e1l\",\"url\":\"https:\\\/\\\/dorogimedence.hu\\\/\",\"logo\":{\"@type\":\"ImageObject\",\"inLanguage\":\"hu\",\"@id\":\"https:\\\/\\\/dorogimedence.hu\\\/#\\\/schema\\\/logo\\\/image\\\/\",\"url\":\"https:\\\/\\\/dorogimedence.hu\\\/wp-content\\\/uploads\\\/2021\\\/04\\\/logo-feher-600.png\",\"contentUrl\":\"https:\\\/\\\/dorogimedence.hu\\\/wp-content\\\/uploads\\\/2021\\\/04\\\/logo-feher-600.png\",\"width\":600,\"height\":100,\"caption\":\"Dorogi-medence Region\u00e1lis H\u00edrport\u00e1l\"},\"image\":{\"@id\":\"https:\\\/\\\/dorogimedence.hu\\\/#\\\/schema\\\/logo\\\/image\\\/\"},\"sameAs\":[\"https:\\\/\\\/www.facebook.com\\\/dorogimedence\\\/\"]},{\"@type\":\"Person\",\"@id\":\"https:\\\/\\\/dorogimedence.hu\\\/#\\\/schema\\\/person\\\/ce6091eeb7e95ecdc87890d6aa8e0fd4\",\"name\":\"dorogimedence.hu\",\"image\":{\"@type\":\"ImageObject\",\"inLanguage\":\"hu\",\"@id\":\"\\\/\\\/www.gravatar.com\\\/avatar\\\/d8d45f8901aadff40a4af72c0b826f1d?s=96&#038;r=g&#038;d=mm\",\"url\":\"\\\/\\\/www.gravatar.com\\\/avatar\\\/d8d45f8901aadff40a4af72c0b826f1d?s=96&#038;r=g&#038;d=mm\",\"contentUrl\":\"\\\/\\\/www.gravatar.com\\\/avatar\\\/d8d45f8901aadff40a4af72c0b826f1d?s=96&#038;r=g&#038;d=mm\",\"caption\":\"dorogimedence.hu\"}}]}<\/script>\n<!-- \/ Yoast SEO plugin. -->","yoast_head_json":{"title":"K\u00f6nyvbemutat\u00f3t tartottak a dorogi k\u00f6nyvt\u00e1rban","robots":{"index":"index","follow":"follow","max-snippet":"max-snippet:-1","max-image-preview":"max-image-preview:large","max-video-preview":"max-video-preview:-1"},"canonical":"https:\/\/dorogimedence.hu\/index.php\/2018\/10\/11\/konyvbemutatot-tartottak-a-dorogi-konyvtarban\/","og_locale":"hu_HU","og_type":"article","og_title":"K\u00f6nyvbemutat\u00f3t tartottak a dorogi k\u00f6nyvt\u00e1rban","og_description":"Okt\u00f3ber 4-\u00e9n, cs\u00fct\u00f6rt\u00f6k\u00f6n 17 \u00f3rai kezdettel a G\u00e1thy Zolt\u00e1n V\u00e1rosi K\u00f6nyvt\u00e1rban az Orsz\u00e1gos K\u00f6nyvt\u00e1ri Napok (OKN) keret\u00e9ben k\u00f6nyvbemutat\u00f3t tartottak. Az Informatikai \u00e9s K\u00f6nyvt\u00e1ri Sz\u00f6vets\u00e9g szervez\u00e9s\u00e9ben \u00e9s a Nemzeti Kultur\u00e1lis Alap, valamint a Csal\u00e1dok \u00c9ve t\u00e1mogat\u00e1s\u00e1val l\u00e9trej\u00f6tt program f\u0151szerepl\u0151i Peer Krisztina szakpszichol\u00f3gus \u00e9s Kele Fodor \u00c1kos \u00edr\u00f3 voltak, akik Meg\u00e1lmodtalak c\u00edm\u0171 k\u00f6z\u00f6s k\u00f6tet\u00fcket mutatt\u00e1k be az","og_url":"https:\/\/dorogimedence.hu\/index.php\/2018\/10\/11\/konyvbemutatot-tartottak-a-dorogi-konyvtarban\/","og_site_name":"Dorogi-medence Region\u00e1lis H\u00edrport\u00e1l","article_publisher":"https:\/\/www.facebook.com\/dorogimedence\/","article_published_time":"2018-10-11T13:40:51+00:00","og_image":[{"width":670,"height":365,"url":"https:\/\/i0.wp.com\/dorogimedence.hu\/wp-content\/uploads\/2018\/10\/konyvbemutato-dorog-01.jpg?fit=670%2C365&ssl=1","type":"image\/jpeg"}],"author":"dorogimedence.hu","twitter_card":"summary_large_image","twitter_misc":{"Szerz\u0151:":"dorogimedence.hu","Becs\u00fclt olvas\u00e1si id\u0151":"1 perc"},"schema":{"@context":"https:\/\/schema.org","@graph":[{"@type":"Article","@id":"https:\/\/dorogimedence.hu\/index.php\/2018\/10\/11\/konyvbemutatot-tartottak-a-dorogi-konyvtarban\/#article","isPartOf":{"@id":"https:\/\/dorogimedence.hu\/index.php\/2018\/10\/11\/konyvbemutatot-tartottak-a-dorogi-konyvtarban\/"},"author":{"name":"dorogimedence.hu","@id":"https:\/\/dorogimedence.hu\/#\/schema\/person\/ce6091eeb7e95ecdc87890d6aa8e0fd4"},"headline":"K\u00f6nyvbemutat\u00f3t tartottak a dorogi k\u00f6nyvt\u00e1rban","datePublished":"2018-10-11T13:40:51+00:00","mainEntityOfPage":{"@id":"https:\/\/dorogimedence.hu\/index.php\/2018\/10\/11\/konyvbemutatot-tartottak-a-dorogi-konyvtarban\/"},"wordCount":273,"publisher":{"@id":"https:\/\/dorogimedence.hu\/#organization"},"image":{"@id":"https:\/\/dorogimedence.hu\/index.php\/2018\/10\/11\/konyvbemutatot-tartottak-a-dorogi-konyvtarban\/#primaryimage"},"thumbnailUrl":"https:\/\/dorogimedence.hu\/wp-content\/uploads\/2018\/10\/konyvbemutato-dorog-01.jpg","keywords":["Dorog","dorogi k\u00f6nyvt\u00e1r","Kele Fodor \u00c1kos","k\u00f6nyvbemutat\u00f3","k\u00f6nyvt\u00e1r","Peer Krisztina"],"articleSection":["Dorog","H\u00edrek"],"inLanguage":"hu"},{"@type":"WebPage","@id":"https:\/\/dorogimedence.hu\/index.php\/2018\/10\/11\/konyvbemutatot-tartottak-a-dorogi-konyvtarban\/","url":"https:\/\/dorogimedence.hu\/index.php\/2018\/10\/11\/konyvbemutatot-tartottak-a-dorogi-konyvtarban\/","name":"K\u00f6nyvbemutat\u00f3t tartottak a dorogi k\u00f6nyvt\u00e1rban","isPartOf":{"@id":"https:\/\/dorogimedence.hu\/#website"},"primaryImageOfPage":{"@id":"https:\/\/dorogimedence.hu\/index.php\/2018\/10\/11\/konyvbemutatot-tartottak-a-dorogi-konyvtarban\/#primaryimage"},"image":{"@id":"https:\/\/dorogimedence.hu\/index.php\/2018\/10\/11\/konyvbemutatot-tartottak-a-dorogi-konyvtarban\/#primaryimage"},"thumbnailUrl":"https:\/\/dorogimedence.hu\/wp-content\/uploads\/2018\/10\/konyvbemutato-dorog-01.jpg","datePublished":"2018-10-11T13:40:51+00:00","breadcrumb":{"@id":"https:\/\/dorogimedence.hu\/index.php\/2018\/10\/11\/konyvbemutatot-tartottak-a-dorogi-konyvtarban\/#breadcrumb"},"inLanguage":"hu","potentialAction":[{"@type":"ReadAction","target":["https:\/\/dorogimedence.hu\/index.php\/2018\/10\/11\/konyvbemutatot-tartottak-a-dorogi-konyvtarban\/"]}]},{"@type":"ImageObject","inLanguage":"hu","@id":"https:\/\/dorogimedence.hu\/index.php\/2018\/10\/11\/konyvbemutatot-tartottak-a-dorogi-konyvtarban\/#primaryimage","url":"https:\/\/dorogimedence.hu\/wp-content\/uploads\/2018\/10\/konyvbemutato-dorog-01.jpg","contentUrl":"https:\/\/dorogimedence.hu\/wp-content\/uploads\/2018\/10\/konyvbemutato-dorog-01.jpg","width":670,"height":365},{"@type":"BreadcrumbList","@id":"https:\/\/dorogimedence.hu\/index.php\/2018\/10\/11\/konyvbemutatot-tartottak-a-dorogi-konyvtarban\/#breadcrumb","itemListElement":[{"@type":"ListItem","position":1,"name":"Kezd\u0151lap","item":"https:\/\/dorogimedence.hu\/"},{"@type":"ListItem","position":2,"name":"K\u00f6nyvbemutat\u00f3t tartottak a dorogi k\u00f6nyvt\u00e1rban"}]},{"@type":"WebSite","@id":"https:\/\/dorogimedence.hu\/#website","url":"https:\/\/dorogimedence.hu\/","name":"Dorogi-medence Region\u00e1lis H\u00edrport\u00e1l","description":"Dorog, Keszt\u00f6lc, Le\u00e1nyv\u00e1r, Piliscs\u00e9v, Tokod, Tokodalt\u00e1r\u00f3, Csolnok, Esztergom-kertv\u00e1ros: h\u00edrek, programok","publisher":{"@id":"https:\/\/dorogimedence.hu\/#organization"},"potentialAction":[{"@type":"SearchAction","target":{"@type":"EntryPoint","urlTemplate":"https:\/\/dorogimedence.hu\/?s={search_term_string}"},"query-input":{"@type":"PropertyValueSpecification","valueRequired":true,"valueName":"search_term_string"}}],"inLanguage":"hu"},{"@type":"Organization","@id":"https:\/\/dorogimedence.hu\/#organization","name":"Dorogi-medence Region\u00e1lis H\u00edrport\u00e1l","url":"https:\/\/dorogimedence.hu\/","logo":{"@type":"ImageObject","inLanguage":"hu","@id":"https:\/\/dorogimedence.hu\/#\/schema\/logo\/image\/","url":"https:\/\/dorogimedence.hu\/wp-content\/uploads\/2021\/04\/logo-feher-600.png","contentUrl":"https:\/\/dorogimedence.hu\/wp-content\/uploads\/2021\/04\/logo-feher-600.png","width":600,"height":100,"caption":"Dorogi-medence Region\u00e1lis H\u00edrport\u00e1l"},"image":{"@id":"https:\/\/dorogimedence.hu\/#\/schema\/logo\/image\/"},"sameAs":["https:\/\/www.facebook.com\/dorogimedence\/"]},{"@type":"Person","@id":"https:\/\/dorogimedence.hu\/#\/schema\/person\/ce6091eeb7e95ecdc87890d6aa8e0fd4","name":"dorogimedence.hu","image":{"@type":"ImageObject","inLanguage":"hu","@id":"\/\/www.gravatar.com\/avatar\/d8d45f8901aadff40a4af72c0b826f1d?s=96&#038;r=g&#038;d=mm","url":"\/\/www.gravatar.com\/avatar\/d8d45f8901aadff40a4af72c0b826f1d?s=96&#038;r=g&#038;d=mm","contentUrl":"\/\/www.gravatar.com\/avatar\/d8d45f8901aadff40a4af72c0b826f1d?s=96&#038;r=g&#038;d=mm","caption":"dorogimedence.hu"}}]}},"_links":{"self":[{"href":"https:\/\/dorogimedence.hu\/index.php\/wp-json\/wp\/v2\/posts\/12721","targetHints":{"allow":["GET"]}}],"collection":[{"href":"https:\/\/dorogimedence.hu\/index.php\/wp-json\/wp\/v2\/posts"}],"about":[{"href":"https:\/\/dorogimedence.hu\/index.php\/wp-json\/wp\/v2\/types\/post"}],"author":[{"embeddable":true,"href":"https:\/\/dorogimedence.hu\/index.php\/wp-json\/wp\/v2\/users\/1"}],"replies":[{"embeddable":true,"href":"https:\/\/dorogimedence.hu\/index.php\/wp-json\/wp\/v2\/comments?post=12721"}],"version-history":[{"count":0,"href":"https:\/\/dorogimedence.hu\/index.php\/wp-json\/wp\/v2\/posts\/12721\/revisions"}],"wp:featuredmedia":[{"embeddable":true,"href":"https:\/\/dorogimedence.hu\/index.php\/wp-json\/wp\/v2\/media\/12722"}],"wp:attachment":[{"href":"https:\/\/dorogimedence.hu\/index.php\/wp-json\/wp\/v2\/media?parent=12721"}],"wp:term":[{"taxonomy":"category","embeddable":true,"href":"https:\/\/dorogimedence.hu\/index.php\/wp-json\/wp\/v2\/categories?post=12721"},{"taxonomy":"post_tag","embeddable":true,"href":"https:\/\/dorogimedence.hu\/index.php\/wp-json\/wp\/v2\/tags?post=12721"}],"curies":[{"name":"wp","href":"https:\/\/api.w.org\/{rel}","templated":true}]}}