{"id":12673,"date":"2018-10-09T14:05:33","date_gmt":"2018-10-09T12:05:33","guid":{"rendered":"http:\/\/dorogimedence.hu\/?p=12673"},"modified":"2018-10-09T14:05:33","modified_gmt":"2018-10-09T12:05:33","slug":"invazios-fajok-ellen-vedekeznek-a-pilisi-parkerdoben","status":"publish","type":"post","link":"https:\/\/dorogimedence.hu\/index.php\/2018\/10\/09\/invazios-fajok-ellen-vedekeznek-a-pilisi-parkerdoben\/","title":{"rendered":"Inv\u00e1zi\u00f3s fajok ellen v\u00e9dekeznek a Pilisi Parkerd\u0151ben"},"content":{"rendered":"<p><strong>Erd\u00e9szek \u00e9s term\u00e9szetv\u00e9d\u0151k k\u00f6z\u00f6sen l\u00e9pnek fel a Pilisi Parkerd\u0151 term\u00e9szetes \u00e9l\u0151helyeit vesz\u00e9lyeztet\u0151 inv\u00e1zi\u00f3s fajok ellen: a Pilisi Parkerd\u0151 Zrt. Pilismar\u00f3ti \u00e9s Visegr\u00e1di Erd\u00e9szet\u00e9nek szakemberei a jap\u00e1nkeser\u0171f\u0171 \u00e9s a selyemk\u00f3r\u00f3 visszaszor\u00edt\u00e1s\u00e1ra koncentr\u00e1lnak.<\/strong><\/p>\n<p>Az erd\u0151k sz\u00e9l\u00e9t ellep\u0151 jap\u00e1nkeser\u0171f\u0171 \u00e9s a selyemk\u00f3r\u00f3 egyedeit visszav\u00e1g\u00e1suk mellett a n\u00f6v\u00e9ny t\u00f6v\u00e9be adott injekci\u00f3s kezel\u00e9ssel \u00e9s lev\u00e9len \u00e1t felsz\u00edv\u00f3d\u00f3 vegyszerekkel igyekeznek visszaszor\u00edtani Pilismar\u00f3t \u00e9s Visegr\u00e1d t\u00e9rs\u00e9g\u00e9ben <em>&#8211; k\u00f6z\u00f6lte a Pilisi Parkerd\u0151 Zrt. kedden az MTI-vel.<\/em><\/p>\n<p>Az erd\u0151gazdas\u00e1g t\u00e1j\u00e9koztat\u00e1sa szerint az ut\u00f3bbi id\u0151ben nemcsak olyan f\u00e1s sz\u00e1r\u00fa \u00f6z\u00f6nfajok \u00e9lnek az erd\u0151kben, mint a b\u00e1lv\u00e1nyfa &#8211; amelyet t\u00e9vesen ecetf\u00e1nak szoktak nevezni -, illetve a z\u00f6ld juhar, hanem a kertekb\u0151l kivadulva, vagy z\u00f6ld hullad\u00e9kkal kijutva l\u00e1gysz\u00e1r\u00fa invaz\u00edv fajok is megjelentek a term\u00e9szetv\u00e9delmi ter\u00fcleteken.<\/p>\n<p>A jap\u00e1nkeser\u0171f\u0171 rendk\u00edv\u00fcl gyorsan n\u00f6vekszik, egy \u00e9v alatt 2-4 m\u00e9teres hajt\u00e1sokat hoz \u00e9s hasonl\u00f3an gyorsan terjeszkedik. Gy\u00f6kereib\u0151l az anyan\u00f6v\u00e9nyt\u0151l ak\u00e1r 10-20 m\u00e9terre is n\u0151nek hajt\u00e1sok, mik\u00f6zben m\u00e1r egy centim\u00e9teres gy\u00f6k\u00e9r- vagy sz\u00e1rdarabja is k\u00e9pes \u00faj n\u00f6v\u00e9nykol\u00f3ni\u00e1t l\u00e9trehozni.<\/p>\n<p>Az \u00c9szak-Amerik\u00e1b\u00f3l sz\u00e1rmaz\u00f3 selyemk\u00f3r\u00f3t m\u00e1r az 1600-as \u00e9vekben betelep\u00edtettek Eur\u00f3p\u00e1ba, a Dunakanyar v\u00e9dett erdeiben csak az ut\u00f3bbi \u00e9vekben jelent meg. Magr\u00f3l \u00e9s sarjadz\u00e1ssal is j\u00f3l szaporodik, k\u00f6zben olyan anyagot juttat a talajba, mely megg\u00e1tolja a t\u00f6bbi n\u00f6v\u00e9ny cs\u00edr\u00e1z\u00e1s\u00e1t.<\/p>\n<p>Az erd\u00e9szek \u00e9s term\u00e9szetv\u00e9d\u0151k c\u00e9lja az invaz\u00edv fajok terjed\u00e9si \u00fctem\u00e9nek lass\u00edt\u00e1sa. A munk\u00e1ban a lakoss\u00e1g \u00e9s az erd\u0151j\u00e1r\u00f3k seg\u00edts\u00e9g\u00e9t is k\u00e9rik, hiszen ha a kertekb\u0151l, vagy az erd\u0151be illeg\u00e1lisan kihordott z\u00f6ld hullad\u00e9kb\u00f3l folyamatos az \u00f6z\u00f6nfajok ut\u00e1np\u00f3tl\u00e1sa, akkor szinte lehetetlen az ellen\u00fck val\u00f3 v\u00e9dekez\u00e9s.<\/p>\n<p>A Pilisi Parkerd\u0151 az orsz\u00e1g egyetlen parkerd\u0151gazdas\u00e1ga, 65 ezer hekt\u00e1rt kezel Pest \u00e9s Kom\u00e1rom-Esztergom megy\u00e9ben a Gerecse, a Pilis, a Visegr\u00e1di \u00e9s a Budai-hegys\u00e9g, a G\u00f6d\u00f6ll\u0151i-dombs\u00e1g, valamint a Csepeli-s\u00edks\u00e1g ter\u00fclet\u00e9n. A t\u00e1rsas\u00e1g kezel\u00e9s\u00e9ben l\u00e9v\u0151 erd\u0151ket \u00e9vente mintegy h\u00faszmilli\u00f3nyian l\u00e1togatj\u00e1k.<\/p>\n<p><em>Forr\u00e1s: MTI<br \/>\nFot\u00f3: jap\u00e1nkeser\u0171f\u0171<\/em><\/p>\n","protected":false},"excerpt":{"rendered":"<p>Erd\u00e9szek \u00e9s term\u00e9szetv\u00e9d\u0151k k\u00f6z\u00f6sen l\u00e9pnek fel a Pilisi Parkerd\u0151 term\u00e9szetes \u00e9l\u0151helyeit vesz\u00e9lyeztet\u0151 inv\u00e1zi\u00f3s fajok ellen: a Pilisi Parkerd\u0151 Zrt. Pilismar\u00f3ti \u00e9s Visegr\u00e1di Erd\u00e9szet\u00e9nek szakemberei a jap\u00e1nkeser\u0171f\u0171 \u00e9s a selyemk\u00f3r\u00f3 visszaszor\u00edt\u00e1s\u00e1ra koncentr\u00e1lnak. Az erd\u0151k sz\u00e9l\u00e9t ellep\u0151 jap\u00e1nkeser\u0171f\u0171 \u00e9s a selyemk\u00f3r\u00f3 egyedeit visszav\u00e1g\u00e1suk mellett a n\u00f6v\u00e9ny t\u00f6v\u00e9be adott injekci\u00f3s kezel\u00e9ssel \u00e9s lev\u00e9len \u00e1t felsz\u00edv\u00f3d\u00f3 vegyszerekkel igyekeznek visszaszor\u00edtani<\/p>\n","protected":false},"author":1,"featured_media":12674,"comment_status":"closed","ping_status":"closed","sticky":false,"template":"","format":"standard","meta":{"ngg_post_thumbnail":0,"footnotes":""},"categories":[3],"tags":[2350,3078,3076,122,3077,2735],"class_list":{"0":"post-12673","1":"post","2":"type-post","3":"status-publish","4":"format-standard","5":"has-post-thumbnail","7":"category-hirek","8":"tag-gerecse","9":"tag-invazios-fajok","10":"tag-japankeserufu","11":"tag-pilisi-parkerdo","12":"tag-selyemkoro","13":"tag-vedekezes"},"yoast_head":"<!-- This site is optimized with the Yoast SEO plugin v27.4 - https:\/\/yoast.com\/product\/yoast-seo-wordpress\/ -->\n<title>Inv\u00e1zi\u00f3s fajok ellen v\u00e9dekeznek a Pilisi Parkerd\u0151ben<\/title>\n<meta name=\"robots\" content=\"index, follow, max-snippet:-1, max-image-preview:large, max-video-preview:-1\" \/>\n<link rel=\"canonical\" href=\"https:\/\/dorogimedence.hu\/index.php\/2018\/10\/09\/invazios-fajok-ellen-vedekeznek-a-pilisi-parkerdoben\/\" class=\"yoast-seo-meta-tag\" \/>\n<meta property=\"og:locale\" content=\"hu_HU\" class=\"yoast-seo-meta-tag\" \/>\n<meta property=\"og:type\" content=\"article\" class=\"yoast-seo-meta-tag\" \/>\n<meta property=\"og:title\" content=\"Inv\u00e1zi\u00f3s fajok ellen v\u00e9dekeznek a Pilisi Parkerd\u0151ben\" class=\"yoast-seo-meta-tag\" \/>\n<meta property=\"og:description\" content=\"Erd\u00e9szek \u00e9s term\u00e9szetv\u00e9d\u0151k k\u00f6z\u00f6sen l\u00e9pnek fel a Pilisi Parkerd\u0151 term\u00e9szetes \u00e9l\u0151helyeit vesz\u00e9lyeztet\u0151 inv\u00e1zi\u00f3s fajok ellen: a Pilisi Parkerd\u0151 Zrt. Pilismar\u00f3ti \u00e9s Visegr\u00e1di Erd\u00e9szet\u00e9nek szakemberei a jap\u00e1nkeser\u0171f\u0171 \u00e9s a selyemk\u00f3r\u00f3 visszaszor\u00edt\u00e1s\u00e1ra koncentr\u00e1lnak. Az erd\u0151k sz\u00e9l\u00e9t ellep\u0151 jap\u00e1nkeser\u0171f\u0171 \u00e9s a selyemk\u00f3r\u00f3 egyedeit visszav\u00e1g\u00e1suk mellett a n\u00f6v\u00e9ny t\u00f6v\u00e9be adott injekci\u00f3s kezel\u00e9ssel \u00e9s lev\u00e9len \u00e1t felsz\u00edv\u00f3d\u00f3 vegyszerekkel igyekeznek visszaszor\u00edtani\" class=\"yoast-seo-meta-tag\" \/>\n<meta property=\"og:url\" content=\"https:\/\/dorogimedence.hu\/index.php\/2018\/10\/09\/invazios-fajok-ellen-vedekeznek-a-pilisi-parkerdoben\/\" class=\"yoast-seo-meta-tag\" \/>\n<meta property=\"og:site_name\" content=\"Dorogi-medence Region\u00e1lis H\u00edrport\u00e1l\" class=\"yoast-seo-meta-tag\" \/>\n<meta property=\"article:publisher\" content=\"https:\/\/www.facebook.com\/dorogimedence\/\" class=\"yoast-seo-meta-tag\" \/>\n<meta property=\"article:published_time\" content=\"2018-10-09T12:05:33+00:00\" class=\"yoast-seo-meta-tag\" \/>\n<meta property=\"og:image\" content=\"https:\/\/i0.wp.com\/dorogimedence.hu\/wp-content\/uploads\/2018\/10\/japankeserufu.jpg?fit=670%2C365&ssl=1\" class=\"yoast-seo-meta-tag\" \/>\n\t<meta property=\"og:image:width\" content=\"670\" class=\"yoast-seo-meta-tag\" \/>\n\t<meta property=\"og:image:height\" content=\"365\" class=\"yoast-seo-meta-tag\" \/>\n\t<meta property=\"og:image:type\" content=\"image\/jpeg\" class=\"yoast-seo-meta-tag\" \/>\n<meta name=\"author\" content=\"dorogimedence.hu\" class=\"yoast-seo-meta-tag\" \/>\n<meta name=\"twitter:card\" content=\"summary_large_image\" class=\"yoast-seo-meta-tag\" \/>\n<meta name=\"twitter:label1\" content=\"Szerz\u0151:\" class=\"yoast-seo-meta-tag\" \/>\n\t<meta name=\"twitter:data1\" content=\"dorogimedence.hu\" class=\"yoast-seo-meta-tag\" \/>\n\t<meta name=\"twitter:label2\" content=\"Becs\u00fclt olvas\u00e1si id\u0151\" class=\"yoast-seo-meta-tag\" \/>\n\t<meta name=\"twitter:data2\" content=\"2 perc\" class=\"yoast-seo-meta-tag\" \/>\n<script type=\"application\/ld+json\" class=\"yoast-schema-graph\">{\"@context\":\"https:\\\/\\\/schema.org\",\"@graph\":[{\"@type\":\"Article\",\"@id\":\"https:\\\/\\\/dorogimedence.hu\\\/index.php\\\/2018\\\/10\\\/09\\\/invazios-fajok-ellen-vedekeznek-a-pilisi-parkerdoben\\\/#article\",\"isPartOf\":{\"@id\":\"https:\\\/\\\/dorogimedence.hu\\\/index.php\\\/2018\\\/10\\\/09\\\/invazios-fajok-ellen-vedekeznek-a-pilisi-parkerdoben\\\/\"},\"author\":{\"name\":\"dorogimedence.hu\",\"@id\":\"https:\\\/\\\/dorogimedence.hu\\\/#\\\/schema\\\/person\\\/ce6091eeb7e95ecdc87890d6aa8e0fd4\"},\"headline\":\"Inv\u00e1zi\u00f3s fajok ellen v\u00e9dekeznek a Pilisi Parkerd\u0151ben\",\"datePublished\":\"2018-10-09T12:05:33+00:00\",\"mainEntityOfPage\":{\"@id\":\"https:\\\/\\\/dorogimedence.hu\\\/index.php\\\/2018\\\/10\\\/09\\\/invazios-fajok-ellen-vedekeznek-a-pilisi-parkerdoben\\\/\"},\"wordCount\":470,\"publisher\":{\"@id\":\"https:\\\/\\\/dorogimedence.hu\\\/#organization\"},\"image\":{\"@id\":\"https:\\\/\\\/dorogimedence.hu\\\/index.php\\\/2018\\\/10\\\/09\\\/invazios-fajok-ellen-vedekeznek-a-pilisi-parkerdoben\\\/#primaryimage\"},\"thumbnailUrl\":\"https:\\\/\\\/dorogimedence.hu\\\/wp-content\\\/uploads\\\/2018\\\/10\\\/japankeserufu.jpg\",\"keywords\":[\"Gerecse\",\"inv\u00e1zi\u00f3s fajok\",\"jap\u00e1nkeser\u0171f\u0171\",\"Pilisi Parkerd\u0151\",\"selyemk\u00f3r\u00f3\",\"v\u00e9dekez\u00e9s\"],\"articleSection\":[\"H\u00edrek\"],\"inLanguage\":\"hu\"},{\"@type\":\"WebPage\",\"@id\":\"https:\\\/\\\/dorogimedence.hu\\\/index.php\\\/2018\\\/10\\\/09\\\/invazios-fajok-ellen-vedekeznek-a-pilisi-parkerdoben\\\/\",\"url\":\"https:\\\/\\\/dorogimedence.hu\\\/index.php\\\/2018\\\/10\\\/09\\\/invazios-fajok-ellen-vedekeznek-a-pilisi-parkerdoben\\\/\",\"name\":\"Inv\u00e1zi\u00f3s fajok ellen v\u00e9dekeznek a Pilisi Parkerd\u0151ben\",\"isPartOf\":{\"@id\":\"https:\\\/\\\/dorogimedence.hu\\\/#website\"},\"primaryImageOfPage\":{\"@id\":\"https:\\\/\\\/dorogimedence.hu\\\/index.php\\\/2018\\\/10\\\/09\\\/invazios-fajok-ellen-vedekeznek-a-pilisi-parkerdoben\\\/#primaryimage\"},\"image\":{\"@id\":\"https:\\\/\\\/dorogimedence.hu\\\/index.php\\\/2018\\\/10\\\/09\\\/invazios-fajok-ellen-vedekeznek-a-pilisi-parkerdoben\\\/#primaryimage\"},\"thumbnailUrl\":\"https:\\\/\\\/dorogimedence.hu\\\/wp-content\\\/uploads\\\/2018\\\/10\\\/japankeserufu.jpg\",\"datePublished\":\"2018-10-09T12:05:33+00:00\",\"breadcrumb\":{\"@id\":\"https:\\\/\\\/dorogimedence.hu\\\/index.php\\\/2018\\\/10\\\/09\\\/invazios-fajok-ellen-vedekeznek-a-pilisi-parkerdoben\\\/#breadcrumb\"},\"inLanguage\":\"hu\",\"potentialAction\":[{\"@type\":\"ReadAction\",\"target\":[\"https:\\\/\\\/dorogimedence.hu\\\/index.php\\\/2018\\\/10\\\/09\\\/invazios-fajok-ellen-vedekeznek-a-pilisi-parkerdoben\\\/\"]}]},{\"@type\":\"ImageObject\",\"inLanguage\":\"hu\",\"@id\":\"https:\\\/\\\/dorogimedence.hu\\\/index.php\\\/2018\\\/10\\\/09\\\/invazios-fajok-ellen-vedekeznek-a-pilisi-parkerdoben\\\/#primaryimage\",\"url\":\"https:\\\/\\\/dorogimedence.hu\\\/wp-content\\\/uploads\\\/2018\\\/10\\\/japankeserufu.jpg\",\"contentUrl\":\"https:\\\/\\\/dorogimedence.hu\\\/wp-content\\\/uploads\\\/2018\\\/10\\\/japankeserufu.jpg\",\"width\":670,\"height\":365},{\"@type\":\"BreadcrumbList\",\"@id\":\"https:\\\/\\\/dorogimedence.hu\\\/index.php\\\/2018\\\/10\\\/09\\\/invazios-fajok-ellen-vedekeznek-a-pilisi-parkerdoben\\\/#breadcrumb\",\"itemListElement\":[{\"@type\":\"ListItem\",\"position\":1,\"name\":\"Kezd\u0151lap\",\"item\":\"https:\\\/\\\/dorogimedence.hu\\\/\"},{\"@type\":\"ListItem\",\"position\":2,\"name\":\"Inv\u00e1zi\u00f3s fajok ellen v\u00e9dekeznek a Pilisi Parkerd\u0151ben\"}]},{\"@type\":\"WebSite\",\"@id\":\"https:\\\/\\\/dorogimedence.hu\\\/#website\",\"url\":\"https:\\\/\\\/dorogimedence.hu\\\/\",\"name\":\"Dorogi-medence Region\u00e1lis H\u00edrport\u00e1l\",\"description\":\"Dorog, Keszt\u00f6lc, Le\u00e1nyv\u00e1r, Piliscs\u00e9v, Tokod, Tokodalt\u00e1r\u00f3, Csolnok, Esztergom-kertv\u00e1ros: h\u00edrek, programok\",\"publisher\":{\"@id\":\"https:\\\/\\\/dorogimedence.hu\\\/#organization\"},\"potentialAction\":[{\"@type\":\"SearchAction\",\"target\":{\"@type\":\"EntryPoint\",\"urlTemplate\":\"https:\\\/\\\/dorogimedence.hu\\\/?s={search_term_string}\"},\"query-input\":{\"@type\":\"PropertyValueSpecification\",\"valueRequired\":true,\"valueName\":\"search_term_string\"}}],\"inLanguage\":\"hu\"},{\"@type\":\"Organization\",\"@id\":\"https:\\\/\\\/dorogimedence.hu\\\/#organization\",\"name\":\"Dorogi-medence Region\u00e1lis H\u00edrport\u00e1l\",\"url\":\"https:\\\/\\\/dorogimedence.hu\\\/\",\"logo\":{\"@type\":\"ImageObject\",\"inLanguage\":\"hu\",\"@id\":\"https:\\\/\\\/dorogimedence.hu\\\/#\\\/schema\\\/logo\\\/image\\\/\",\"url\":\"https:\\\/\\\/dorogimedence.hu\\\/wp-content\\\/uploads\\\/2021\\\/04\\\/logo-feher-600.png\",\"contentUrl\":\"https:\\\/\\\/dorogimedence.hu\\\/wp-content\\\/uploads\\\/2021\\\/04\\\/logo-feher-600.png\",\"width\":600,\"height\":100,\"caption\":\"Dorogi-medence Region\u00e1lis H\u00edrport\u00e1l\"},\"image\":{\"@id\":\"https:\\\/\\\/dorogimedence.hu\\\/#\\\/schema\\\/logo\\\/image\\\/\"},\"sameAs\":[\"https:\\\/\\\/www.facebook.com\\\/dorogimedence\\\/\"]},{\"@type\":\"Person\",\"@id\":\"https:\\\/\\\/dorogimedence.hu\\\/#\\\/schema\\\/person\\\/ce6091eeb7e95ecdc87890d6aa8e0fd4\",\"name\":\"dorogimedence.hu\",\"image\":{\"@type\":\"ImageObject\",\"inLanguage\":\"hu\",\"@id\":\"\\\/\\\/www.gravatar.com\\\/avatar\\\/d8d45f8901aadff40a4af72c0b826f1d?s=96&#038;r=g&#038;d=mm\",\"url\":\"\\\/\\\/www.gravatar.com\\\/avatar\\\/d8d45f8901aadff40a4af72c0b826f1d?s=96&#038;r=g&#038;d=mm\",\"contentUrl\":\"\\\/\\\/www.gravatar.com\\\/avatar\\\/d8d45f8901aadff40a4af72c0b826f1d?s=96&#038;r=g&#038;d=mm\",\"caption\":\"dorogimedence.hu\"}}]}<\/script>\n<!-- \/ Yoast SEO plugin. -->","yoast_head_json":{"title":"Inv\u00e1zi\u00f3s fajok ellen v\u00e9dekeznek a Pilisi Parkerd\u0151ben","robots":{"index":"index","follow":"follow","max-snippet":"max-snippet:-1","max-image-preview":"max-image-preview:large","max-video-preview":"max-video-preview:-1"},"canonical":"https:\/\/dorogimedence.hu\/index.php\/2018\/10\/09\/invazios-fajok-ellen-vedekeznek-a-pilisi-parkerdoben\/","og_locale":"hu_HU","og_type":"article","og_title":"Inv\u00e1zi\u00f3s fajok ellen v\u00e9dekeznek a Pilisi Parkerd\u0151ben","og_description":"Erd\u00e9szek \u00e9s term\u00e9szetv\u00e9d\u0151k k\u00f6z\u00f6sen l\u00e9pnek fel a Pilisi Parkerd\u0151 term\u00e9szetes \u00e9l\u0151helyeit vesz\u00e9lyeztet\u0151 inv\u00e1zi\u00f3s fajok ellen: a Pilisi Parkerd\u0151 Zrt. Pilismar\u00f3ti \u00e9s Visegr\u00e1di Erd\u00e9szet\u00e9nek szakemberei a jap\u00e1nkeser\u0171f\u0171 \u00e9s a selyemk\u00f3r\u00f3 visszaszor\u00edt\u00e1s\u00e1ra koncentr\u00e1lnak. Az erd\u0151k sz\u00e9l\u00e9t ellep\u0151 jap\u00e1nkeser\u0171f\u0171 \u00e9s a selyemk\u00f3r\u00f3 egyedeit visszav\u00e1g\u00e1suk mellett a n\u00f6v\u00e9ny t\u00f6v\u00e9be adott injekci\u00f3s kezel\u00e9ssel \u00e9s lev\u00e9len \u00e1t felsz\u00edv\u00f3d\u00f3 vegyszerekkel igyekeznek visszaszor\u00edtani","og_url":"https:\/\/dorogimedence.hu\/index.php\/2018\/10\/09\/invazios-fajok-ellen-vedekeznek-a-pilisi-parkerdoben\/","og_site_name":"Dorogi-medence Region\u00e1lis H\u00edrport\u00e1l","article_publisher":"https:\/\/www.facebook.com\/dorogimedence\/","article_published_time":"2018-10-09T12:05:33+00:00","og_image":[{"width":670,"height":365,"url":"https:\/\/i0.wp.com\/dorogimedence.hu\/wp-content\/uploads\/2018\/10\/japankeserufu.jpg?fit=670%2C365&ssl=1","type":"image\/jpeg"}],"author":"dorogimedence.hu","twitter_card":"summary_large_image","twitter_misc":{"Szerz\u0151:":"dorogimedence.hu","Becs\u00fclt olvas\u00e1si id\u0151":"2 perc"},"schema":{"@context":"https:\/\/schema.org","@graph":[{"@type":"Article","@id":"https:\/\/dorogimedence.hu\/index.php\/2018\/10\/09\/invazios-fajok-ellen-vedekeznek-a-pilisi-parkerdoben\/#article","isPartOf":{"@id":"https:\/\/dorogimedence.hu\/index.php\/2018\/10\/09\/invazios-fajok-ellen-vedekeznek-a-pilisi-parkerdoben\/"},"author":{"name":"dorogimedence.hu","@id":"https:\/\/dorogimedence.hu\/#\/schema\/person\/ce6091eeb7e95ecdc87890d6aa8e0fd4"},"headline":"Inv\u00e1zi\u00f3s fajok ellen v\u00e9dekeznek a Pilisi Parkerd\u0151ben","datePublished":"2018-10-09T12:05:33+00:00","mainEntityOfPage":{"@id":"https:\/\/dorogimedence.hu\/index.php\/2018\/10\/09\/invazios-fajok-ellen-vedekeznek-a-pilisi-parkerdoben\/"},"wordCount":470,"publisher":{"@id":"https:\/\/dorogimedence.hu\/#organization"},"image":{"@id":"https:\/\/dorogimedence.hu\/index.php\/2018\/10\/09\/invazios-fajok-ellen-vedekeznek-a-pilisi-parkerdoben\/#primaryimage"},"thumbnailUrl":"https:\/\/dorogimedence.hu\/wp-content\/uploads\/2018\/10\/japankeserufu.jpg","keywords":["Gerecse","inv\u00e1zi\u00f3s fajok","jap\u00e1nkeser\u0171f\u0171","Pilisi Parkerd\u0151","selyemk\u00f3r\u00f3","v\u00e9dekez\u00e9s"],"articleSection":["H\u00edrek"],"inLanguage":"hu"},{"@type":"WebPage","@id":"https:\/\/dorogimedence.hu\/index.php\/2018\/10\/09\/invazios-fajok-ellen-vedekeznek-a-pilisi-parkerdoben\/","url":"https:\/\/dorogimedence.hu\/index.php\/2018\/10\/09\/invazios-fajok-ellen-vedekeznek-a-pilisi-parkerdoben\/","name":"Inv\u00e1zi\u00f3s fajok ellen v\u00e9dekeznek a Pilisi Parkerd\u0151ben","isPartOf":{"@id":"https:\/\/dorogimedence.hu\/#website"},"primaryImageOfPage":{"@id":"https:\/\/dorogimedence.hu\/index.php\/2018\/10\/09\/invazios-fajok-ellen-vedekeznek-a-pilisi-parkerdoben\/#primaryimage"},"image":{"@id":"https:\/\/dorogimedence.hu\/index.php\/2018\/10\/09\/invazios-fajok-ellen-vedekeznek-a-pilisi-parkerdoben\/#primaryimage"},"thumbnailUrl":"https:\/\/dorogimedence.hu\/wp-content\/uploads\/2018\/10\/japankeserufu.jpg","datePublished":"2018-10-09T12:05:33+00:00","breadcrumb":{"@id":"https:\/\/dorogimedence.hu\/index.php\/2018\/10\/09\/invazios-fajok-ellen-vedekeznek-a-pilisi-parkerdoben\/#breadcrumb"},"inLanguage":"hu","potentialAction":[{"@type":"ReadAction","target":["https:\/\/dorogimedence.hu\/index.php\/2018\/10\/09\/invazios-fajok-ellen-vedekeznek-a-pilisi-parkerdoben\/"]}]},{"@type":"ImageObject","inLanguage":"hu","@id":"https:\/\/dorogimedence.hu\/index.php\/2018\/10\/09\/invazios-fajok-ellen-vedekeznek-a-pilisi-parkerdoben\/#primaryimage","url":"https:\/\/dorogimedence.hu\/wp-content\/uploads\/2018\/10\/japankeserufu.jpg","contentUrl":"https:\/\/dorogimedence.hu\/wp-content\/uploads\/2018\/10\/japankeserufu.jpg","width":670,"height":365},{"@type":"BreadcrumbList","@id":"https:\/\/dorogimedence.hu\/index.php\/2018\/10\/09\/invazios-fajok-ellen-vedekeznek-a-pilisi-parkerdoben\/#breadcrumb","itemListElement":[{"@type":"ListItem","position":1,"name":"Kezd\u0151lap","item":"https:\/\/dorogimedence.hu\/"},{"@type":"ListItem","position":2,"name":"Inv\u00e1zi\u00f3s fajok ellen v\u00e9dekeznek a Pilisi Parkerd\u0151ben"}]},{"@type":"WebSite","@id":"https:\/\/dorogimedence.hu\/#website","url":"https:\/\/dorogimedence.hu\/","name":"Dorogi-medence Region\u00e1lis H\u00edrport\u00e1l","description":"Dorog, Keszt\u00f6lc, Le\u00e1nyv\u00e1r, Piliscs\u00e9v, Tokod, Tokodalt\u00e1r\u00f3, Csolnok, Esztergom-kertv\u00e1ros: h\u00edrek, programok","publisher":{"@id":"https:\/\/dorogimedence.hu\/#organization"},"potentialAction":[{"@type":"SearchAction","target":{"@type":"EntryPoint","urlTemplate":"https:\/\/dorogimedence.hu\/?s={search_term_string}"},"query-input":{"@type":"PropertyValueSpecification","valueRequired":true,"valueName":"search_term_string"}}],"inLanguage":"hu"},{"@type":"Organization","@id":"https:\/\/dorogimedence.hu\/#organization","name":"Dorogi-medence Region\u00e1lis H\u00edrport\u00e1l","url":"https:\/\/dorogimedence.hu\/","logo":{"@type":"ImageObject","inLanguage":"hu","@id":"https:\/\/dorogimedence.hu\/#\/schema\/logo\/image\/","url":"https:\/\/dorogimedence.hu\/wp-content\/uploads\/2021\/04\/logo-feher-600.png","contentUrl":"https:\/\/dorogimedence.hu\/wp-content\/uploads\/2021\/04\/logo-feher-600.png","width":600,"height":100,"caption":"Dorogi-medence Region\u00e1lis H\u00edrport\u00e1l"},"image":{"@id":"https:\/\/dorogimedence.hu\/#\/schema\/logo\/image\/"},"sameAs":["https:\/\/www.facebook.com\/dorogimedence\/"]},{"@type":"Person","@id":"https:\/\/dorogimedence.hu\/#\/schema\/person\/ce6091eeb7e95ecdc87890d6aa8e0fd4","name":"dorogimedence.hu","image":{"@type":"ImageObject","inLanguage":"hu","@id":"\/\/www.gravatar.com\/avatar\/d8d45f8901aadff40a4af72c0b826f1d?s=96&#038;r=g&#038;d=mm","url":"\/\/www.gravatar.com\/avatar\/d8d45f8901aadff40a4af72c0b826f1d?s=96&#038;r=g&#038;d=mm","contentUrl":"\/\/www.gravatar.com\/avatar\/d8d45f8901aadff40a4af72c0b826f1d?s=96&#038;r=g&#038;d=mm","caption":"dorogimedence.hu"}}]}},"_links":{"self":[{"href":"https:\/\/dorogimedence.hu\/index.php\/wp-json\/wp\/v2\/posts\/12673","targetHints":{"allow":["GET"]}}],"collection":[{"href":"https:\/\/dorogimedence.hu\/index.php\/wp-json\/wp\/v2\/posts"}],"about":[{"href":"https:\/\/dorogimedence.hu\/index.php\/wp-json\/wp\/v2\/types\/post"}],"author":[{"embeddable":true,"href":"https:\/\/dorogimedence.hu\/index.php\/wp-json\/wp\/v2\/users\/1"}],"replies":[{"embeddable":true,"href":"https:\/\/dorogimedence.hu\/index.php\/wp-json\/wp\/v2\/comments?post=12673"}],"version-history":[{"count":0,"href":"https:\/\/dorogimedence.hu\/index.php\/wp-json\/wp\/v2\/posts\/12673\/revisions"}],"wp:featuredmedia":[{"embeddable":true,"href":"https:\/\/dorogimedence.hu\/index.php\/wp-json\/wp\/v2\/media\/12674"}],"wp:attachment":[{"href":"https:\/\/dorogimedence.hu\/index.php\/wp-json\/wp\/v2\/media?parent=12673"}],"wp:term":[{"taxonomy":"category","embeddable":true,"href":"https:\/\/dorogimedence.hu\/index.php\/wp-json\/wp\/v2\/categories?post=12673"},{"taxonomy":"post_tag","embeddable":true,"href":"https:\/\/dorogimedence.hu\/index.php\/wp-json\/wp\/v2\/tags?post=12673"}],"curies":[{"name":"wp","href":"https:\/\/api.w.org\/{rel}","templated":true}]}}