{"id":12585,"date":"2018-10-03T06:12:40","date_gmt":"2018-10-03T04:12:40","guid":{"rendered":"http:\/\/dorogimedence.hu\/?p=12585"},"modified":"2018-10-03T06:12:40","modified_gmt":"2018-10-03T04:12:40","slug":"pal-feri-eloadasara-megtelt-az-esztergomi-konyvtar","status":"publish","type":"post","link":"https:\/\/dorogimedence.hu\/index.php\/2018\/10\/03\/pal-feri-eloadasara-megtelt-az-esztergomi-konyvtar\/","title":{"rendered":"P\u00e1l Feri el\u0151ad\u00e1s\u00e1ra megtelt az esztergomi k\u00f6nyvt\u00e1r"},"content":{"rendered":"<p><strong>Az Esztergomi Helischer J\u00f3zsef V\u00e1rosi K\u00f6nyvt\u00e1r okt\u00f3ber 1-jei, h\u00e9tf\u0151i el\u0151ad\u00f3ja P\u00e1l Feri volt.<\/strong><\/p>\n<p>\u201eA kommunik\u00e1ci\u00f3 tartalm\u00e1t mindig a befogad\u00f3 f\u00e9l hat\u00e1rozza meg. Nem sz\u00e1m\u00edt, hogy mit mond az el\u0151ad\u00f3, az sz\u00e1m\u00edt, mit fogadunk be abb\u00f3l. Mindenki arra v\u00e1laszol, amit kihall a besz\u00e9db\u0151l. Az a rendk\u00edv\u00fcli, ha meg\u00e9rtj\u00fck egym\u00e1st\u201d \u2013 vezette be el\u0151ad\u00e1s\u00e1t h\u00e9tf\u0151n a k\u00f6nyvt\u00e1rban a rendk\u00edv\u00fcl n\u00e9pszer\u0171 pap, ment\u00e1lhigi\u00e9n\u00e9s szakember: P\u00e1l Feri, \u00e9s igen izgalmas t\u00e9mak\u00f6rt \u00e9rintett: a kommunik\u00e1ci\u00f3 \u00e9s stressz ter\u00fclet\u00e9re kalandoztunk. N\u00e9pszer\u0171s\u00e9g\u00e9t bizony\u00edtja, hogy mintegy 250 f\u0151 hallgatta szavait, s m\u00e9g t\u00f6bben is lettek volna, ha bef\u00e9rnek a k\u00f6nyvt\u00e1rba, ahol egy gombost\u0171t nem lehetett leejteni okt\u00f3ber 1-\u00e9n.<\/p>\n<p>P\u00e1l Feri Budapesten sz\u00fcletett 1966-ban. Fiatalkor\u00e1ban akt\u00edv, k\u00e9s\u0151bb f\u0151\u00e1ll\u00e1s\u00fa sportol\u00f3 volt a Budapesti Vasasn\u00e1l. Volt v\u00e1logatott kerettag, 1987-ben feln\u0151tt magyar magasugr\u00f3 bajnoks\u00e1got nyert. 1996. j\u00fanius 15-\u00e9n szentelt\u00e9k papp\u00e1 Esztergomban. Szentel\u00e9se ut\u00e1n el\u0151bb k\u00e1pl\u00e1nk\u00e9nt szolg\u00e1lt Ter\u00e9zv\u00e1rosban, majd R\u00e1koskereszt\u00faron, 2002-t\u0151l pl\u00e9b\u00e1nosk\u00e9nt \u00d3bud\u00e1n. 2011-t\u0151l pl\u00e9b\u00e1noshelyettes Angyalf\u00f6ld\u00f6n. 2005-t\u0151l a SOTE Ment\u00e1lhigi\u00e9n\u00e9 Int\u00e9zet munkat\u00e1rsa. 2011. augusztus 20-\u00e1n a Magyar K\u00f6zt\u00e1rsas\u00e1g Arany \u00c9rdemkeresztj\u00e9vel t\u00fcntett\u00e9k ki.<\/p>\n<p>Ma m\u00e1r legend\u00e1s el\u0151ad\u00e1sai 2000 \u0151sz\u00e9n kezd\u0151dtek egy b\u00e9relt f\u0151v\u00e1rosi teremben, majd 2001-2011 k\u00f6z\u00f6tt a P\u00e1zm\u00e1ny P\u00e9ter Katolikus Egyetem Jog- \u00e9s \u00c1llamtudom\u00e1nyi Kar\u00e1n folytat\u00f3dtak. 2011-t\u0151l a Millen\u00e1ris Te\u00e1truma adott otthont az el\u0151ad\u00e1soknak, jelenleg pedig a MOM Kultur\u00e1lis K\u00f6zpontban zajlanak az alkalmak. Hanganyaguk a r\u00e9sztvev\u0151k k\u00f6z\u00f6tt kor\u00e1bban k\u00e9zr\u0151l k\u00e9zre terjedt, majd 2008 v\u00e9g\u00e9t\u0151l az interneten is el\u00e9rhet\u0151v\u00e9 v\u00e1lt.<\/p>\n<p>P\u00e1l Ferenc katolikus papk\u00e9nt is fontosnak tartja, hogy az el\u0151ad\u00e1sai mindenkihez sz\u00f3lhassanak: b\u00e1rki r\u00e9szt vehet rajtuk, nem kell semmilyen vall\u00e1si, ideol\u00f3giai elv\u00e1r\u00e1snak megfelelnie, el\u00e9g a hallgat\u00f3 nyitotts\u00e1ga. El\u0151ad\u00e1saira jellemz\u0151 egyr\u00e9szt a struktur\u00e1lts\u00e1g \u00e9s az \u00e9rintett szakirodalom intenz\u00edv haszn\u00e1lata, valamint a stand-up comedyb\u0151l ismert k\u00f6zvetlen, gyakran csapong\u00f3, humoros t\u00f6rt\u00e9netek mes\u00e9l\u00e9s\u00e9re is \u00e9p\u00edt\u0151 st\u00edlus. A heti el\u0151ad\u00e1sok hallgat\u00f3inak sz\u00e1ma 2011-re alkalmank\u00e9nt meghaladta az ezer f\u0151t, s a r\u00e9sztvev\u0151k k\u00f6r\u00e9ben spont\u00e1n k\u00f6z\u00f6ss\u00e9gszervez\u00e9s kezd\u0151d\u00f6tt.<\/p>\n<p><img fetchpriority=\"high\" decoding=\"async\" class=\"alignnone size-full wp-image-12587\" src=\"https:\/\/dorogimedence.hu\/wp-content\/uploads\/2018\/10\/palferi-02.jpg\" alt=\"\" width=\"670\" height=\"365\" srcset=\"https:\/\/dorogimedence.hu\/wp-content\/uploads\/2018\/10\/palferi-02.jpg 670w, https:\/\/dorogimedence.hu\/wp-content\/uploads\/2018\/10\/palferi-02-300x163.jpg 300w\" sizes=\"(max-width: 670px) 100vw, 670px\" \/><\/p>\n<p>El\u0151ad\u00e1s\u00e1ban elmondta, hogy a kommunik\u00e1ci\u00f3 tartalm\u00e1t mindig a befogad\u00f3 f\u00e9l hat\u00e1rozza meg. Nem sz\u00e1m\u00edt, hogy mit mond az el\u0151ad\u00f3, az sz\u00e1m\u00edt, mit fogadunk be abb\u00f3l. Mindenki arra v\u00e1laszol, amit kihall a besz\u00e9db\u0151l. Az a rendk\u00edv\u00fcli, ha meg\u00e9rtj\u00fck egym\u00e1st \u2013 hallhattuk.<\/p>\n<p>A kommunik\u00e1ci\u00f3 alapszintje az informat\u00edv szint. P\u00e1l Feri szeml\u00e9ltet\u00e9sk\u00e9nt a f\u00e9rfi-n\u0151 kapcsolatot vette alapul. P\u00e9ld\u00e1ul: a feles\u00e9g otthon v\u00e1rja a f\u00e9rjet, aki este 8 \u00f3r\u00e1ra \u00edg\u00e9rte hazat\u00e9rt\u00e9t, \u00e1m m\u00e9g 11 \u00f3rakor sincs otthon. A feles\u00e9g elszenderedik, \u00e9s arra \u00e9bred, hogy bel\u00e9p a f\u00e9rje. Azt k\u00e9rdezi: \u201eH\u00e1ny \u00f3ra van?\u201d Ezt a k\u00e9rd\u00e9st sokf\u00e9lek\u00e9ppen lehet hangs\u00falyozni: szomor\u00faan, d\u00fch\u00f6sen, ijedten, f\u00e9lve, \u00f6r\u00f6mmel vagy melegs\u00e9ggel.<\/p>\n<p>A m\u00e1sodik szint az \u00e9rzelmi szint. Ezeket is kommunik\u00e1ljuk. A szeretet \u00e9rz\u00e9s\u00e9t az \u00f6sszetartoz\u00e1s \u00e9rzete kelti. Ha valaki nem megy bele az \u00e9rzelmi kommunik\u00e1ci\u00f3ba, az is kommunik\u00e1ci\u00f3. P\u00e9ld\u00e1ul: \u201eMi bajod van?\u201d\u00a0 \u201eSemmi!\u201d S\u00e9rt\u0151d\u00e9s van, besz\u00e9lget\u00e9s nincs.<\/p>\n<p>A harmadik szint a kapcsolati \u00fczenetek\u00e9.\u00a0 Ez esetben annak kell kider\u00fclnie, ki mennyire sz\u00e1m\u00edt a m\u00e1siknak. Tud-e sz\u00e1nni r\u00e1 k\u00e9t percet, hogy \u00e9rtes\u00edtse valahogy, amikor k\u00e9sik.<\/p>\n<p>A kommunik\u00e1ci\u00f3ban val\u00f3 viselked\u00e9s magyar\u00e1zata: amikor a f\u00e9rfi nem akar valamire v\u00e1laszolni, \u201ef\u00e1radt vagyok\u201d-kal fejezi ki, hogy hagyj\u00e1k \u0151t b\u00e9k\u00e9n, ezt nevezik \u201eEL\u201d viselked\u00e9snek. Ha t\u00e1mad\u00f3lag l\u00e9p fel, p\u00e9ld\u00e1ul \u201eMost sz\u00f3rakozol velem? Mit tudsz te az \u00e9n napomr\u00f3l egy\u00e1ltal\u00e1n?\u201d, akkor \u201eELLENE\u201d viselked\u00e9sr\u0151l besz\u00e9l\u00fcnk. \u201eLemer\u00fclt a telefonom, m\u00e9g a benzink\u00faton sem volt megfelel\u0151 t\u00f6lt\u0151. Annyira sajn\u00e1lom, mert nagyon siettem volna haza hozz\u00e1d\u201d ez a \u201eFEL\u00c9\u201d viselked\u00e9si forma. A kapcsolatok min\u0151s\u00e9ge teh\u00e1t az EL, ELLENE \u00e9s FEL\u00c9 ar\u00e1ny\u00e1n m\u00falik. Amikor konfliktus eset\u00e9n \u201eFEL\u00c9\u201d val\u00f3 \u00fczenetet adunk, az egy\u00fcttl\u00e9tet mutat, ez esetben az \u00e9let \u00e9lhet\u0151 lesz egy\u00fctt. Ha a m\u00e1sik kett\u0151 a gyakori, h\u00e1t az \u201ekatasztr\u00f3fa k\u00f6zeli\u201d helyzet.<\/p>\n<p>A stressz kutat\u00e1sokat is \u00e9rdekesen szeml\u00e9ltette P\u00e1l Feri atya. P\u00e9ld\u00e1ja szerint a f\u00e9rfi este 10 \u00f3ra t\u00e1j\u00e1n bambul\u00f3 \u00fczemm\u00f3dban n\u00e9zi a t\u00e9v\u00e9t. Ilyenkor az agy\u00e1nak mind\u00f6ssze 30 sz\u00e1zal\u00e9ka mutat aktivit\u00e1st. Amolyan standby \u00fczemm\u00f3dba ker\u00fcl, \u00e9g a kis piros l\u00e1mpa. Ugyanezt a helyzetet n\u0151k eset\u00e9ben vizsg\u00e1lva: az agy 70 sz\u00e1zal\u00e9kos aktivit\u00e1st mutat. Igen nagy az elt\u00e9r\u00e9s!<\/p>\n<p>A f\u00e9rfi folyamatosan csatorn\u00e1t v\u00e1lt. (A telev\u00edzi\u00f3n.) Az\u00e9rt, mert a 30 sz\u00e1zal\u00e9kos agyi m\u0171k\u00f6d\u00e9se azt az \u00fczenetet adja: itt valami probl\u00e9ma lesz, t\u00f6prengeni kell. Ilyenkor azonnal csatornav\u00e1lt\u00e1s k\u00f6vetkezik.<\/p>\n<p>Az ut\u00e1n, hogy egy f\u00e9rfi stressz hormon szintje megemelkedik, a megnyugv\u00e1s k\u00f6r\u00fclbel\u00fcl 2 \u00f3r\u00e1t ig\u00e9nyel. Az el\u0151z\u0151 k\u00e9s\u00e9s p\u00e9ld\u00e1ra visszautalva: amikor 7 helyett este 11-kor \u00e9rkezik haza a f\u00e9rfi, \u00e9s a n\u0151 csak mondja, mondja, \u0151 ki akar menek\u00fclni a helyzetb\u0151l, ez\u00e9rt r\u00e1tal\u00e1l a h\u0171t\u0151re \u00e9s eszik. A n\u0151 d\u00fch\u00f6sen k\u00e9rdezi: \u201eK\u00e9pes vagy most enni?\u201d Holott a f\u00e9rfi \u00e9ppen ett\u0151l akar lenyugodni.<\/p>\n<p><img decoding=\"async\" class=\"alignnone size-full wp-image-12588\" src=\"https:\/\/dorogimedence.hu\/wp-content\/uploads\/2018\/10\/palferi-03.jpg\" alt=\"\" width=\"670\" height=\"365\" srcset=\"https:\/\/dorogimedence.hu\/wp-content\/uploads\/2018\/10\/palferi-03.jpg 670w, https:\/\/dorogimedence.hu\/wp-content\/uploads\/2018\/10\/palferi-03-300x163.jpg 300w\" sizes=\"(max-width: 670px) 100vw, 670px\" \/><\/p>\n<p>P\u00e1l Feri m\u00e1sik p\u00e9ld\u00e1ja szerint \u201eklasszikus\u201d forgat\u00f3k\u00f6nyv: a f\u00e9rfi tesz-vesz, k\u00f6zben sportk\u00f6zvet\u00edt\u00e9st n\u00e9z, de a n\u0151 besz\u00e9lgetni akar. \u201eM\u00e1r megint azt a rohadt meccset n\u00e9zed?\u201d El\u00e9g durva nyit\u00e1s. Mi j\u00f3 j\u00f6het ki ebb\u0151l? Semmi, tal\u00e1n 10 sz\u00e1zal\u00e9k es\u00e9ly van r\u00e1, hogy norm\u00e1lis v\u00e1laszt kap.<\/p>\n<p>Ismerj\u00fck fel, hogy a kapcsolatokat a n\u0151k tartj\u00e1k elevenen! \u2013 mondta az el\u0151ad\u00f3.\u00a0 Egy kutat\u00e1sban a f\u00e9rfiak viselked\u00e9s\u00e9t vizsg\u00e1lt\u00e1k, \u00e9s az alanyok egy h\u00e9tig csup\u00e1n informat\u00edv szinten t\u00e1rsalogtak egym\u00e1ssal: \u201emi, hol, ki, mennyi stb.\u201d Megesett, hogy a vizsg\u00e1lt alanyok h\u00e1rom napig \u00e9szre sem vett\u00e9k a lecsupasz\u00edtott inform\u00e1ci\u00f3 m\u00f3dot, s mikor a kutat\u00f3 r\u00e1k\u00e9rdezett, nem l\u00e1t-e v\u00e1ltoz\u00e1st, annyit feleltek, \u201enem , csak valami okb\u00f3l olyan nyugi lett&#8230;\u201d<\/p>\n<p>A legnagyobb baj az, hogy magas pulzussz\u00e1mn\u00e1l, stresszhelyzetben az elemz\u0151 \u00e9s t\u00e1j\u00e9koz\u00f3d\u00e1si k\u00e9pess\u00e9g\u00fcnk sem m\u0171k\u00f6dik m\u00e1r.<\/p>\n<p>Hogyan lehet v\u00e1ltoztatni? Ahhoz, hogy a f\u00e9rfiak pulzusa helyre\u00e1lljon, 30 percig eg\u00e9szen m\u00e1st kell csin\u00e1lniuk, mint amit\u0151l felment, hogy lenyugodjanak. De nem szabad d\u00fch\u00f6sen tev\u00e9kenykedni.<\/p>\n<p>\u201eVigy\u00e1zzunk a szavainkra, mert a szavak el\u00e9rik a m\u00e1sik ember sebzett pontj\u00e1t, \u00e9s ez durva stresszhelyzetet produk\u00e1l!\u201d \u2013 tette m\u00e9g hozz\u00e1 az el\u0151ad\u00f3. \u00c9s ez oda-vissza igaz, ilyenkor nincs kompromisszum.<\/p>\n<p>A konfliktusnak direkt megold\u00e1sa azonban nincs, de t\u00f6rekedni kell r\u00e1, hogy a megbecs\u00fcl\u00e9s, az egy\u00fctt\u00e9rz\u00e9s meg tudjon jelenni a kapcsolatban. A kulcs az, hogy helyezz\u00fck biztons\u00e1gba egym\u00e1st \u00e9s magunkat, \u00e9s ne akarjuk egym\u00e1st b\u00e1ntani. De ne legyenek k\u00e9ts\u00e9geink! A konfliktushelyzetek 5 nap m\u00falva \u00fajra megt\u00f6rt\u00e9nnek, \u00e1m kezelj\u00fck azokat szeretettel, meg\u00e9rt\u00e9ssel, \u00e9s akkor a kapcsolatot \u00e9p\u00edtj\u00fck, \u00e9s nem romboljuk \u2013 bocs\u00e1totta \u00fatj\u00e1ra hallgat\u00f3s\u00e1g\u00e1t P\u00e1l Feri atya.<\/p>\n<p>Az el\u0151ad\u00e1son k\u00e9sz\u00fclt k\u00e9peket a k\u00f6nyvt\u00e1r honlapj\u00e1n kereszt\u00fcl a Gal\u00e9ri\u00e1ban tekinthetik meg.<\/p>\n<p><em><strong>H\u00e1mosn\u00e9 Sz\u0151ke Anna<\/strong><\/em><\/p>\n<p><em>Fot\u00f3k: Ny\u00e1ri Andrea<\/em><\/p>\n","protected":false},"excerpt":{"rendered":"<p>Az Esztergomi Helischer J\u00f3zsef V\u00e1rosi K\u00f6nyvt\u00e1r okt\u00f3ber 1-jei, h\u00e9tf\u0151i el\u0151ad\u00f3ja P\u00e1l Feri volt. \u201eA kommunik\u00e1ci\u00f3 tartalm\u00e1t mindig a befogad\u00f3 f\u00e9l hat\u00e1rozza meg. Nem sz\u00e1m\u00edt, hogy mit mond az el\u0151ad\u00f3, az sz\u00e1m\u00edt, mit fogadunk be abb\u00f3l. Mindenki arra v\u00e1laszol, amit kihall a besz\u00e9db\u0151l. Az a rendk\u00edv\u00fcli, ha meg\u00e9rtj\u00fck egym\u00e1st\u201d \u2013 vezette be el\u0151ad\u00e1s\u00e1t h\u00e9tf\u0151n a k\u00f6nyvt\u00e1rban<\/p>\n","protected":false},"author":1,"featured_media":12586,"comment_status":"closed","ping_status":"closed","sticky":false,"template":"","format":"standard","meta":{"ngg_post_thumbnail":0,"footnotes":""},"categories":[38,3],"tags":[42,1609,144,1074,3062],"class_list":{"0":"post-12585","1":"post","2":"type-post","3":"status-publish","4":"format-standard","5":"has-post-thumbnail","7":"category-esztergom","8":"category-hirek","9":"tag-esztergom","10":"tag-esztergomi-konyvtar","11":"tag-konyvtar","12":"tag-konyvtari-beszelgetesek","13":"tag-pal-feri"},"yoast_head":"<!-- This site is optimized with the Yoast SEO plugin v27.5 - https:\/\/yoast.com\/product\/yoast-seo-wordpress\/ -->\n<title>P\u00e1l Feri el\u0151ad\u00e1s\u00e1ra megtelt az esztergomi k\u00f6nyvt\u00e1r<\/title>\n<meta name=\"robots\" content=\"index, follow, max-snippet:-1, max-image-preview:large, max-video-preview:-1\" \/>\n<link rel=\"canonical\" href=\"https:\/\/dorogimedence.hu\/index.php\/2018\/10\/03\/pal-feri-eloadasara-megtelt-az-esztergomi-konyvtar\/\" class=\"yoast-seo-meta-tag\" \/>\n<meta property=\"og:locale\" content=\"hu_HU\" class=\"yoast-seo-meta-tag\" \/>\n<meta property=\"og:type\" content=\"article\" class=\"yoast-seo-meta-tag\" \/>\n<meta property=\"og:title\" content=\"P\u00e1l Feri el\u0151ad\u00e1s\u00e1ra megtelt az esztergomi k\u00f6nyvt\u00e1r\" class=\"yoast-seo-meta-tag\" \/>\n<meta property=\"og:description\" content=\"Az Esztergomi Helischer J\u00f3zsef V\u00e1rosi K\u00f6nyvt\u00e1r okt\u00f3ber 1-jei, h\u00e9tf\u0151i el\u0151ad\u00f3ja P\u00e1l Feri volt. \u201eA kommunik\u00e1ci\u00f3 tartalm\u00e1t mindig a befogad\u00f3 f\u00e9l hat\u00e1rozza meg. Nem sz\u00e1m\u00edt, hogy mit mond az el\u0151ad\u00f3, az sz\u00e1m\u00edt, mit fogadunk be abb\u00f3l. Mindenki arra v\u00e1laszol, amit kihall a besz\u00e9db\u0151l. Az a rendk\u00edv\u00fcli, ha meg\u00e9rtj\u00fck egym\u00e1st\u201d \u2013 vezette be el\u0151ad\u00e1s\u00e1t h\u00e9tf\u0151n a k\u00f6nyvt\u00e1rban\" class=\"yoast-seo-meta-tag\" \/>\n<meta property=\"og:url\" content=\"https:\/\/dorogimedence.hu\/index.php\/2018\/10\/03\/pal-feri-eloadasara-megtelt-az-esztergomi-konyvtar\/\" class=\"yoast-seo-meta-tag\" \/>\n<meta property=\"og:site_name\" content=\"Dorogi-medence Region\u00e1lis H\u00edrport\u00e1l\" class=\"yoast-seo-meta-tag\" \/>\n<meta property=\"article:publisher\" content=\"https:\/\/www.facebook.com\/dorogimedence\/\" class=\"yoast-seo-meta-tag\" \/>\n<meta property=\"article:published_time\" content=\"2018-10-03T04:12:40+00:00\" class=\"yoast-seo-meta-tag\" \/>\n<meta property=\"og:image\" content=\"https:\/\/i0.wp.com\/dorogimedence.hu\/wp-content\/uploads\/2018\/10\/palferi-01.jpg?fit=670%2C365&ssl=1\" class=\"yoast-seo-meta-tag\" \/>\n\t<meta property=\"og:image:width\" content=\"670\" class=\"yoast-seo-meta-tag\" \/>\n\t<meta property=\"og:image:height\" content=\"365\" class=\"yoast-seo-meta-tag\" \/>\n\t<meta property=\"og:image:type\" content=\"image\/jpeg\" class=\"yoast-seo-meta-tag\" \/>\n<meta name=\"author\" content=\"dorogimedence.hu\" class=\"yoast-seo-meta-tag\" \/>\n<meta name=\"twitter:card\" content=\"summary_large_image\" class=\"yoast-seo-meta-tag\" \/>\n<meta name=\"twitter:label1\" content=\"Szerz\u0151:\" class=\"yoast-seo-meta-tag\" \/>\n\t<meta name=\"twitter:data1\" content=\"dorogimedence.hu\" class=\"yoast-seo-meta-tag\" \/>\n\t<meta name=\"twitter:label2\" content=\"Becs\u00fclt olvas\u00e1si id\u0151\" class=\"yoast-seo-meta-tag\" \/>\n\t<meta name=\"twitter:data2\" content=\"7 perc\" class=\"yoast-seo-meta-tag\" \/>\n<script type=\"application\/ld+json\" class=\"yoast-schema-graph\">{\"@context\":\"https:\\\/\\\/schema.org\",\"@graph\":[{\"@type\":\"Article\",\"@id\":\"https:\\\/\\\/dorogimedence.hu\\\/index.php\\\/2018\\\/10\\\/03\\\/pal-feri-eloadasara-megtelt-az-esztergomi-konyvtar\\\/#article\",\"isPartOf\":{\"@id\":\"https:\\\/\\\/dorogimedence.hu\\\/index.php\\\/2018\\\/10\\\/03\\\/pal-feri-eloadasara-megtelt-az-esztergomi-konyvtar\\\/\"},\"author\":{\"name\":\"dorogimedence.hu\",\"@id\":\"https:\\\/\\\/dorogimedence.hu\\\/#\\\/schema\\\/person\\\/ce6091eeb7e95ecdc87890d6aa8e0fd4\"},\"headline\":\"P\u00e1l Feri el\u0151ad\u00e1s\u00e1ra megtelt az esztergomi k\u00f6nyvt\u00e1r\",\"datePublished\":\"2018-10-03T04:12:40+00:00\",\"mainEntityOfPage\":{\"@id\":\"https:\\\/\\\/dorogimedence.hu\\\/index.php\\\/2018\\\/10\\\/03\\\/pal-feri-eloadasara-megtelt-az-esztergomi-konyvtar\\\/\"},\"wordCount\":1463,\"publisher\":{\"@id\":\"https:\\\/\\\/dorogimedence.hu\\\/#organization\"},\"image\":{\"@id\":\"https:\\\/\\\/dorogimedence.hu\\\/index.php\\\/2018\\\/10\\\/03\\\/pal-feri-eloadasara-megtelt-az-esztergomi-konyvtar\\\/#primaryimage\"},\"thumbnailUrl\":\"https:\\\/\\\/dorogimedence.hu\\\/wp-content\\\/uploads\\\/2018\\\/10\\\/palferi-01.jpg\",\"keywords\":[\"esztergom\",\"esztergomi k\u00f6nyvt\u00e1r\",\"k\u00f6nyvt\u00e1r\",\"k\u00f6nyvt\u00e1ri besz\u00e9lget\u00e9sek\",\"P\u00e1l Feri\"],\"articleSection\":[\"Esztergom\",\"H\u00edrek\"],\"inLanguage\":\"hu\"},{\"@type\":\"WebPage\",\"@id\":\"https:\\\/\\\/dorogimedence.hu\\\/index.php\\\/2018\\\/10\\\/03\\\/pal-feri-eloadasara-megtelt-az-esztergomi-konyvtar\\\/\",\"url\":\"https:\\\/\\\/dorogimedence.hu\\\/index.php\\\/2018\\\/10\\\/03\\\/pal-feri-eloadasara-megtelt-az-esztergomi-konyvtar\\\/\",\"name\":\"P\u00e1l Feri el\u0151ad\u00e1s\u00e1ra megtelt az esztergomi k\u00f6nyvt\u00e1r\",\"isPartOf\":{\"@id\":\"https:\\\/\\\/dorogimedence.hu\\\/#website\"},\"primaryImageOfPage\":{\"@id\":\"https:\\\/\\\/dorogimedence.hu\\\/index.php\\\/2018\\\/10\\\/03\\\/pal-feri-eloadasara-megtelt-az-esztergomi-konyvtar\\\/#primaryimage\"},\"image\":{\"@id\":\"https:\\\/\\\/dorogimedence.hu\\\/index.php\\\/2018\\\/10\\\/03\\\/pal-feri-eloadasara-megtelt-az-esztergomi-konyvtar\\\/#primaryimage\"},\"thumbnailUrl\":\"https:\\\/\\\/dorogimedence.hu\\\/wp-content\\\/uploads\\\/2018\\\/10\\\/palferi-01.jpg\",\"datePublished\":\"2018-10-03T04:12:40+00:00\",\"breadcrumb\":{\"@id\":\"https:\\\/\\\/dorogimedence.hu\\\/index.php\\\/2018\\\/10\\\/03\\\/pal-feri-eloadasara-megtelt-az-esztergomi-konyvtar\\\/#breadcrumb\"},\"inLanguage\":\"hu\",\"potentialAction\":[{\"@type\":\"ReadAction\",\"target\":[\"https:\\\/\\\/dorogimedence.hu\\\/index.php\\\/2018\\\/10\\\/03\\\/pal-feri-eloadasara-megtelt-az-esztergomi-konyvtar\\\/\"]}]},{\"@type\":\"ImageObject\",\"inLanguage\":\"hu\",\"@id\":\"https:\\\/\\\/dorogimedence.hu\\\/index.php\\\/2018\\\/10\\\/03\\\/pal-feri-eloadasara-megtelt-az-esztergomi-konyvtar\\\/#primaryimage\",\"url\":\"https:\\\/\\\/dorogimedence.hu\\\/wp-content\\\/uploads\\\/2018\\\/10\\\/palferi-01.jpg\",\"contentUrl\":\"https:\\\/\\\/dorogimedence.hu\\\/wp-content\\\/uploads\\\/2018\\\/10\\\/palferi-01.jpg\",\"width\":670,\"height\":365},{\"@type\":\"BreadcrumbList\",\"@id\":\"https:\\\/\\\/dorogimedence.hu\\\/index.php\\\/2018\\\/10\\\/03\\\/pal-feri-eloadasara-megtelt-az-esztergomi-konyvtar\\\/#breadcrumb\",\"itemListElement\":[{\"@type\":\"ListItem\",\"position\":1,\"name\":\"Kezd\u0151lap\",\"item\":\"https:\\\/\\\/dorogimedence.hu\\\/\"},{\"@type\":\"ListItem\",\"position\":2,\"name\":\"P\u00e1l Feri el\u0151ad\u00e1s\u00e1ra megtelt az esztergomi k\u00f6nyvt\u00e1r\"}]},{\"@type\":\"WebSite\",\"@id\":\"https:\\\/\\\/dorogimedence.hu\\\/#website\",\"url\":\"https:\\\/\\\/dorogimedence.hu\\\/\",\"name\":\"Dorogi-medence Region\u00e1lis H\u00edrport\u00e1l\",\"description\":\"Dorog, Keszt\u00f6lc, Le\u00e1nyv\u00e1r, Piliscs\u00e9v, Tokod, Tokodalt\u00e1r\u00f3, Csolnok, Esztergom-kertv\u00e1ros: h\u00edrek, programok\",\"publisher\":{\"@id\":\"https:\\\/\\\/dorogimedence.hu\\\/#organization\"},\"potentialAction\":[{\"@type\":\"SearchAction\",\"target\":{\"@type\":\"EntryPoint\",\"urlTemplate\":\"https:\\\/\\\/dorogimedence.hu\\\/?s={search_term_string}\"},\"query-input\":{\"@type\":\"PropertyValueSpecification\",\"valueRequired\":true,\"valueName\":\"search_term_string\"}}],\"inLanguage\":\"hu\"},{\"@type\":\"Organization\",\"@id\":\"https:\\\/\\\/dorogimedence.hu\\\/#organization\",\"name\":\"Dorogi-medence Region\u00e1lis H\u00edrport\u00e1l\",\"url\":\"https:\\\/\\\/dorogimedence.hu\\\/\",\"logo\":{\"@type\":\"ImageObject\",\"inLanguage\":\"hu\",\"@id\":\"https:\\\/\\\/dorogimedence.hu\\\/#\\\/schema\\\/logo\\\/image\\\/\",\"url\":\"https:\\\/\\\/dorogimedence.hu\\\/wp-content\\\/uploads\\\/2021\\\/04\\\/logo-feher-600.png\",\"contentUrl\":\"https:\\\/\\\/dorogimedence.hu\\\/wp-content\\\/uploads\\\/2021\\\/04\\\/logo-feher-600.png\",\"width\":600,\"height\":100,\"caption\":\"Dorogi-medence Region\u00e1lis H\u00edrport\u00e1l\"},\"image\":{\"@id\":\"https:\\\/\\\/dorogimedence.hu\\\/#\\\/schema\\\/logo\\\/image\\\/\"},\"sameAs\":[\"https:\\\/\\\/www.facebook.com\\\/dorogimedence\\\/\"]},{\"@type\":\"Person\",\"@id\":\"https:\\\/\\\/dorogimedence.hu\\\/#\\\/schema\\\/person\\\/ce6091eeb7e95ecdc87890d6aa8e0fd4\",\"name\":\"dorogimedence.hu\",\"image\":{\"@type\":\"ImageObject\",\"inLanguage\":\"hu\",\"@id\":\"\\\/\\\/www.gravatar.com\\\/avatar\\\/d8d45f8901aadff40a4af72c0b826f1d?s=96&#038;r=g&#038;d=mm\",\"url\":\"\\\/\\\/www.gravatar.com\\\/avatar\\\/d8d45f8901aadff40a4af72c0b826f1d?s=96&#038;r=g&#038;d=mm\",\"contentUrl\":\"\\\/\\\/www.gravatar.com\\\/avatar\\\/d8d45f8901aadff40a4af72c0b826f1d?s=96&#038;r=g&#038;d=mm\",\"caption\":\"dorogimedence.hu\"}}]}<\/script>\n<!-- \/ Yoast SEO plugin. -->","yoast_head_json":{"title":"P\u00e1l Feri el\u0151ad\u00e1s\u00e1ra megtelt az esztergomi k\u00f6nyvt\u00e1r","robots":{"index":"index","follow":"follow","max-snippet":"max-snippet:-1","max-image-preview":"max-image-preview:large","max-video-preview":"max-video-preview:-1"},"canonical":"https:\/\/dorogimedence.hu\/index.php\/2018\/10\/03\/pal-feri-eloadasara-megtelt-az-esztergomi-konyvtar\/","og_locale":"hu_HU","og_type":"article","og_title":"P\u00e1l Feri el\u0151ad\u00e1s\u00e1ra megtelt az esztergomi k\u00f6nyvt\u00e1r","og_description":"Az Esztergomi Helischer J\u00f3zsef V\u00e1rosi K\u00f6nyvt\u00e1r okt\u00f3ber 1-jei, h\u00e9tf\u0151i el\u0151ad\u00f3ja P\u00e1l Feri volt. \u201eA kommunik\u00e1ci\u00f3 tartalm\u00e1t mindig a befogad\u00f3 f\u00e9l hat\u00e1rozza meg. Nem sz\u00e1m\u00edt, hogy mit mond az el\u0151ad\u00f3, az sz\u00e1m\u00edt, mit fogadunk be abb\u00f3l. Mindenki arra v\u00e1laszol, amit kihall a besz\u00e9db\u0151l. Az a rendk\u00edv\u00fcli, ha meg\u00e9rtj\u00fck egym\u00e1st\u201d \u2013 vezette be el\u0151ad\u00e1s\u00e1t h\u00e9tf\u0151n a k\u00f6nyvt\u00e1rban","og_url":"https:\/\/dorogimedence.hu\/index.php\/2018\/10\/03\/pal-feri-eloadasara-megtelt-az-esztergomi-konyvtar\/","og_site_name":"Dorogi-medence Region\u00e1lis H\u00edrport\u00e1l","article_publisher":"https:\/\/www.facebook.com\/dorogimedence\/","article_published_time":"2018-10-03T04:12:40+00:00","og_image":[{"width":670,"height":365,"url":"https:\/\/i0.wp.com\/dorogimedence.hu\/wp-content\/uploads\/2018\/10\/palferi-01.jpg?fit=670%2C365&ssl=1","type":"image\/jpeg"}],"author":"dorogimedence.hu","twitter_card":"summary_large_image","twitter_misc":{"Szerz\u0151:":"dorogimedence.hu","Becs\u00fclt olvas\u00e1si id\u0151":"7 perc"},"schema":{"@context":"https:\/\/schema.org","@graph":[{"@type":"Article","@id":"https:\/\/dorogimedence.hu\/index.php\/2018\/10\/03\/pal-feri-eloadasara-megtelt-az-esztergomi-konyvtar\/#article","isPartOf":{"@id":"https:\/\/dorogimedence.hu\/index.php\/2018\/10\/03\/pal-feri-eloadasara-megtelt-az-esztergomi-konyvtar\/"},"author":{"name":"dorogimedence.hu","@id":"https:\/\/dorogimedence.hu\/#\/schema\/person\/ce6091eeb7e95ecdc87890d6aa8e0fd4"},"headline":"P\u00e1l Feri el\u0151ad\u00e1s\u00e1ra megtelt az esztergomi k\u00f6nyvt\u00e1r","datePublished":"2018-10-03T04:12:40+00:00","mainEntityOfPage":{"@id":"https:\/\/dorogimedence.hu\/index.php\/2018\/10\/03\/pal-feri-eloadasara-megtelt-az-esztergomi-konyvtar\/"},"wordCount":1463,"publisher":{"@id":"https:\/\/dorogimedence.hu\/#organization"},"image":{"@id":"https:\/\/dorogimedence.hu\/index.php\/2018\/10\/03\/pal-feri-eloadasara-megtelt-az-esztergomi-konyvtar\/#primaryimage"},"thumbnailUrl":"https:\/\/dorogimedence.hu\/wp-content\/uploads\/2018\/10\/palferi-01.jpg","keywords":["esztergom","esztergomi k\u00f6nyvt\u00e1r","k\u00f6nyvt\u00e1r","k\u00f6nyvt\u00e1ri besz\u00e9lget\u00e9sek","P\u00e1l Feri"],"articleSection":["Esztergom","H\u00edrek"],"inLanguage":"hu"},{"@type":"WebPage","@id":"https:\/\/dorogimedence.hu\/index.php\/2018\/10\/03\/pal-feri-eloadasara-megtelt-az-esztergomi-konyvtar\/","url":"https:\/\/dorogimedence.hu\/index.php\/2018\/10\/03\/pal-feri-eloadasara-megtelt-az-esztergomi-konyvtar\/","name":"P\u00e1l Feri el\u0151ad\u00e1s\u00e1ra megtelt az esztergomi k\u00f6nyvt\u00e1r","isPartOf":{"@id":"https:\/\/dorogimedence.hu\/#website"},"primaryImageOfPage":{"@id":"https:\/\/dorogimedence.hu\/index.php\/2018\/10\/03\/pal-feri-eloadasara-megtelt-az-esztergomi-konyvtar\/#primaryimage"},"image":{"@id":"https:\/\/dorogimedence.hu\/index.php\/2018\/10\/03\/pal-feri-eloadasara-megtelt-az-esztergomi-konyvtar\/#primaryimage"},"thumbnailUrl":"https:\/\/dorogimedence.hu\/wp-content\/uploads\/2018\/10\/palferi-01.jpg","datePublished":"2018-10-03T04:12:40+00:00","breadcrumb":{"@id":"https:\/\/dorogimedence.hu\/index.php\/2018\/10\/03\/pal-feri-eloadasara-megtelt-az-esztergomi-konyvtar\/#breadcrumb"},"inLanguage":"hu","potentialAction":[{"@type":"ReadAction","target":["https:\/\/dorogimedence.hu\/index.php\/2018\/10\/03\/pal-feri-eloadasara-megtelt-az-esztergomi-konyvtar\/"]}]},{"@type":"ImageObject","inLanguage":"hu","@id":"https:\/\/dorogimedence.hu\/index.php\/2018\/10\/03\/pal-feri-eloadasara-megtelt-az-esztergomi-konyvtar\/#primaryimage","url":"https:\/\/dorogimedence.hu\/wp-content\/uploads\/2018\/10\/palferi-01.jpg","contentUrl":"https:\/\/dorogimedence.hu\/wp-content\/uploads\/2018\/10\/palferi-01.jpg","width":670,"height":365},{"@type":"BreadcrumbList","@id":"https:\/\/dorogimedence.hu\/index.php\/2018\/10\/03\/pal-feri-eloadasara-megtelt-az-esztergomi-konyvtar\/#breadcrumb","itemListElement":[{"@type":"ListItem","position":1,"name":"Kezd\u0151lap","item":"https:\/\/dorogimedence.hu\/"},{"@type":"ListItem","position":2,"name":"P\u00e1l Feri el\u0151ad\u00e1s\u00e1ra megtelt az esztergomi k\u00f6nyvt\u00e1r"}]},{"@type":"WebSite","@id":"https:\/\/dorogimedence.hu\/#website","url":"https:\/\/dorogimedence.hu\/","name":"Dorogi-medence Region\u00e1lis H\u00edrport\u00e1l","description":"Dorog, Keszt\u00f6lc, Le\u00e1nyv\u00e1r, Piliscs\u00e9v, Tokod, Tokodalt\u00e1r\u00f3, Csolnok, Esztergom-kertv\u00e1ros: h\u00edrek, programok","publisher":{"@id":"https:\/\/dorogimedence.hu\/#organization"},"potentialAction":[{"@type":"SearchAction","target":{"@type":"EntryPoint","urlTemplate":"https:\/\/dorogimedence.hu\/?s={search_term_string}"},"query-input":{"@type":"PropertyValueSpecification","valueRequired":true,"valueName":"search_term_string"}}],"inLanguage":"hu"},{"@type":"Organization","@id":"https:\/\/dorogimedence.hu\/#organization","name":"Dorogi-medence Region\u00e1lis H\u00edrport\u00e1l","url":"https:\/\/dorogimedence.hu\/","logo":{"@type":"ImageObject","inLanguage":"hu","@id":"https:\/\/dorogimedence.hu\/#\/schema\/logo\/image\/","url":"https:\/\/dorogimedence.hu\/wp-content\/uploads\/2021\/04\/logo-feher-600.png","contentUrl":"https:\/\/dorogimedence.hu\/wp-content\/uploads\/2021\/04\/logo-feher-600.png","width":600,"height":100,"caption":"Dorogi-medence Region\u00e1lis H\u00edrport\u00e1l"},"image":{"@id":"https:\/\/dorogimedence.hu\/#\/schema\/logo\/image\/"},"sameAs":["https:\/\/www.facebook.com\/dorogimedence\/"]},{"@type":"Person","@id":"https:\/\/dorogimedence.hu\/#\/schema\/person\/ce6091eeb7e95ecdc87890d6aa8e0fd4","name":"dorogimedence.hu","image":{"@type":"ImageObject","inLanguage":"hu","@id":"\/\/www.gravatar.com\/avatar\/d8d45f8901aadff40a4af72c0b826f1d?s=96&#038;r=g&#038;d=mm","url":"\/\/www.gravatar.com\/avatar\/d8d45f8901aadff40a4af72c0b826f1d?s=96&#038;r=g&#038;d=mm","contentUrl":"\/\/www.gravatar.com\/avatar\/d8d45f8901aadff40a4af72c0b826f1d?s=96&#038;r=g&#038;d=mm","caption":"dorogimedence.hu"}}]}},"_links":{"self":[{"href":"https:\/\/dorogimedence.hu\/index.php\/wp-json\/wp\/v2\/posts\/12585","targetHints":{"allow":["GET"]}}],"collection":[{"href":"https:\/\/dorogimedence.hu\/index.php\/wp-json\/wp\/v2\/posts"}],"about":[{"href":"https:\/\/dorogimedence.hu\/index.php\/wp-json\/wp\/v2\/types\/post"}],"author":[{"embeddable":true,"href":"https:\/\/dorogimedence.hu\/index.php\/wp-json\/wp\/v2\/users\/1"}],"replies":[{"embeddable":true,"href":"https:\/\/dorogimedence.hu\/index.php\/wp-json\/wp\/v2\/comments?post=12585"}],"version-history":[{"count":0,"href":"https:\/\/dorogimedence.hu\/index.php\/wp-json\/wp\/v2\/posts\/12585\/revisions"}],"wp:featuredmedia":[{"embeddable":true,"href":"https:\/\/dorogimedence.hu\/index.php\/wp-json\/wp\/v2\/media\/12586"}],"wp:attachment":[{"href":"https:\/\/dorogimedence.hu\/index.php\/wp-json\/wp\/v2\/media?parent=12585"}],"wp:term":[{"taxonomy":"category","embeddable":true,"href":"https:\/\/dorogimedence.hu\/index.php\/wp-json\/wp\/v2\/categories?post=12585"},{"taxonomy":"post_tag","embeddable":true,"href":"https:\/\/dorogimedence.hu\/index.php\/wp-json\/wp\/v2\/tags?post=12585"}],"curies":[{"name":"wp","href":"https:\/\/api.w.org\/{rel}","templated":true}]}}