{"id":12487,"date":"2018-09-26T14:27:17","date_gmt":"2018-09-26T12:27:17","guid":{"rendered":"http:\/\/dorogimedence.hu\/?p=12487"},"modified":"2018-09-26T14:27:17","modified_gmt":"2018-09-26T12:27:17","slug":"az-elsok-kozott-kerul-a-magyar-piacra-a-suzuki-megujitott-modellje","status":"publish","type":"post","link":"https:\/\/dorogimedence.hu\/index.php\/2018\/09\/26\/az-elsok-kozott-kerul-a-magyar-piacra-a-suzuki-megujitott-modellje\/","title":{"rendered":"Az els\u0151k k\u00f6z\u00f6tt ker\u00fcl a magyar piacra a Suzuki meg\u00faj\u00edtott modellje"},"content":{"rendered":"<p><strong>A magyar piac az els\u0151k k\u00f6z\u00f6tt van, ahol a Suzuki bevezeti meg\u00faj\u00edtott, Esztergomban gy\u00e1rtott modellj\u00e9t, a Vitar\u00e1t &#8211; mondta Josinobu Abe, a Magyar Suzuki Zrt. vez\u00e9rigazgat\u00f3ja h\u00e9tf\u0151n Esztergomban.<\/strong><\/p>\n<p>A gy\u00e1rt\u00f3sorokon m\u00e1r az \u00faj modell k\u00e9sz\u00fcl, amely szeptembert\u0151l \u00e9rhet\u0151 el a magyarorsz\u00e1gi m\u00e1rkakeresked\u00e9sekn\u00e9l. Az exportpiacokon fokozatosan vezetik be az \u00faj Vitar\u00e1t, a Suzuki t\u00f6bb mint 140 orsz\u00e1gba sz\u00e1ll\u00edt bel\u0151le, az Eur\u00f3pai Uni\u00f3ba \u00e9s m\u00e1s orsz\u00e1gokba.<\/p>\n<p>A Vitara-sorozat 1988-ban indult, a modell a kezdetek \u00f3ta sikeres, a szabadid\u0151-aut\u00f3 kateg\u00f3ria (SUV) felfut\u00e1s\u00e1val pedig folyamatosan jav\u00edtja poz\u00edci\u00f3j\u00e1t. Szegmens\u00e9ben az \u00faj aut\u00f3k magyarorsz\u00e1gi piac\u00e1n r\u00e9szesed\u00e9se az idei els\u0151 nyolc h\u00f3napban m\u00e1r 23,35 sz\u00e1zal\u00e9k volt, 8376 darab elad\u00e1s\u00e1val. Tavaly ugyanebben az id\u0151szakban 5444 Vitar\u00e1t adtak el a magyarorsz\u00e1gi keresked\u00e9sek.<\/p>\n<p>A meg\u00faj\u00edtott modellt\u0151l a c\u00e9g vezet\u00e9se hasonl\u00f3 sikert v\u00e1r, mint el\u0151dj\u00e9t\u0151l, amelynek meghat\u00e1roz\u00f3 szerepe volt abban, hogy a\u00a0\u00a0Suzuki jelenleg a legt\u00f6bbet v\u00e1s\u00e1rolt \u00faj aut\u00f3\u00a0\u00a0Magyarorsz\u00e1gon, piaci r\u00e9szesed\u00e9se 14,3 sz\u00e1zal\u00e9kos, 13 727 darab kelt el bel\u0151le az id\u00e9n az els\u0151 nyolc h\u00f3napban.<\/p>\n<p>Tavaly 15 161 aut\u00f3t adtak el a Suzuki keresked\u00e9sek, az eredm\u00e9nyb\u0151l a Vitara 9417 aut\u00f3val vette ki r\u00e9sz\u00e9t.<\/p>\n<p>A felfriss\u00edtett Vitar\u00e1ban az egyik f\u0151 v\u00e1ltoz\u00e1s, hogy 1 \u00e9s 1,4 literes Boosterjet turb\u00f3motor v\u00e1ltja az el\u0151dmodellben alkalmazott 1,6 literes benzines motort. Tov\u00e1bbfejlesztett\u00e9k a biztons\u00e1gtechnikai rendszereket, \u00e9s sz\u00e1mos formai elem is meg\u00fajult, egyebek k\u00f6z\u00f6tt a m\u0171szerfal, a h\u0171t\u0151r\u00e1cs \u00e9s a l\u00e1mp\u00e1k. A gy\u00e1rt\u00e1s el\u0151k\u00e9sz\u00edt\u00e9s\u00e9re kor\u00e1bbi inform\u00e1ci\u00f3k szerint 150-160 milli\u00f3 eur\u00f3t ford\u00edtott a c\u00e9g.<\/p>\n<p>A Magyar Suzuki Zrt. 2017-ben 178 624 Esztergomban gy\u00e1rtott j\u00e1rm\u0171vet adott el, ebb\u0151l 165 413-at export\u00e1lt, f\u0151leg az EU-ba. Az exportelad\u00e1sok 68,2 sz\u00e1zal\u00e9ka Vitara volt, 31,7 sz\u00e1zal\u00e9ka a szint\u00e9n Esztergomban k\u00e9sz\u00fcl\u0151 SX4 S-Cross.<\/p>\n<p>Az id\u00e9n 175 ezer g\u00e9pkocsi gy\u00e1rt\u00e1s\u00e1t tervezik Esztergomban.<\/p>\n<p>A 2017-es p\u00e9nz\u00fcgyi \u00e9vben a Magyar Suzuki Zrt. teljes nett\u00f3 \u00e1rbev\u00e9tele el\u00e9rte a 2101,8 milli\u00f3 eur\u00f3t, a teljes bev\u00e9tel 91,7<br \/>\nsz\u00e1zal\u00e9ka exportb\u00f3l sz\u00e1rmazott.<\/p>\n<p><em>Forr\u00e1s: MTI<\/em><\/p>\n","protected":false},"excerpt":{"rendered":"<p>A magyar piac az els\u0151k k\u00f6z\u00f6tt van, ahol a Suzuki bevezeti meg\u00faj\u00edtott, Esztergomban gy\u00e1rtott modellj\u00e9t, a Vitar\u00e1t &#8211; mondta Josinobu Abe, a Magyar Suzuki Zrt. vez\u00e9rigazgat\u00f3ja h\u00e9tf\u0151n Esztergomban. A gy\u00e1rt\u00f3sorokon m\u00e1r az \u00faj modell k\u00e9sz\u00fcl, amely szeptembert\u0151l \u00e9rhet\u0151 el a magyarorsz\u00e1gi m\u00e1rkakeresked\u00e9sekn\u00e9l. Az exportpiacokon fokozatosan vezetik be az \u00faj Vitar\u00e1t, a Suzuki t\u00f6bb mint 140<\/p>\n","protected":false},"author":1,"featured_media":12488,"comment_status":"closed","ping_status":"closed","sticky":false,"template":"","format":"standard","meta":{"ngg_post_thumbnail":0,"footnotes":""},"categories":[38,3],"tags":[2038,42,261,2381],"class_list":{"0":"post-12487","1":"post","2":"type-post","3":"status-publish","4":"format-standard","5":"has-post-thumbnail","7":"category-esztergom","8":"category-hirek","9":"tag-autogyartas","10":"tag-esztergom","11":"tag-suzuki","12":"tag-vitara"},"yoast_head":"<!-- This site is optimized with the Yoast SEO plugin v27.4 - https:\/\/yoast.com\/product\/yoast-seo-wordpress\/ -->\n<title>Az els\u0151k k\u00f6z\u00f6tt ker\u00fcl a magyar piacra a Suzuki meg\u00faj\u00edtott modellje<\/title>\n<meta name=\"robots\" content=\"index, follow, max-snippet:-1, max-image-preview:large, max-video-preview:-1\" \/>\n<link rel=\"canonical\" href=\"https:\/\/dorogimedence.hu\/index.php\/2018\/09\/26\/az-elsok-kozott-kerul-a-magyar-piacra-a-suzuki-megujitott-modellje\/\" class=\"yoast-seo-meta-tag\" \/>\n<meta property=\"og:locale\" content=\"hu_HU\" class=\"yoast-seo-meta-tag\" \/>\n<meta property=\"og:type\" content=\"article\" class=\"yoast-seo-meta-tag\" \/>\n<meta property=\"og:title\" content=\"Az els\u0151k k\u00f6z\u00f6tt ker\u00fcl a magyar piacra a Suzuki meg\u00faj\u00edtott modellje\" class=\"yoast-seo-meta-tag\" \/>\n<meta property=\"og:description\" content=\"A magyar piac az els\u0151k k\u00f6z\u00f6tt van, ahol a Suzuki bevezeti meg\u00faj\u00edtott, Esztergomban gy\u00e1rtott modellj\u00e9t, a Vitar\u00e1t &#8211; mondta Josinobu Abe, a Magyar Suzuki Zrt. vez\u00e9rigazgat\u00f3ja h\u00e9tf\u0151n Esztergomban. A gy\u00e1rt\u00f3sorokon m\u00e1r az \u00faj modell k\u00e9sz\u00fcl, amely szeptembert\u0151l \u00e9rhet\u0151 el a magyarorsz\u00e1gi m\u00e1rkakeresked\u00e9sekn\u00e9l. Az exportpiacokon fokozatosan vezetik be az \u00faj Vitar\u00e1t, a Suzuki t\u00f6bb mint 140\" class=\"yoast-seo-meta-tag\" \/>\n<meta property=\"og:url\" content=\"https:\/\/dorogimedence.hu\/index.php\/2018\/09\/26\/az-elsok-kozott-kerul-a-magyar-piacra-a-suzuki-megujitott-modellje\/\" class=\"yoast-seo-meta-tag\" \/>\n<meta property=\"og:site_name\" content=\"Dorogi-medence Region\u00e1lis H\u00edrport\u00e1l\" class=\"yoast-seo-meta-tag\" \/>\n<meta property=\"article:publisher\" content=\"https:\/\/www.facebook.com\/dorogimedence\/\" class=\"yoast-seo-meta-tag\" \/>\n<meta property=\"article:published_time\" content=\"2018-09-26T12:27:17+00:00\" class=\"yoast-seo-meta-tag\" \/>\n<meta property=\"og:image\" content=\"https:\/\/i0.wp.com\/dorogimedence.hu\/wp-content\/uploads\/2018\/09\/ujvitara.jpg?fit=670%2C365&ssl=1\" class=\"yoast-seo-meta-tag\" \/>\n\t<meta property=\"og:image:width\" content=\"670\" class=\"yoast-seo-meta-tag\" \/>\n\t<meta property=\"og:image:height\" content=\"365\" class=\"yoast-seo-meta-tag\" \/>\n\t<meta property=\"og:image:type\" content=\"image\/jpeg\" class=\"yoast-seo-meta-tag\" \/>\n<meta name=\"author\" content=\"dorogimedence.hu\" class=\"yoast-seo-meta-tag\" \/>\n<meta name=\"twitter:card\" content=\"summary_large_image\" class=\"yoast-seo-meta-tag\" \/>\n<meta name=\"twitter:label1\" content=\"Szerz\u0151:\" class=\"yoast-seo-meta-tag\" \/>\n\t<meta name=\"twitter:data1\" content=\"dorogimedence.hu\" class=\"yoast-seo-meta-tag\" \/>\n\t<meta name=\"twitter:label2\" content=\"Becs\u00fclt olvas\u00e1si id\u0151\" class=\"yoast-seo-meta-tag\" \/>\n\t<meta name=\"twitter:data2\" content=\"2 perc\" class=\"yoast-seo-meta-tag\" \/>\n<script type=\"application\/ld+json\" class=\"yoast-schema-graph\">{\"@context\":\"https:\\\/\\\/schema.org\",\"@graph\":[{\"@type\":\"Article\",\"@id\":\"https:\\\/\\\/dorogimedence.hu\\\/index.php\\\/2018\\\/09\\\/26\\\/az-elsok-kozott-kerul-a-magyar-piacra-a-suzuki-megujitott-modellje\\\/#article\",\"isPartOf\":{\"@id\":\"https:\\\/\\\/dorogimedence.hu\\\/index.php\\\/2018\\\/09\\\/26\\\/az-elsok-kozott-kerul-a-magyar-piacra-a-suzuki-megujitott-modellje\\\/\"},\"author\":{\"name\":\"dorogimedence.hu\",\"@id\":\"https:\\\/\\\/dorogimedence.hu\\\/#\\\/schema\\\/person\\\/ce6091eeb7e95ecdc87890d6aa8e0fd4\"},\"headline\":\"Az els\u0151k k\u00f6z\u00f6tt ker\u00fcl a magyar piacra a Suzuki meg\u00faj\u00edtott modellje\",\"datePublished\":\"2018-09-26T12:27:17+00:00\",\"mainEntityOfPage\":{\"@id\":\"https:\\\/\\\/dorogimedence.hu\\\/index.php\\\/2018\\\/09\\\/26\\\/az-elsok-kozott-kerul-a-magyar-piacra-a-suzuki-megujitott-modellje\\\/\"},\"wordCount\":435,\"publisher\":{\"@id\":\"https:\\\/\\\/dorogimedence.hu\\\/#organization\"},\"image\":{\"@id\":\"https:\\\/\\\/dorogimedence.hu\\\/index.php\\\/2018\\\/09\\\/26\\\/az-elsok-kozott-kerul-a-magyar-piacra-a-suzuki-megujitott-modellje\\\/#primaryimage\"},\"thumbnailUrl\":\"https:\\\/\\\/dorogimedence.hu\\\/wp-content\\\/uploads\\\/2018\\\/09\\\/ujvitara.jpg\",\"keywords\":[\"aut\u00f3gy\u00e1rt\u00e1s\",\"esztergom\",\"Suzuki\",\"Vitara\"],\"articleSection\":[\"Esztergom\",\"H\u00edrek\"],\"inLanguage\":\"hu\"},{\"@type\":\"WebPage\",\"@id\":\"https:\\\/\\\/dorogimedence.hu\\\/index.php\\\/2018\\\/09\\\/26\\\/az-elsok-kozott-kerul-a-magyar-piacra-a-suzuki-megujitott-modellje\\\/\",\"url\":\"https:\\\/\\\/dorogimedence.hu\\\/index.php\\\/2018\\\/09\\\/26\\\/az-elsok-kozott-kerul-a-magyar-piacra-a-suzuki-megujitott-modellje\\\/\",\"name\":\"Az els\u0151k k\u00f6z\u00f6tt ker\u00fcl a magyar piacra a Suzuki meg\u00faj\u00edtott modellje\",\"isPartOf\":{\"@id\":\"https:\\\/\\\/dorogimedence.hu\\\/#website\"},\"primaryImageOfPage\":{\"@id\":\"https:\\\/\\\/dorogimedence.hu\\\/index.php\\\/2018\\\/09\\\/26\\\/az-elsok-kozott-kerul-a-magyar-piacra-a-suzuki-megujitott-modellje\\\/#primaryimage\"},\"image\":{\"@id\":\"https:\\\/\\\/dorogimedence.hu\\\/index.php\\\/2018\\\/09\\\/26\\\/az-elsok-kozott-kerul-a-magyar-piacra-a-suzuki-megujitott-modellje\\\/#primaryimage\"},\"thumbnailUrl\":\"https:\\\/\\\/dorogimedence.hu\\\/wp-content\\\/uploads\\\/2018\\\/09\\\/ujvitara.jpg\",\"datePublished\":\"2018-09-26T12:27:17+00:00\",\"breadcrumb\":{\"@id\":\"https:\\\/\\\/dorogimedence.hu\\\/index.php\\\/2018\\\/09\\\/26\\\/az-elsok-kozott-kerul-a-magyar-piacra-a-suzuki-megujitott-modellje\\\/#breadcrumb\"},\"inLanguage\":\"hu\",\"potentialAction\":[{\"@type\":\"ReadAction\",\"target\":[\"https:\\\/\\\/dorogimedence.hu\\\/index.php\\\/2018\\\/09\\\/26\\\/az-elsok-kozott-kerul-a-magyar-piacra-a-suzuki-megujitott-modellje\\\/\"]}]},{\"@type\":\"ImageObject\",\"inLanguage\":\"hu\",\"@id\":\"https:\\\/\\\/dorogimedence.hu\\\/index.php\\\/2018\\\/09\\\/26\\\/az-elsok-kozott-kerul-a-magyar-piacra-a-suzuki-megujitott-modellje\\\/#primaryimage\",\"url\":\"https:\\\/\\\/dorogimedence.hu\\\/wp-content\\\/uploads\\\/2018\\\/09\\\/ujvitara.jpg\",\"contentUrl\":\"https:\\\/\\\/dorogimedence.hu\\\/wp-content\\\/uploads\\\/2018\\\/09\\\/ujvitara.jpg\",\"width\":670,\"height\":365},{\"@type\":\"BreadcrumbList\",\"@id\":\"https:\\\/\\\/dorogimedence.hu\\\/index.php\\\/2018\\\/09\\\/26\\\/az-elsok-kozott-kerul-a-magyar-piacra-a-suzuki-megujitott-modellje\\\/#breadcrumb\",\"itemListElement\":[{\"@type\":\"ListItem\",\"position\":1,\"name\":\"Kezd\u0151lap\",\"item\":\"https:\\\/\\\/dorogimedence.hu\\\/\"},{\"@type\":\"ListItem\",\"position\":2,\"name\":\"Az els\u0151k k\u00f6z\u00f6tt ker\u00fcl a magyar piacra a Suzuki meg\u00faj\u00edtott modellje\"}]},{\"@type\":\"WebSite\",\"@id\":\"https:\\\/\\\/dorogimedence.hu\\\/#website\",\"url\":\"https:\\\/\\\/dorogimedence.hu\\\/\",\"name\":\"Dorogi-medence Region\u00e1lis H\u00edrport\u00e1l\",\"description\":\"Dorog, Keszt\u00f6lc, Le\u00e1nyv\u00e1r, Piliscs\u00e9v, Tokod, Tokodalt\u00e1r\u00f3, Csolnok, Esztergom-kertv\u00e1ros: h\u00edrek, programok\",\"publisher\":{\"@id\":\"https:\\\/\\\/dorogimedence.hu\\\/#organization\"},\"potentialAction\":[{\"@type\":\"SearchAction\",\"target\":{\"@type\":\"EntryPoint\",\"urlTemplate\":\"https:\\\/\\\/dorogimedence.hu\\\/?s={search_term_string}\"},\"query-input\":{\"@type\":\"PropertyValueSpecification\",\"valueRequired\":true,\"valueName\":\"search_term_string\"}}],\"inLanguage\":\"hu\"},{\"@type\":\"Organization\",\"@id\":\"https:\\\/\\\/dorogimedence.hu\\\/#organization\",\"name\":\"Dorogi-medence Region\u00e1lis H\u00edrport\u00e1l\",\"url\":\"https:\\\/\\\/dorogimedence.hu\\\/\",\"logo\":{\"@type\":\"ImageObject\",\"inLanguage\":\"hu\",\"@id\":\"https:\\\/\\\/dorogimedence.hu\\\/#\\\/schema\\\/logo\\\/image\\\/\",\"url\":\"https:\\\/\\\/dorogimedence.hu\\\/wp-content\\\/uploads\\\/2021\\\/04\\\/logo-feher-600.png\",\"contentUrl\":\"https:\\\/\\\/dorogimedence.hu\\\/wp-content\\\/uploads\\\/2021\\\/04\\\/logo-feher-600.png\",\"width\":600,\"height\":100,\"caption\":\"Dorogi-medence Region\u00e1lis H\u00edrport\u00e1l\"},\"image\":{\"@id\":\"https:\\\/\\\/dorogimedence.hu\\\/#\\\/schema\\\/logo\\\/image\\\/\"},\"sameAs\":[\"https:\\\/\\\/www.facebook.com\\\/dorogimedence\\\/\"]},{\"@type\":\"Person\",\"@id\":\"https:\\\/\\\/dorogimedence.hu\\\/#\\\/schema\\\/person\\\/ce6091eeb7e95ecdc87890d6aa8e0fd4\",\"name\":\"dorogimedence.hu\",\"image\":{\"@type\":\"ImageObject\",\"inLanguage\":\"hu\",\"@id\":\"\\\/\\\/www.gravatar.com\\\/avatar\\\/d8d45f8901aadff40a4af72c0b826f1d?s=96&#038;r=g&#038;d=mm\",\"url\":\"\\\/\\\/www.gravatar.com\\\/avatar\\\/d8d45f8901aadff40a4af72c0b826f1d?s=96&#038;r=g&#038;d=mm\",\"contentUrl\":\"\\\/\\\/www.gravatar.com\\\/avatar\\\/d8d45f8901aadff40a4af72c0b826f1d?s=96&#038;r=g&#038;d=mm\",\"caption\":\"dorogimedence.hu\"}}]}<\/script>\n<!-- \/ Yoast SEO plugin. -->","yoast_head_json":{"title":"Az els\u0151k k\u00f6z\u00f6tt ker\u00fcl a magyar piacra a Suzuki meg\u00faj\u00edtott modellje","robots":{"index":"index","follow":"follow","max-snippet":"max-snippet:-1","max-image-preview":"max-image-preview:large","max-video-preview":"max-video-preview:-1"},"canonical":"https:\/\/dorogimedence.hu\/index.php\/2018\/09\/26\/az-elsok-kozott-kerul-a-magyar-piacra-a-suzuki-megujitott-modellje\/","og_locale":"hu_HU","og_type":"article","og_title":"Az els\u0151k k\u00f6z\u00f6tt ker\u00fcl a magyar piacra a Suzuki meg\u00faj\u00edtott modellje","og_description":"A magyar piac az els\u0151k k\u00f6z\u00f6tt van, ahol a Suzuki bevezeti meg\u00faj\u00edtott, Esztergomban gy\u00e1rtott modellj\u00e9t, a Vitar\u00e1t &#8211; mondta Josinobu Abe, a Magyar Suzuki Zrt. vez\u00e9rigazgat\u00f3ja h\u00e9tf\u0151n Esztergomban. A gy\u00e1rt\u00f3sorokon m\u00e1r az \u00faj modell k\u00e9sz\u00fcl, amely szeptembert\u0151l \u00e9rhet\u0151 el a magyarorsz\u00e1gi m\u00e1rkakeresked\u00e9sekn\u00e9l. Az exportpiacokon fokozatosan vezetik be az \u00faj Vitar\u00e1t, a Suzuki t\u00f6bb mint 140","og_url":"https:\/\/dorogimedence.hu\/index.php\/2018\/09\/26\/az-elsok-kozott-kerul-a-magyar-piacra-a-suzuki-megujitott-modellje\/","og_site_name":"Dorogi-medence Region\u00e1lis H\u00edrport\u00e1l","article_publisher":"https:\/\/www.facebook.com\/dorogimedence\/","article_published_time":"2018-09-26T12:27:17+00:00","og_image":[{"width":670,"height":365,"url":"https:\/\/i0.wp.com\/dorogimedence.hu\/wp-content\/uploads\/2018\/09\/ujvitara.jpg?fit=670%2C365&ssl=1","type":"image\/jpeg"}],"author":"dorogimedence.hu","twitter_card":"summary_large_image","twitter_misc":{"Szerz\u0151:":"dorogimedence.hu","Becs\u00fclt olvas\u00e1si id\u0151":"2 perc"},"schema":{"@context":"https:\/\/schema.org","@graph":[{"@type":"Article","@id":"https:\/\/dorogimedence.hu\/index.php\/2018\/09\/26\/az-elsok-kozott-kerul-a-magyar-piacra-a-suzuki-megujitott-modellje\/#article","isPartOf":{"@id":"https:\/\/dorogimedence.hu\/index.php\/2018\/09\/26\/az-elsok-kozott-kerul-a-magyar-piacra-a-suzuki-megujitott-modellje\/"},"author":{"name":"dorogimedence.hu","@id":"https:\/\/dorogimedence.hu\/#\/schema\/person\/ce6091eeb7e95ecdc87890d6aa8e0fd4"},"headline":"Az els\u0151k k\u00f6z\u00f6tt ker\u00fcl a magyar piacra a Suzuki meg\u00faj\u00edtott modellje","datePublished":"2018-09-26T12:27:17+00:00","mainEntityOfPage":{"@id":"https:\/\/dorogimedence.hu\/index.php\/2018\/09\/26\/az-elsok-kozott-kerul-a-magyar-piacra-a-suzuki-megujitott-modellje\/"},"wordCount":435,"publisher":{"@id":"https:\/\/dorogimedence.hu\/#organization"},"image":{"@id":"https:\/\/dorogimedence.hu\/index.php\/2018\/09\/26\/az-elsok-kozott-kerul-a-magyar-piacra-a-suzuki-megujitott-modellje\/#primaryimage"},"thumbnailUrl":"https:\/\/dorogimedence.hu\/wp-content\/uploads\/2018\/09\/ujvitara.jpg","keywords":["aut\u00f3gy\u00e1rt\u00e1s","esztergom","Suzuki","Vitara"],"articleSection":["Esztergom","H\u00edrek"],"inLanguage":"hu"},{"@type":"WebPage","@id":"https:\/\/dorogimedence.hu\/index.php\/2018\/09\/26\/az-elsok-kozott-kerul-a-magyar-piacra-a-suzuki-megujitott-modellje\/","url":"https:\/\/dorogimedence.hu\/index.php\/2018\/09\/26\/az-elsok-kozott-kerul-a-magyar-piacra-a-suzuki-megujitott-modellje\/","name":"Az els\u0151k k\u00f6z\u00f6tt ker\u00fcl a magyar piacra a Suzuki meg\u00faj\u00edtott modellje","isPartOf":{"@id":"https:\/\/dorogimedence.hu\/#website"},"primaryImageOfPage":{"@id":"https:\/\/dorogimedence.hu\/index.php\/2018\/09\/26\/az-elsok-kozott-kerul-a-magyar-piacra-a-suzuki-megujitott-modellje\/#primaryimage"},"image":{"@id":"https:\/\/dorogimedence.hu\/index.php\/2018\/09\/26\/az-elsok-kozott-kerul-a-magyar-piacra-a-suzuki-megujitott-modellje\/#primaryimage"},"thumbnailUrl":"https:\/\/dorogimedence.hu\/wp-content\/uploads\/2018\/09\/ujvitara.jpg","datePublished":"2018-09-26T12:27:17+00:00","breadcrumb":{"@id":"https:\/\/dorogimedence.hu\/index.php\/2018\/09\/26\/az-elsok-kozott-kerul-a-magyar-piacra-a-suzuki-megujitott-modellje\/#breadcrumb"},"inLanguage":"hu","potentialAction":[{"@type":"ReadAction","target":["https:\/\/dorogimedence.hu\/index.php\/2018\/09\/26\/az-elsok-kozott-kerul-a-magyar-piacra-a-suzuki-megujitott-modellje\/"]}]},{"@type":"ImageObject","inLanguage":"hu","@id":"https:\/\/dorogimedence.hu\/index.php\/2018\/09\/26\/az-elsok-kozott-kerul-a-magyar-piacra-a-suzuki-megujitott-modellje\/#primaryimage","url":"https:\/\/dorogimedence.hu\/wp-content\/uploads\/2018\/09\/ujvitara.jpg","contentUrl":"https:\/\/dorogimedence.hu\/wp-content\/uploads\/2018\/09\/ujvitara.jpg","width":670,"height":365},{"@type":"BreadcrumbList","@id":"https:\/\/dorogimedence.hu\/index.php\/2018\/09\/26\/az-elsok-kozott-kerul-a-magyar-piacra-a-suzuki-megujitott-modellje\/#breadcrumb","itemListElement":[{"@type":"ListItem","position":1,"name":"Kezd\u0151lap","item":"https:\/\/dorogimedence.hu\/"},{"@type":"ListItem","position":2,"name":"Az els\u0151k k\u00f6z\u00f6tt ker\u00fcl a magyar piacra a Suzuki meg\u00faj\u00edtott modellje"}]},{"@type":"WebSite","@id":"https:\/\/dorogimedence.hu\/#website","url":"https:\/\/dorogimedence.hu\/","name":"Dorogi-medence Region\u00e1lis H\u00edrport\u00e1l","description":"Dorog, Keszt\u00f6lc, Le\u00e1nyv\u00e1r, Piliscs\u00e9v, Tokod, Tokodalt\u00e1r\u00f3, Csolnok, Esztergom-kertv\u00e1ros: h\u00edrek, programok","publisher":{"@id":"https:\/\/dorogimedence.hu\/#organization"},"potentialAction":[{"@type":"SearchAction","target":{"@type":"EntryPoint","urlTemplate":"https:\/\/dorogimedence.hu\/?s={search_term_string}"},"query-input":{"@type":"PropertyValueSpecification","valueRequired":true,"valueName":"search_term_string"}}],"inLanguage":"hu"},{"@type":"Organization","@id":"https:\/\/dorogimedence.hu\/#organization","name":"Dorogi-medence Region\u00e1lis H\u00edrport\u00e1l","url":"https:\/\/dorogimedence.hu\/","logo":{"@type":"ImageObject","inLanguage":"hu","@id":"https:\/\/dorogimedence.hu\/#\/schema\/logo\/image\/","url":"https:\/\/dorogimedence.hu\/wp-content\/uploads\/2021\/04\/logo-feher-600.png","contentUrl":"https:\/\/dorogimedence.hu\/wp-content\/uploads\/2021\/04\/logo-feher-600.png","width":600,"height":100,"caption":"Dorogi-medence Region\u00e1lis H\u00edrport\u00e1l"},"image":{"@id":"https:\/\/dorogimedence.hu\/#\/schema\/logo\/image\/"},"sameAs":["https:\/\/www.facebook.com\/dorogimedence\/"]},{"@type":"Person","@id":"https:\/\/dorogimedence.hu\/#\/schema\/person\/ce6091eeb7e95ecdc87890d6aa8e0fd4","name":"dorogimedence.hu","image":{"@type":"ImageObject","inLanguage":"hu","@id":"\/\/www.gravatar.com\/avatar\/d8d45f8901aadff40a4af72c0b826f1d?s=96&#038;r=g&#038;d=mm","url":"\/\/www.gravatar.com\/avatar\/d8d45f8901aadff40a4af72c0b826f1d?s=96&#038;r=g&#038;d=mm","contentUrl":"\/\/www.gravatar.com\/avatar\/d8d45f8901aadff40a4af72c0b826f1d?s=96&#038;r=g&#038;d=mm","caption":"dorogimedence.hu"}}]}},"_links":{"self":[{"href":"https:\/\/dorogimedence.hu\/index.php\/wp-json\/wp\/v2\/posts\/12487","targetHints":{"allow":["GET"]}}],"collection":[{"href":"https:\/\/dorogimedence.hu\/index.php\/wp-json\/wp\/v2\/posts"}],"about":[{"href":"https:\/\/dorogimedence.hu\/index.php\/wp-json\/wp\/v2\/types\/post"}],"author":[{"embeddable":true,"href":"https:\/\/dorogimedence.hu\/index.php\/wp-json\/wp\/v2\/users\/1"}],"replies":[{"embeddable":true,"href":"https:\/\/dorogimedence.hu\/index.php\/wp-json\/wp\/v2\/comments?post=12487"}],"version-history":[{"count":0,"href":"https:\/\/dorogimedence.hu\/index.php\/wp-json\/wp\/v2\/posts\/12487\/revisions"}],"wp:featuredmedia":[{"embeddable":true,"href":"https:\/\/dorogimedence.hu\/index.php\/wp-json\/wp\/v2\/media\/12488"}],"wp:attachment":[{"href":"https:\/\/dorogimedence.hu\/index.php\/wp-json\/wp\/v2\/media?parent=12487"}],"wp:term":[{"taxonomy":"category","embeddable":true,"href":"https:\/\/dorogimedence.hu\/index.php\/wp-json\/wp\/v2\/categories?post=12487"},{"taxonomy":"post_tag","embeddable":true,"href":"https:\/\/dorogimedence.hu\/index.php\/wp-json\/wp\/v2\/tags?post=12487"}],"curies":[{"name":"wp","href":"https:\/\/api.w.org\/{rel}","templated":true}]}}