{"id":12364,"date":"2018-09-19T14:55:34","date_gmt":"2018-09-19T12:55:34","guid":{"rendered":"http:\/\/dorogimedence.hu\/?p=12364"},"modified":"2018-09-19T14:55:34","modified_gmt":"2018-09-19T12:55:34","slug":"papirtermek-gyarat-avattak-fel-nyergesujfaluban","status":"publish","type":"post","link":"https:\/\/dorogimedence.hu\/index.php\/2018\/09\/19\/papirtermek-gyarat-avattak-fel-nyergesujfaluban\/","title":{"rendered":"Pap\u00edrterm\u00e9k-gy\u00e1rat avattak fel Nyerges\u00fajfaluban"},"content":{"rendered":"<p><strong>Az \u00fajrahasznos\u00edtott higi\u00e9niai pap\u00edrterm\u00e9keket gy\u00e1rt\u00f3 olasz Lucart-csoport szerd\u00e1n felavatta \u00faj gy\u00e1r\u00e1t a Nyerges\u00fajfalui Ipari Parkban, ahol a t\u00e1rsas\u00e1g franciaorsz\u00e1gi \u00e9s olaszorsz\u00e1gi pap\u00edrgy\u00e1raib\u00f3l, valamint a helyi gy\u00e1rt\u00f3kt\u00f3l \u00e9rkez\u0151 pap\u00edrtekercseket dolgozz\u00e1k fel<\/strong> <em>\u2013 \u00edrja az MTI.<\/em><\/p>\n<p>Massimo Pasquini, a Lucart vez\u00e9rigazgat\u00f3ja az \u00e1tad\u00f3 \u00fcnneps\u00e9gen elmondta, hogy az ipari parkban 50 ezer n\u00e9gyzetm\u00e9teres ter\u00fcletet v\u00e1s\u00e1roltak, majd nyolc h\u00f3nap alatt \u00e9p\u00edtett\u00e9k fel a 12 ezer n\u00e9gyzetm\u00e9teres gy\u00e1rat, melynek \u00f6sszk\u00f6lts\u00e9ge hatmilli\u00e1rd forintba ker\u00fclt. A v\u00e1llalat jelenleg 70 embernek ad munk\u00e1t.<\/p>\n<p>A vez\u00e9rigazgat\u00f3 kit\u00e9rt arra is, hogy a v\u00e1llalat a kelet- \u00e9s k\u00f6z\u00e9p-eur\u00f3pai terjeszked\u00e9s \u00e9rdek\u00e9ben k\u00e9t \u00e9ve v\u00e1s\u00e1rolta fel a hasonl\u00f3 ter\u00fcleten m\u0171k\u00f6d\u0151 kor\u00e1bbi partner\u00e9t, az esztergomi Bokk Paper Kft-t.<\/p>\n<p>Massimo Pasquini a besz\u00e9de ut\u00e1n az \u00fczemavat\u00e1son \u00e1tvette \u00e1t az Eur\u00f3pai Uni\u00f3 \u00f6koc\u00edmke min\u0151s\u00edt\u00e9s\u00e9t, \u00edgy <strong>Magyarorsz\u00e1gon a Lucart Kft. az els\u0151 c\u00e9g, amely EU \u00f6koc\u00edmk\u00e9vel, EcoLabellel ell\u00e1tott h\u00e1ztart\u00e1si pap\u00edrterm\u00e9keket k\u00e9sz\u00edt<\/strong>.<\/p>\n<p><img fetchpriority=\"high\" decoding=\"async\" class=\"alignnone size-full wp-image-12366\" src=\"https:\/\/dorogimedence.hu\/wp-content\/uploads\/2018\/09\/lucart-02.jpg\" alt=\"\" width=\"670\" height=\"365\" srcset=\"https:\/\/dorogimedence.hu\/wp-content\/uploads\/2018\/09\/lucart-02.jpg 670w, https:\/\/dorogimedence.hu\/wp-content\/uploads\/2018\/09\/lucart-02-300x163.jpg 300w\" sizes=\"(max-width: 670px) 100vw, 670px\" \/><\/p>\n<p><em>A Pasquini csal\u00e1d \u00e1ltal 1953-ban alap\u00edtott Lucart piacvezet\u0151 eur\u00f3pai v\u00e1llalat, amely h\u00e1ztart\u00e1si higi\u00e9niai term\u00e9keket gy\u00e1rt. A Lucart termel\u00e9si kapacit\u00e1sa meghaladja az \u00e9vi 395 ezer tonna pap\u00edrt, amely 12 folyamatosan m\u0171k\u00f6d\u0151 g\u00e9pen \u00e9s 65 \u00e1talak\u00edt\u00f3 soron k\u00e9sz\u00fcl. A gy\u00e1rtott mennyis\u00e9g t\u00f6bb mint fele \u00fajrahasznos\u00edtott anyagb\u00f3l sz\u00e1rmazik. A c\u00e9g \u00f6sszes\u00edtett bev\u00e9tele meghaladja a 450 milli\u00f3 eur\u00f3t, t\u00f6bb mint 1500 alkalmazottat foglalkoztat 10 termel\u0151 \u00fczem\u00e9ben, amelyek k\u00f6z\u00fcl \u00f6t Olaszorsz\u00e1gban, h\u00e1rom Spanyolorsz\u00e1gban, egy-egy pedig Franciaorsz\u00e1gban \u00e9s Magyarorsz\u00e1gon tal\u00e1lhat\u00f3. A Lucart Eur\u00f3pa-szerte \u00fatt\u00f6r\u0151 szerepet v\u00e1llal a fenntarthat\u00f3s\u00e1gban: 2010-ben a v\u00e1llalat a Tetra Pakkal k\u00f6z\u00f6sen a d\u00edjnyertes Natural-projekt keret\u00e9ben ind\u00edtotta el a Fiberpack kezdem\u00e9nyez\u00e9st. A projektnek k\u00f6sz\u00f6nhet\u0151en a Lucart t\u00f6bb mint 3,6 milli\u00e1rd italkartont hasznos\u00edtott \u00fajra.<\/em><\/p>\n<p><em>Forr\u00e1s: MTI \/ dorogimedence.hu<\/em><br \/>\n<em>MTI Fot\u00f3k: Bodn\u00e1r Bogl\u00e1rka<\/em><\/p>\n","protected":false},"excerpt":{"rendered":"<p>Az \u00fajrahasznos\u00edtott higi\u00e9niai pap\u00edrterm\u00e9keket gy\u00e1rt\u00f3 olasz Lucart-csoport szerd\u00e1n felavatta \u00faj gy\u00e1r\u00e1t a Nyerges\u00fajfalui Ipari Parkban, ahol a t\u00e1rsas\u00e1g franciaorsz\u00e1gi \u00e9s olaszorsz\u00e1gi pap\u00edrgy\u00e1raib\u00f3l, valamint a helyi gy\u00e1rt\u00f3kt\u00f3l \u00e9rkez\u0151 pap\u00edrtekercseket dolgozz\u00e1k fel \u2013 \u00edrja az MTI. Massimo Pasquini, a Lucart vez\u00e9rigazgat\u00f3ja az \u00e1tad\u00f3 \u00fcnneps\u00e9gen elmondta, hogy az ipari parkban 50 ezer n\u00e9gyzetm\u00e9teres ter\u00fcletet v\u00e1s\u00e1roltak, majd nyolc h\u00f3nap<\/p>\n","protected":false},"author":1,"featured_media":12365,"comment_status":"closed","ping_status":"closed","sticky":false,"template":"","format":"standard","meta":{"ngg_post_thumbnail":0,"footnotes":""},"categories":[3,1390],"tags":[2782,3023,2783,140,3024,2250],"class_list":{"0":"post-12364","1":"post","2":"type-post","3":"status-publish","4":"format-standard","5":"has-post-thumbnail","7":"category-hirek","8":"category-nyergesujfalu","9":"tag-gyar","10":"tag-gyaravatas","11":"tag-lucart","12":"tag-nyergesujfalu","13":"tag-papirfeldolgozas","14":"tag-papirgyar"},"yoast_head":"<!-- This site is optimized with the Yoast SEO plugin v27.4 - https:\/\/yoast.com\/product\/yoast-seo-wordpress\/ -->\n<title>Pap\u00edrterm\u00e9k-gy\u00e1rat avattak fel Nyerges\u00fajfaluban<\/title>\n<meta name=\"robots\" content=\"index, follow, max-snippet:-1, max-image-preview:large, max-video-preview:-1\" \/>\n<link rel=\"canonical\" href=\"https:\/\/dorogimedence.hu\/index.php\/2018\/09\/19\/papirtermek-gyarat-avattak-fel-nyergesujfaluban\/\" class=\"yoast-seo-meta-tag\" \/>\n<meta property=\"og:locale\" content=\"hu_HU\" class=\"yoast-seo-meta-tag\" \/>\n<meta property=\"og:type\" content=\"article\" class=\"yoast-seo-meta-tag\" \/>\n<meta property=\"og:title\" content=\"Pap\u00edrterm\u00e9k-gy\u00e1rat avattak fel Nyerges\u00fajfaluban\" class=\"yoast-seo-meta-tag\" \/>\n<meta property=\"og:description\" content=\"Az \u00fajrahasznos\u00edtott higi\u00e9niai pap\u00edrterm\u00e9keket gy\u00e1rt\u00f3 olasz Lucart-csoport szerd\u00e1n felavatta \u00faj gy\u00e1r\u00e1t a Nyerges\u00fajfalui Ipari Parkban, ahol a t\u00e1rsas\u00e1g franciaorsz\u00e1gi \u00e9s olaszorsz\u00e1gi pap\u00edrgy\u00e1raib\u00f3l, valamint a helyi gy\u00e1rt\u00f3kt\u00f3l \u00e9rkez\u0151 pap\u00edrtekercseket dolgozz\u00e1k fel \u2013 \u00edrja az MTI. Massimo Pasquini, a Lucart vez\u00e9rigazgat\u00f3ja az \u00e1tad\u00f3 \u00fcnneps\u00e9gen elmondta, hogy az ipari parkban 50 ezer n\u00e9gyzetm\u00e9teres ter\u00fcletet v\u00e1s\u00e1roltak, majd nyolc h\u00f3nap\" class=\"yoast-seo-meta-tag\" \/>\n<meta property=\"og:url\" content=\"https:\/\/dorogimedence.hu\/index.php\/2018\/09\/19\/papirtermek-gyarat-avattak-fel-nyergesujfaluban\/\" class=\"yoast-seo-meta-tag\" \/>\n<meta property=\"og:site_name\" content=\"Dorogi-medence Region\u00e1lis H\u00edrport\u00e1l\" class=\"yoast-seo-meta-tag\" \/>\n<meta property=\"article:publisher\" content=\"https:\/\/www.facebook.com\/dorogimedence\/\" class=\"yoast-seo-meta-tag\" \/>\n<meta property=\"article:published_time\" content=\"2018-09-19T12:55:34+00:00\" class=\"yoast-seo-meta-tag\" \/>\n<meta property=\"og:image\" content=\"https:\/\/i0.wp.com\/dorogimedence.hu\/wp-content\/uploads\/2018\/09\/lucart-01.jpg?fit=670%2C365&ssl=1\" class=\"yoast-seo-meta-tag\" \/>\n\t<meta property=\"og:image:width\" content=\"670\" class=\"yoast-seo-meta-tag\" \/>\n\t<meta property=\"og:image:height\" content=\"365\" class=\"yoast-seo-meta-tag\" \/>\n\t<meta property=\"og:image:type\" content=\"image\/jpeg\" class=\"yoast-seo-meta-tag\" \/>\n<meta name=\"author\" content=\"dorogimedence.hu\" class=\"yoast-seo-meta-tag\" \/>\n<meta name=\"twitter:card\" content=\"summary_large_image\" class=\"yoast-seo-meta-tag\" \/>\n<meta name=\"twitter:label1\" content=\"Szerz\u0151:\" class=\"yoast-seo-meta-tag\" \/>\n\t<meta name=\"twitter:data1\" content=\"dorogimedence.hu\" class=\"yoast-seo-meta-tag\" \/>\n\t<meta name=\"twitter:label2\" content=\"Becs\u00fclt olvas\u00e1si id\u0151\" class=\"yoast-seo-meta-tag\" \/>\n\t<meta name=\"twitter:data2\" content=\"2 perc\" class=\"yoast-seo-meta-tag\" \/>\n<script type=\"application\/ld+json\" class=\"yoast-schema-graph\">{\"@context\":\"https:\\\/\\\/schema.org\",\"@graph\":[{\"@type\":\"Article\",\"@id\":\"https:\\\/\\\/dorogimedence.hu\\\/index.php\\\/2018\\\/09\\\/19\\\/papirtermek-gyarat-avattak-fel-nyergesujfaluban\\\/#article\",\"isPartOf\":{\"@id\":\"https:\\\/\\\/dorogimedence.hu\\\/index.php\\\/2018\\\/09\\\/19\\\/papirtermek-gyarat-avattak-fel-nyergesujfaluban\\\/\"},\"author\":{\"name\":\"dorogimedence.hu\",\"@id\":\"https:\\\/\\\/dorogimedence.hu\\\/#\\\/schema\\\/person\\\/ce6091eeb7e95ecdc87890d6aa8e0fd4\"},\"headline\":\"Pap\u00edrterm\u00e9k-gy\u00e1rat avattak fel Nyerges\u00fajfaluban\",\"datePublished\":\"2018-09-19T12:55:34+00:00\",\"mainEntityOfPage\":{\"@id\":\"https:\\\/\\\/dorogimedence.hu\\\/index.php\\\/2018\\\/09\\\/19\\\/papirtermek-gyarat-avattak-fel-nyergesujfaluban\\\/\"},\"wordCount\":387,\"publisher\":{\"@id\":\"https:\\\/\\\/dorogimedence.hu\\\/#organization\"},\"image\":{\"@id\":\"https:\\\/\\\/dorogimedence.hu\\\/index.php\\\/2018\\\/09\\\/19\\\/papirtermek-gyarat-avattak-fel-nyergesujfaluban\\\/#primaryimage\"},\"thumbnailUrl\":\"https:\\\/\\\/dorogimedence.hu\\\/wp-content\\\/uploads\\\/2018\\\/09\\\/lucart-01.jpg\",\"keywords\":[\"gy\u00e1r\",\"gy\u00e1ravat\u00e1s\",\"Lucart\",\"Nyerges\u00fajfalu\",\"pap\u00edrfeldolgoz\u00e1s\",\"pap\u00edrgy\u00e1r\"],\"articleSection\":[\"H\u00edrek\",\"Nyerges\u00fajfalu\"],\"inLanguage\":\"hu\"},{\"@type\":\"WebPage\",\"@id\":\"https:\\\/\\\/dorogimedence.hu\\\/index.php\\\/2018\\\/09\\\/19\\\/papirtermek-gyarat-avattak-fel-nyergesujfaluban\\\/\",\"url\":\"https:\\\/\\\/dorogimedence.hu\\\/index.php\\\/2018\\\/09\\\/19\\\/papirtermek-gyarat-avattak-fel-nyergesujfaluban\\\/\",\"name\":\"Pap\u00edrterm\u00e9k-gy\u00e1rat avattak fel Nyerges\u00fajfaluban\",\"isPartOf\":{\"@id\":\"https:\\\/\\\/dorogimedence.hu\\\/#website\"},\"primaryImageOfPage\":{\"@id\":\"https:\\\/\\\/dorogimedence.hu\\\/index.php\\\/2018\\\/09\\\/19\\\/papirtermek-gyarat-avattak-fel-nyergesujfaluban\\\/#primaryimage\"},\"image\":{\"@id\":\"https:\\\/\\\/dorogimedence.hu\\\/index.php\\\/2018\\\/09\\\/19\\\/papirtermek-gyarat-avattak-fel-nyergesujfaluban\\\/#primaryimage\"},\"thumbnailUrl\":\"https:\\\/\\\/dorogimedence.hu\\\/wp-content\\\/uploads\\\/2018\\\/09\\\/lucart-01.jpg\",\"datePublished\":\"2018-09-19T12:55:34+00:00\",\"breadcrumb\":{\"@id\":\"https:\\\/\\\/dorogimedence.hu\\\/index.php\\\/2018\\\/09\\\/19\\\/papirtermek-gyarat-avattak-fel-nyergesujfaluban\\\/#breadcrumb\"},\"inLanguage\":\"hu\",\"potentialAction\":[{\"@type\":\"ReadAction\",\"target\":[\"https:\\\/\\\/dorogimedence.hu\\\/index.php\\\/2018\\\/09\\\/19\\\/papirtermek-gyarat-avattak-fel-nyergesujfaluban\\\/\"]}]},{\"@type\":\"ImageObject\",\"inLanguage\":\"hu\",\"@id\":\"https:\\\/\\\/dorogimedence.hu\\\/index.php\\\/2018\\\/09\\\/19\\\/papirtermek-gyarat-avattak-fel-nyergesujfaluban\\\/#primaryimage\",\"url\":\"https:\\\/\\\/dorogimedence.hu\\\/wp-content\\\/uploads\\\/2018\\\/09\\\/lucart-01.jpg\",\"contentUrl\":\"https:\\\/\\\/dorogimedence.hu\\\/wp-content\\\/uploads\\\/2018\\\/09\\\/lucart-01.jpg\",\"width\":670,\"height\":365},{\"@type\":\"BreadcrumbList\",\"@id\":\"https:\\\/\\\/dorogimedence.hu\\\/index.php\\\/2018\\\/09\\\/19\\\/papirtermek-gyarat-avattak-fel-nyergesujfaluban\\\/#breadcrumb\",\"itemListElement\":[{\"@type\":\"ListItem\",\"position\":1,\"name\":\"Kezd\u0151lap\",\"item\":\"https:\\\/\\\/dorogimedence.hu\\\/\"},{\"@type\":\"ListItem\",\"position\":2,\"name\":\"Pap\u00edrterm\u00e9k-gy\u00e1rat avattak fel Nyerges\u00fajfaluban\"}]},{\"@type\":\"WebSite\",\"@id\":\"https:\\\/\\\/dorogimedence.hu\\\/#website\",\"url\":\"https:\\\/\\\/dorogimedence.hu\\\/\",\"name\":\"Dorogi-medence Region\u00e1lis H\u00edrport\u00e1l\",\"description\":\"Dorog, Keszt\u00f6lc, Le\u00e1nyv\u00e1r, Piliscs\u00e9v, Tokod, Tokodalt\u00e1r\u00f3, Csolnok, Esztergom-kertv\u00e1ros: h\u00edrek, programok\",\"publisher\":{\"@id\":\"https:\\\/\\\/dorogimedence.hu\\\/#organization\"},\"potentialAction\":[{\"@type\":\"SearchAction\",\"target\":{\"@type\":\"EntryPoint\",\"urlTemplate\":\"https:\\\/\\\/dorogimedence.hu\\\/?s={search_term_string}\"},\"query-input\":{\"@type\":\"PropertyValueSpecification\",\"valueRequired\":true,\"valueName\":\"search_term_string\"}}],\"inLanguage\":\"hu\"},{\"@type\":\"Organization\",\"@id\":\"https:\\\/\\\/dorogimedence.hu\\\/#organization\",\"name\":\"Dorogi-medence Region\u00e1lis H\u00edrport\u00e1l\",\"url\":\"https:\\\/\\\/dorogimedence.hu\\\/\",\"logo\":{\"@type\":\"ImageObject\",\"inLanguage\":\"hu\",\"@id\":\"https:\\\/\\\/dorogimedence.hu\\\/#\\\/schema\\\/logo\\\/image\\\/\",\"url\":\"https:\\\/\\\/dorogimedence.hu\\\/wp-content\\\/uploads\\\/2021\\\/04\\\/logo-feher-600.png\",\"contentUrl\":\"https:\\\/\\\/dorogimedence.hu\\\/wp-content\\\/uploads\\\/2021\\\/04\\\/logo-feher-600.png\",\"width\":600,\"height\":100,\"caption\":\"Dorogi-medence Region\u00e1lis H\u00edrport\u00e1l\"},\"image\":{\"@id\":\"https:\\\/\\\/dorogimedence.hu\\\/#\\\/schema\\\/logo\\\/image\\\/\"},\"sameAs\":[\"https:\\\/\\\/www.facebook.com\\\/dorogimedence\\\/\"]},{\"@type\":\"Person\",\"@id\":\"https:\\\/\\\/dorogimedence.hu\\\/#\\\/schema\\\/person\\\/ce6091eeb7e95ecdc87890d6aa8e0fd4\",\"name\":\"dorogimedence.hu\",\"image\":{\"@type\":\"ImageObject\",\"inLanguage\":\"hu\",\"@id\":\"\\\/\\\/www.gravatar.com\\\/avatar\\\/d8d45f8901aadff40a4af72c0b826f1d?s=96&#038;r=g&#038;d=mm\",\"url\":\"\\\/\\\/www.gravatar.com\\\/avatar\\\/d8d45f8901aadff40a4af72c0b826f1d?s=96&#038;r=g&#038;d=mm\",\"contentUrl\":\"\\\/\\\/www.gravatar.com\\\/avatar\\\/d8d45f8901aadff40a4af72c0b826f1d?s=96&#038;r=g&#038;d=mm\",\"caption\":\"dorogimedence.hu\"}}]}<\/script>\n<!-- \/ Yoast SEO plugin. -->","yoast_head_json":{"title":"Pap\u00edrterm\u00e9k-gy\u00e1rat avattak fel Nyerges\u00fajfaluban","robots":{"index":"index","follow":"follow","max-snippet":"max-snippet:-1","max-image-preview":"max-image-preview:large","max-video-preview":"max-video-preview:-1"},"canonical":"https:\/\/dorogimedence.hu\/index.php\/2018\/09\/19\/papirtermek-gyarat-avattak-fel-nyergesujfaluban\/","og_locale":"hu_HU","og_type":"article","og_title":"Pap\u00edrterm\u00e9k-gy\u00e1rat avattak fel Nyerges\u00fajfaluban","og_description":"Az \u00fajrahasznos\u00edtott higi\u00e9niai pap\u00edrterm\u00e9keket gy\u00e1rt\u00f3 olasz Lucart-csoport szerd\u00e1n felavatta \u00faj gy\u00e1r\u00e1t a Nyerges\u00fajfalui Ipari Parkban, ahol a t\u00e1rsas\u00e1g franciaorsz\u00e1gi \u00e9s olaszorsz\u00e1gi pap\u00edrgy\u00e1raib\u00f3l, valamint a helyi gy\u00e1rt\u00f3kt\u00f3l \u00e9rkez\u0151 pap\u00edrtekercseket dolgozz\u00e1k fel \u2013 \u00edrja az MTI. Massimo Pasquini, a Lucart vez\u00e9rigazgat\u00f3ja az \u00e1tad\u00f3 \u00fcnneps\u00e9gen elmondta, hogy az ipari parkban 50 ezer n\u00e9gyzetm\u00e9teres ter\u00fcletet v\u00e1s\u00e1roltak, majd nyolc h\u00f3nap","og_url":"https:\/\/dorogimedence.hu\/index.php\/2018\/09\/19\/papirtermek-gyarat-avattak-fel-nyergesujfaluban\/","og_site_name":"Dorogi-medence Region\u00e1lis H\u00edrport\u00e1l","article_publisher":"https:\/\/www.facebook.com\/dorogimedence\/","article_published_time":"2018-09-19T12:55:34+00:00","og_image":[{"width":670,"height":365,"url":"https:\/\/i0.wp.com\/dorogimedence.hu\/wp-content\/uploads\/2018\/09\/lucart-01.jpg?fit=670%2C365&ssl=1","type":"image\/jpeg"}],"author":"dorogimedence.hu","twitter_card":"summary_large_image","twitter_misc":{"Szerz\u0151:":"dorogimedence.hu","Becs\u00fclt olvas\u00e1si id\u0151":"2 perc"},"schema":{"@context":"https:\/\/schema.org","@graph":[{"@type":"Article","@id":"https:\/\/dorogimedence.hu\/index.php\/2018\/09\/19\/papirtermek-gyarat-avattak-fel-nyergesujfaluban\/#article","isPartOf":{"@id":"https:\/\/dorogimedence.hu\/index.php\/2018\/09\/19\/papirtermek-gyarat-avattak-fel-nyergesujfaluban\/"},"author":{"name":"dorogimedence.hu","@id":"https:\/\/dorogimedence.hu\/#\/schema\/person\/ce6091eeb7e95ecdc87890d6aa8e0fd4"},"headline":"Pap\u00edrterm\u00e9k-gy\u00e1rat avattak fel Nyerges\u00fajfaluban","datePublished":"2018-09-19T12:55:34+00:00","mainEntityOfPage":{"@id":"https:\/\/dorogimedence.hu\/index.php\/2018\/09\/19\/papirtermek-gyarat-avattak-fel-nyergesujfaluban\/"},"wordCount":387,"publisher":{"@id":"https:\/\/dorogimedence.hu\/#organization"},"image":{"@id":"https:\/\/dorogimedence.hu\/index.php\/2018\/09\/19\/papirtermek-gyarat-avattak-fel-nyergesujfaluban\/#primaryimage"},"thumbnailUrl":"https:\/\/dorogimedence.hu\/wp-content\/uploads\/2018\/09\/lucart-01.jpg","keywords":["gy\u00e1r","gy\u00e1ravat\u00e1s","Lucart","Nyerges\u00fajfalu","pap\u00edrfeldolgoz\u00e1s","pap\u00edrgy\u00e1r"],"articleSection":["H\u00edrek","Nyerges\u00fajfalu"],"inLanguage":"hu"},{"@type":"WebPage","@id":"https:\/\/dorogimedence.hu\/index.php\/2018\/09\/19\/papirtermek-gyarat-avattak-fel-nyergesujfaluban\/","url":"https:\/\/dorogimedence.hu\/index.php\/2018\/09\/19\/papirtermek-gyarat-avattak-fel-nyergesujfaluban\/","name":"Pap\u00edrterm\u00e9k-gy\u00e1rat avattak fel Nyerges\u00fajfaluban","isPartOf":{"@id":"https:\/\/dorogimedence.hu\/#website"},"primaryImageOfPage":{"@id":"https:\/\/dorogimedence.hu\/index.php\/2018\/09\/19\/papirtermek-gyarat-avattak-fel-nyergesujfaluban\/#primaryimage"},"image":{"@id":"https:\/\/dorogimedence.hu\/index.php\/2018\/09\/19\/papirtermek-gyarat-avattak-fel-nyergesujfaluban\/#primaryimage"},"thumbnailUrl":"https:\/\/dorogimedence.hu\/wp-content\/uploads\/2018\/09\/lucart-01.jpg","datePublished":"2018-09-19T12:55:34+00:00","breadcrumb":{"@id":"https:\/\/dorogimedence.hu\/index.php\/2018\/09\/19\/papirtermek-gyarat-avattak-fel-nyergesujfaluban\/#breadcrumb"},"inLanguage":"hu","potentialAction":[{"@type":"ReadAction","target":["https:\/\/dorogimedence.hu\/index.php\/2018\/09\/19\/papirtermek-gyarat-avattak-fel-nyergesujfaluban\/"]}]},{"@type":"ImageObject","inLanguage":"hu","@id":"https:\/\/dorogimedence.hu\/index.php\/2018\/09\/19\/papirtermek-gyarat-avattak-fel-nyergesujfaluban\/#primaryimage","url":"https:\/\/dorogimedence.hu\/wp-content\/uploads\/2018\/09\/lucart-01.jpg","contentUrl":"https:\/\/dorogimedence.hu\/wp-content\/uploads\/2018\/09\/lucart-01.jpg","width":670,"height":365},{"@type":"BreadcrumbList","@id":"https:\/\/dorogimedence.hu\/index.php\/2018\/09\/19\/papirtermek-gyarat-avattak-fel-nyergesujfaluban\/#breadcrumb","itemListElement":[{"@type":"ListItem","position":1,"name":"Kezd\u0151lap","item":"https:\/\/dorogimedence.hu\/"},{"@type":"ListItem","position":2,"name":"Pap\u00edrterm\u00e9k-gy\u00e1rat avattak fel Nyerges\u00fajfaluban"}]},{"@type":"WebSite","@id":"https:\/\/dorogimedence.hu\/#website","url":"https:\/\/dorogimedence.hu\/","name":"Dorogi-medence Region\u00e1lis H\u00edrport\u00e1l","description":"Dorog, Keszt\u00f6lc, Le\u00e1nyv\u00e1r, Piliscs\u00e9v, Tokod, Tokodalt\u00e1r\u00f3, Csolnok, Esztergom-kertv\u00e1ros: h\u00edrek, programok","publisher":{"@id":"https:\/\/dorogimedence.hu\/#organization"},"potentialAction":[{"@type":"SearchAction","target":{"@type":"EntryPoint","urlTemplate":"https:\/\/dorogimedence.hu\/?s={search_term_string}"},"query-input":{"@type":"PropertyValueSpecification","valueRequired":true,"valueName":"search_term_string"}}],"inLanguage":"hu"},{"@type":"Organization","@id":"https:\/\/dorogimedence.hu\/#organization","name":"Dorogi-medence Region\u00e1lis H\u00edrport\u00e1l","url":"https:\/\/dorogimedence.hu\/","logo":{"@type":"ImageObject","inLanguage":"hu","@id":"https:\/\/dorogimedence.hu\/#\/schema\/logo\/image\/","url":"https:\/\/dorogimedence.hu\/wp-content\/uploads\/2021\/04\/logo-feher-600.png","contentUrl":"https:\/\/dorogimedence.hu\/wp-content\/uploads\/2021\/04\/logo-feher-600.png","width":600,"height":100,"caption":"Dorogi-medence Region\u00e1lis H\u00edrport\u00e1l"},"image":{"@id":"https:\/\/dorogimedence.hu\/#\/schema\/logo\/image\/"},"sameAs":["https:\/\/www.facebook.com\/dorogimedence\/"]},{"@type":"Person","@id":"https:\/\/dorogimedence.hu\/#\/schema\/person\/ce6091eeb7e95ecdc87890d6aa8e0fd4","name":"dorogimedence.hu","image":{"@type":"ImageObject","inLanguage":"hu","@id":"\/\/www.gravatar.com\/avatar\/d8d45f8901aadff40a4af72c0b826f1d?s=96&#038;r=g&#038;d=mm","url":"\/\/www.gravatar.com\/avatar\/d8d45f8901aadff40a4af72c0b826f1d?s=96&#038;r=g&#038;d=mm","contentUrl":"\/\/www.gravatar.com\/avatar\/d8d45f8901aadff40a4af72c0b826f1d?s=96&#038;r=g&#038;d=mm","caption":"dorogimedence.hu"}}]}},"_links":{"self":[{"href":"https:\/\/dorogimedence.hu\/index.php\/wp-json\/wp\/v2\/posts\/12364","targetHints":{"allow":["GET"]}}],"collection":[{"href":"https:\/\/dorogimedence.hu\/index.php\/wp-json\/wp\/v2\/posts"}],"about":[{"href":"https:\/\/dorogimedence.hu\/index.php\/wp-json\/wp\/v2\/types\/post"}],"author":[{"embeddable":true,"href":"https:\/\/dorogimedence.hu\/index.php\/wp-json\/wp\/v2\/users\/1"}],"replies":[{"embeddable":true,"href":"https:\/\/dorogimedence.hu\/index.php\/wp-json\/wp\/v2\/comments?post=12364"}],"version-history":[{"count":0,"href":"https:\/\/dorogimedence.hu\/index.php\/wp-json\/wp\/v2\/posts\/12364\/revisions"}],"wp:featuredmedia":[{"embeddable":true,"href":"https:\/\/dorogimedence.hu\/index.php\/wp-json\/wp\/v2\/media\/12365"}],"wp:attachment":[{"href":"https:\/\/dorogimedence.hu\/index.php\/wp-json\/wp\/v2\/media?parent=12364"}],"wp:term":[{"taxonomy":"category","embeddable":true,"href":"https:\/\/dorogimedence.hu\/index.php\/wp-json\/wp\/v2\/categories?post=12364"},{"taxonomy":"post_tag","embeddable":true,"href":"https:\/\/dorogimedence.hu\/index.php\/wp-json\/wp\/v2\/tags?post=12364"}],"curies":[{"name":"wp","href":"https:\/\/api.w.org\/{rel}","templated":true}]}}