{"id":12319,"date":"2018-09-17T16:29:23","date_gmt":"2018-09-17T14:29:23","guid":{"rendered":"http:\/\/dorogimedence.hu\/?p=12319"},"modified":"2018-09-17T16:29:23","modified_gmt":"2018-09-17T14:29:23","slug":"tobb-mint-ezren-alltak-rajthoz-a-futofesztivalon","status":"publish","type":"post","link":"https:\/\/dorogimedence.hu\/index.php\/2018\/09\/17\/tobb-mint-ezren-alltak-rajthoz-a-futofesztivalon\/","title":{"rendered":"T\u00f6bb mint ezren \u00e1lltak rajthoz a fut\u00f3fesztiv\u00e1lon"},"content":{"rendered":"<p><strong>Szeptember 15-\u00e9n, szombaton, 31. alkalommal ker\u00fclt megrendez\u00e9sre az imm\u00e1ron k\u00e9t \u00e9ve Sarpi-Dorog Fut\u00f3fesztiv\u00e1lra keresztelt rendezv\u00e9ny. Id\u00e9n m\u00e1r t\u00f6bb mint ezren \u00e1lltak rajthoz, k\u00f6zt\u00fck a legfiatalabb fut\u00f3 2 \u00e9ves, m\u00edg a legid\u0151sebb 70 \u00e9v f\u00f6l\u00f6tti volt.<\/strong><\/p>\n<p>Az esem\u00e9nyen az \u00f3vod\u00e1sok 300 m\u00e9teren, a kisiskol\u00e1sok 800 m\u00e9teren kezdt\u00e9k meg a napot a Buz\u00e1nszky Jen\u0151 Stadion fut\u00f3p\u00e1ly\u00e1j\u00e1n. K\u00e9s\u0151bb a harmadik oszt\u00e1lyt\u00f3l a gimn\u00e1zium negyedik oszt\u00e1ly\u00e1ig hosszabb t\u00e1von, 1800 m\u00e9teren indulhattak a sportol\u00f3k. Minden r\u00e9sztvev\u0151 Dorogi Sport-os kulacsot, NaturAqua vizet, Milka Waffelinit \u00e9s tov\u00e1bbi meglepet\u00e9st is bezsebelhetett.<\/p>\n<p><img fetchpriority=\"high\" decoding=\"async\" class=\"alignnone size-full wp-image-12321\" src=\"https:\/\/dorogimedence.hu\/wp-content\/uploads\/2018\/09\/sarpifutas-02.jpg\" alt=\"\" width=\"670\" height=\"365\" srcset=\"https:\/\/dorogimedence.hu\/wp-content\/uploads\/2018\/09\/sarpifutas-02.jpg 670w, https:\/\/dorogimedence.hu\/wp-content\/uploads\/2018\/09\/sarpifutas-02-300x163.jpg 300w\" sizes=\"(max-width: 670px) 100vw, 670px\" \/><\/p>\n<p>A feln\u0151ttek sem unatkoztak a rendezv\u00e9nyen, hiszen h\u00e1rom t\u00e1von is elindulhattak. A legkisebb t\u00e1v 7 km volt sz\u00e1mukra, a Gete Trail n\u00e9vre hallgat\u00f3 terepfut\u00e1s pedig 14 km volt, de az edzettebb sportol\u00f3k a 21 km-es t\u00e1von is \u00f6sszem\u00e9rhett\u00e9k a tud\u00e1sukat. A j\u00f3 hangulatr\u00f3l Debreczeni Attila \u00e9s Fejes Mikl\u00f3s szp\u00edkerp\u00e1ros gondoskodott. Id\u00e9n \u00fajdons\u00e1gk\u00e9nt a Faaj\u00e1nd\u00e9kshop.hu munkat\u00e1rsai a r\u00e9sztvev\u0151k egyedi \u00e9rm\u00e9be ingyenesen belegrav\u00edrozt\u00e1k a befut\u00f3id\u0151ket.<\/p>\n<p>D\u00e9lut\u00e1n extr\u00e9m akad\u00e1lyfut\u00e1st rendeztek az \u00d6b\u00f6l Music Beach-en, ahol ak\u00e1r az \u00f3vod\u00e1sok is megmutathatt\u00e1k, hogy milyen \u00fcgyesek. \u0150ket az \u00e1ltal\u00e1nos iskol\u00e1sok, majd a feln\u0151ttek k\u00f6vett\u00e9k. Az izgalmas p\u00e1ly\u00e1t teljes\u00edt\u0151k egyedi tervez\u00e9s\u0171 \u00e9remmel \u00e9s meglepet\u00e9ssel t\u00e9rhettek haza.<\/p>\n<p>Az \u00e9vr\u0151l-\u00e9vre egyre nagyobb n\u00e9pszer\u0171s\u00e9gnek \u00f6rvend\u0151 sportrendezv\u00e9nyre 23 telep\u00fcl\u00e9sr\u0151l, t\u00f6bbek k\u00f6z\u00f6tt Tokajr\u00f3l, Kecskem\u00e9tr\u0151l, de ausztriai v\u00e1rosb\u00f3l is \u00e9rkeztek versenyz\u0151k Dorogra.<\/p>\n<p><img decoding=\"async\" class=\"alignnone size-full wp-image-12322\" src=\"https:\/\/dorogimedence.hu\/wp-content\/uploads\/2018\/09\/sarpifutas-03.jpg\" alt=\"\" width=\"670\" height=\"365\" srcset=\"https:\/\/dorogimedence.hu\/wp-content\/uploads\/2018\/09\/sarpifutas-03.jpg 670w, https:\/\/dorogimedence.hu\/wp-content\/uploads\/2018\/09\/sarpifutas-03-300x163.jpg 300w\" sizes=\"(max-width: 670px) 100vw, 670px\" \/><\/p>\n<p><a href=\"http:\/\/dorogisport.hu\/futas\/ujbol-megmozdult-a-lakossag-a-sarpi-dorog-futofesztivalon\" target=\"_blank\" rel=\"noopener\"><span style=\"text-decoration: underline; color: #0000ff;\"><strong>Tov\u00e1bbi fot\u00f3k \u00e9s eredm\u00e9nyek&gt;&gt;<\/strong><\/span><\/a><\/p>\n<p><em>Fot\u00f3k: Dorogi Sport<\/em><\/p>\n","protected":false},"excerpt":{"rendered":"<p>Szeptember 15-\u00e9n, szombaton, 31. alkalommal ker\u00fclt megrendez\u00e9sre az imm\u00e1ron k\u00e9t \u00e9ve Sarpi-Dorog Fut\u00f3fesztiv\u00e1lra keresztelt rendezv\u00e9ny. Id\u00e9n m\u00e1r t\u00f6bb mint ezren \u00e1lltak rajthoz, k\u00f6zt\u00fck a legfiatalabb fut\u00f3 2 \u00e9ves, m\u00edg a legid\u0151sebb 70 \u00e9v f\u00f6l\u00f6tti volt. Az esem\u00e9nyen az \u00f3vod\u00e1sok 300 m\u00e9teren, a kisiskol\u00e1sok 800 m\u00e9teren kezdt\u00e9k meg a napot a Buz\u00e1nszky Jen\u0151 Stadion fut\u00f3p\u00e1ly\u00e1j\u00e1n. K\u00e9s\u0151bb<\/p>\n","protected":false},"author":1,"featured_media":12320,"comment_status":"closed","ping_status":"closed","sticky":false,"template":"","format":"standard","meta":{"ngg_post_thumbnail":0,"footnotes":""},"categories":[2,3,5],"tags":[15,287,1479,2779,16,1373],"class_list":{"0":"post-12319","1":"post","2":"type-post","3":"status-publish","4":"format-standard","5":"has-post-thumbnail","7":"category-dorog","8":"category-hirek","9":"category-sport","10":"tag-dorog","11":"tag-futas","12":"tag-futofesztival","13":"tag-sarpi-dorog-futofesztival","14":"tag-sport","15":"tag-sulisprint"},"yoast_head":"<!-- This site is optimized with the Yoast SEO plugin v27.5 - https:\/\/yoast.com\/product\/yoast-seo-wordpress\/ -->\n<title>T\u00f6bb mint ezren \u00e1lltak rajthoz a fut\u00f3fesztiv\u00e1lon<\/title>\n<meta name=\"robots\" content=\"index, follow, max-snippet:-1, max-image-preview:large, max-video-preview:-1\" \/>\n<link rel=\"canonical\" href=\"https:\/\/dorogimedence.hu\/index.php\/2018\/09\/17\/tobb-mint-ezren-alltak-rajthoz-a-futofesztivalon\/\" class=\"yoast-seo-meta-tag\" \/>\n<meta property=\"og:locale\" content=\"hu_HU\" class=\"yoast-seo-meta-tag\" \/>\n<meta property=\"og:type\" content=\"article\" class=\"yoast-seo-meta-tag\" \/>\n<meta property=\"og:title\" content=\"T\u00f6bb mint ezren \u00e1lltak rajthoz a fut\u00f3fesztiv\u00e1lon\" class=\"yoast-seo-meta-tag\" \/>\n<meta property=\"og:description\" content=\"Szeptember 15-\u00e9n, szombaton, 31. alkalommal ker\u00fclt megrendez\u00e9sre az imm\u00e1ron k\u00e9t \u00e9ve Sarpi-Dorog Fut\u00f3fesztiv\u00e1lra keresztelt rendezv\u00e9ny. Id\u00e9n m\u00e1r t\u00f6bb mint ezren \u00e1lltak rajthoz, k\u00f6zt\u00fck a legfiatalabb fut\u00f3 2 \u00e9ves, m\u00edg a legid\u0151sebb 70 \u00e9v f\u00f6l\u00f6tti volt. Az esem\u00e9nyen az \u00f3vod\u00e1sok 300 m\u00e9teren, a kisiskol\u00e1sok 800 m\u00e9teren kezdt\u00e9k meg a napot a Buz\u00e1nszky Jen\u0151 Stadion fut\u00f3p\u00e1ly\u00e1j\u00e1n. K\u00e9s\u0151bb\" class=\"yoast-seo-meta-tag\" \/>\n<meta property=\"og:url\" content=\"https:\/\/dorogimedence.hu\/index.php\/2018\/09\/17\/tobb-mint-ezren-alltak-rajthoz-a-futofesztivalon\/\" class=\"yoast-seo-meta-tag\" \/>\n<meta property=\"og:site_name\" content=\"Dorogi-medence Region\u00e1lis H\u00edrport\u00e1l\" class=\"yoast-seo-meta-tag\" \/>\n<meta property=\"article:publisher\" content=\"https:\/\/www.facebook.com\/dorogimedence\/\" class=\"yoast-seo-meta-tag\" \/>\n<meta property=\"article:published_time\" content=\"2018-09-17T14:29:23+00:00\" class=\"yoast-seo-meta-tag\" \/>\n<meta property=\"og:image\" content=\"https:\/\/i0.wp.com\/dorogimedence.hu\/wp-content\/uploads\/2018\/09\/sarpifutas-01.jpg?fit=670%2C365&ssl=1\" class=\"yoast-seo-meta-tag\" \/>\n\t<meta property=\"og:image:width\" content=\"670\" class=\"yoast-seo-meta-tag\" \/>\n\t<meta property=\"og:image:height\" content=\"365\" class=\"yoast-seo-meta-tag\" \/>\n\t<meta property=\"og:image:type\" content=\"image\/jpeg\" class=\"yoast-seo-meta-tag\" \/>\n<meta name=\"author\" content=\"dorogimedence.hu\" class=\"yoast-seo-meta-tag\" \/>\n<meta name=\"twitter:card\" content=\"summary_large_image\" class=\"yoast-seo-meta-tag\" \/>\n<meta name=\"twitter:label1\" content=\"Szerz\u0151:\" class=\"yoast-seo-meta-tag\" \/>\n\t<meta name=\"twitter:data1\" content=\"dorogimedence.hu\" class=\"yoast-seo-meta-tag\" \/>\n\t<meta name=\"twitter:label2\" content=\"Becs\u00fclt olvas\u00e1si id\u0151\" class=\"yoast-seo-meta-tag\" \/>\n\t<meta name=\"twitter:data2\" content=\"2 perc\" class=\"yoast-seo-meta-tag\" \/>\n<script type=\"application\/ld+json\" class=\"yoast-schema-graph\">{\"@context\":\"https:\\\/\\\/schema.org\",\"@graph\":[{\"@type\":\"Article\",\"@id\":\"https:\\\/\\\/dorogimedence.hu\\\/index.php\\\/2018\\\/09\\\/17\\\/tobb-mint-ezren-alltak-rajthoz-a-futofesztivalon\\\/#article\",\"isPartOf\":{\"@id\":\"https:\\\/\\\/dorogimedence.hu\\\/index.php\\\/2018\\\/09\\\/17\\\/tobb-mint-ezren-alltak-rajthoz-a-futofesztivalon\\\/\"},\"author\":{\"name\":\"dorogimedence.hu\",\"@id\":\"https:\\\/\\\/dorogimedence.hu\\\/#\\\/schema\\\/person\\\/ce6091eeb7e95ecdc87890d6aa8e0fd4\"},\"headline\":\"T\u00f6bb mint ezren \u00e1lltak rajthoz a fut\u00f3fesztiv\u00e1lon\",\"datePublished\":\"2018-09-17T14:29:23+00:00\",\"mainEntityOfPage\":{\"@id\":\"https:\\\/\\\/dorogimedence.hu\\\/index.php\\\/2018\\\/09\\\/17\\\/tobb-mint-ezren-alltak-rajthoz-a-futofesztivalon\\\/\"},\"wordCount\":326,\"publisher\":{\"@id\":\"https:\\\/\\\/dorogimedence.hu\\\/#organization\"},\"image\":{\"@id\":\"https:\\\/\\\/dorogimedence.hu\\\/index.php\\\/2018\\\/09\\\/17\\\/tobb-mint-ezren-alltak-rajthoz-a-futofesztivalon\\\/#primaryimage\"},\"thumbnailUrl\":\"https:\\\/\\\/dorogimedence.hu\\\/wp-content\\\/uploads\\\/2018\\\/09\\\/sarpifutas-01.jpg\",\"keywords\":[\"Dorog\",\"fut\u00e1s\",\"fut\u00f3fesztiv\u00e1l\",\"Sarpi-Dorog Fut\u00f3fesztiv\u00e1l\",\"sport\",\"sulisprint\"],\"articleSection\":[\"Dorog\",\"H\u00edrek\",\"Sport\"],\"inLanguage\":\"hu\"},{\"@type\":\"WebPage\",\"@id\":\"https:\\\/\\\/dorogimedence.hu\\\/index.php\\\/2018\\\/09\\\/17\\\/tobb-mint-ezren-alltak-rajthoz-a-futofesztivalon\\\/\",\"url\":\"https:\\\/\\\/dorogimedence.hu\\\/index.php\\\/2018\\\/09\\\/17\\\/tobb-mint-ezren-alltak-rajthoz-a-futofesztivalon\\\/\",\"name\":\"T\u00f6bb mint ezren \u00e1lltak rajthoz a fut\u00f3fesztiv\u00e1lon\",\"isPartOf\":{\"@id\":\"https:\\\/\\\/dorogimedence.hu\\\/#website\"},\"primaryImageOfPage\":{\"@id\":\"https:\\\/\\\/dorogimedence.hu\\\/index.php\\\/2018\\\/09\\\/17\\\/tobb-mint-ezren-alltak-rajthoz-a-futofesztivalon\\\/#primaryimage\"},\"image\":{\"@id\":\"https:\\\/\\\/dorogimedence.hu\\\/index.php\\\/2018\\\/09\\\/17\\\/tobb-mint-ezren-alltak-rajthoz-a-futofesztivalon\\\/#primaryimage\"},\"thumbnailUrl\":\"https:\\\/\\\/dorogimedence.hu\\\/wp-content\\\/uploads\\\/2018\\\/09\\\/sarpifutas-01.jpg\",\"datePublished\":\"2018-09-17T14:29:23+00:00\",\"breadcrumb\":{\"@id\":\"https:\\\/\\\/dorogimedence.hu\\\/index.php\\\/2018\\\/09\\\/17\\\/tobb-mint-ezren-alltak-rajthoz-a-futofesztivalon\\\/#breadcrumb\"},\"inLanguage\":\"hu\",\"potentialAction\":[{\"@type\":\"ReadAction\",\"target\":[\"https:\\\/\\\/dorogimedence.hu\\\/index.php\\\/2018\\\/09\\\/17\\\/tobb-mint-ezren-alltak-rajthoz-a-futofesztivalon\\\/\"]}]},{\"@type\":\"ImageObject\",\"inLanguage\":\"hu\",\"@id\":\"https:\\\/\\\/dorogimedence.hu\\\/index.php\\\/2018\\\/09\\\/17\\\/tobb-mint-ezren-alltak-rajthoz-a-futofesztivalon\\\/#primaryimage\",\"url\":\"https:\\\/\\\/dorogimedence.hu\\\/wp-content\\\/uploads\\\/2018\\\/09\\\/sarpifutas-01.jpg\",\"contentUrl\":\"https:\\\/\\\/dorogimedence.hu\\\/wp-content\\\/uploads\\\/2018\\\/09\\\/sarpifutas-01.jpg\",\"width\":670,\"height\":365},{\"@type\":\"BreadcrumbList\",\"@id\":\"https:\\\/\\\/dorogimedence.hu\\\/index.php\\\/2018\\\/09\\\/17\\\/tobb-mint-ezren-alltak-rajthoz-a-futofesztivalon\\\/#breadcrumb\",\"itemListElement\":[{\"@type\":\"ListItem\",\"position\":1,\"name\":\"Kezd\u0151lap\",\"item\":\"https:\\\/\\\/dorogimedence.hu\\\/\"},{\"@type\":\"ListItem\",\"position\":2,\"name\":\"T\u00f6bb mint ezren \u00e1lltak rajthoz a fut\u00f3fesztiv\u00e1lon\"}]},{\"@type\":\"WebSite\",\"@id\":\"https:\\\/\\\/dorogimedence.hu\\\/#website\",\"url\":\"https:\\\/\\\/dorogimedence.hu\\\/\",\"name\":\"Dorogi-medence Region\u00e1lis H\u00edrport\u00e1l\",\"description\":\"Dorog, Keszt\u00f6lc, Le\u00e1nyv\u00e1r, Piliscs\u00e9v, Tokod, Tokodalt\u00e1r\u00f3, Csolnok, Esztergom-kertv\u00e1ros: h\u00edrek, programok\",\"publisher\":{\"@id\":\"https:\\\/\\\/dorogimedence.hu\\\/#organization\"},\"potentialAction\":[{\"@type\":\"SearchAction\",\"target\":{\"@type\":\"EntryPoint\",\"urlTemplate\":\"https:\\\/\\\/dorogimedence.hu\\\/?s={search_term_string}\"},\"query-input\":{\"@type\":\"PropertyValueSpecification\",\"valueRequired\":true,\"valueName\":\"search_term_string\"}}],\"inLanguage\":\"hu\"},{\"@type\":\"Organization\",\"@id\":\"https:\\\/\\\/dorogimedence.hu\\\/#organization\",\"name\":\"Dorogi-medence Region\u00e1lis H\u00edrport\u00e1l\",\"url\":\"https:\\\/\\\/dorogimedence.hu\\\/\",\"logo\":{\"@type\":\"ImageObject\",\"inLanguage\":\"hu\",\"@id\":\"https:\\\/\\\/dorogimedence.hu\\\/#\\\/schema\\\/logo\\\/image\\\/\",\"url\":\"https:\\\/\\\/dorogimedence.hu\\\/wp-content\\\/uploads\\\/2021\\\/04\\\/logo-feher-600.png\",\"contentUrl\":\"https:\\\/\\\/dorogimedence.hu\\\/wp-content\\\/uploads\\\/2021\\\/04\\\/logo-feher-600.png\",\"width\":600,\"height\":100,\"caption\":\"Dorogi-medence Region\u00e1lis H\u00edrport\u00e1l\"},\"image\":{\"@id\":\"https:\\\/\\\/dorogimedence.hu\\\/#\\\/schema\\\/logo\\\/image\\\/\"},\"sameAs\":[\"https:\\\/\\\/www.facebook.com\\\/dorogimedence\\\/\"]},{\"@type\":\"Person\",\"@id\":\"https:\\\/\\\/dorogimedence.hu\\\/#\\\/schema\\\/person\\\/ce6091eeb7e95ecdc87890d6aa8e0fd4\",\"name\":\"dorogimedence.hu\",\"image\":{\"@type\":\"ImageObject\",\"inLanguage\":\"hu\",\"@id\":\"\\\/\\\/www.gravatar.com\\\/avatar\\\/d8d45f8901aadff40a4af72c0b826f1d?s=96&#038;r=g&#038;d=mm\",\"url\":\"\\\/\\\/www.gravatar.com\\\/avatar\\\/d8d45f8901aadff40a4af72c0b826f1d?s=96&#038;r=g&#038;d=mm\",\"contentUrl\":\"\\\/\\\/www.gravatar.com\\\/avatar\\\/d8d45f8901aadff40a4af72c0b826f1d?s=96&#038;r=g&#038;d=mm\",\"caption\":\"dorogimedence.hu\"}}]}<\/script>\n<!-- \/ Yoast SEO plugin. -->","yoast_head_json":{"title":"T\u00f6bb mint ezren \u00e1lltak rajthoz a fut\u00f3fesztiv\u00e1lon","robots":{"index":"index","follow":"follow","max-snippet":"max-snippet:-1","max-image-preview":"max-image-preview:large","max-video-preview":"max-video-preview:-1"},"canonical":"https:\/\/dorogimedence.hu\/index.php\/2018\/09\/17\/tobb-mint-ezren-alltak-rajthoz-a-futofesztivalon\/","og_locale":"hu_HU","og_type":"article","og_title":"T\u00f6bb mint ezren \u00e1lltak rajthoz a fut\u00f3fesztiv\u00e1lon","og_description":"Szeptember 15-\u00e9n, szombaton, 31. alkalommal ker\u00fclt megrendez\u00e9sre az imm\u00e1ron k\u00e9t \u00e9ve Sarpi-Dorog Fut\u00f3fesztiv\u00e1lra keresztelt rendezv\u00e9ny. Id\u00e9n m\u00e1r t\u00f6bb mint ezren \u00e1lltak rajthoz, k\u00f6zt\u00fck a legfiatalabb fut\u00f3 2 \u00e9ves, m\u00edg a legid\u0151sebb 70 \u00e9v f\u00f6l\u00f6tti volt. Az esem\u00e9nyen az \u00f3vod\u00e1sok 300 m\u00e9teren, a kisiskol\u00e1sok 800 m\u00e9teren kezdt\u00e9k meg a napot a Buz\u00e1nszky Jen\u0151 Stadion fut\u00f3p\u00e1ly\u00e1j\u00e1n. K\u00e9s\u0151bb","og_url":"https:\/\/dorogimedence.hu\/index.php\/2018\/09\/17\/tobb-mint-ezren-alltak-rajthoz-a-futofesztivalon\/","og_site_name":"Dorogi-medence Region\u00e1lis H\u00edrport\u00e1l","article_publisher":"https:\/\/www.facebook.com\/dorogimedence\/","article_published_time":"2018-09-17T14:29:23+00:00","og_image":[{"width":670,"height":365,"url":"https:\/\/i0.wp.com\/dorogimedence.hu\/wp-content\/uploads\/2018\/09\/sarpifutas-01.jpg?fit=670%2C365&ssl=1","type":"image\/jpeg"}],"author":"dorogimedence.hu","twitter_card":"summary_large_image","twitter_misc":{"Szerz\u0151:":"dorogimedence.hu","Becs\u00fclt olvas\u00e1si id\u0151":"2 perc"},"schema":{"@context":"https:\/\/schema.org","@graph":[{"@type":"Article","@id":"https:\/\/dorogimedence.hu\/index.php\/2018\/09\/17\/tobb-mint-ezren-alltak-rajthoz-a-futofesztivalon\/#article","isPartOf":{"@id":"https:\/\/dorogimedence.hu\/index.php\/2018\/09\/17\/tobb-mint-ezren-alltak-rajthoz-a-futofesztivalon\/"},"author":{"name":"dorogimedence.hu","@id":"https:\/\/dorogimedence.hu\/#\/schema\/person\/ce6091eeb7e95ecdc87890d6aa8e0fd4"},"headline":"T\u00f6bb mint ezren \u00e1lltak rajthoz a fut\u00f3fesztiv\u00e1lon","datePublished":"2018-09-17T14:29:23+00:00","mainEntityOfPage":{"@id":"https:\/\/dorogimedence.hu\/index.php\/2018\/09\/17\/tobb-mint-ezren-alltak-rajthoz-a-futofesztivalon\/"},"wordCount":326,"publisher":{"@id":"https:\/\/dorogimedence.hu\/#organization"},"image":{"@id":"https:\/\/dorogimedence.hu\/index.php\/2018\/09\/17\/tobb-mint-ezren-alltak-rajthoz-a-futofesztivalon\/#primaryimage"},"thumbnailUrl":"https:\/\/dorogimedence.hu\/wp-content\/uploads\/2018\/09\/sarpifutas-01.jpg","keywords":["Dorog","fut\u00e1s","fut\u00f3fesztiv\u00e1l","Sarpi-Dorog Fut\u00f3fesztiv\u00e1l","sport","sulisprint"],"articleSection":["Dorog","H\u00edrek","Sport"],"inLanguage":"hu"},{"@type":"WebPage","@id":"https:\/\/dorogimedence.hu\/index.php\/2018\/09\/17\/tobb-mint-ezren-alltak-rajthoz-a-futofesztivalon\/","url":"https:\/\/dorogimedence.hu\/index.php\/2018\/09\/17\/tobb-mint-ezren-alltak-rajthoz-a-futofesztivalon\/","name":"T\u00f6bb mint ezren \u00e1lltak rajthoz a fut\u00f3fesztiv\u00e1lon","isPartOf":{"@id":"https:\/\/dorogimedence.hu\/#website"},"primaryImageOfPage":{"@id":"https:\/\/dorogimedence.hu\/index.php\/2018\/09\/17\/tobb-mint-ezren-alltak-rajthoz-a-futofesztivalon\/#primaryimage"},"image":{"@id":"https:\/\/dorogimedence.hu\/index.php\/2018\/09\/17\/tobb-mint-ezren-alltak-rajthoz-a-futofesztivalon\/#primaryimage"},"thumbnailUrl":"https:\/\/dorogimedence.hu\/wp-content\/uploads\/2018\/09\/sarpifutas-01.jpg","datePublished":"2018-09-17T14:29:23+00:00","breadcrumb":{"@id":"https:\/\/dorogimedence.hu\/index.php\/2018\/09\/17\/tobb-mint-ezren-alltak-rajthoz-a-futofesztivalon\/#breadcrumb"},"inLanguage":"hu","potentialAction":[{"@type":"ReadAction","target":["https:\/\/dorogimedence.hu\/index.php\/2018\/09\/17\/tobb-mint-ezren-alltak-rajthoz-a-futofesztivalon\/"]}]},{"@type":"ImageObject","inLanguage":"hu","@id":"https:\/\/dorogimedence.hu\/index.php\/2018\/09\/17\/tobb-mint-ezren-alltak-rajthoz-a-futofesztivalon\/#primaryimage","url":"https:\/\/dorogimedence.hu\/wp-content\/uploads\/2018\/09\/sarpifutas-01.jpg","contentUrl":"https:\/\/dorogimedence.hu\/wp-content\/uploads\/2018\/09\/sarpifutas-01.jpg","width":670,"height":365},{"@type":"BreadcrumbList","@id":"https:\/\/dorogimedence.hu\/index.php\/2018\/09\/17\/tobb-mint-ezren-alltak-rajthoz-a-futofesztivalon\/#breadcrumb","itemListElement":[{"@type":"ListItem","position":1,"name":"Kezd\u0151lap","item":"https:\/\/dorogimedence.hu\/"},{"@type":"ListItem","position":2,"name":"T\u00f6bb mint ezren \u00e1lltak rajthoz a fut\u00f3fesztiv\u00e1lon"}]},{"@type":"WebSite","@id":"https:\/\/dorogimedence.hu\/#website","url":"https:\/\/dorogimedence.hu\/","name":"Dorogi-medence Region\u00e1lis H\u00edrport\u00e1l","description":"Dorog, Keszt\u00f6lc, Le\u00e1nyv\u00e1r, Piliscs\u00e9v, Tokod, Tokodalt\u00e1r\u00f3, Csolnok, Esztergom-kertv\u00e1ros: h\u00edrek, programok","publisher":{"@id":"https:\/\/dorogimedence.hu\/#organization"},"potentialAction":[{"@type":"SearchAction","target":{"@type":"EntryPoint","urlTemplate":"https:\/\/dorogimedence.hu\/?s={search_term_string}"},"query-input":{"@type":"PropertyValueSpecification","valueRequired":true,"valueName":"search_term_string"}}],"inLanguage":"hu"},{"@type":"Organization","@id":"https:\/\/dorogimedence.hu\/#organization","name":"Dorogi-medence Region\u00e1lis H\u00edrport\u00e1l","url":"https:\/\/dorogimedence.hu\/","logo":{"@type":"ImageObject","inLanguage":"hu","@id":"https:\/\/dorogimedence.hu\/#\/schema\/logo\/image\/","url":"https:\/\/dorogimedence.hu\/wp-content\/uploads\/2021\/04\/logo-feher-600.png","contentUrl":"https:\/\/dorogimedence.hu\/wp-content\/uploads\/2021\/04\/logo-feher-600.png","width":600,"height":100,"caption":"Dorogi-medence Region\u00e1lis H\u00edrport\u00e1l"},"image":{"@id":"https:\/\/dorogimedence.hu\/#\/schema\/logo\/image\/"},"sameAs":["https:\/\/www.facebook.com\/dorogimedence\/"]},{"@type":"Person","@id":"https:\/\/dorogimedence.hu\/#\/schema\/person\/ce6091eeb7e95ecdc87890d6aa8e0fd4","name":"dorogimedence.hu","image":{"@type":"ImageObject","inLanguage":"hu","@id":"\/\/www.gravatar.com\/avatar\/d8d45f8901aadff40a4af72c0b826f1d?s=96&#038;r=g&#038;d=mm","url":"\/\/www.gravatar.com\/avatar\/d8d45f8901aadff40a4af72c0b826f1d?s=96&#038;r=g&#038;d=mm","contentUrl":"\/\/www.gravatar.com\/avatar\/d8d45f8901aadff40a4af72c0b826f1d?s=96&#038;r=g&#038;d=mm","caption":"dorogimedence.hu"}}]}},"_links":{"self":[{"href":"https:\/\/dorogimedence.hu\/index.php\/wp-json\/wp\/v2\/posts\/12319","targetHints":{"allow":["GET"]}}],"collection":[{"href":"https:\/\/dorogimedence.hu\/index.php\/wp-json\/wp\/v2\/posts"}],"about":[{"href":"https:\/\/dorogimedence.hu\/index.php\/wp-json\/wp\/v2\/types\/post"}],"author":[{"embeddable":true,"href":"https:\/\/dorogimedence.hu\/index.php\/wp-json\/wp\/v2\/users\/1"}],"replies":[{"embeddable":true,"href":"https:\/\/dorogimedence.hu\/index.php\/wp-json\/wp\/v2\/comments?post=12319"}],"version-history":[{"count":0,"href":"https:\/\/dorogimedence.hu\/index.php\/wp-json\/wp\/v2\/posts\/12319\/revisions"}],"wp:featuredmedia":[{"embeddable":true,"href":"https:\/\/dorogimedence.hu\/index.php\/wp-json\/wp\/v2\/media\/12320"}],"wp:attachment":[{"href":"https:\/\/dorogimedence.hu\/index.php\/wp-json\/wp\/v2\/media?parent=12319"}],"wp:term":[{"taxonomy":"category","embeddable":true,"href":"https:\/\/dorogimedence.hu\/index.php\/wp-json\/wp\/v2\/categories?post=12319"},{"taxonomy":"post_tag","embeddable":true,"href":"https:\/\/dorogimedence.hu\/index.php\/wp-json\/wp\/v2\/tags?post=12319"}],"curies":[{"name":"wp","href":"https:\/\/api.w.org\/{rel}","templated":true}]}}