{"id":12299,"date":"2018-09-15T05:18:17","date_gmt":"2018-09-15T03:18:17","guid":{"rendered":"http:\/\/dorogimedence.hu\/?p=12299"},"modified":"2018-09-15T05:19:33","modified_gmt":"2018-09-15T03:19:33","slug":"ha-van-autoja-egy-napig-ingyenesen-vonatozhat","status":"publish","type":"post","link":"https:\/\/dorogimedence.hu\/index.php\/2018\/09\/15\/ha-van-autoja-egy-napig-ingyenesen-vonatozhat\/","title":{"rendered":"Ha van aut\u00f3ja, egy napig ingyenesen vonatozhat!"},"content":{"rendered":"<p><strong>A ker\u00e9kp\u00e1rosokat az Eur\u00f3pai Mobilit\u00e1si H\u00e9ten d\u00edjmentes ker\u00e9kp\u00e1rsz\u00e1ll\u00edt\u00e1si akci\u00f3val, a forgalmi enged\u00e9llyel rendelkez\u0151ket pedig szeptember 22-\u00e9n, az Aut\u00f3mentes Napon ingyenes utaz\u00e1si lehet\u0151s\u00e9ggel v\u00e1rja a M\u00c1V-START. Szeptember 15-\u00e9n \u00e9s 16-\u00e1n a budapesti Andr\u00e1ssy \u00faton a vas\u00fatt\u00e1rsas\u00e1g saj\u00e1t standdal \u00e9s sz\u00ednes gyerekprogramokkal k\u00e9sz\u00fcl, illetve az \u00e9rdekl\u0151d\u0151k t\u00e1j\u00e9koztat\u00e1st kaphatnak a t\u00e1rsas\u00e1g \u00e1ltal k\u00edn\u00e1lt \u00e1ll\u00e1slehet\u0151s\u00e9gekr\u0151l is.<\/strong><\/p>\n<p>Az id\u00e9n tizenhetedik alkalommal rendezik meg az Eur\u00f3pai Mobilit\u00e1si Hetet, amelynek c\u00e9lja a k\u00f6rnyezetbar\u00e1t \u00e9s fenntarthat\u00f3 v\u00e1rosi k\u00f6zleked\u00e9s n\u00e9pszer\u0171s\u00edt\u00e9se. A kor\u00e1bbi \u00e9vekhez hasonl\u00f3an a M\u00c1V-csoport is csatlakozott a kezdem\u00e9nyez\u00e9shez. A Mobilit\u00e1si H\u00e9tv\u00e9g\u00e9n a budapesti Andr\u00e1ssy \u00fat izgalmas csal\u00e1di programoknak ad otthont. A V\u00f6r\u00f6smarty \u00e9s a Csengery utca k\u00f6z\u00f6tt megtal\u00e1lhat\u00f3 M\u00c1V-standon anim\u00e1torok gondoskodnak a gyermekek sz\u00f3rakoztat\u00e1s\u00e1r\u00f3l, az utazni k\u00e9sz\u00fcl\u0151k inform\u00e1ci\u00f3t k\u00e9rhetnek, vagy ak\u00e1r vas\u00fati jegyet is v\u00e1s\u00e1rolhatnak a M\u00c1V-START mobilp\u00e9nzt\u00e1r\u00e1n\u00e1l, az \u00e9rdekl\u0151d\u0151k pedig r\u00e9szletes t\u00e1j\u00e9koztat\u00e1st kaphatnak az aktu\u00e1lis \u00e1ll\u00e1saj\u00e1nlatokr\u00f3l \u00e9s karrierlehet\u0151s\u00e9gekr\u0151l. Azok, akik r\u00e9szt vesznek egy helysz\u00edni fot\u00f3z\u00e1son \u00e9s az online j\u00e1t\u00e9kban, ak\u00e1r a M\u00c1V \u00faj Instagram-oldal\u00e1ra is felker\u00fclhetnek.<\/p>\n<p>A M\u00c1V-START \u00e9s a GYSEV \u00e1ltal az Eur\u00f3pai Mobilit\u00e1si H\u00e9t ideje alatt kiadott<strong> d\u00edjmentes ker\u00e9kp\u00e1rjegyek valamennyi \u2013 erre alkalmas \u2013 hazai j\u00e1raton ig\u00e9nybe vehet\u0151k.<\/strong> A d\u00edjmentes ker\u00e9kp\u00e1rjegyek a vonatokon p\u00f3td\u00edjfizet\u00e9si k\u00f6telezetts\u00e9g n\u00e9lk\u00fcl megv\u00e1lthat\u00f3k az \u00e9rv\u00e9nyes belf\u00f6ldi vas\u00fati menetjegyek mell\u00e9, de interneten csak menetjeggyel egy\u00fctt vehet\u0151k meg. (Az internetes v\u00e1s\u00e1rl\u00f3kos\u00e1rba helyezett jegyek sz\u00e1m\u00e1n\u00e1l legfeljebb n\u00e9ggyel t\u00f6bb d\u00edjmentes ker\u00e9kp\u00e1rjegy v\u00e1lthat\u00f3. B\u0151vebb inform\u00e1ci\u00f3 a <a href=\"http:\/\/www.mavcsoport.hu\/mav-start\/belfoldi-utazas\/kedves-kerekparos-utasunk\" target=\"_blank\" rel=\"noopener\"><span style=\"text-decoration: underline; color: #0000ff;\">ker\u00e9kp\u00e1rsz\u00e1ll\u00edt\u00e1sr\u00f3l<\/span><\/a>.)<\/p>\n<p><strong>Szeptember 20-\u00e1n a \u201ebring\u00e1s reggeli\u201d<\/strong> rendezv\u00e9nyhez csatlakozik a M\u00c1V-csoport, id\u00e9n m\u00e1r m\u00e1sodszor. A szervez\u0151k reggel 7 \u00e9s 9 \u00f3ra k\u00f6z\u00f6tt minden ker\u00e9kp\u00e1rost szeretettel v\u00e1rnak egy \u00fcveg \u00e1sv\u00e1nyv\u00edzre, pog\u00e1cs\u00e1ra, kaka\u00f3s csig\u00e1ra vagy friss gy\u00fcm\u00f6lcsre a K\u00f6nyves K\u00e1lm\u00e1n k\u00f6r\u00fat 54\u201360. sz\u00e1m alatt tal\u00e1lhat\u00f3 M\u00c1V-sz\u00e9kh\u00e1zzal szemben.<\/p>\n<p><strong>Szeptember 22-\u00e9n, az Aut\u00f3mentes Napon a forgalmi enged\u00e9ly\u00fcket bemutat\u00f3 g\u00e9pj\u00e1rm\u0171-tulajdonosoknak, illetve \u00fczembentart\u00f3knak<\/strong> is kedvez a M\u00c1V-START \u00e9s a GYSEV. El\u0151bbi teljes szolg\u00e1ltat\u00e1si ter\u00fclet\u00e9n, ut\u00f3bbi magyarorsz\u00e1gi vonalh\u00e1l\u00f3zat\u00e1n term\u00e9szetes szem\u00e9lyek a nev\u00fckre ki\u00e1ll\u00edtott forgalmi enged\u00e9llyel d\u00edjmentesen utazhatnak m\u00e1sodoszt\u00e1lyon. (Els\u0151 oszt\u00e1ly\u00fa utaz\u00e1shoz meg kell fizetni a kocsioszt\u00e1ly-k\u00fcl\u00f6nb\u00f6zeti d\u00edjat, m\u00edg fel\u00e1ras vonat eset\u00e9n a p\u00f3t-, illetve helyjegy megv\u00e1lt\u00e1sa is k\u00f6telez\u0151.)<\/p>\n<p><span style=\"text-decoration: underline; color: #0000ff;\"><a style=\"color: #0000ff;\" href=\"http:\/\/emh.kormany.hu\/\" target=\"_blank\" rel=\"noopener\">Az Eur\u00f3pai Mobilit\u00e1si H\u00e9t c\u00e9lj\u00e1r\u00f3l \u00e9s programjair\u00f3l itt olvashat b\u0151vebben&gt;&gt;<\/a><\/span><\/p>\n<p><em>M\u00c1V Zrt. &#8211; Kommunik\u00e1ci\u00f3s Igazagat\u00f3s\u00e1g<\/em><\/p>\n","protected":false},"excerpt":{"rendered":"<p>A ker\u00e9kp\u00e1rosokat az Eur\u00f3pai Mobilit\u00e1si H\u00e9ten d\u00edjmentes ker\u00e9kp\u00e1rsz\u00e1ll\u00edt\u00e1si akci\u00f3val, a forgalmi enged\u00e9llyel rendelkez\u0151ket pedig szeptember 22-\u00e9n, az Aut\u00f3mentes Napon ingyenes utaz\u00e1si lehet\u0151s\u00e9ggel v\u00e1rja a M\u00c1V-START. Szeptember 15-\u00e9n \u00e9s 16-\u00e1n a budapesti Andr\u00e1ssy \u00faton a vas\u00fatt\u00e1rsas\u00e1g saj\u00e1t standdal \u00e9s sz\u00ednes gyerekprogramokkal k\u00e9sz\u00fcl, illetve az \u00e9rdekl\u0151d\u0151k t\u00e1j\u00e9koztat\u00e1st kaphatnak a t\u00e1rsas\u00e1g \u00e1ltal k\u00edn\u00e1lt \u00e1ll\u00e1slehet\u0151s\u00e9gekr\u0151l is. Az id\u00e9n tizenhetedik<\/p>\n","protected":false},"author":1,"featured_media":6727,"comment_status":"closed","ping_status":"closed","sticky":false,"template":"","format":"standard","meta":{"ngg_post_thumbnail":0,"footnotes":""},"categories":[3],"tags":[3008,134,279,292,291],"class_list":{"0":"post-12299","1":"post","2":"type-post","3":"status-publish","4":"format-standard","5":"has-post-thumbnail","7":"category-hirek","8":"tag-gysev","9":"tag-kerekpar","10":"tag-kozlekedes","11":"tag-mav","12":"tag-vonat"},"yoast_head":"<!-- This site is optimized with the Yoast SEO plugin v27.4 - https:\/\/yoast.com\/product\/yoast-seo-wordpress\/ -->\n<title>Ha van aut\u00f3ja, egy napig ingyenesen vonatozhat!<\/title>\n<meta name=\"robots\" content=\"index, follow, max-snippet:-1, max-image-preview:large, max-video-preview:-1\" \/>\n<link rel=\"canonical\" href=\"https:\/\/dorogimedence.hu\/index.php\/2018\/09\/15\/ha-van-autoja-egy-napig-ingyenesen-vonatozhat\/\" class=\"yoast-seo-meta-tag\" \/>\n<meta property=\"og:locale\" content=\"hu_HU\" class=\"yoast-seo-meta-tag\" \/>\n<meta property=\"og:type\" content=\"article\" class=\"yoast-seo-meta-tag\" \/>\n<meta property=\"og:title\" content=\"Ha van aut\u00f3ja, egy napig ingyenesen vonatozhat!\" class=\"yoast-seo-meta-tag\" \/>\n<meta property=\"og:description\" content=\"A ker\u00e9kp\u00e1rosokat az Eur\u00f3pai Mobilit\u00e1si H\u00e9ten d\u00edjmentes ker\u00e9kp\u00e1rsz\u00e1ll\u00edt\u00e1si akci\u00f3val, a forgalmi enged\u00e9llyel rendelkez\u0151ket pedig szeptember 22-\u00e9n, az Aut\u00f3mentes Napon ingyenes utaz\u00e1si lehet\u0151s\u00e9ggel v\u00e1rja a M\u00c1V-START. Szeptember 15-\u00e9n \u00e9s 16-\u00e1n a budapesti Andr\u00e1ssy \u00faton a vas\u00fatt\u00e1rsas\u00e1g saj\u00e1t standdal \u00e9s sz\u00ednes gyerekprogramokkal k\u00e9sz\u00fcl, illetve az \u00e9rdekl\u0151d\u0151k t\u00e1j\u00e9koztat\u00e1st kaphatnak a t\u00e1rsas\u00e1g \u00e1ltal k\u00edn\u00e1lt \u00e1ll\u00e1slehet\u0151s\u00e9gekr\u0151l is. Az id\u00e9n tizenhetedik\" class=\"yoast-seo-meta-tag\" \/>\n<meta property=\"og:url\" content=\"https:\/\/dorogimedence.hu\/index.php\/2018\/09\/15\/ha-van-autoja-egy-napig-ingyenesen-vonatozhat\/\" class=\"yoast-seo-meta-tag\" \/>\n<meta property=\"og:site_name\" content=\"Dorogi-medence Region\u00e1lis H\u00edrport\u00e1l\" class=\"yoast-seo-meta-tag\" \/>\n<meta property=\"article:publisher\" content=\"https:\/\/www.facebook.com\/dorogimedence\/\" class=\"yoast-seo-meta-tag\" \/>\n<meta property=\"article:published_time\" content=\"2018-09-15T03:18:17+00:00\" class=\"yoast-seo-meta-tag\" \/>\n<meta property=\"article:modified_time\" content=\"2018-09-15T03:19:33+00:00\" class=\"yoast-seo-meta-tag\" \/>\n<meta property=\"og:image\" content=\"https:\/\/i0.wp.com\/dorogimedence.hu\/wp-content\/uploads\/2017\/11\/flirt-01.jpg?fit=670%2C365&ssl=1\" class=\"yoast-seo-meta-tag\" \/>\n\t<meta property=\"og:image:width\" content=\"670\" class=\"yoast-seo-meta-tag\" \/>\n\t<meta property=\"og:image:height\" content=\"365\" class=\"yoast-seo-meta-tag\" \/>\n\t<meta property=\"og:image:type\" content=\"image\/jpeg\" class=\"yoast-seo-meta-tag\" \/>\n<meta name=\"author\" content=\"dorogimedence.hu\" class=\"yoast-seo-meta-tag\" \/>\n<meta name=\"twitter:card\" content=\"summary_large_image\" class=\"yoast-seo-meta-tag\" \/>\n<meta name=\"twitter:label1\" content=\"Szerz\u0151:\" class=\"yoast-seo-meta-tag\" \/>\n\t<meta name=\"twitter:data1\" content=\"dorogimedence.hu\" class=\"yoast-seo-meta-tag\" \/>\n\t<meta name=\"twitter:label2\" content=\"Becs\u00fclt olvas\u00e1si id\u0151\" class=\"yoast-seo-meta-tag\" \/>\n\t<meta name=\"twitter:data2\" content=\"3 perc\" class=\"yoast-seo-meta-tag\" \/>\n<script type=\"application\/ld+json\" class=\"yoast-schema-graph\">{\"@context\":\"https:\\\/\\\/schema.org\",\"@graph\":[{\"@type\":\"Article\",\"@id\":\"https:\\\/\\\/dorogimedence.hu\\\/index.php\\\/2018\\\/09\\\/15\\\/ha-van-autoja-egy-napig-ingyenesen-vonatozhat\\\/#article\",\"isPartOf\":{\"@id\":\"https:\\\/\\\/dorogimedence.hu\\\/index.php\\\/2018\\\/09\\\/15\\\/ha-van-autoja-egy-napig-ingyenesen-vonatozhat\\\/\"},\"author\":{\"name\":\"dorogimedence.hu\",\"@id\":\"https:\\\/\\\/dorogimedence.hu\\\/#\\\/schema\\\/person\\\/ce6091eeb7e95ecdc87890d6aa8e0fd4\"},\"headline\":\"Ha van aut\u00f3ja, egy napig ingyenesen vonatozhat!\",\"datePublished\":\"2018-09-15T03:18:17+00:00\",\"dateModified\":\"2018-09-15T03:19:33+00:00\",\"mainEntityOfPage\":{\"@id\":\"https:\\\/\\\/dorogimedence.hu\\\/index.php\\\/2018\\\/09\\\/15\\\/ha-van-autoja-egy-napig-ingyenesen-vonatozhat\\\/\"},\"wordCount\":582,\"publisher\":{\"@id\":\"https:\\\/\\\/dorogimedence.hu\\\/#organization\"},\"image\":{\"@id\":\"https:\\\/\\\/dorogimedence.hu\\\/index.php\\\/2018\\\/09\\\/15\\\/ha-van-autoja-egy-napig-ingyenesen-vonatozhat\\\/#primaryimage\"},\"thumbnailUrl\":\"https:\\\/\\\/dorogimedence.hu\\\/wp-content\\\/uploads\\\/2017\\\/11\\\/flirt-01.jpg\",\"keywords\":[\"GYSEV\",\"ker\u00e9kp\u00e1r\",\"k\u00f6zleked\u00e9s\",\"m\u00e1v\",\"vonat\"],\"articleSection\":[\"H\u00edrek\"],\"inLanguage\":\"hu\"},{\"@type\":\"WebPage\",\"@id\":\"https:\\\/\\\/dorogimedence.hu\\\/index.php\\\/2018\\\/09\\\/15\\\/ha-van-autoja-egy-napig-ingyenesen-vonatozhat\\\/\",\"url\":\"https:\\\/\\\/dorogimedence.hu\\\/index.php\\\/2018\\\/09\\\/15\\\/ha-van-autoja-egy-napig-ingyenesen-vonatozhat\\\/\",\"name\":\"Ha van aut\u00f3ja, egy napig ingyenesen vonatozhat!\",\"isPartOf\":{\"@id\":\"https:\\\/\\\/dorogimedence.hu\\\/#website\"},\"primaryImageOfPage\":{\"@id\":\"https:\\\/\\\/dorogimedence.hu\\\/index.php\\\/2018\\\/09\\\/15\\\/ha-van-autoja-egy-napig-ingyenesen-vonatozhat\\\/#primaryimage\"},\"image\":{\"@id\":\"https:\\\/\\\/dorogimedence.hu\\\/index.php\\\/2018\\\/09\\\/15\\\/ha-van-autoja-egy-napig-ingyenesen-vonatozhat\\\/#primaryimage\"},\"thumbnailUrl\":\"https:\\\/\\\/dorogimedence.hu\\\/wp-content\\\/uploads\\\/2017\\\/11\\\/flirt-01.jpg\",\"datePublished\":\"2018-09-15T03:18:17+00:00\",\"dateModified\":\"2018-09-15T03:19:33+00:00\",\"breadcrumb\":{\"@id\":\"https:\\\/\\\/dorogimedence.hu\\\/index.php\\\/2018\\\/09\\\/15\\\/ha-van-autoja-egy-napig-ingyenesen-vonatozhat\\\/#breadcrumb\"},\"inLanguage\":\"hu\",\"potentialAction\":[{\"@type\":\"ReadAction\",\"target\":[\"https:\\\/\\\/dorogimedence.hu\\\/index.php\\\/2018\\\/09\\\/15\\\/ha-van-autoja-egy-napig-ingyenesen-vonatozhat\\\/\"]}]},{\"@type\":\"ImageObject\",\"inLanguage\":\"hu\",\"@id\":\"https:\\\/\\\/dorogimedence.hu\\\/index.php\\\/2018\\\/09\\\/15\\\/ha-van-autoja-egy-napig-ingyenesen-vonatozhat\\\/#primaryimage\",\"url\":\"https:\\\/\\\/dorogimedence.hu\\\/wp-content\\\/uploads\\\/2017\\\/11\\\/flirt-01.jpg\",\"contentUrl\":\"https:\\\/\\\/dorogimedence.hu\\\/wp-content\\\/uploads\\\/2017\\\/11\\\/flirt-01.jpg\",\"width\":670,\"height\":365},{\"@type\":\"BreadcrumbList\",\"@id\":\"https:\\\/\\\/dorogimedence.hu\\\/index.php\\\/2018\\\/09\\\/15\\\/ha-van-autoja-egy-napig-ingyenesen-vonatozhat\\\/#breadcrumb\",\"itemListElement\":[{\"@type\":\"ListItem\",\"position\":1,\"name\":\"Kezd\u0151lap\",\"item\":\"https:\\\/\\\/dorogimedence.hu\\\/\"},{\"@type\":\"ListItem\",\"position\":2,\"name\":\"Ha van aut\u00f3ja, egy napig ingyenesen vonatozhat!\"}]},{\"@type\":\"WebSite\",\"@id\":\"https:\\\/\\\/dorogimedence.hu\\\/#website\",\"url\":\"https:\\\/\\\/dorogimedence.hu\\\/\",\"name\":\"Dorogi-medence Region\u00e1lis H\u00edrport\u00e1l\",\"description\":\"Dorog, Keszt\u00f6lc, Le\u00e1nyv\u00e1r, Piliscs\u00e9v, Tokod, Tokodalt\u00e1r\u00f3, Csolnok, Esztergom-kertv\u00e1ros: h\u00edrek, programok\",\"publisher\":{\"@id\":\"https:\\\/\\\/dorogimedence.hu\\\/#organization\"},\"potentialAction\":[{\"@type\":\"SearchAction\",\"target\":{\"@type\":\"EntryPoint\",\"urlTemplate\":\"https:\\\/\\\/dorogimedence.hu\\\/?s={search_term_string}\"},\"query-input\":{\"@type\":\"PropertyValueSpecification\",\"valueRequired\":true,\"valueName\":\"search_term_string\"}}],\"inLanguage\":\"hu\"},{\"@type\":\"Organization\",\"@id\":\"https:\\\/\\\/dorogimedence.hu\\\/#organization\",\"name\":\"Dorogi-medence Region\u00e1lis H\u00edrport\u00e1l\",\"url\":\"https:\\\/\\\/dorogimedence.hu\\\/\",\"logo\":{\"@type\":\"ImageObject\",\"inLanguage\":\"hu\",\"@id\":\"https:\\\/\\\/dorogimedence.hu\\\/#\\\/schema\\\/logo\\\/image\\\/\",\"url\":\"https:\\\/\\\/dorogimedence.hu\\\/wp-content\\\/uploads\\\/2021\\\/04\\\/logo-feher-600.png\",\"contentUrl\":\"https:\\\/\\\/dorogimedence.hu\\\/wp-content\\\/uploads\\\/2021\\\/04\\\/logo-feher-600.png\",\"width\":600,\"height\":100,\"caption\":\"Dorogi-medence Region\u00e1lis H\u00edrport\u00e1l\"},\"image\":{\"@id\":\"https:\\\/\\\/dorogimedence.hu\\\/#\\\/schema\\\/logo\\\/image\\\/\"},\"sameAs\":[\"https:\\\/\\\/www.facebook.com\\\/dorogimedence\\\/\"]},{\"@type\":\"Person\",\"@id\":\"https:\\\/\\\/dorogimedence.hu\\\/#\\\/schema\\\/person\\\/ce6091eeb7e95ecdc87890d6aa8e0fd4\",\"name\":\"dorogimedence.hu\",\"image\":{\"@type\":\"ImageObject\",\"inLanguage\":\"hu\",\"@id\":\"\\\/\\\/www.gravatar.com\\\/avatar\\\/d8d45f8901aadff40a4af72c0b826f1d?s=96&#038;r=g&#038;d=mm\",\"url\":\"\\\/\\\/www.gravatar.com\\\/avatar\\\/d8d45f8901aadff40a4af72c0b826f1d?s=96&#038;r=g&#038;d=mm\",\"contentUrl\":\"\\\/\\\/www.gravatar.com\\\/avatar\\\/d8d45f8901aadff40a4af72c0b826f1d?s=96&#038;r=g&#038;d=mm\",\"caption\":\"dorogimedence.hu\"}}]}<\/script>\n<!-- \/ Yoast SEO plugin. -->","yoast_head_json":{"title":"Ha van aut\u00f3ja, egy napig ingyenesen vonatozhat!","robots":{"index":"index","follow":"follow","max-snippet":"max-snippet:-1","max-image-preview":"max-image-preview:large","max-video-preview":"max-video-preview:-1"},"canonical":"https:\/\/dorogimedence.hu\/index.php\/2018\/09\/15\/ha-van-autoja-egy-napig-ingyenesen-vonatozhat\/","og_locale":"hu_HU","og_type":"article","og_title":"Ha van aut\u00f3ja, egy napig ingyenesen vonatozhat!","og_description":"A ker\u00e9kp\u00e1rosokat az Eur\u00f3pai Mobilit\u00e1si H\u00e9ten d\u00edjmentes ker\u00e9kp\u00e1rsz\u00e1ll\u00edt\u00e1si akci\u00f3val, a forgalmi enged\u00e9llyel rendelkez\u0151ket pedig szeptember 22-\u00e9n, az Aut\u00f3mentes Napon ingyenes utaz\u00e1si lehet\u0151s\u00e9ggel v\u00e1rja a M\u00c1V-START. Szeptember 15-\u00e9n \u00e9s 16-\u00e1n a budapesti Andr\u00e1ssy \u00faton a vas\u00fatt\u00e1rsas\u00e1g saj\u00e1t standdal \u00e9s sz\u00ednes gyerekprogramokkal k\u00e9sz\u00fcl, illetve az \u00e9rdekl\u0151d\u0151k t\u00e1j\u00e9koztat\u00e1st kaphatnak a t\u00e1rsas\u00e1g \u00e1ltal k\u00edn\u00e1lt \u00e1ll\u00e1slehet\u0151s\u00e9gekr\u0151l is. Az id\u00e9n tizenhetedik","og_url":"https:\/\/dorogimedence.hu\/index.php\/2018\/09\/15\/ha-van-autoja-egy-napig-ingyenesen-vonatozhat\/","og_site_name":"Dorogi-medence Region\u00e1lis H\u00edrport\u00e1l","article_publisher":"https:\/\/www.facebook.com\/dorogimedence\/","article_published_time":"2018-09-15T03:18:17+00:00","article_modified_time":"2018-09-15T03:19:33+00:00","og_image":[{"width":670,"height":365,"url":"https:\/\/i0.wp.com\/dorogimedence.hu\/wp-content\/uploads\/2017\/11\/flirt-01.jpg?fit=670%2C365&ssl=1","type":"image\/jpeg"}],"author":"dorogimedence.hu","twitter_card":"summary_large_image","twitter_misc":{"Szerz\u0151:":"dorogimedence.hu","Becs\u00fclt olvas\u00e1si id\u0151":"3 perc"},"schema":{"@context":"https:\/\/schema.org","@graph":[{"@type":"Article","@id":"https:\/\/dorogimedence.hu\/index.php\/2018\/09\/15\/ha-van-autoja-egy-napig-ingyenesen-vonatozhat\/#article","isPartOf":{"@id":"https:\/\/dorogimedence.hu\/index.php\/2018\/09\/15\/ha-van-autoja-egy-napig-ingyenesen-vonatozhat\/"},"author":{"name":"dorogimedence.hu","@id":"https:\/\/dorogimedence.hu\/#\/schema\/person\/ce6091eeb7e95ecdc87890d6aa8e0fd4"},"headline":"Ha van aut\u00f3ja, egy napig ingyenesen vonatozhat!","datePublished":"2018-09-15T03:18:17+00:00","dateModified":"2018-09-15T03:19:33+00:00","mainEntityOfPage":{"@id":"https:\/\/dorogimedence.hu\/index.php\/2018\/09\/15\/ha-van-autoja-egy-napig-ingyenesen-vonatozhat\/"},"wordCount":582,"publisher":{"@id":"https:\/\/dorogimedence.hu\/#organization"},"image":{"@id":"https:\/\/dorogimedence.hu\/index.php\/2018\/09\/15\/ha-van-autoja-egy-napig-ingyenesen-vonatozhat\/#primaryimage"},"thumbnailUrl":"https:\/\/dorogimedence.hu\/wp-content\/uploads\/2017\/11\/flirt-01.jpg","keywords":["GYSEV","ker\u00e9kp\u00e1r","k\u00f6zleked\u00e9s","m\u00e1v","vonat"],"articleSection":["H\u00edrek"],"inLanguage":"hu"},{"@type":"WebPage","@id":"https:\/\/dorogimedence.hu\/index.php\/2018\/09\/15\/ha-van-autoja-egy-napig-ingyenesen-vonatozhat\/","url":"https:\/\/dorogimedence.hu\/index.php\/2018\/09\/15\/ha-van-autoja-egy-napig-ingyenesen-vonatozhat\/","name":"Ha van aut\u00f3ja, egy napig ingyenesen vonatozhat!","isPartOf":{"@id":"https:\/\/dorogimedence.hu\/#website"},"primaryImageOfPage":{"@id":"https:\/\/dorogimedence.hu\/index.php\/2018\/09\/15\/ha-van-autoja-egy-napig-ingyenesen-vonatozhat\/#primaryimage"},"image":{"@id":"https:\/\/dorogimedence.hu\/index.php\/2018\/09\/15\/ha-van-autoja-egy-napig-ingyenesen-vonatozhat\/#primaryimage"},"thumbnailUrl":"https:\/\/dorogimedence.hu\/wp-content\/uploads\/2017\/11\/flirt-01.jpg","datePublished":"2018-09-15T03:18:17+00:00","dateModified":"2018-09-15T03:19:33+00:00","breadcrumb":{"@id":"https:\/\/dorogimedence.hu\/index.php\/2018\/09\/15\/ha-van-autoja-egy-napig-ingyenesen-vonatozhat\/#breadcrumb"},"inLanguage":"hu","potentialAction":[{"@type":"ReadAction","target":["https:\/\/dorogimedence.hu\/index.php\/2018\/09\/15\/ha-van-autoja-egy-napig-ingyenesen-vonatozhat\/"]}]},{"@type":"ImageObject","inLanguage":"hu","@id":"https:\/\/dorogimedence.hu\/index.php\/2018\/09\/15\/ha-van-autoja-egy-napig-ingyenesen-vonatozhat\/#primaryimage","url":"https:\/\/dorogimedence.hu\/wp-content\/uploads\/2017\/11\/flirt-01.jpg","contentUrl":"https:\/\/dorogimedence.hu\/wp-content\/uploads\/2017\/11\/flirt-01.jpg","width":670,"height":365},{"@type":"BreadcrumbList","@id":"https:\/\/dorogimedence.hu\/index.php\/2018\/09\/15\/ha-van-autoja-egy-napig-ingyenesen-vonatozhat\/#breadcrumb","itemListElement":[{"@type":"ListItem","position":1,"name":"Kezd\u0151lap","item":"https:\/\/dorogimedence.hu\/"},{"@type":"ListItem","position":2,"name":"Ha van aut\u00f3ja, egy napig ingyenesen vonatozhat!"}]},{"@type":"WebSite","@id":"https:\/\/dorogimedence.hu\/#website","url":"https:\/\/dorogimedence.hu\/","name":"Dorogi-medence Region\u00e1lis H\u00edrport\u00e1l","description":"Dorog, Keszt\u00f6lc, Le\u00e1nyv\u00e1r, Piliscs\u00e9v, Tokod, Tokodalt\u00e1r\u00f3, Csolnok, Esztergom-kertv\u00e1ros: h\u00edrek, programok","publisher":{"@id":"https:\/\/dorogimedence.hu\/#organization"},"potentialAction":[{"@type":"SearchAction","target":{"@type":"EntryPoint","urlTemplate":"https:\/\/dorogimedence.hu\/?s={search_term_string}"},"query-input":{"@type":"PropertyValueSpecification","valueRequired":true,"valueName":"search_term_string"}}],"inLanguage":"hu"},{"@type":"Organization","@id":"https:\/\/dorogimedence.hu\/#organization","name":"Dorogi-medence Region\u00e1lis H\u00edrport\u00e1l","url":"https:\/\/dorogimedence.hu\/","logo":{"@type":"ImageObject","inLanguage":"hu","@id":"https:\/\/dorogimedence.hu\/#\/schema\/logo\/image\/","url":"https:\/\/dorogimedence.hu\/wp-content\/uploads\/2021\/04\/logo-feher-600.png","contentUrl":"https:\/\/dorogimedence.hu\/wp-content\/uploads\/2021\/04\/logo-feher-600.png","width":600,"height":100,"caption":"Dorogi-medence Region\u00e1lis H\u00edrport\u00e1l"},"image":{"@id":"https:\/\/dorogimedence.hu\/#\/schema\/logo\/image\/"},"sameAs":["https:\/\/www.facebook.com\/dorogimedence\/"]},{"@type":"Person","@id":"https:\/\/dorogimedence.hu\/#\/schema\/person\/ce6091eeb7e95ecdc87890d6aa8e0fd4","name":"dorogimedence.hu","image":{"@type":"ImageObject","inLanguage":"hu","@id":"\/\/www.gravatar.com\/avatar\/d8d45f8901aadff40a4af72c0b826f1d?s=96&#038;r=g&#038;d=mm","url":"\/\/www.gravatar.com\/avatar\/d8d45f8901aadff40a4af72c0b826f1d?s=96&#038;r=g&#038;d=mm","contentUrl":"\/\/www.gravatar.com\/avatar\/d8d45f8901aadff40a4af72c0b826f1d?s=96&#038;r=g&#038;d=mm","caption":"dorogimedence.hu"}}]}},"_links":{"self":[{"href":"https:\/\/dorogimedence.hu\/index.php\/wp-json\/wp\/v2\/posts\/12299","targetHints":{"allow":["GET"]}}],"collection":[{"href":"https:\/\/dorogimedence.hu\/index.php\/wp-json\/wp\/v2\/posts"}],"about":[{"href":"https:\/\/dorogimedence.hu\/index.php\/wp-json\/wp\/v2\/types\/post"}],"author":[{"embeddable":true,"href":"https:\/\/dorogimedence.hu\/index.php\/wp-json\/wp\/v2\/users\/1"}],"replies":[{"embeddable":true,"href":"https:\/\/dorogimedence.hu\/index.php\/wp-json\/wp\/v2\/comments?post=12299"}],"version-history":[{"count":0,"href":"https:\/\/dorogimedence.hu\/index.php\/wp-json\/wp\/v2\/posts\/12299\/revisions"}],"wp:featuredmedia":[{"embeddable":true,"href":"https:\/\/dorogimedence.hu\/index.php\/wp-json\/wp\/v2\/media\/6727"}],"wp:attachment":[{"href":"https:\/\/dorogimedence.hu\/index.php\/wp-json\/wp\/v2\/media?parent=12299"}],"wp:term":[{"taxonomy":"category","embeddable":true,"href":"https:\/\/dorogimedence.hu\/index.php\/wp-json\/wp\/v2\/categories?post=12299"},{"taxonomy":"post_tag","embeddable":true,"href":"https:\/\/dorogimedence.hu\/index.php\/wp-json\/wp\/v2\/tags?post=12299"}],"curies":[{"name":"wp","href":"https:\/\/api.w.org\/{rel}","templated":true}]}}