{"id":12275,"date":"2018-09-13T16:37:58","date_gmt":"2018-09-13T14:37:58","guid":{"rendered":"http:\/\/dorogimedence.hu\/?p=12275"},"modified":"2018-09-13T16:37:58","modified_gmt":"2018-09-13T14:37:58","slug":"ajandekokat-osztottak-a-rendorok-a-dorogi-iskolakban","status":"publish","type":"post","link":"https:\/\/dorogimedence.hu\/index.php\/2018\/09\/13\/ajandekokat-osztottak-a-rendorok-a-dorogi-iskolakban\/","title":{"rendered":"Aj\u00e1nd\u00e9kokat osztottak a rend\u0151r\u00f6k a dorogi iskol\u00e1kban"},"content":{"rendered":"<p><strong>Az idei tan\u00e9vben is folytat\u00f3dik az imm\u00e1ron 10 \u00e9ve m\u0171k\u00f6d\u0151 \u201eAz iskola rend\u0151re\u201d program, melynek c\u00e9lja a kisiskol\u00e1sok biztons\u00e1gos, balesetmentes k\u00f6zleked\u00e9s\u00e9nek, szab\u00e1lyk\u00f6vet\u0151 magatart\u00e1s\u00e1nak el\u0151seg\u00edt\u00e9se, k\u00f6zleked\u00e9si ismereteik b\u0151v\u00edt\u00e9se, a gyermekek biztons\u00e1g\u00e1t vesz\u00e9lyeztet\u0151 t\u00e9nyez\u0151k felt\u00e1r\u00e1sa, megsz\u00fcntet\u00e9se.<\/strong><\/p>\n<p>Az iskola rend\u0151re program keret\u00e9ben szeptember 13-\u00e1n, cs\u00fct\u00f6rt\u00f6k\u00f6n a dorogi rend\u0151r\u00f6k a Zr\u00ednyi Ilona, a Pet\u0151fi S\u00e1ndor \u00e9s az E\u00f6tv\u00f6s J\u00f3zsef \u00e1ltal\u00e1nos iskol\u00e1kba, az els\u0151 oszt\u00e1lyokba l\u00e1togattak. Csongr\u00e1di Norbert rend\u0151r z\u00e1szl\u00f3s \u00e9s Szt\u00e1na Gergely rend\u0151r t\u00f6rzs\u0151rmester (a dorogi k\u00f6rzeti megb\u00edzottak) osztott\u00e1k sz\u00e9t az els\u0151s\u00f6k k\u00f6z\u00f6tt a <strong>170 db f\u00e9nyvisszaver\u0151 cs\u00edkokkal ell\u00e1tott h\u00e1tizs\u00e1kot \u00e9s az ugyanennyi \u201eIskol\u00e1s lettem\u201d c\u00edm\u0171 f\u00fczetet<\/strong> <em>\u2013 mondta el Szt\u00e1na Gergely a dorogimedence.hu-nak, <\/em>\u00e9s egyben hozz\u00e1tette, hogy a gyerekek nagyon \u00f6r\u00fcltek az aj\u00e1nd\u00e9koknak, \u00e9s a legt\u00f6bben m\u00e1r el is kezdt\u00e9k haszn\u00e1lni a f\u00fczetet.<\/p>\n<p><img fetchpriority=\"high\" decoding=\"async\" class=\"alignnone size-full wp-image-12277\" src=\"https:\/\/dorogimedence.hu\/wp-content\/uploads\/2018\/09\/iskolarendor-02.jpg\" alt=\"\" width=\"670\" height=\"365\" srcset=\"https:\/\/dorogimedence.hu\/wp-content\/uploads\/2018\/09\/iskolarendor-02.jpg 670w, https:\/\/dorogimedence.hu\/wp-content\/uploads\/2018\/09\/iskolarendor-02-300x163.jpg 300w\" sizes=\"(max-width: 670px) 100vw, 670px\" \/><\/p>\n<p>A tan\u00e9vkezdet t\u00f6bb szempontb\u00f3l fokozott vesz\u00e9lyeket rejthet a gyermekek sz\u00e1m\u00e1ra, ez\u00e9rt a rend\u0151rs\u00e9g ilyenkor kiemelt figyelmet ford\u00edt az iskol\u00e1k k\u00f6rny\u00e9k\u00e9re. A tan\u00e9v sor\u00e1n az iskolarend\u0151r rendszeres kapcsolatot tart a tanint\u00e9zm\u00e9ny vezet\u0151s\u00e9g\u00e9vel, a di\u00e1kokkal. Megh\u00edv\u00e1s eset\u00e9n jelen lesz a jelent\u0151sebb rendezv\u00e9nyeken (tan\u00e9vnyit\u00f3, tan\u00e9vz\u00e1r\u00f3, fogad\u00f3\u00f3ra, sz\u00fcl\u0151i \u00e9rtekezlet). Az iskolarend\u0151r nev\u00e9t, el\u00e9rhet\u0151s\u00e9g\u00e9t a programban r\u00e9sztvev\u0151 iskol\u00e1kban plak\u00e1ton teszik k\u00f6zz\u00e9.<\/p>\n","protected":false},"excerpt":{"rendered":"<p>Az idei tan\u00e9vben is folytat\u00f3dik az imm\u00e1ron 10 \u00e9ve m\u0171k\u00f6d\u0151 \u201eAz iskola rend\u0151re\u201d program, melynek c\u00e9lja a kisiskol\u00e1sok biztons\u00e1gos, balesetmentes k\u00f6zleked\u00e9s\u00e9nek, szab\u00e1lyk\u00f6vet\u0151 magatart\u00e1s\u00e1nak el\u0151seg\u00edt\u00e9se, k\u00f6zleked\u00e9si ismereteik b\u0151v\u00edt\u00e9se, a gyermekek biztons\u00e1g\u00e1t vesz\u00e9lyeztet\u0151 t\u00e9nyez\u0151k felt\u00e1r\u00e1sa, megsz\u00fcntet\u00e9se. Az iskola rend\u0151re program keret\u00e9ben szeptember 13-\u00e1n, cs\u00fct\u00f6rt\u00f6k\u00f6n a dorogi rend\u0151r\u00f6k a Zr\u00ednyi Ilona, a Pet\u0151fi S\u00e1ndor \u00e9s az E\u00f6tv\u00f6s J\u00f3zsef<\/p>\n","protected":false},"author":1,"featured_media":12276,"comment_status":"closed","ping_status":"closed","sticky":false,"template":"","format":"standard","meta":{"ngg_post_thumbnail":0,"footnotes":""},"categories":[2,3],"tags":[404,1481,15,3004,3003,61],"class_list":{"0":"post-12275","1":"post","2":"type-post","3":"status-publish","4":"format-standard","5":"has-post-thumbnail","7":"category-dorog","8":"category-hirek","9":"tag-ajandek","10":"tag-biztonsag","11":"tag-dorog","12":"tag-gyerekek-biztonsaga","13":"tag-iskola-rendor","14":"tag-rendorsegi-hirek"},"yoast_head":"<!-- This site is optimized with the Yoast SEO plugin v27.4 - https:\/\/yoast.com\/product\/yoast-seo-wordpress\/ -->\n<title>Aj\u00e1nd\u00e9kokat osztottak a rend\u0151r\u00f6k a dorogi iskol\u00e1kban<\/title>\n<meta name=\"robots\" content=\"index, follow, max-snippet:-1, max-image-preview:large, max-video-preview:-1\" \/>\n<link rel=\"canonical\" href=\"https:\/\/dorogimedence.hu\/index.php\/2018\/09\/13\/ajandekokat-osztottak-a-rendorok-a-dorogi-iskolakban\/\" class=\"yoast-seo-meta-tag\" \/>\n<meta property=\"og:locale\" content=\"hu_HU\" class=\"yoast-seo-meta-tag\" \/>\n<meta property=\"og:type\" content=\"article\" class=\"yoast-seo-meta-tag\" \/>\n<meta property=\"og:title\" content=\"Aj\u00e1nd\u00e9kokat osztottak a rend\u0151r\u00f6k a dorogi iskol\u00e1kban\" class=\"yoast-seo-meta-tag\" \/>\n<meta property=\"og:description\" content=\"Az idei tan\u00e9vben is folytat\u00f3dik az imm\u00e1ron 10 \u00e9ve m\u0171k\u00f6d\u0151 \u201eAz iskola rend\u0151re\u201d program, melynek c\u00e9lja a kisiskol\u00e1sok biztons\u00e1gos, balesetmentes k\u00f6zleked\u00e9s\u00e9nek, szab\u00e1lyk\u00f6vet\u0151 magatart\u00e1s\u00e1nak el\u0151seg\u00edt\u00e9se, k\u00f6zleked\u00e9si ismereteik b\u0151v\u00edt\u00e9se, a gyermekek biztons\u00e1g\u00e1t vesz\u00e9lyeztet\u0151 t\u00e9nyez\u0151k felt\u00e1r\u00e1sa, megsz\u00fcntet\u00e9se. Az iskola rend\u0151re program keret\u00e9ben szeptember 13-\u00e1n, cs\u00fct\u00f6rt\u00f6k\u00f6n a dorogi rend\u0151r\u00f6k a Zr\u00ednyi Ilona, a Pet\u0151fi S\u00e1ndor \u00e9s az E\u00f6tv\u00f6s J\u00f3zsef\" class=\"yoast-seo-meta-tag\" \/>\n<meta property=\"og:url\" content=\"https:\/\/dorogimedence.hu\/index.php\/2018\/09\/13\/ajandekokat-osztottak-a-rendorok-a-dorogi-iskolakban\/\" class=\"yoast-seo-meta-tag\" \/>\n<meta property=\"og:site_name\" content=\"Dorogi-medence Region\u00e1lis H\u00edrport\u00e1l\" class=\"yoast-seo-meta-tag\" \/>\n<meta property=\"article:publisher\" content=\"https:\/\/www.facebook.com\/dorogimedence\/\" class=\"yoast-seo-meta-tag\" \/>\n<meta property=\"article:published_time\" content=\"2018-09-13T14:37:58+00:00\" class=\"yoast-seo-meta-tag\" \/>\n<meta property=\"og:image\" content=\"https:\/\/i0.wp.com\/dorogimedence.hu\/wp-content\/uploads\/2018\/09\/iskolarendor-01.jpg?fit=670%2C365&ssl=1\" class=\"yoast-seo-meta-tag\" \/>\n\t<meta property=\"og:image:width\" content=\"670\" class=\"yoast-seo-meta-tag\" \/>\n\t<meta property=\"og:image:height\" content=\"365\" class=\"yoast-seo-meta-tag\" \/>\n\t<meta property=\"og:image:type\" content=\"image\/jpeg\" class=\"yoast-seo-meta-tag\" \/>\n<meta name=\"author\" content=\"dorogimedence.hu\" class=\"yoast-seo-meta-tag\" \/>\n<meta name=\"twitter:card\" content=\"summary_large_image\" class=\"yoast-seo-meta-tag\" \/>\n<meta name=\"twitter:label1\" content=\"Szerz\u0151:\" class=\"yoast-seo-meta-tag\" \/>\n\t<meta name=\"twitter:data1\" content=\"dorogimedence.hu\" class=\"yoast-seo-meta-tag\" \/>\n\t<meta name=\"twitter:label2\" content=\"Becs\u00fclt olvas\u00e1si id\u0151\" class=\"yoast-seo-meta-tag\" \/>\n\t<meta name=\"twitter:data2\" content=\"2 perc\" class=\"yoast-seo-meta-tag\" \/>\n<script type=\"application\/ld+json\" class=\"yoast-schema-graph\">{\"@context\":\"https:\\\/\\\/schema.org\",\"@graph\":[{\"@type\":\"Article\",\"@id\":\"https:\\\/\\\/dorogimedence.hu\\\/index.php\\\/2018\\\/09\\\/13\\\/ajandekokat-osztottak-a-rendorok-a-dorogi-iskolakban\\\/#article\",\"isPartOf\":{\"@id\":\"https:\\\/\\\/dorogimedence.hu\\\/index.php\\\/2018\\\/09\\\/13\\\/ajandekokat-osztottak-a-rendorok-a-dorogi-iskolakban\\\/\"},\"author\":{\"name\":\"dorogimedence.hu\",\"@id\":\"https:\\\/\\\/dorogimedence.hu\\\/#\\\/schema\\\/person\\\/ce6091eeb7e95ecdc87890d6aa8e0fd4\"},\"headline\":\"Aj\u00e1nd\u00e9kokat osztottak a rend\u0151r\u00f6k a dorogi iskol\u00e1kban\",\"datePublished\":\"2018-09-13T14:37:58+00:00\",\"mainEntityOfPage\":{\"@id\":\"https:\\\/\\\/dorogimedence.hu\\\/index.php\\\/2018\\\/09\\\/13\\\/ajandekokat-osztottak-a-rendorok-a-dorogi-iskolakban\\\/\"},\"wordCount\":316,\"publisher\":{\"@id\":\"https:\\\/\\\/dorogimedence.hu\\\/#organization\"},\"image\":{\"@id\":\"https:\\\/\\\/dorogimedence.hu\\\/index.php\\\/2018\\\/09\\\/13\\\/ajandekokat-osztottak-a-rendorok-a-dorogi-iskolakban\\\/#primaryimage\"},\"thumbnailUrl\":\"https:\\\/\\\/dorogimedence.hu\\\/wp-content\\\/uploads\\\/2018\\\/09\\\/iskolarendor-01.jpg\",\"keywords\":[\"aj\u00e1nd\u00e9k\",\"biztons\u00e1g\",\"Dorog\",\"gyerekek biztons\u00e1ga\",\"Iskola rend\u0151r\",\"rend\u0151rs\u00e9gi h\u00edrek\"],\"articleSection\":[\"Dorog\",\"H\u00edrek\"],\"inLanguage\":\"hu\"},{\"@type\":\"WebPage\",\"@id\":\"https:\\\/\\\/dorogimedence.hu\\\/index.php\\\/2018\\\/09\\\/13\\\/ajandekokat-osztottak-a-rendorok-a-dorogi-iskolakban\\\/\",\"url\":\"https:\\\/\\\/dorogimedence.hu\\\/index.php\\\/2018\\\/09\\\/13\\\/ajandekokat-osztottak-a-rendorok-a-dorogi-iskolakban\\\/\",\"name\":\"Aj\u00e1nd\u00e9kokat osztottak a rend\u0151r\u00f6k a dorogi iskol\u00e1kban\",\"isPartOf\":{\"@id\":\"https:\\\/\\\/dorogimedence.hu\\\/#website\"},\"primaryImageOfPage\":{\"@id\":\"https:\\\/\\\/dorogimedence.hu\\\/index.php\\\/2018\\\/09\\\/13\\\/ajandekokat-osztottak-a-rendorok-a-dorogi-iskolakban\\\/#primaryimage\"},\"image\":{\"@id\":\"https:\\\/\\\/dorogimedence.hu\\\/index.php\\\/2018\\\/09\\\/13\\\/ajandekokat-osztottak-a-rendorok-a-dorogi-iskolakban\\\/#primaryimage\"},\"thumbnailUrl\":\"https:\\\/\\\/dorogimedence.hu\\\/wp-content\\\/uploads\\\/2018\\\/09\\\/iskolarendor-01.jpg\",\"datePublished\":\"2018-09-13T14:37:58+00:00\",\"breadcrumb\":{\"@id\":\"https:\\\/\\\/dorogimedence.hu\\\/index.php\\\/2018\\\/09\\\/13\\\/ajandekokat-osztottak-a-rendorok-a-dorogi-iskolakban\\\/#breadcrumb\"},\"inLanguage\":\"hu\",\"potentialAction\":[{\"@type\":\"ReadAction\",\"target\":[\"https:\\\/\\\/dorogimedence.hu\\\/index.php\\\/2018\\\/09\\\/13\\\/ajandekokat-osztottak-a-rendorok-a-dorogi-iskolakban\\\/\"]}]},{\"@type\":\"ImageObject\",\"inLanguage\":\"hu\",\"@id\":\"https:\\\/\\\/dorogimedence.hu\\\/index.php\\\/2018\\\/09\\\/13\\\/ajandekokat-osztottak-a-rendorok-a-dorogi-iskolakban\\\/#primaryimage\",\"url\":\"https:\\\/\\\/dorogimedence.hu\\\/wp-content\\\/uploads\\\/2018\\\/09\\\/iskolarendor-01.jpg\",\"contentUrl\":\"https:\\\/\\\/dorogimedence.hu\\\/wp-content\\\/uploads\\\/2018\\\/09\\\/iskolarendor-01.jpg\",\"width\":670,\"height\":365},{\"@type\":\"BreadcrumbList\",\"@id\":\"https:\\\/\\\/dorogimedence.hu\\\/index.php\\\/2018\\\/09\\\/13\\\/ajandekokat-osztottak-a-rendorok-a-dorogi-iskolakban\\\/#breadcrumb\",\"itemListElement\":[{\"@type\":\"ListItem\",\"position\":1,\"name\":\"Kezd\u0151lap\",\"item\":\"https:\\\/\\\/dorogimedence.hu\\\/\"},{\"@type\":\"ListItem\",\"position\":2,\"name\":\"Aj\u00e1nd\u00e9kokat osztottak a rend\u0151r\u00f6k a dorogi iskol\u00e1kban\"}]},{\"@type\":\"WebSite\",\"@id\":\"https:\\\/\\\/dorogimedence.hu\\\/#website\",\"url\":\"https:\\\/\\\/dorogimedence.hu\\\/\",\"name\":\"Dorogi-medence Region\u00e1lis H\u00edrport\u00e1l\",\"description\":\"Dorog, Keszt\u00f6lc, Le\u00e1nyv\u00e1r, Piliscs\u00e9v, Tokod, Tokodalt\u00e1r\u00f3, Csolnok, Esztergom-kertv\u00e1ros: h\u00edrek, programok\",\"publisher\":{\"@id\":\"https:\\\/\\\/dorogimedence.hu\\\/#organization\"},\"potentialAction\":[{\"@type\":\"SearchAction\",\"target\":{\"@type\":\"EntryPoint\",\"urlTemplate\":\"https:\\\/\\\/dorogimedence.hu\\\/?s={search_term_string}\"},\"query-input\":{\"@type\":\"PropertyValueSpecification\",\"valueRequired\":true,\"valueName\":\"search_term_string\"}}],\"inLanguage\":\"hu\"},{\"@type\":\"Organization\",\"@id\":\"https:\\\/\\\/dorogimedence.hu\\\/#organization\",\"name\":\"Dorogi-medence Region\u00e1lis H\u00edrport\u00e1l\",\"url\":\"https:\\\/\\\/dorogimedence.hu\\\/\",\"logo\":{\"@type\":\"ImageObject\",\"inLanguage\":\"hu\",\"@id\":\"https:\\\/\\\/dorogimedence.hu\\\/#\\\/schema\\\/logo\\\/image\\\/\",\"url\":\"https:\\\/\\\/dorogimedence.hu\\\/wp-content\\\/uploads\\\/2021\\\/04\\\/logo-feher-600.png\",\"contentUrl\":\"https:\\\/\\\/dorogimedence.hu\\\/wp-content\\\/uploads\\\/2021\\\/04\\\/logo-feher-600.png\",\"width\":600,\"height\":100,\"caption\":\"Dorogi-medence Region\u00e1lis H\u00edrport\u00e1l\"},\"image\":{\"@id\":\"https:\\\/\\\/dorogimedence.hu\\\/#\\\/schema\\\/logo\\\/image\\\/\"},\"sameAs\":[\"https:\\\/\\\/www.facebook.com\\\/dorogimedence\\\/\"]},{\"@type\":\"Person\",\"@id\":\"https:\\\/\\\/dorogimedence.hu\\\/#\\\/schema\\\/person\\\/ce6091eeb7e95ecdc87890d6aa8e0fd4\",\"name\":\"dorogimedence.hu\",\"image\":{\"@type\":\"ImageObject\",\"inLanguage\":\"hu\",\"@id\":\"\\\/\\\/www.gravatar.com\\\/avatar\\\/d8d45f8901aadff40a4af72c0b826f1d?s=96&#038;r=g&#038;d=mm\",\"url\":\"\\\/\\\/www.gravatar.com\\\/avatar\\\/d8d45f8901aadff40a4af72c0b826f1d?s=96&#038;r=g&#038;d=mm\",\"contentUrl\":\"\\\/\\\/www.gravatar.com\\\/avatar\\\/d8d45f8901aadff40a4af72c0b826f1d?s=96&#038;r=g&#038;d=mm\",\"caption\":\"dorogimedence.hu\"}}]}<\/script>\n<!-- \/ Yoast SEO plugin. -->","yoast_head_json":{"title":"Aj\u00e1nd\u00e9kokat osztottak a rend\u0151r\u00f6k a dorogi iskol\u00e1kban","robots":{"index":"index","follow":"follow","max-snippet":"max-snippet:-1","max-image-preview":"max-image-preview:large","max-video-preview":"max-video-preview:-1"},"canonical":"https:\/\/dorogimedence.hu\/index.php\/2018\/09\/13\/ajandekokat-osztottak-a-rendorok-a-dorogi-iskolakban\/","og_locale":"hu_HU","og_type":"article","og_title":"Aj\u00e1nd\u00e9kokat osztottak a rend\u0151r\u00f6k a dorogi iskol\u00e1kban","og_description":"Az idei tan\u00e9vben is folytat\u00f3dik az imm\u00e1ron 10 \u00e9ve m\u0171k\u00f6d\u0151 \u201eAz iskola rend\u0151re\u201d program, melynek c\u00e9lja a kisiskol\u00e1sok biztons\u00e1gos, balesetmentes k\u00f6zleked\u00e9s\u00e9nek, szab\u00e1lyk\u00f6vet\u0151 magatart\u00e1s\u00e1nak el\u0151seg\u00edt\u00e9se, k\u00f6zleked\u00e9si ismereteik b\u0151v\u00edt\u00e9se, a gyermekek biztons\u00e1g\u00e1t vesz\u00e9lyeztet\u0151 t\u00e9nyez\u0151k felt\u00e1r\u00e1sa, megsz\u00fcntet\u00e9se. Az iskola rend\u0151re program keret\u00e9ben szeptember 13-\u00e1n, cs\u00fct\u00f6rt\u00f6k\u00f6n a dorogi rend\u0151r\u00f6k a Zr\u00ednyi Ilona, a Pet\u0151fi S\u00e1ndor \u00e9s az E\u00f6tv\u00f6s J\u00f3zsef","og_url":"https:\/\/dorogimedence.hu\/index.php\/2018\/09\/13\/ajandekokat-osztottak-a-rendorok-a-dorogi-iskolakban\/","og_site_name":"Dorogi-medence Region\u00e1lis H\u00edrport\u00e1l","article_publisher":"https:\/\/www.facebook.com\/dorogimedence\/","article_published_time":"2018-09-13T14:37:58+00:00","og_image":[{"width":670,"height":365,"url":"https:\/\/i0.wp.com\/dorogimedence.hu\/wp-content\/uploads\/2018\/09\/iskolarendor-01.jpg?fit=670%2C365&ssl=1","type":"image\/jpeg"}],"author":"dorogimedence.hu","twitter_card":"summary_large_image","twitter_misc":{"Szerz\u0151:":"dorogimedence.hu","Becs\u00fclt olvas\u00e1si id\u0151":"2 perc"},"schema":{"@context":"https:\/\/schema.org","@graph":[{"@type":"Article","@id":"https:\/\/dorogimedence.hu\/index.php\/2018\/09\/13\/ajandekokat-osztottak-a-rendorok-a-dorogi-iskolakban\/#article","isPartOf":{"@id":"https:\/\/dorogimedence.hu\/index.php\/2018\/09\/13\/ajandekokat-osztottak-a-rendorok-a-dorogi-iskolakban\/"},"author":{"name":"dorogimedence.hu","@id":"https:\/\/dorogimedence.hu\/#\/schema\/person\/ce6091eeb7e95ecdc87890d6aa8e0fd4"},"headline":"Aj\u00e1nd\u00e9kokat osztottak a rend\u0151r\u00f6k a dorogi iskol\u00e1kban","datePublished":"2018-09-13T14:37:58+00:00","mainEntityOfPage":{"@id":"https:\/\/dorogimedence.hu\/index.php\/2018\/09\/13\/ajandekokat-osztottak-a-rendorok-a-dorogi-iskolakban\/"},"wordCount":316,"publisher":{"@id":"https:\/\/dorogimedence.hu\/#organization"},"image":{"@id":"https:\/\/dorogimedence.hu\/index.php\/2018\/09\/13\/ajandekokat-osztottak-a-rendorok-a-dorogi-iskolakban\/#primaryimage"},"thumbnailUrl":"https:\/\/dorogimedence.hu\/wp-content\/uploads\/2018\/09\/iskolarendor-01.jpg","keywords":["aj\u00e1nd\u00e9k","biztons\u00e1g","Dorog","gyerekek biztons\u00e1ga","Iskola rend\u0151r","rend\u0151rs\u00e9gi h\u00edrek"],"articleSection":["Dorog","H\u00edrek"],"inLanguage":"hu"},{"@type":"WebPage","@id":"https:\/\/dorogimedence.hu\/index.php\/2018\/09\/13\/ajandekokat-osztottak-a-rendorok-a-dorogi-iskolakban\/","url":"https:\/\/dorogimedence.hu\/index.php\/2018\/09\/13\/ajandekokat-osztottak-a-rendorok-a-dorogi-iskolakban\/","name":"Aj\u00e1nd\u00e9kokat osztottak a rend\u0151r\u00f6k a dorogi iskol\u00e1kban","isPartOf":{"@id":"https:\/\/dorogimedence.hu\/#website"},"primaryImageOfPage":{"@id":"https:\/\/dorogimedence.hu\/index.php\/2018\/09\/13\/ajandekokat-osztottak-a-rendorok-a-dorogi-iskolakban\/#primaryimage"},"image":{"@id":"https:\/\/dorogimedence.hu\/index.php\/2018\/09\/13\/ajandekokat-osztottak-a-rendorok-a-dorogi-iskolakban\/#primaryimage"},"thumbnailUrl":"https:\/\/dorogimedence.hu\/wp-content\/uploads\/2018\/09\/iskolarendor-01.jpg","datePublished":"2018-09-13T14:37:58+00:00","breadcrumb":{"@id":"https:\/\/dorogimedence.hu\/index.php\/2018\/09\/13\/ajandekokat-osztottak-a-rendorok-a-dorogi-iskolakban\/#breadcrumb"},"inLanguage":"hu","potentialAction":[{"@type":"ReadAction","target":["https:\/\/dorogimedence.hu\/index.php\/2018\/09\/13\/ajandekokat-osztottak-a-rendorok-a-dorogi-iskolakban\/"]}]},{"@type":"ImageObject","inLanguage":"hu","@id":"https:\/\/dorogimedence.hu\/index.php\/2018\/09\/13\/ajandekokat-osztottak-a-rendorok-a-dorogi-iskolakban\/#primaryimage","url":"https:\/\/dorogimedence.hu\/wp-content\/uploads\/2018\/09\/iskolarendor-01.jpg","contentUrl":"https:\/\/dorogimedence.hu\/wp-content\/uploads\/2018\/09\/iskolarendor-01.jpg","width":670,"height":365},{"@type":"BreadcrumbList","@id":"https:\/\/dorogimedence.hu\/index.php\/2018\/09\/13\/ajandekokat-osztottak-a-rendorok-a-dorogi-iskolakban\/#breadcrumb","itemListElement":[{"@type":"ListItem","position":1,"name":"Kezd\u0151lap","item":"https:\/\/dorogimedence.hu\/"},{"@type":"ListItem","position":2,"name":"Aj\u00e1nd\u00e9kokat osztottak a rend\u0151r\u00f6k a dorogi iskol\u00e1kban"}]},{"@type":"WebSite","@id":"https:\/\/dorogimedence.hu\/#website","url":"https:\/\/dorogimedence.hu\/","name":"Dorogi-medence Region\u00e1lis H\u00edrport\u00e1l","description":"Dorog, Keszt\u00f6lc, Le\u00e1nyv\u00e1r, Piliscs\u00e9v, Tokod, Tokodalt\u00e1r\u00f3, Csolnok, Esztergom-kertv\u00e1ros: h\u00edrek, programok","publisher":{"@id":"https:\/\/dorogimedence.hu\/#organization"},"potentialAction":[{"@type":"SearchAction","target":{"@type":"EntryPoint","urlTemplate":"https:\/\/dorogimedence.hu\/?s={search_term_string}"},"query-input":{"@type":"PropertyValueSpecification","valueRequired":true,"valueName":"search_term_string"}}],"inLanguage":"hu"},{"@type":"Organization","@id":"https:\/\/dorogimedence.hu\/#organization","name":"Dorogi-medence Region\u00e1lis H\u00edrport\u00e1l","url":"https:\/\/dorogimedence.hu\/","logo":{"@type":"ImageObject","inLanguage":"hu","@id":"https:\/\/dorogimedence.hu\/#\/schema\/logo\/image\/","url":"https:\/\/dorogimedence.hu\/wp-content\/uploads\/2021\/04\/logo-feher-600.png","contentUrl":"https:\/\/dorogimedence.hu\/wp-content\/uploads\/2021\/04\/logo-feher-600.png","width":600,"height":100,"caption":"Dorogi-medence Region\u00e1lis H\u00edrport\u00e1l"},"image":{"@id":"https:\/\/dorogimedence.hu\/#\/schema\/logo\/image\/"},"sameAs":["https:\/\/www.facebook.com\/dorogimedence\/"]},{"@type":"Person","@id":"https:\/\/dorogimedence.hu\/#\/schema\/person\/ce6091eeb7e95ecdc87890d6aa8e0fd4","name":"dorogimedence.hu","image":{"@type":"ImageObject","inLanguage":"hu","@id":"\/\/www.gravatar.com\/avatar\/d8d45f8901aadff40a4af72c0b826f1d?s=96&#038;r=g&#038;d=mm","url":"\/\/www.gravatar.com\/avatar\/d8d45f8901aadff40a4af72c0b826f1d?s=96&#038;r=g&#038;d=mm","contentUrl":"\/\/www.gravatar.com\/avatar\/d8d45f8901aadff40a4af72c0b826f1d?s=96&#038;r=g&#038;d=mm","caption":"dorogimedence.hu"}}]}},"_links":{"self":[{"href":"https:\/\/dorogimedence.hu\/index.php\/wp-json\/wp\/v2\/posts\/12275","targetHints":{"allow":["GET"]}}],"collection":[{"href":"https:\/\/dorogimedence.hu\/index.php\/wp-json\/wp\/v2\/posts"}],"about":[{"href":"https:\/\/dorogimedence.hu\/index.php\/wp-json\/wp\/v2\/types\/post"}],"author":[{"embeddable":true,"href":"https:\/\/dorogimedence.hu\/index.php\/wp-json\/wp\/v2\/users\/1"}],"replies":[{"embeddable":true,"href":"https:\/\/dorogimedence.hu\/index.php\/wp-json\/wp\/v2\/comments?post=12275"}],"version-history":[{"count":0,"href":"https:\/\/dorogimedence.hu\/index.php\/wp-json\/wp\/v2\/posts\/12275\/revisions"}],"wp:featuredmedia":[{"embeddable":true,"href":"https:\/\/dorogimedence.hu\/index.php\/wp-json\/wp\/v2\/media\/12276"}],"wp:attachment":[{"href":"https:\/\/dorogimedence.hu\/index.php\/wp-json\/wp\/v2\/media?parent=12275"}],"wp:term":[{"taxonomy":"category","embeddable":true,"href":"https:\/\/dorogimedence.hu\/index.php\/wp-json\/wp\/v2\/categories?post=12275"},{"taxonomy":"post_tag","embeddable":true,"href":"https:\/\/dorogimedence.hu\/index.php\/wp-json\/wp\/v2\/tags?post=12275"}],"curies":[{"name":"wp","href":"https:\/\/api.w.org\/{rel}","templated":true}]}}