{"id":12167,"date":"2018-09-09T09:45:15","date_gmt":"2018-09-09T07:45:15","guid":{"rendered":"http:\/\/dorogimedence.hu\/?p=12167"},"modified":"2018-09-09T09:45:15","modified_gmt":"2018-09-09T07:45:15","slug":"hagyomanyorzo-fesztivalt-rendeztek-sutton","status":"publish","type":"post","link":"https:\/\/dorogimedence.hu\/index.php\/2018\/09\/09\/hagyomanyorzo-fesztivalt-rendeztek-sutton\/","title":{"rendered":"Hagyom\u00e1ny\u0151rz\u0151 fesztiv\u00e1lt rendeztek S\u00fctt\u0151n"},"content":{"rendered":"<p><strong>\u00d6t\u00f6dik alkalommal ker\u00fclt megrendez\u00e9sre a K\u0150 K\u00d6V\u00d6N Fesztiv\u00e1l S\u00fctt\u0151n, szeptember 8-\u00e1n szombaton.<\/strong><\/p>\n<p>A Dr. S\u00e1ghy Antal K\u00f6rnyezetv\u00e9delmi \u00e9s Kultur\u00e1lis Egylet a megyei \u00f6nkorm\u00e1nyzat t\u00e1mogat\u00e1s\u00e1val egy kreat\u00edv hagyom\u00e1ny\u0151rz\u0151 fesztiv\u00e1l \u00f6tlet\u00e9vel rukkolt el\u0151 5 \u00e9ve. A fesztiv\u00e1l c\u00e9lja S\u00fctt\u0151 k\u00f6zs\u00e9g k\u0151farag\u00f3 kult\u00far\u00e1j\u00e1nak kutat\u00e1sa, \u00e1pol\u00e1sa \u00e9s megismertet\u00e9se.<\/p>\n<p>A K\u0150 K\u00d6V\u00d6N Fesztiv\u00e1l megy\u00e9nk egyik sz\u00ednfoltja, rem\u00e9lj\u00fck, hamarosan a megyei \u00e9rt\u00e9kek k\u00f6z\u00f6tt k\u00f6sz\u00f6nthetj\u00fck<em> &#8211; \u00edrja a megyei \u00f6nkorm\u00e1nyzat a Facebook oldal\u00e1n.<\/em><\/p>\n<p><img fetchpriority=\"high\" decoding=\"async\" class=\"alignnone size-full wp-image-12169\" src=\"https:\/\/dorogimedence.hu\/wp-content\/uploads\/2018\/09\/ko-kovon-02.jpg\" alt=\"\" width=\"670\" height=\"365\" srcset=\"https:\/\/dorogimedence.hu\/wp-content\/uploads\/2018\/09\/ko-kovon-02.jpg 670w, https:\/\/dorogimedence.hu\/wp-content\/uploads\/2018\/09\/ko-kovon-02-300x163.jpg 300w\" sizes=\"(max-width: 670px) 100vw, 670px\" \/><\/p>\n<p>A k\u0151farag\u00f3 programok mellett megrendez\u00e9sre ker\u00fclt az V. K\u0151kem\u00e9ny T\u00fara is, de gyermekprogramok, koncertek \u00e9s el\u0151ad\u00e1sok is v\u00e1rt\u00e1k az \u00e9rdekl\u0151d\u0151ket.<\/p>\n<p><a href=\"https:\/\/www.facebook.com\/KKF.SAKKE\/\" target=\"_blank\" rel=\"noopener\"><span style=\"text-decoration: underline; color: #0000ff;\"><strong>A fesztiv\u00e1l Facebook oldala&gt;&gt;<\/strong><\/span><\/a><\/p>\n<p><img decoding=\"async\" class=\"alignnone size-full wp-image-12170\" src=\"https:\/\/dorogimedence.hu\/wp-content\/uploads\/2018\/09\/ko-kovon-03.jpg\" alt=\"\" width=\"670\" height=\"365\" srcset=\"https:\/\/dorogimedence.hu\/wp-content\/uploads\/2018\/09\/ko-kovon-03.jpg 670w, https:\/\/dorogimedence.hu\/wp-content\/uploads\/2018\/09\/ko-kovon-03-300x163.jpg 300w\" sizes=\"(max-width: 670px) 100vw, 670px\" \/><\/p>\n<p><em>Fot\u00f3k: Kom\u00e1rom-Esztergom Megyei \u00d6nkorm\u00e1nyzat<\/em><\/p>\n","protected":false},"excerpt":{"rendered":"<p>\u00d6t\u00f6dik alkalommal ker\u00fclt megrendez\u00e9sre a K\u0150 K\u00d6V\u00d6N Fesztiv\u00e1l S\u00fctt\u0151n, szeptember 8-\u00e1n szombaton. A Dr. S\u00e1ghy Antal K\u00f6rnyezetv\u00e9delmi \u00e9s Kultur\u00e1lis Egylet a megyei \u00f6nkorm\u00e1nyzat t\u00e1mogat\u00e1s\u00e1val egy kreat\u00edv hagyom\u00e1ny\u0151rz\u0151 fesztiv\u00e1l \u00f6tlet\u00e9vel rukkolt el\u0151 5 \u00e9ve. A fesztiv\u00e1l c\u00e9lja S\u00fctt\u0151 k\u00f6zs\u00e9g k\u0151farag\u00f3 kult\u00far\u00e1j\u00e1nak kutat\u00e1sa, \u00e1pol\u00e1sa \u00e9s megismertet\u00e9se. A K\u0150 K\u00d6V\u00d6N Fesztiv\u00e1l megy\u00e9nk egyik sz\u00ednfoltja, rem\u00e9lj\u00fck, hamarosan a megyei<\/p>\n","protected":false},"author":1,"featured_media":12168,"comment_status":"closed","ping_status":"closed","sticky":false,"template":"","format":"standard","meta":{"ngg_post_thumbnail":0,"footnotes":""},"categories":[3],"tags":[660,935,119,101,376],"class_list":{"0":"post-12167","1":"post","2":"type-post","3":"status-publish","4":"format-standard","5":"has-post-thumbnail","7":"category-hirek","8":"tag-fesztival","9":"tag-hagyomanyorzes","10":"tag-koncert","11":"tag-program","12":"tag-sutto"},"yoast_head":"<!-- This site is optimized with the Yoast SEO plugin v27.4 - https:\/\/yoast.com\/product\/yoast-seo-wordpress\/ -->\n<title>Hagyom\u00e1ny\u0151rz\u0151 fesztiv\u00e1lt rendeztek S\u00fctt\u0151n<\/title>\n<meta name=\"robots\" content=\"index, follow, max-snippet:-1, max-image-preview:large, max-video-preview:-1\" \/>\n<link rel=\"canonical\" href=\"https:\/\/dorogimedence.hu\/index.php\/2018\/09\/09\/hagyomanyorzo-fesztivalt-rendeztek-sutton\/\" class=\"yoast-seo-meta-tag\" \/>\n<meta property=\"og:locale\" content=\"hu_HU\" class=\"yoast-seo-meta-tag\" \/>\n<meta property=\"og:type\" content=\"article\" class=\"yoast-seo-meta-tag\" \/>\n<meta property=\"og:title\" content=\"Hagyom\u00e1ny\u0151rz\u0151 fesztiv\u00e1lt rendeztek S\u00fctt\u0151n\" class=\"yoast-seo-meta-tag\" \/>\n<meta property=\"og:description\" content=\"\u00d6t\u00f6dik alkalommal ker\u00fclt megrendez\u00e9sre a K\u0150 K\u00d6V\u00d6N Fesztiv\u00e1l S\u00fctt\u0151n, szeptember 8-\u00e1n szombaton. A Dr. S\u00e1ghy Antal K\u00f6rnyezetv\u00e9delmi \u00e9s Kultur\u00e1lis Egylet a megyei \u00f6nkorm\u00e1nyzat t\u00e1mogat\u00e1s\u00e1val egy kreat\u00edv hagyom\u00e1ny\u0151rz\u0151 fesztiv\u00e1l \u00f6tlet\u00e9vel rukkolt el\u0151 5 \u00e9ve. A fesztiv\u00e1l c\u00e9lja S\u00fctt\u0151 k\u00f6zs\u00e9g k\u0151farag\u00f3 kult\u00far\u00e1j\u00e1nak kutat\u00e1sa, \u00e1pol\u00e1sa \u00e9s megismertet\u00e9se. A K\u0150 K\u00d6V\u00d6N Fesztiv\u00e1l megy\u00e9nk egyik sz\u00ednfoltja, rem\u00e9lj\u00fck, hamarosan a megyei\" class=\"yoast-seo-meta-tag\" \/>\n<meta property=\"og:url\" content=\"https:\/\/dorogimedence.hu\/index.php\/2018\/09\/09\/hagyomanyorzo-fesztivalt-rendeztek-sutton\/\" class=\"yoast-seo-meta-tag\" \/>\n<meta property=\"og:site_name\" content=\"Dorogi-medence Region\u00e1lis H\u00edrport\u00e1l\" class=\"yoast-seo-meta-tag\" \/>\n<meta property=\"article:publisher\" content=\"https:\/\/www.facebook.com\/dorogimedence\/\" class=\"yoast-seo-meta-tag\" \/>\n<meta property=\"article:published_time\" content=\"2018-09-09T07:45:15+00:00\" class=\"yoast-seo-meta-tag\" \/>\n<meta property=\"og:image\" content=\"https:\/\/i0.wp.com\/dorogimedence.hu\/wp-content\/uploads\/2018\/09\/ko-kovon-01.jpg?fit=670%2C365&ssl=1\" class=\"yoast-seo-meta-tag\" \/>\n\t<meta property=\"og:image:width\" content=\"670\" class=\"yoast-seo-meta-tag\" \/>\n\t<meta property=\"og:image:height\" content=\"365\" class=\"yoast-seo-meta-tag\" \/>\n\t<meta property=\"og:image:type\" content=\"image\/jpeg\" class=\"yoast-seo-meta-tag\" \/>\n<meta name=\"author\" content=\"dorogimedence.hu\" class=\"yoast-seo-meta-tag\" \/>\n<meta name=\"twitter:card\" content=\"summary_large_image\" class=\"yoast-seo-meta-tag\" \/>\n<meta name=\"twitter:label1\" content=\"Szerz\u0151:\" class=\"yoast-seo-meta-tag\" \/>\n\t<meta name=\"twitter:data1\" content=\"dorogimedence.hu\" class=\"yoast-seo-meta-tag\" \/>\n\t<meta name=\"twitter:label2\" content=\"Becs\u00fclt olvas\u00e1si id\u0151\" class=\"yoast-seo-meta-tag\" \/>\n\t<meta name=\"twitter:data2\" content=\"1 perc\" class=\"yoast-seo-meta-tag\" \/>\n<script type=\"application\/ld+json\" class=\"yoast-schema-graph\">{\"@context\":\"https:\\\/\\\/schema.org\",\"@graph\":[{\"@type\":\"Article\",\"@id\":\"https:\\\/\\\/dorogimedence.hu\\\/index.php\\\/2018\\\/09\\\/09\\\/hagyomanyorzo-fesztivalt-rendeztek-sutton\\\/#article\",\"isPartOf\":{\"@id\":\"https:\\\/\\\/dorogimedence.hu\\\/index.php\\\/2018\\\/09\\\/09\\\/hagyomanyorzo-fesztivalt-rendeztek-sutton\\\/\"},\"author\":{\"name\":\"dorogimedence.hu\",\"@id\":\"https:\\\/\\\/dorogimedence.hu\\\/#\\\/schema\\\/person\\\/ce6091eeb7e95ecdc87890d6aa8e0fd4\"},\"headline\":\"Hagyom\u00e1ny\u0151rz\u0151 fesztiv\u00e1lt rendeztek S\u00fctt\u0151n\",\"datePublished\":\"2018-09-09T07:45:15+00:00\",\"mainEntityOfPage\":{\"@id\":\"https:\\\/\\\/dorogimedence.hu\\\/index.php\\\/2018\\\/09\\\/09\\\/hagyomanyorzo-fesztivalt-rendeztek-sutton\\\/\"},\"wordCount\":169,\"publisher\":{\"@id\":\"https:\\\/\\\/dorogimedence.hu\\\/#organization\"},\"image\":{\"@id\":\"https:\\\/\\\/dorogimedence.hu\\\/index.php\\\/2018\\\/09\\\/09\\\/hagyomanyorzo-fesztivalt-rendeztek-sutton\\\/#primaryimage\"},\"thumbnailUrl\":\"https:\\\/\\\/dorogimedence.hu\\\/wp-content\\\/uploads\\\/2018\\\/09\\\/ko-kovon-01.jpg\",\"keywords\":[\"fesztiv\u00e1l\",\"hagyom\u00e1ny\u0151rz\u00e9s\",\"koncert\",\"program\",\"S\u00fctt\u0151\"],\"articleSection\":[\"H\u00edrek\"],\"inLanguage\":\"hu\"},{\"@type\":\"WebPage\",\"@id\":\"https:\\\/\\\/dorogimedence.hu\\\/index.php\\\/2018\\\/09\\\/09\\\/hagyomanyorzo-fesztivalt-rendeztek-sutton\\\/\",\"url\":\"https:\\\/\\\/dorogimedence.hu\\\/index.php\\\/2018\\\/09\\\/09\\\/hagyomanyorzo-fesztivalt-rendeztek-sutton\\\/\",\"name\":\"Hagyom\u00e1ny\u0151rz\u0151 fesztiv\u00e1lt rendeztek S\u00fctt\u0151n\",\"isPartOf\":{\"@id\":\"https:\\\/\\\/dorogimedence.hu\\\/#website\"},\"primaryImageOfPage\":{\"@id\":\"https:\\\/\\\/dorogimedence.hu\\\/index.php\\\/2018\\\/09\\\/09\\\/hagyomanyorzo-fesztivalt-rendeztek-sutton\\\/#primaryimage\"},\"image\":{\"@id\":\"https:\\\/\\\/dorogimedence.hu\\\/index.php\\\/2018\\\/09\\\/09\\\/hagyomanyorzo-fesztivalt-rendeztek-sutton\\\/#primaryimage\"},\"thumbnailUrl\":\"https:\\\/\\\/dorogimedence.hu\\\/wp-content\\\/uploads\\\/2018\\\/09\\\/ko-kovon-01.jpg\",\"datePublished\":\"2018-09-09T07:45:15+00:00\",\"breadcrumb\":{\"@id\":\"https:\\\/\\\/dorogimedence.hu\\\/index.php\\\/2018\\\/09\\\/09\\\/hagyomanyorzo-fesztivalt-rendeztek-sutton\\\/#breadcrumb\"},\"inLanguage\":\"hu\",\"potentialAction\":[{\"@type\":\"ReadAction\",\"target\":[\"https:\\\/\\\/dorogimedence.hu\\\/index.php\\\/2018\\\/09\\\/09\\\/hagyomanyorzo-fesztivalt-rendeztek-sutton\\\/\"]}]},{\"@type\":\"ImageObject\",\"inLanguage\":\"hu\",\"@id\":\"https:\\\/\\\/dorogimedence.hu\\\/index.php\\\/2018\\\/09\\\/09\\\/hagyomanyorzo-fesztivalt-rendeztek-sutton\\\/#primaryimage\",\"url\":\"https:\\\/\\\/dorogimedence.hu\\\/wp-content\\\/uploads\\\/2018\\\/09\\\/ko-kovon-01.jpg\",\"contentUrl\":\"https:\\\/\\\/dorogimedence.hu\\\/wp-content\\\/uploads\\\/2018\\\/09\\\/ko-kovon-01.jpg\",\"width\":670,\"height\":365},{\"@type\":\"BreadcrumbList\",\"@id\":\"https:\\\/\\\/dorogimedence.hu\\\/index.php\\\/2018\\\/09\\\/09\\\/hagyomanyorzo-fesztivalt-rendeztek-sutton\\\/#breadcrumb\",\"itemListElement\":[{\"@type\":\"ListItem\",\"position\":1,\"name\":\"Kezd\u0151lap\",\"item\":\"https:\\\/\\\/dorogimedence.hu\\\/\"},{\"@type\":\"ListItem\",\"position\":2,\"name\":\"Hagyom\u00e1ny\u0151rz\u0151 fesztiv\u00e1lt rendeztek S\u00fctt\u0151n\"}]},{\"@type\":\"WebSite\",\"@id\":\"https:\\\/\\\/dorogimedence.hu\\\/#website\",\"url\":\"https:\\\/\\\/dorogimedence.hu\\\/\",\"name\":\"Dorogi-medence Region\u00e1lis H\u00edrport\u00e1l\",\"description\":\"Dorog, Keszt\u00f6lc, Le\u00e1nyv\u00e1r, Piliscs\u00e9v, Tokod, Tokodalt\u00e1r\u00f3, Csolnok, Esztergom-kertv\u00e1ros: h\u00edrek, programok\",\"publisher\":{\"@id\":\"https:\\\/\\\/dorogimedence.hu\\\/#organization\"},\"potentialAction\":[{\"@type\":\"SearchAction\",\"target\":{\"@type\":\"EntryPoint\",\"urlTemplate\":\"https:\\\/\\\/dorogimedence.hu\\\/?s={search_term_string}\"},\"query-input\":{\"@type\":\"PropertyValueSpecification\",\"valueRequired\":true,\"valueName\":\"search_term_string\"}}],\"inLanguage\":\"hu\"},{\"@type\":\"Organization\",\"@id\":\"https:\\\/\\\/dorogimedence.hu\\\/#organization\",\"name\":\"Dorogi-medence Region\u00e1lis H\u00edrport\u00e1l\",\"url\":\"https:\\\/\\\/dorogimedence.hu\\\/\",\"logo\":{\"@type\":\"ImageObject\",\"inLanguage\":\"hu\",\"@id\":\"https:\\\/\\\/dorogimedence.hu\\\/#\\\/schema\\\/logo\\\/image\\\/\",\"url\":\"https:\\\/\\\/dorogimedence.hu\\\/wp-content\\\/uploads\\\/2021\\\/04\\\/logo-feher-600.png\",\"contentUrl\":\"https:\\\/\\\/dorogimedence.hu\\\/wp-content\\\/uploads\\\/2021\\\/04\\\/logo-feher-600.png\",\"width\":600,\"height\":100,\"caption\":\"Dorogi-medence Region\u00e1lis H\u00edrport\u00e1l\"},\"image\":{\"@id\":\"https:\\\/\\\/dorogimedence.hu\\\/#\\\/schema\\\/logo\\\/image\\\/\"},\"sameAs\":[\"https:\\\/\\\/www.facebook.com\\\/dorogimedence\\\/\"]},{\"@type\":\"Person\",\"@id\":\"https:\\\/\\\/dorogimedence.hu\\\/#\\\/schema\\\/person\\\/ce6091eeb7e95ecdc87890d6aa8e0fd4\",\"name\":\"dorogimedence.hu\",\"image\":{\"@type\":\"ImageObject\",\"inLanguage\":\"hu\",\"@id\":\"\\\/\\\/www.gravatar.com\\\/avatar\\\/d8d45f8901aadff40a4af72c0b826f1d?s=96&#038;r=g&#038;d=mm\",\"url\":\"\\\/\\\/www.gravatar.com\\\/avatar\\\/d8d45f8901aadff40a4af72c0b826f1d?s=96&#038;r=g&#038;d=mm\",\"contentUrl\":\"\\\/\\\/www.gravatar.com\\\/avatar\\\/d8d45f8901aadff40a4af72c0b826f1d?s=96&#038;r=g&#038;d=mm\",\"caption\":\"dorogimedence.hu\"}}]}<\/script>\n<!-- \/ Yoast SEO plugin. -->","yoast_head_json":{"title":"Hagyom\u00e1ny\u0151rz\u0151 fesztiv\u00e1lt rendeztek S\u00fctt\u0151n","robots":{"index":"index","follow":"follow","max-snippet":"max-snippet:-1","max-image-preview":"max-image-preview:large","max-video-preview":"max-video-preview:-1"},"canonical":"https:\/\/dorogimedence.hu\/index.php\/2018\/09\/09\/hagyomanyorzo-fesztivalt-rendeztek-sutton\/","og_locale":"hu_HU","og_type":"article","og_title":"Hagyom\u00e1ny\u0151rz\u0151 fesztiv\u00e1lt rendeztek S\u00fctt\u0151n","og_description":"\u00d6t\u00f6dik alkalommal ker\u00fclt megrendez\u00e9sre a K\u0150 K\u00d6V\u00d6N Fesztiv\u00e1l S\u00fctt\u0151n, szeptember 8-\u00e1n szombaton. A Dr. S\u00e1ghy Antal K\u00f6rnyezetv\u00e9delmi \u00e9s Kultur\u00e1lis Egylet a megyei \u00f6nkorm\u00e1nyzat t\u00e1mogat\u00e1s\u00e1val egy kreat\u00edv hagyom\u00e1ny\u0151rz\u0151 fesztiv\u00e1l \u00f6tlet\u00e9vel rukkolt el\u0151 5 \u00e9ve. A fesztiv\u00e1l c\u00e9lja S\u00fctt\u0151 k\u00f6zs\u00e9g k\u0151farag\u00f3 kult\u00far\u00e1j\u00e1nak kutat\u00e1sa, \u00e1pol\u00e1sa \u00e9s megismertet\u00e9se. A K\u0150 K\u00d6V\u00d6N Fesztiv\u00e1l megy\u00e9nk egyik sz\u00ednfoltja, rem\u00e9lj\u00fck, hamarosan a megyei","og_url":"https:\/\/dorogimedence.hu\/index.php\/2018\/09\/09\/hagyomanyorzo-fesztivalt-rendeztek-sutton\/","og_site_name":"Dorogi-medence Region\u00e1lis H\u00edrport\u00e1l","article_publisher":"https:\/\/www.facebook.com\/dorogimedence\/","article_published_time":"2018-09-09T07:45:15+00:00","og_image":[{"width":670,"height":365,"url":"https:\/\/i0.wp.com\/dorogimedence.hu\/wp-content\/uploads\/2018\/09\/ko-kovon-01.jpg?fit=670%2C365&ssl=1","type":"image\/jpeg"}],"author":"dorogimedence.hu","twitter_card":"summary_large_image","twitter_misc":{"Szerz\u0151:":"dorogimedence.hu","Becs\u00fclt olvas\u00e1si id\u0151":"1 perc"},"schema":{"@context":"https:\/\/schema.org","@graph":[{"@type":"Article","@id":"https:\/\/dorogimedence.hu\/index.php\/2018\/09\/09\/hagyomanyorzo-fesztivalt-rendeztek-sutton\/#article","isPartOf":{"@id":"https:\/\/dorogimedence.hu\/index.php\/2018\/09\/09\/hagyomanyorzo-fesztivalt-rendeztek-sutton\/"},"author":{"name":"dorogimedence.hu","@id":"https:\/\/dorogimedence.hu\/#\/schema\/person\/ce6091eeb7e95ecdc87890d6aa8e0fd4"},"headline":"Hagyom\u00e1ny\u0151rz\u0151 fesztiv\u00e1lt rendeztek S\u00fctt\u0151n","datePublished":"2018-09-09T07:45:15+00:00","mainEntityOfPage":{"@id":"https:\/\/dorogimedence.hu\/index.php\/2018\/09\/09\/hagyomanyorzo-fesztivalt-rendeztek-sutton\/"},"wordCount":169,"publisher":{"@id":"https:\/\/dorogimedence.hu\/#organization"},"image":{"@id":"https:\/\/dorogimedence.hu\/index.php\/2018\/09\/09\/hagyomanyorzo-fesztivalt-rendeztek-sutton\/#primaryimage"},"thumbnailUrl":"https:\/\/dorogimedence.hu\/wp-content\/uploads\/2018\/09\/ko-kovon-01.jpg","keywords":["fesztiv\u00e1l","hagyom\u00e1ny\u0151rz\u00e9s","koncert","program","S\u00fctt\u0151"],"articleSection":["H\u00edrek"],"inLanguage":"hu"},{"@type":"WebPage","@id":"https:\/\/dorogimedence.hu\/index.php\/2018\/09\/09\/hagyomanyorzo-fesztivalt-rendeztek-sutton\/","url":"https:\/\/dorogimedence.hu\/index.php\/2018\/09\/09\/hagyomanyorzo-fesztivalt-rendeztek-sutton\/","name":"Hagyom\u00e1ny\u0151rz\u0151 fesztiv\u00e1lt rendeztek S\u00fctt\u0151n","isPartOf":{"@id":"https:\/\/dorogimedence.hu\/#website"},"primaryImageOfPage":{"@id":"https:\/\/dorogimedence.hu\/index.php\/2018\/09\/09\/hagyomanyorzo-fesztivalt-rendeztek-sutton\/#primaryimage"},"image":{"@id":"https:\/\/dorogimedence.hu\/index.php\/2018\/09\/09\/hagyomanyorzo-fesztivalt-rendeztek-sutton\/#primaryimage"},"thumbnailUrl":"https:\/\/dorogimedence.hu\/wp-content\/uploads\/2018\/09\/ko-kovon-01.jpg","datePublished":"2018-09-09T07:45:15+00:00","breadcrumb":{"@id":"https:\/\/dorogimedence.hu\/index.php\/2018\/09\/09\/hagyomanyorzo-fesztivalt-rendeztek-sutton\/#breadcrumb"},"inLanguage":"hu","potentialAction":[{"@type":"ReadAction","target":["https:\/\/dorogimedence.hu\/index.php\/2018\/09\/09\/hagyomanyorzo-fesztivalt-rendeztek-sutton\/"]}]},{"@type":"ImageObject","inLanguage":"hu","@id":"https:\/\/dorogimedence.hu\/index.php\/2018\/09\/09\/hagyomanyorzo-fesztivalt-rendeztek-sutton\/#primaryimage","url":"https:\/\/dorogimedence.hu\/wp-content\/uploads\/2018\/09\/ko-kovon-01.jpg","contentUrl":"https:\/\/dorogimedence.hu\/wp-content\/uploads\/2018\/09\/ko-kovon-01.jpg","width":670,"height":365},{"@type":"BreadcrumbList","@id":"https:\/\/dorogimedence.hu\/index.php\/2018\/09\/09\/hagyomanyorzo-fesztivalt-rendeztek-sutton\/#breadcrumb","itemListElement":[{"@type":"ListItem","position":1,"name":"Kezd\u0151lap","item":"https:\/\/dorogimedence.hu\/"},{"@type":"ListItem","position":2,"name":"Hagyom\u00e1ny\u0151rz\u0151 fesztiv\u00e1lt rendeztek S\u00fctt\u0151n"}]},{"@type":"WebSite","@id":"https:\/\/dorogimedence.hu\/#website","url":"https:\/\/dorogimedence.hu\/","name":"Dorogi-medence Region\u00e1lis H\u00edrport\u00e1l","description":"Dorog, Keszt\u00f6lc, Le\u00e1nyv\u00e1r, Piliscs\u00e9v, Tokod, Tokodalt\u00e1r\u00f3, Csolnok, Esztergom-kertv\u00e1ros: h\u00edrek, programok","publisher":{"@id":"https:\/\/dorogimedence.hu\/#organization"},"potentialAction":[{"@type":"SearchAction","target":{"@type":"EntryPoint","urlTemplate":"https:\/\/dorogimedence.hu\/?s={search_term_string}"},"query-input":{"@type":"PropertyValueSpecification","valueRequired":true,"valueName":"search_term_string"}}],"inLanguage":"hu"},{"@type":"Organization","@id":"https:\/\/dorogimedence.hu\/#organization","name":"Dorogi-medence Region\u00e1lis H\u00edrport\u00e1l","url":"https:\/\/dorogimedence.hu\/","logo":{"@type":"ImageObject","inLanguage":"hu","@id":"https:\/\/dorogimedence.hu\/#\/schema\/logo\/image\/","url":"https:\/\/dorogimedence.hu\/wp-content\/uploads\/2021\/04\/logo-feher-600.png","contentUrl":"https:\/\/dorogimedence.hu\/wp-content\/uploads\/2021\/04\/logo-feher-600.png","width":600,"height":100,"caption":"Dorogi-medence Region\u00e1lis H\u00edrport\u00e1l"},"image":{"@id":"https:\/\/dorogimedence.hu\/#\/schema\/logo\/image\/"},"sameAs":["https:\/\/www.facebook.com\/dorogimedence\/"]},{"@type":"Person","@id":"https:\/\/dorogimedence.hu\/#\/schema\/person\/ce6091eeb7e95ecdc87890d6aa8e0fd4","name":"dorogimedence.hu","image":{"@type":"ImageObject","inLanguage":"hu","@id":"\/\/www.gravatar.com\/avatar\/d8d45f8901aadff40a4af72c0b826f1d?s=96&#038;r=g&#038;d=mm","url":"\/\/www.gravatar.com\/avatar\/d8d45f8901aadff40a4af72c0b826f1d?s=96&#038;r=g&#038;d=mm","contentUrl":"\/\/www.gravatar.com\/avatar\/d8d45f8901aadff40a4af72c0b826f1d?s=96&#038;r=g&#038;d=mm","caption":"dorogimedence.hu"}}]}},"_links":{"self":[{"href":"https:\/\/dorogimedence.hu\/index.php\/wp-json\/wp\/v2\/posts\/12167","targetHints":{"allow":["GET"]}}],"collection":[{"href":"https:\/\/dorogimedence.hu\/index.php\/wp-json\/wp\/v2\/posts"}],"about":[{"href":"https:\/\/dorogimedence.hu\/index.php\/wp-json\/wp\/v2\/types\/post"}],"author":[{"embeddable":true,"href":"https:\/\/dorogimedence.hu\/index.php\/wp-json\/wp\/v2\/users\/1"}],"replies":[{"embeddable":true,"href":"https:\/\/dorogimedence.hu\/index.php\/wp-json\/wp\/v2\/comments?post=12167"}],"version-history":[{"count":0,"href":"https:\/\/dorogimedence.hu\/index.php\/wp-json\/wp\/v2\/posts\/12167\/revisions"}],"wp:featuredmedia":[{"embeddable":true,"href":"https:\/\/dorogimedence.hu\/index.php\/wp-json\/wp\/v2\/media\/12168"}],"wp:attachment":[{"href":"https:\/\/dorogimedence.hu\/index.php\/wp-json\/wp\/v2\/media?parent=12167"}],"wp:term":[{"taxonomy":"category","embeddable":true,"href":"https:\/\/dorogimedence.hu\/index.php\/wp-json\/wp\/v2\/categories?post=12167"},{"taxonomy":"post_tag","embeddable":true,"href":"https:\/\/dorogimedence.hu\/index.php\/wp-json\/wp\/v2\/tags?post=12167"}],"curies":[{"name":"wp","href":"https:\/\/api.w.org\/{rel}","templated":true}]}}