{"id":12124,"date":"2018-09-05T16:02:36","date_gmt":"2018-09-05T14:02:36","guid":{"rendered":"http:\/\/dorogimedence.hu\/?p=12124"},"modified":"2018-09-05T16:02:36","modified_gmt":"2018-09-05T14:02:36","slug":"helyi-sajtosokat-is-kituntettek-a-27-magyar-kezmuvesseg-napjan","status":"publish","type":"post","link":"https:\/\/dorogimedence.hu\/index.php\/2018\/09\/05\/helyi-sajtosokat-is-kituntettek-a-27-magyar-kezmuvesseg-napjan\/","title":{"rendered":"Helyi sajt\u00f3sokat is kit\u00fcntettek a 27. Magyar K\u00e9zm\u0171vess\u00e9g Napj\u00e1n"},"content":{"rendered":"<p><strong><span id=\"ctl05_lbBody\"><span id=\"ctl07_lbBody\">Az IPOSZ Orsz\u00e1gos Eln\u00f6ks\u00e9ge az ipartest\u00fcletek javaslat\u00e1ra \u00fajs\u00e1g\u00edr\u00f3k, szerkeszt\u0151s\u00e9gek kiemelked\u0151 munk\u00e1j\u00e1t elismer\u0151 kit\u00fcntet\u00e9seket adom\u00e1nyozott 2018. szeptember 5-\u00e9n a 27. Magyar K\u00e9zm\u0171vess\u00e9g Napj\u00e1n, Budapesten, a Bencz\u00far H\u00e1zban.<\/span><\/span><\/strong><\/p>\n<p><span id=\"ctl07_lbBody\"> A kit\u00fcntetettek hiteles, szakszer\u0171, lelkiismeretes t\u00e1j\u00e9koztat\u00f3 tev\u00e9kenys\u00e9g\u00fckkel biztos\u00edtott\u00e1k a mikro- \u00e9s kisv\u00e1llalkoz\u00e1sok m\u0171k\u00f6d\u00e9s\u00e9re hat\u00f3 szab\u00e1lyoz\u00f3k bemutat\u00e1s\u00e1t, a sz\u00f6vets\u00e9g, az ipartest\u00fcletek, a szakm\u00e1k helyzet\u00e9nek, t\u00f6rekv\u00e9seinek megismertet\u00e9s\u00e9t a nyilv\u00e1noss\u00e1ggal. K\u00f6vetkezetesen n\u00e9pszer\u0171s\u00edtett\u00e9k, a m\u0171helyek vil\u00e1g\u00e1t, a k\u00e9zm\u0171ves \u00e9rt\u00e9keket, ki\u00e1ll\u00edt\u00e1sokat, r\u00e9gi mesters\u00e9geket szolg\u00e1ltat\u00f3 iparosokat. Er\u0151s\u00edtett\u00e9k a lakoss\u00e1g, az \u00f6nkorm\u00e1nyzat \u00e9s az ipartest\u00fcletek egy\u00fcttm\u0171k\u00f6d\u00e9s\u00e9t. A k\u00e9zm\u0171vess\u00e9g hagyom\u00e1nyos \u00fcnnep\u00e9n kit\u00fcntetett \u00fajs\u00e1g\u00edr\u00f3k: <strong><span style=\"text-decoration: underline;\">A Magyar K\u00e9zm\u0171vess\u00e9g\u00e9rt D\u00edj Arany fokozat\u00e1t kapta:<\/span> Fenyvesi K\u00e1roly, a 24 \u00d3ra c\u00edm\u0171 Kom\u00e1rom-Esztergom megyei napilap nyugalmazott ter\u00fcleti szak\u00e9rt\u0151je, M\u00e1tyus L\u00e1szl\u00f3 fot\u00f3s.<\/strong><\/span><\/p>\n<p><span id=\"ctl05_lbBody\"><span style=\"text-decoration: underline;\"><strong>Az Ipartest\u00fcletek Orsz\u00e1gos Sz\u00f6vets\u00e9ge K\u00e9zm\u0171ipar Szolg\u00e1lat\u00e1\u00e9rt kit\u00fcntet\u0151 oklevel\u00e9t kapta:<\/strong><\/span> Vidovics Ferenc fot\u00f3riporter, a Szentesi Mozaik tud\u00f3s\u00edt\u00f3ja, M\u00e9szely R\u00e9ka a Gy\u0151r-Moson-Sopron megyei Kisalf\u00f6ld napilap \u00fajs\u00e1g\u00edr\u00f3ja, <strong>J\u00e1szber\u00e9nyi K\u00e1roly a Dorogi Telev\u00edzi\u00f3 riportere \u00e9s a Pet\u0151fi S\u00e1ndor \u00c1ltal\u00e1nos Iskola igazgat\u00f3ja, Bihari Antal az Esztergom TV tulajdonos szerkeszt\u0151je,<\/strong> Krizs\u00e1n Ervin a Cegl\u00e9di Panor\u00e1ma c\u00edm\u0171 lap alap\u00edt\u00f3ja \u00e9s f\u0151szerkeszt\u0151je, Galambos B\u00e9la a Kelet-Magyarorsz\u00e1g megyei h\u00edrlap gazdas\u00e1gi \u00fajs\u00e1g\u00edr\u00f3ja, szerkeszt\u0151je, Wessely G\u00e1bor \u00fajs\u00e1g\u00edr\u00f3, Szalai Zsolt a hatoscsatorna f\u0151szerkeszt\u0151-helyettese, Horv\u00e1th G\u00e1bor vezet\u0151 operat\u0151r, M\u00e9sz\u00e1ros Viktor tecnikus-kameraman, Gerstenbrein Zsuzsi v\u00e1g\u00f3, Bogn\u00e1r Tibor az Echo TV k\u00fcls\u0151s munkat\u00e1rsa, Varga G\u00e9za, a H\u00edr\u00f6s Napt\u00e1r szerkeszt\u0151je, Horv\u00e1th Ferenc \u00fajs\u00e1g\u00edr\u00f3, a Soproni T\u00e9ma hetilap f\u0151szerkeszt\u0151je.<\/p>\n<p><span style=\"text-decoration: underline;\"><strong>Az IPOSZ Orsz\u00e1gos Eln\u00f6ks\u00e9g\u00e9nek k\u00fcl\u00f6n Elismer\u0151 Oklevel\u00e9t kapta:<\/strong><\/span> Pek\u00e1r Erzs\u00e9bet a Magyar T\u00e1virati Iroda \u00fajs\u00e1g\u00edr\u00f3ja, Kov\u00e1cs Anita a Karc FM R\u00e1di\u00f3 szerkeszt\u0151-riportere, <strong>Madar\u00e1sz T\u00edmea, a 24 \u00d3RA \u00fajs\u00e1g\u00edr\u00f3ja,<\/strong> D\u00f3ka Attila a www.amdala.hu h\u00edrport\u00e1l tulajdonos-f\u0151szerkeszt\u0151je. <\/span><\/p>\n<p><em>Forr\u00e1s: <span id=\"ctl07_lbBody\">Orsz\u00e1gos Sajt\u00f3szolg\u00e1lat<br \/>\nKiad\u00f3: Ipartest\u00fcletek Orsz\u00e1gos Sz\u00f6vets\u00e9ge<\/span><\/em><\/p>\n","protected":false},"excerpt":{"rendered":"<p>Az IPOSZ Orsz\u00e1gos Eln\u00f6ks\u00e9ge az ipartest\u00fcletek javaslat\u00e1ra \u00fajs\u00e1g\u00edr\u00f3k, szerkeszt\u0151s\u00e9gek kiemelked\u0151 munk\u00e1j\u00e1t elismer\u0151 kit\u00fcntet\u00e9seket adom\u00e1nyozott 2018. szeptember 5-\u00e9n a 27. Magyar K\u00e9zm\u0171vess\u00e9g Napj\u00e1n, Budapesten, a Bencz\u00far H\u00e1zban. A kit\u00fcntetettek hiteles, szakszer\u0171, lelkiismeretes t\u00e1j\u00e9koztat\u00f3 tev\u00e9kenys\u00e9g\u00fckkel biztos\u00edtott\u00e1k a mikro- \u00e9s kisv\u00e1llalkoz\u00e1sok m\u0171k\u00f6d\u00e9s\u00e9re hat\u00f3 szab\u00e1lyoz\u00f3k bemutat\u00e1s\u00e1t, a sz\u00f6vets\u00e9g, az ipartest\u00fcletek, a szakm\u00e1k helyzet\u00e9nek, t\u00f6rekv\u00e9seinek megismertet\u00e9s\u00e9t a nyilv\u00e1noss\u00e1ggal. K\u00f6vetkezetesen n\u00e9pszer\u0171s\u00edtett\u00e9k,<\/p>\n","protected":false},"author":1,"featured_media":12125,"comment_status":"closed","ping_status":"closed","sticky":false,"template":"","format":"standard","meta":{"ngg_post_thumbnail":0,"footnotes":""},"categories":[2,38,3],"tags":[15,42,1867,519,2983],"class_list":{"0":"post-12124","1":"post","2":"type-post","3":"status-publish","4":"format-standard","5":"has-post-thumbnail","7":"category-dorog","8":"category-esztergom","9":"category-hirek","10":"tag-dorog","11":"tag-esztergom","12":"tag-iposz","13":"tag-kituntetes","14":"tag-magyar-kezmuvesseg-napja"},"yoast_head":"<!-- This site is optimized with the Yoast SEO plugin v27.4 - https:\/\/yoast.com\/product\/yoast-seo-wordpress\/ -->\n<title>Helyi sajt\u00f3sokat is kit\u00fcntettek a 27. Magyar K\u00e9zm\u0171vess\u00e9g Napj\u00e1n<\/title>\n<meta name=\"robots\" content=\"index, follow, max-snippet:-1, max-image-preview:large, max-video-preview:-1\" \/>\n<link rel=\"canonical\" href=\"https:\/\/dorogimedence.hu\/index.php\/2018\/09\/05\/helyi-sajtosokat-is-kituntettek-a-27-magyar-kezmuvesseg-napjan\/\" class=\"yoast-seo-meta-tag\" \/>\n<meta property=\"og:locale\" content=\"hu_HU\" class=\"yoast-seo-meta-tag\" \/>\n<meta property=\"og:type\" content=\"article\" class=\"yoast-seo-meta-tag\" \/>\n<meta property=\"og:title\" content=\"Helyi sajt\u00f3sokat is kit\u00fcntettek a 27. Magyar K\u00e9zm\u0171vess\u00e9g Napj\u00e1n\" class=\"yoast-seo-meta-tag\" \/>\n<meta property=\"og:description\" content=\"Az IPOSZ Orsz\u00e1gos Eln\u00f6ks\u00e9ge az ipartest\u00fcletek javaslat\u00e1ra \u00fajs\u00e1g\u00edr\u00f3k, szerkeszt\u0151s\u00e9gek kiemelked\u0151 munk\u00e1j\u00e1t elismer\u0151 kit\u00fcntet\u00e9seket adom\u00e1nyozott 2018. szeptember 5-\u00e9n a 27. Magyar K\u00e9zm\u0171vess\u00e9g Napj\u00e1n, Budapesten, a Bencz\u00far H\u00e1zban. A kit\u00fcntetettek hiteles, szakszer\u0171, lelkiismeretes t\u00e1j\u00e9koztat\u00f3 tev\u00e9kenys\u00e9g\u00fckkel biztos\u00edtott\u00e1k a mikro- \u00e9s kisv\u00e1llalkoz\u00e1sok m\u0171k\u00f6d\u00e9s\u00e9re hat\u00f3 szab\u00e1lyoz\u00f3k bemutat\u00e1s\u00e1t, a sz\u00f6vets\u00e9g, az ipartest\u00fcletek, a szakm\u00e1k helyzet\u00e9nek, t\u00f6rekv\u00e9seinek megismertet\u00e9s\u00e9t a nyilv\u00e1noss\u00e1ggal. K\u00f6vetkezetesen n\u00e9pszer\u0171s\u00edtett\u00e9k,\" class=\"yoast-seo-meta-tag\" \/>\n<meta property=\"og:url\" content=\"https:\/\/dorogimedence.hu\/index.php\/2018\/09\/05\/helyi-sajtosokat-is-kituntettek-a-27-magyar-kezmuvesseg-napjan\/\" class=\"yoast-seo-meta-tag\" \/>\n<meta property=\"og:site_name\" content=\"Dorogi-medence Region\u00e1lis H\u00edrport\u00e1l\" class=\"yoast-seo-meta-tag\" \/>\n<meta property=\"article:publisher\" content=\"https:\/\/www.facebook.com\/dorogimedence\/\" class=\"yoast-seo-meta-tag\" \/>\n<meta property=\"article:published_time\" content=\"2018-09-05T14:02:36+00:00\" class=\"yoast-seo-meta-tag\" \/>\n<meta property=\"og:image\" content=\"https:\/\/i0.wp.com\/dorogimedence.hu\/wp-content\/uploads\/2018\/09\/iposz-01.jpg?fit=670%2C365&ssl=1\" class=\"yoast-seo-meta-tag\" \/>\n\t<meta property=\"og:image:width\" content=\"670\" class=\"yoast-seo-meta-tag\" \/>\n\t<meta property=\"og:image:height\" content=\"365\" class=\"yoast-seo-meta-tag\" \/>\n\t<meta property=\"og:image:type\" content=\"image\/jpeg\" class=\"yoast-seo-meta-tag\" \/>\n<meta name=\"author\" content=\"dorogimedence.hu\" class=\"yoast-seo-meta-tag\" \/>\n<meta name=\"twitter:card\" content=\"summary_large_image\" class=\"yoast-seo-meta-tag\" \/>\n<meta name=\"twitter:label1\" content=\"Szerz\u0151:\" class=\"yoast-seo-meta-tag\" \/>\n\t<meta name=\"twitter:data1\" content=\"dorogimedence.hu\" class=\"yoast-seo-meta-tag\" \/>\n\t<meta name=\"twitter:label2\" content=\"Becs\u00fclt olvas\u00e1si id\u0151\" class=\"yoast-seo-meta-tag\" \/>\n\t<meta name=\"twitter:data2\" content=\"2 perc\" class=\"yoast-seo-meta-tag\" \/>\n<script type=\"application\/ld+json\" class=\"yoast-schema-graph\">{\"@context\":\"https:\\\/\\\/schema.org\",\"@graph\":[{\"@type\":\"Article\",\"@id\":\"https:\\\/\\\/dorogimedence.hu\\\/index.php\\\/2018\\\/09\\\/05\\\/helyi-sajtosokat-is-kituntettek-a-27-magyar-kezmuvesseg-napjan\\\/#article\",\"isPartOf\":{\"@id\":\"https:\\\/\\\/dorogimedence.hu\\\/index.php\\\/2018\\\/09\\\/05\\\/helyi-sajtosokat-is-kituntettek-a-27-magyar-kezmuvesseg-napjan\\\/\"},\"author\":{\"name\":\"dorogimedence.hu\",\"@id\":\"https:\\\/\\\/dorogimedence.hu\\\/#\\\/schema\\\/person\\\/ce6091eeb7e95ecdc87890d6aa8e0fd4\"},\"headline\":\"Helyi sajt\u00f3sokat is kit\u00fcntettek a 27. Magyar K\u00e9zm\u0171vess\u00e9g Napj\u00e1n\",\"datePublished\":\"2018-09-05T14:02:36+00:00\",\"mainEntityOfPage\":{\"@id\":\"https:\\\/\\\/dorogimedence.hu\\\/index.php\\\/2018\\\/09\\\/05\\\/helyi-sajtosokat-is-kituntettek-a-27-magyar-kezmuvesseg-napjan\\\/\"},\"wordCount\":467,\"publisher\":{\"@id\":\"https:\\\/\\\/dorogimedence.hu\\\/#organization\"},\"image\":{\"@id\":\"https:\\\/\\\/dorogimedence.hu\\\/index.php\\\/2018\\\/09\\\/05\\\/helyi-sajtosokat-is-kituntettek-a-27-magyar-kezmuvesseg-napjan\\\/#primaryimage\"},\"thumbnailUrl\":\"https:\\\/\\\/dorogimedence.hu\\\/wp-content\\\/uploads\\\/2018\\\/09\\\/iposz-01.jpg\",\"keywords\":[\"Dorog\",\"esztergom\",\"IPOSZ\",\"kit\u00fcntet\u00e9s\",\"Magyar K\u00e9zm\u0171vess\u00e9g Napja\"],\"articleSection\":[\"Dorog\",\"Esztergom\",\"H\u00edrek\"],\"inLanguage\":\"hu\"},{\"@type\":\"WebPage\",\"@id\":\"https:\\\/\\\/dorogimedence.hu\\\/index.php\\\/2018\\\/09\\\/05\\\/helyi-sajtosokat-is-kituntettek-a-27-magyar-kezmuvesseg-napjan\\\/\",\"url\":\"https:\\\/\\\/dorogimedence.hu\\\/index.php\\\/2018\\\/09\\\/05\\\/helyi-sajtosokat-is-kituntettek-a-27-magyar-kezmuvesseg-napjan\\\/\",\"name\":\"Helyi sajt\u00f3sokat is kit\u00fcntettek a 27. Magyar K\u00e9zm\u0171vess\u00e9g Napj\u00e1n\",\"isPartOf\":{\"@id\":\"https:\\\/\\\/dorogimedence.hu\\\/#website\"},\"primaryImageOfPage\":{\"@id\":\"https:\\\/\\\/dorogimedence.hu\\\/index.php\\\/2018\\\/09\\\/05\\\/helyi-sajtosokat-is-kituntettek-a-27-magyar-kezmuvesseg-napjan\\\/#primaryimage\"},\"image\":{\"@id\":\"https:\\\/\\\/dorogimedence.hu\\\/index.php\\\/2018\\\/09\\\/05\\\/helyi-sajtosokat-is-kituntettek-a-27-magyar-kezmuvesseg-napjan\\\/#primaryimage\"},\"thumbnailUrl\":\"https:\\\/\\\/dorogimedence.hu\\\/wp-content\\\/uploads\\\/2018\\\/09\\\/iposz-01.jpg\",\"datePublished\":\"2018-09-05T14:02:36+00:00\",\"breadcrumb\":{\"@id\":\"https:\\\/\\\/dorogimedence.hu\\\/index.php\\\/2018\\\/09\\\/05\\\/helyi-sajtosokat-is-kituntettek-a-27-magyar-kezmuvesseg-napjan\\\/#breadcrumb\"},\"inLanguage\":\"hu\",\"potentialAction\":[{\"@type\":\"ReadAction\",\"target\":[\"https:\\\/\\\/dorogimedence.hu\\\/index.php\\\/2018\\\/09\\\/05\\\/helyi-sajtosokat-is-kituntettek-a-27-magyar-kezmuvesseg-napjan\\\/\"]}]},{\"@type\":\"ImageObject\",\"inLanguage\":\"hu\",\"@id\":\"https:\\\/\\\/dorogimedence.hu\\\/index.php\\\/2018\\\/09\\\/05\\\/helyi-sajtosokat-is-kituntettek-a-27-magyar-kezmuvesseg-napjan\\\/#primaryimage\",\"url\":\"https:\\\/\\\/dorogimedence.hu\\\/wp-content\\\/uploads\\\/2018\\\/09\\\/iposz-01.jpg\",\"contentUrl\":\"https:\\\/\\\/dorogimedence.hu\\\/wp-content\\\/uploads\\\/2018\\\/09\\\/iposz-01.jpg\",\"width\":670,\"height\":365},{\"@type\":\"BreadcrumbList\",\"@id\":\"https:\\\/\\\/dorogimedence.hu\\\/index.php\\\/2018\\\/09\\\/05\\\/helyi-sajtosokat-is-kituntettek-a-27-magyar-kezmuvesseg-napjan\\\/#breadcrumb\",\"itemListElement\":[{\"@type\":\"ListItem\",\"position\":1,\"name\":\"Kezd\u0151lap\",\"item\":\"https:\\\/\\\/dorogimedence.hu\\\/\"},{\"@type\":\"ListItem\",\"position\":2,\"name\":\"Helyi sajt\u00f3sokat is kit\u00fcntettek a 27. Magyar K\u00e9zm\u0171vess\u00e9g Napj\u00e1n\"}]},{\"@type\":\"WebSite\",\"@id\":\"https:\\\/\\\/dorogimedence.hu\\\/#website\",\"url\":\"https:\\\/\\\/dorogimedence.hu\\\/\",\"name\":\"Dorogi-medence Region\u00e1lis H\u00edrport\u00e1l\",\"description\":\"Dorog, Keszt\u00f6lc, Le\u00e1nyv\u00e1r, Piliscs\u00e9v, Tokod, Tokodalt\u00e1r\u00f3, Csolnok, Esztergom-kertv\u00e1ros: h\u00edrek, programok\",\"publisher\":{\"@id\":\"https:\\\/\\\/dorogimedence.hu\\\/#organization\"},\"potentialAction\":[{\"@type\":\"SearchAction\",\"target\":{\"@type\":\"EntryPoint\",\"urlTemplate\":\"https:\\\/\\\/dorogimedence.hu\\\/?s={search_term_string}\"},\"query-input\":{\"@type\":\"PropertyValueSpecification\",\"valueRequired\":true,\"valueName\":\"search_term_string\"}}],\"inLanguage\":\"hu\"},{\"@type\":\"Organization\",\"@id\":\"https:\\\/\\\/dorogimedence.hu\\\/#organization\",\"name\":\"Dorogi-medence Region\u00e1lis H\u00edrport\u00e1l\",\"url\":\"https:\\\/\\\/dorogimedence.hu\\\/\",\"logo\":{\"@type\":\"ImageObject\",\"inLanguage\":\"hu\",\"@id\":\"https:\\\/\\\/dorogimedence.hu\\\/#\\\/schema\\\/logo\\\/image\\\/\",\"url\":\"https:\\\/\\\/dorogimedence.hu\\\/wp-content\\\/uploads\\\/2021\\\/04\\\/logo-feher-600.png\",\"contentUrl\":\"https:\\\/\\\/dorogimedence.hu\\\/wp-content\\\/uploads\\\/2021\\\/04\\\/logo-feher-600.png\",\"width\":600,\"height\":100,\"caption\":\"Dorogi-medence Region\u00e1lis H\u00edrport\u00e1l\"},\"image\":{\"@id\":\"https:\\\/\\\/dorogimedence.hu\\\/#\\\/schema\\\/logo\\\/image\\\/\"},\"sameAs\":[\"https:\\\/\\\/www.facebook.com\\\/dorogimedence\\\/\"]},{\"@type\":\"Person\",\"@id\":\"https:\\\/\\\/dorogimedence.hu\\\/#\\\/schema\\\/person\\\/ce6091eeb7e95ecdc87890d6aa8e0fd4\",\"name\":\"dorogimedence.hu\",\"image\":{\"@type\":\"ImageObject\",\"inLanguage\":\"hu\",\"@id\":\"\\\/\\\/www.gravatar.com\\\/avatar\\\/d8d45f8901aadff40a4af72c0b826f1d?s=96&#038;r=g&#038;d=mm\",\"url\":\"\\\/\\\/www.gravatar.com\\\/avatar\\\/d8d45f8901aadff40a4af72c0b826f1d?s=96&#038;r=g&#038;d=mm\",\"contentUrl\":\"\\\/\\\/www.gravatar.com\\\/avatar\\\/d8d45f8901aadff40a4af72c0b826f1d?s=96&#038;r=g&#038;d=mm\",\"caption\":\"dorogimedence.hu\"}}]}<\/script>\n<!-- \/ Yoast SEO plugin. -->","yoast_head_json":{"title":"Helyi sajt\u00f3sokat is kit\u00fcntettek a 27. Magyar K\u00e9zm\u0171vess\u00e9g Napj\u00e1n","robots":{"index":"index","follow":"follow","max-snippet":"max-snippet:-1","max-image-preview":"max-image-preview:large","max-video-preview":"max-video-preview:-1"},"canonical":"https:\/\/dorogimedence.hu\/index.php\/2018\/09\/05\/helyi-sajtosokat-is-kituntettek-a-27-magyar-kezmuvesseg-napjan\/","og_locale":"hu_HU","og_type":"article","og_title":"Helyi sajt\u00f3sokat is kit\u00fcntettek a 27. Magyar K\u00e9zm\u0171vess\u00e9g Napj\u00e1n","og_description":"Az IPOSZ Orsz\u00e1gos Eln\u00f6ks\u00e9ge az ipartest\u00fcletek javaslat\u00e1ra \u00fajs\u00e1g\u00edr\u00f3k, szerkeszt\u0151s\u00e9gek kiemelked\u0151 munk\u00e1j\u00e1t elismer\u0151 kit\u00fcntet\u00e9seket adom\u00e1nyozott 2018. szeptember 5-\u00e9n a 27. Magyar K\u00e9zm\u0171vess\u00e9g Napj\u00e1n, Budapesten, a Bencz\u00far H\u00e1zban. A kit\u00fcntetettek hiteles, szakszer\u0171, lelkiismeretes t\u00e1j\u00e9koztat\u00f3 tev\u00e9kenys\u00e9g\u00fckkel biztos\u00edtott\u00e1k a mikro- \u00e9s kisv\u00e1llalkoz\u00e1sok m\u0171k\u00f6d\u00e9s\u00e9re hat\u00f3 szab\u00e1lyoz\u00f3k bemutat\u00e1s\u00e1t, a sz\u00f6vets\u00e9g, az ipartest\u00fcletek, a szakm\u00e1k helyzet\u00e9nek, t\u00f6rekv\u00e9seinek megismertet\u00e9s\u00e9t a nyilv\u00e1noss\u00e1ggal. K\u00f6vetkezetesen n\u00e9pszer\u0171s\u00edtett\u00e9k,","og_url":"https:\/\/dorogimedence.hu\/index.php\/2018\/09\/05\/helyi-sajtosokat-is-kituntettek-a-27-magyar-kezmuvesseg-napjan\/","og_site_name":"Dorogi-medence Region\u00e1lis H\u00edrport\u00e1l","article_publisher":"https:\/\/www.facebook.com\/dorogimedence\/","article_published_time":"2018-09-05T14:02:36+00:00","og_image":[{"width":670,"height":365,"url":"https:\/\/i0.wp.com\/dorogimedence.hu\/wp-content\/uploads\/2018\/09\/iposz-01.jpg?fit=670%2C365&ssl=1","type":"image\/jpeg"}],"author":"dorogimedence.hu","twitter_card":"summary_large_image","twitter_misc":{"Szerz\u0151:":"dorogimedence.hu","Becs\u00fclt olvas\u00e1si id\u0151":"2 perc"},"schema":{"@context":"https:\/\/schema.org","@graph":[{"@type":"Article","@id":"https:\/\/dorogimedence.hu\/index.php\/2018\/09\/05\/helyi-sajtosokat-is-kituntettek-a-27-magyar-kezmuvesseg-napjan\/#article","isPartOf":{"@id":"https:\/\/dorogimedence.hu\/index.php\/2018\/09\/05\/helyi-sajtosokat-is-kituntettek-a-27-magyar-kezmuvesseg-napjan\/"},"author":{"name":"dorogimedence.hu","@id":"https:\/\/dorogimedence.hu\/#\/schema\/person\/ce6091eeb7e95ecdc87890d6aa8e0fd4"},"headline":"Helyi sajt\u00f3sokat is kit\u00fcntettek a 27. Magyar K\u00e9zm\u0171vess\u00e9g Napj\u00e1n","datePublished":"2018-09-05T14:02:36+00:00","mainEntityOfPage":{"@id":"https:\/\/dorogimedence.hu\/index.php\/2018\/09\/05\/helyi-sajtosokat-is-kituntettek-a-27-magyar-kezmuvesseg-napjan\/"},"wordCount":467,"publisher":{"@id":"https:\/\/dorogimedence.hu\/#organization"},"image":{"@id":"https:\/\/dorogimedence.hu\/index.php\/2018\/09\/05\/helyi-sajtosokat-is-kituntettek-a-27-magyar-kezmuvesseg-napjan\/#primaryimage"},"thumbnailUrl":"https:\/\/dorogimedence.hu\/wp-content\/uploads\/2018\/09\/iposz-01.jpg","keywords":["Dorog","esztergom","IPOSZ","kit\u00fcntet\u00e9s","Magyar K\u00e9zm\u0171vess\u00e9g Napja"],"articleSection":["Dorog","Esztergom","H\u00edrek"],"inLanguage":"hu"},{"@type":"WebPage","@id":"https:\/\/dorogimedence.hu\/index.php\/2018\/09\/05\/helyi-sajtosokat-is-kituntettek-a-27-magyar-kezmuvesseg-napjan\/","url":"https:\/\/dorogimedence.hu\/index.php\/2018\/09\/05\/helyi-sajtosokat-is-kituntettek-a-27-magyar-kezmuvesseg-napjan\/","name":"Helyi sajt\u00f3sokat is kit\u00fcntettek a 27. Magyar K\u00e9zm\u0171vess\u00e9g Napj\u00e1n","isPartOf":{"@id":"https:\/\/dorogimedence.hu\/#website"},"primaryImageOfPage":{"@id":"https:\/\/dorogimedence.hu\/index.php\/2018\/09\/05\/helyi-sajtosokat-is-kituntettek-a-27-magyar-kezmuvesseg-napjan\/#primaryimage"},"image":{"@id":"https:\/\/dorogimedence.hu\/index.php\/2018\/09\/05\/helyi-sajtosokat-is-kituntettek-a-27-magyar-kezmuvesseg-napjan\/#primaryimage"},"thumbnailUrl":"https:\/\/dorogimedence.hu\/wp-content\/uploads\/2018\/09\/iposz-01.jpg","datePublished":"2018-09-05T14:02:36+00:00","breadcrumb":{"@id":"https:\/\/dorogimedence.hu\/index.php\/2018\/09\/05\/helyi-sajtosokat-is-kituntettek-a-27-magyar-kezmuvesseg-napjan\/#breadcrumb"},"inLanguage":"hu","potentialAction":[{"@type":"ReadAction","target":["https:\/\/dorogimedence.hu\/index.php\/2018\/09\/05\/helyi-sajtosokat-is-kituntettek-a-27-magyar-kezmuvesseg-napjan\/"]}]},{"@type":"ImageObject","inLanguage":"hu","@id":"https:\/\/dorogimedence.hu\/index.php\/2018\/09\/05\/helyi-sajtosokat-is-kituntettek-a-27-magyar-kezmuvesseg-napjan\/#primaryimage","url":"https:\/\/dorogimedence.hu\/wp-content\/uploads\/2018\/09\/iposz-01.jpg","contentUrl":"https:\/\/dorogimedence.hu\/wp-content\/uploads\/2018\/09\/iposz-01.jpg","width":670,"height":365},{"@type":"BreadcrumbList","@id":"https:\/\/dorogimedence.hu\/index.php\/2018\/09\/05\/helyi-sajtosokat-is-kituntettek-a-27-magyar-kezmuvesseg-napjan\/#breadcrumb","itemListElement":[{"@type":"ListItem","position":1,"name":"Kezd\u0151lap","item":"https:\/\/dorogimedence.hu\/"},{"@type":"ListItem","position":2,"name":"Helyi sajt\u00f3sokat is kit\u00fcntettek a 27. Magyar K\u00e9zm\u0171vess\u00e9g Napj\u00e1n"}]},{"@type":"WebSite","@id":"https:\/\/dorogimedence.hu\/#website","url":"https:\/\/dorogimedence.hu\/","name":"Dorogi-medence Region\u00e1lis H\u00edrport\u00e1l","description":"Dorog, Keszt\u00f6lc, Le\u00e1nyv\u00e1r, Piliscs\u00e9v, Tokod, Tokodalt\u00e1r\u00f3, Csolnok, Esztergom-kertv\u00e1ros: h\u00edrek, programok","publisher":{"@id":"https:\/\/dorogimedence.hu\/#organization"},"potentialAction":[{"@type":"SearchAction","target":{"@type":"EntryPoint","urlTemplate":"https:\/\/dorogimedence.hu\/?s={search_term_string}"},"query-input":{"@type":"PropertyValueSpecification","valueRequired":true,"valueName":"search_term_string"}}],"inLanguage":"hu"},{"@type":"Organization","@id":"https:\/\/dorogimedence.hu\/#organization","name":"Dorogi-medence Region\u00e1lis H\u00edrport\u00e1l","url":"https:\/\/dorogimedence.hu\/","logo":{"@type":"ImageObject","inLanguage":"hu","@id":"https:\/\/dorogimedence.hu\/#\/schema\/logo\/image\/","url":"https:\/\/dorogimedence.hu\/wp-content\/uploads\/2021\/04\/logo-feher-600.png","contentUrl":"https:\/\/dorogimedence.hu\/wp-content\/uploads\/2021\/04\/logo-feher-600.png","width":600,"height":100,"caption":"Dorogi-medence Region\u00e1lis H\u00edrport\u00e1l"},"image":{"@id":"https:\/\/dorogimedence.hu\/#\/schema\/logo\/image\/"},"sameAs":["https:\/\/www.facebook.com\/dorogimedence\/"]},{"@type":"Person","@id":"https:\/\/dorogimedence.hu\/#\/schema\/person\/ce6091eeb7e95ecdc87890d6aa8e0fd4","name":"dorogimedence.hu","image":{"@type":"ImageObject","inLanguage":"hu","@id":"\/\/www.gravatar.com\/avatar\/d8d45f8901aadff40a4af72c0b826f1d?s=96&#038;r=g&#038;d=mm","url":"\/\/www.gravatar.com\/avatar\/d8d45f8901aadff40a4af72c0b826f1d?s=96&#038;r=g&#038;d=mm","contentUrl":"\/\/www.gravatar.com\/avatar\/d8d45f8901aadff40a4af72c0b826f1d?s=96&#038;r=g&#038;d=mm","caption":"dorogimedence.hu"}}]}},"_links":{"self":[{"href":"https:\/\/dorogimedence.hu\/index.php\/wp-json\/wp\/v2\/posts\/12124","targetHints":{"allow":["GET"]}}],"collection":[{"href":"https:\/\/dorogimedence.hu\/index.php\/wp-json\/wp\/v2\/posts"}],"about":[{"href":"https:\/\/dorogimedence.hu\/index.php\/wp-json\/wp\/v2\/types\/post"}],"author":[{"embeddable":true,"href":"https:\/\/dorogimedence.hu\/index.php\/wp-json\/wp\/v2\/users\/1"}],"replies":[{"embeddable":true,"href":"https:\/\/dorogimedence.hu\/index.php\/wp-json\/wp\/v2\/comments?post=12124"}],"version-history":[{"count":0,"href":"https:\/\/dorogimedence.hu\/index.php\/wp-json\/wp\/v2\/posts\/12124\/revisions"}],"wp:featuredmedia":[{"embeddable":true,"href":"https:\/\/dorogimedence.hu\/index.php\/wp-json\/wp\/v2\/media\/12125"}],"wp:attachment":[{"href":"https:\/\/dorogimedence.hu\/index.php\/wp-json\/wp\/v2\/media?parent=12124"}],"wp:term":[{"taxonomy":"category","embeddable":true,"href":"https:\/\/dorogimedence.hu\/index.php\/wp-json\/wp\/v2\/categories?post=12124"},{"taxonomy":"post_tag","embeddable":true,"href":"https:\/\/dorogimedence.hu\/index.php\/wp-json\/wp\/v2\/tags?post=12124"}],"curies":[{"name":"wp","href":"https:\/\/api.w.org\/{rel}","templated":true}]}}