{"id":12111,"date":"2018-09-05T06:34:27","date_gmt":"2018-09-05T04:34:27","guid":{"rendered":"http:\/\/dorogimedence.hu\/?p=12111"},"modified":"2018-09-05T06:34:27","modified_gmt":"2018-09-05T04:34:27","slug":"ungar-denes-ersebesz-volt-az-esztergomi-konyvtar-vendege","status":"publish","type":"post","link":"https:\/\/dorogimedence.hu\/index.php\/2018\/09\/05\/ungar-denes-ersebesz-volt-az-esztergomi-konyvtar-vendege\/","title":{"rendered":"Ung\u00e1r D\u00e9nes \u00e9rseb\u00e9sz volt az esztergomi k\u00f6nyvt\u00e1r vend\u00e9ge"},"content":{"rendered":"<p><strong>Az Esztergomi Helischer J\u00f3zsef V\u00e1rosi K\u00f6nyvt\u00e1r K\u00f6zt\u00fcnk \u00e9lnek sorozata \u0151szi \u00e9vad\u00e1nak els\u0151 megh\u00edvott vend\u00e9ge a n\u00e9pszer\u0171 Ung\u00e1r D\u00e9nes volt. Sink\u00f3 Gyula besz\u00e9lgetett vele a d\u00e9lut\u00e1n folyam\u00e1n. A doktor \u00far sz\u00e1mos koll\u00e9g\u00e1ja \u00e9s betege elj\u00f6tt a besz\u00e9lget\u00e9sre, k\u00f6nyvt\u00e1runk telth\u00e1zas volt, sokaknak \u00fcl\u0151hely sem jutott.<\/strong><\/p>\n<p>1960. augusztus 27-\u00e9n sz\u00fcletett Balassagyarmaton. 14 \u00e9ves kor\u00e1ig Kemenc\u00e9n, egy gy\u00f6ny\u00f6r\u0171 fekv\u00e9s\u0171 pal\u00f3c falucsk\u00e1ban \u00e9lt. Apja 20, anyja 18 \u00e9ves volt, amikor megsz\u00fcletett. Kemenc\u00e9t tekinti m\u00e1ig sz\u00fcl\u0151f\u00f6ldj\u00e9nek.<\/p>\n<p>Az \u00e1ltal\u00e1nos iskol\u00e1ba k\u00f6zel 300 gyermek j\u00e1rt, tov\u00e1bbtanul\u00e1si lehet\u0151s\u00e9g a k\u00f6rny\u00e9kbeli v\u00e1rosok k\u00f6z\u00e9piskol\u00e1iban volt. Kedves pl\u00e9b\u00e1nosa \u00e9s p\u00e1rtfog\u00f3ja, valamint sz\u00fclei javaslat\u00e1ra az esztergomi Temesv\u00e1ri Pelb\u00e1rt Gimn\u00e1ziumban v\u00e9gezte tanulm\u00e1nyait. Az esztergomi iskol\u00e1ban elt\u00f6lt\u00f6tt n\u00e9gy \u00e9v \u00e9lete egyik legszebb id\u0151szaka volt, vallotta meg. P\u00e9ldamutat\u00f3 tan\u00e1rai \u00e9s remek pedag\u00f3giai \u00e9rz\u00e9kkel meg\u00e1ldott prefektusa biztos\u00edtott\u00e1k a megfelel\u0151 l\u00e9gk\u00f6rt. Legt\u00f6bb bar\u00e1tja is ebb\u0151l a k\u00f6rb\u0151l sz\u00e1rmazik. \u00c9desanyja tov\u00e1bbtanul\u00e1s\u00e1hoz annakidej\u00e9n a nagysz\u00fcl\u0151k nem j\u00e1rultak hozz\u00e1, ez\u00e9rt ugyanabban az \u00e9vben D\u00e9nes apj\u00e1val \u00e9s nagyb\u00e1tyj\u00e1val egy\u00fctt \u0151 is elkezdte gimn\u00e1ziumi tanulm\u00e1nyait esti tagozaton (Ratk\u00f3 korszakban a tov\u00e1bbtanul\u00f3 l\u00e1nyok egy r\u00e9sze gyermekkel, v\u00e9gzetts\u00e9g \u00e9s f\u00e9rj n\u00e9lk\u00fcl t\u00e9rt vissza sz\u00fcl\u0151faluj\u00e1ba). 1978-ban egy\u00fctt \u00e9retts\u00e9gizett a csal\u00e1d. Tov\u00e1bbi tanulm\u00e1nyait a Semmelweis Egyetem \u00c1ltal\u00e1nos Orvosi Kar\u00e1n folytatta.<\/p>\n<p>1978-ban megismerkedett egy nagyon kedves gy\u00f3gyszer\u00e9sz hallgat\u00f3val, akivel 5 \u00e9v m\u00falva h\u00e1zass\u00e1got k\u00f6t\u00f6tt. (1985-ben Krist\u00f3f, 1986-ban B\u00e1lint \u00e9s 1988-ben Eszter nev\u0171 gyermeke sz\u00fcletett.) Nagy tisztelettel \u00e9s szeretettel besz\u00e9lt feles\u00e9g\u00e9r\u0151l, akinek a nyugodt csal\u00e1di h\u00e1tter\u00e9t k\u00f6sz\u00f6nheti.<\/p>\n<p>Hobbija a git\u00e1roz\u00e1s, \u00e9s a labdar\u00fag\u00e1s, a Porga Kup\u00e1n is rendszeresen szerepelt.<\/p>\n<p><img fetchpriority=\"high\" decoding=\"async\" class=\"alignnone size-full wp-image-12113\" src=\"https:\/\/dorogimedence.hu\/wp-content\/uploads\/2018\/09\/ungar-02.jpg\" alt=\"\" width=\"670\" height=\"365\" srcset=\"https:\/\/dorogimedence.hu\/wp-content\/uploads\/2018\/09\/ungar-02.jpg 670w, https:\/\/dorogimedence.hu\/wp-content\/uploads\/2018\/09\/ungar-02-300x163.jpg 300w\" sizes=\"(max-width: 670px) 100vw, 670px\" \/><\/p>\n<p>1984 szeptember\u00e9ben avatt\u00e1k \u00e1ltal\u00e1nos orvoss\u00e1. Okt\u00f3ber elsej\u00e9n l\u00e9pte \u00e1t az esztergomi k\u00f3rh\u00e1z \u201ek\u00fcsz\u00f6b\u00e9t\u201d, \u00e9s M\u00e1tyus Lajos F\u0151orvos \u00dar hathat\u00f3s t\u00e1mogat\u00e1s\u00e1val a Seb\u00e9szeti Oszt\u00e1lyon kapott \u00e1ll\u00e1st. 1989. m\u00e1rcius\u00e1ban \u00e1ltal\u00e1nos seb\u00e9szeti szakvizsg\u00e1t tett, majd egy \u00e9v m\u00falva a V\u00e1rosmajori \u00c9r \u00e9s Sz\u00edvseb\u00e9szeti Klinik\u00e1ra ker\u00fclt, hogy \u00e9rseb\u00e9szeti szakvizsg\u00e1t tegyen. K\u00e9t \u00e9vet dolgozott \u00e9s tanult Budapesten, majd a szakvizsg\u00e1t k\u00f6vet\u0151en 1992-ben a Leuveni Egyetem \u00c9rseb\u00e9szeti Tansz\u00e9k\u00e9n t\u00f6lthetett el h\u00e1rom h\u00f3napot. R\u00f6videbb tanulm\u00e1nyutat tett Magyarorsz\u00e1gon; a miskolci \u00e9s az ajkai \u00e9rseb\u00e9szeten dolgozott r\u00f6vid ideig, ahol speci\u00e1lis tev\u00e9kenys\u00e9g folyt, vagy olyan m\u0171szerrel dolgoztak, amivel addig nem tal\u00e1lkozott. E r\u00f6vid kit\u00e9r\u0151kt\u0151l eltekintve az Esztergom \u00e9s k\u00f6rny\u00e9ke betegell\u00e1t\u00e1sa volt a feladata, k\u00fcl\u00f6n\u00f6s tekintettel az \u00e9rbetegs\u00e9gekre.<\/p>\n<p>A besz\u00e9lget\u00e9s sor\u00e1n emberk\u00f6zeliv\u00e9 tette a seb\u00e9szetet, besz\u00e9lt a k\u00f3rh\u00e1zi felszerelts\u00e9g hi\u00e1nyoss\u00e1gair\u00f3l, azokr\u00f3l az \u00e9lethelyzetekr\u0151l, amikben fel kellett, hogy tal\u00e1lja mag\u00e1t. A m\u0171t\u00e9tekhez sz\u00fcks\u00e9ges kalapgumit \u00e9s a horgol\u00f3t\u0171t p\u00e9ld\u00e1ul a helyi r\u00f6vid\u00e1ruboltban maga szerezte be.<\/p>\n<p>K\u00f6zel harminc \u00e9v seb\u00e9szi tev\u00e9kenys\u00e9ge ut\u00e1n fell\u00e9p\u0151 betegs\u00e9ge tov\u00e1bbi seb\u00e9szeti t\u00e9nyked\u00e9st nem tett lehet\u0151v\u00e9, ez\u00e9rt a Megyei Korm\u00e1nyhivatal Rehabilit\u00e1ci\u00f3s Ell\u00e1t\u00e1si \u00e9s Szak\u00e9rt\u0151i Oszt\u00e1ly\u00e1ra k\u00e9rte \u00e1thelyez\u00e9s\u00e9t.<\/p>\n<p>30 \u00e9v alatt \u00e9vi 300 nagym\u0171t\u00e9tet v\u00e9gzett el, \u00f6sszesen a kism\u0171t\u00e9tekkel egy\u00fctt t\u00edzezer k\u00f6r\u00fcli sz\u00e1mot kapunk. P\u00e1lyafut\u00e1sa alatt olyan betege nem volt, aki ne \u00e9p\u00fclt volna fel a m\u0171t\u00e9tj\u00e9b\u0151l. Sokszor orvoskoll\u00e9g\u00e1i is megk\u00e9rt\u00e9k, hogy \u0151 m\u0171tse meg \u0151ket. Rendk\u00edv\u00fcl j\u00f3 humor\u00fa, kedves \u00e9s nagyszer\u0171 embert ismerhett\u00fcnk meg szem\u00e9ly\u00e9ben. A besz\u00e9lget\u00e9st \u00fajran\u00e9zhetik a k\u00f6nyvt\u00e1r honlapj\u00e1n kereszt\u00fcl a M\u00e9diat\u00e1r f\u00fclre kattintva.<\/p>\n<p><em><strong>H\u00e1mosn\u00e9 Sz\u0151ke Anna<\/strong><\/em><\/p>\n<p><em>Fot\u00f3k: Steindl N\u00f3ra<\/em><\/p>\n","protected":false},"excerpt":{"rendered":"<p>Az Esztergomi Helischer J\u00f3zsef V\u00e1rosi K\u00f6nyvt\u00e1r K\u00f6zt\u00fcnk \u00e9lnek sorozata \u0151szi \u00e9vad\u00e1nak els\u0151 megh\u00edvott vend\u00e9ge a n\u00e9pszer\u0171 Ung\u00e1r D\u00e9nes volt. Sink\u00f3 Gyula besz\u00e9lgetett vele a d\u00e9lut\u00e1n folyam\u00e1n. A doktor \u00far sz\u00e1mos koll\u00e9g\u00e1ja \u00e9s betege elj\u00f6tt a besz\u00e9lget\u00e9sre, k\u00f6nyvt\u00e1runk telth\u00e1zas volt, sokaknak \u00fcl\u0151hely sem jutott. 1960. augusztus 27-\u00e9n sz\u00fcletett Balassagyarmaton. 14 \u00e9ves kor\u00e1ig Kemenc\u00e9n, egy gy\u00f6ny\u00f6r\u0171 fekv\u00e9s\u0171<\/p>\n","protected":false},"author":1,"featured_media":12112,"comment_status":"closed","ping_status":"closed","sticky":false,"template":"","format":"standard","meta":{"ngg_post_thumbnail":0,"footnotes":""},"categories":[38,3],"tags":[173,42,1609,1606,101,2980],"class_list":{"0":"post-12111","1":"post","2":"type-post","3":"status-publish","4":"format-standard","5":"has-post-thumbnail","7":"category-esztergom","8":"category-hirek","9":"tag-eloadas","10":"tag-esztergom","11":"tag-esztergomi-konyvtar","12":"tag-koztunk-elnek","13":"tag-program","14":"tag-ungar-denes"},"yoast_head":"<!-- This site is optimized with the Yoast SEO plugin v27.4 - https:\/\/yoast.com\/product\/yoast-seo-wordpress\/ -->\n<title>Ung\u00e1r D\u00e9nes \u00e9rseb\u00e9sz volt az esztergomi k\u00f6nyvt\u00e1r vend\u00e9ge<\/title>\n<meta name=\"robots\" content=\"index, follow, max-snippet:-1, max-image-preview:large, max-video-preview:-1\" \/>\n<link rel=\"canonical\" href=\"https:\/\/dorogimedence.hu\/index.php\/2018\/09\/05\/ungar-denes-ersebesz-volt-az-esztergomi-konyvtar-vendege\/\" class=\"yoast-seo-meta-tag\" \/>\n<meta property=\"og:locale\" content=\"hu_HU\" class=\"yoast-seo-meta-tag\" \/>\n<meta property=\"og:type\" content=\"article\" class=\"yoast-seo-meta-tag\" \/>\n<meta property=\"og:title\" content=\"Ung\u00e1r D\u00e9nes \u00e9rseb\u00e9sz volt az esztergomi k\u00f6nyvt\u00e1r vend\u00e9ge\" class=\"yoast-seo-meta-tag\" \/>\n<meta property=\"og:description\" content=\"Az Esztergomi Helischer J\u00f3zsef V\u00e1rosi K\u00f6nyvt\u00e1r K\u00f6zt\u00fcnk \u00e9lnek sorozata \u0151szi \u00e9vad\u00e1nak els\u0151 megh\u00edvott vend\u00e9ge a n\u00e9pszer\u0171 Ung\u00e1r D\u00e9nes volt. Sink\u00f3 Gyula besz\u00e9lgetett vele a d\u00e9lut\u00e1n folyam\u00e1n. A doktor \u00far sz\u00e1mos koll\u00e9g\u00e1ja \u00e9s betege elj\u00f6tt a besz\u00e9lget\u00e9sre, k\u00f6nyvt\u00e1runk telth\u00e1zas volt, sokaknak \u00fcl\u0151hely sem jutott. 1960. augusztus 27-\u00e9n sz\u00fcletett Balassagyarmaton. 14 \u00e9ves kor\u00e1ig Kemenc\u00e9n, egy gy\u00f6ny\u00f6r\u0171 fekv\u00e9s\u0171\" class=\"yoast-seo-meta-tag\" \/>\n<meta property=\"og:url\" content=\"https:\/\/dorogimedence.hu\/index.php\/2018\/09\/05\/ungar-denes-ersebesz-volt-az-esztergomi-konyvtar-vendege\/\" class=\"yoast-seo-meta-tag\" \/>\n<meta property=\"og:site_name\" content=\"Dorogi-medence Region\u00e1lis H\u00edrport\u00e1l\" class=\"yoast-seo-meta-tag\" \/>\n<meta property=\"article:publisher\" content=\"https:\/\/www.facebook.com\/dorogimedence\/\" class=\"yoast-seo-meta-tag\" \/>\n<meta property=\"article:published_time\" content=\"2018-09-05T04:34:27+00:00\" class=\"yoast-seo-meta-tag\" \/>\n<meta property=\"og:image\" content=\"https:\/\/i0.wp.com\/dorogimedence.hu\/wp-content\/uploads\/2018\/09\/ungar-01.jpg?fit=670%2C365&ssl=1\" class=\"yoast-seo-meta-tag\" \/>\n\t<meta property=\"og:image:width\" content=\"670\" class=\"yoast-seo-meta-tag\" \/>\n\t<meta property=\"og:image:height\" content=\"365\" class=\"yoast-seo-meta-tag\" \/>\n\t<meta property=\"og:image:type\" content=\"image\/jpeg\" class=\"yoast-seo-meta-tag\" \/>\n<meta name=\"author\" content=\"dorogimedence.hu\" class=\"yoast-seo-meta-tag\" \/>\n<meta name=\"twitter:card\" content=\"summary_large_image\" class=\"yoast-seo-meta-tag\" \/>\n<meta name=\"twitter:label1\" content=\"Szerz\u0151:\" class=\"yoast-seo-meta-tag\" \/>\n\t<meta name=\"twitter:data1\" content=\"dorogimedence.hu\" class=\"yoast-seo-meta-tag\" \/>\n\t<meta name=\"twitter:label2\" content=\"Becs\u00fclt olvas\u00e1si id\u0151\" class=\"yoast-seo-meta-tag\" \/>\n\t<meta name=\"twitter:data2\" content=\"4 perc\" class=\"yoast-seo-meta-tag\" \/>\n<script type=\"application\/ld+json\" class=\"yoast-schema-graph\">{\"@context\":\"https:\\\/\\\/schema.org\",\"@graph\":[{\"@type\":\"Article\",\"@id\":\"https:\\\/\\\/dorogimedence.hu\\\/index.php\\\/2018\\\/09\\\/05\\\/ungar-denes-ersebesz-volt-az-esztergomi-konyvtar-vendege\\\/#article\",\"isPartOf\":{\"@id\":\"https:\\\/\\\/dorogimedence.hu\\\/index.php\\\/2018\\\/09\\\/05\\\/ungar-denes-ersebesz-volt-az-esztergomi-konyvtar-vendege\\\/\"},\"author\":{\"name\":\"dorogimedence.hu\",\"@id\":\"https:\\\/\\\/dorogimedence.hu\\\/#\\\/schema\\\/person\\\/ce6091eeb7e95ecdc87890d6aa8e0fd4\"},\"headline\":\"Ung\u00e1r D\u00e9nes \u00e9rseb\u00e9sz volt az esztergomi k\u00f6nyvt\u00e1r vend\u00e9ge\",\"datePublished\":\"2018-09-05T04:34:27+00:00\",\"mainEntityOfPage\":{\"@id\":\"https:\\\/\\\/dorogimedence.hu\\\/index.php\\\/2018\\\/09\\\/05\\\/ungar-denes-ersebesz-volt-az-esztergomi-konyvtar-vendege\\\/\"},\"wordCount\":767,\"publisher\":{\"@id\":\"https:\\\/\\\/dorogimedence.hu\\\/#organization\"},\"image\":{\"@id\":\"https:\\\/\\\/dorogimedence.hu\\\/index.php\\\/2018\\\/09\\\/05\\\/ungar-denes-ersebesz-volt-az-esztergomi-konyvtar-vendege\\\/#primaryimage\"},\"thumbnailUrl\":\"https:\\\/\\\/dorogimedence.hu\\\/wp-content\\\/uploads\\\/2018\\\/09\\\/ungar-01.jpg\",\"keywords\":[\"el\u0151ad\u00e1s\",\"esztergom\",\"esztergomi k\u00f6nyvt\u00e1r\",\"K\u00f6zt\u00fcnk \u00e9lnek\",\"program\",\"Ung\u00e1r D\u00e9nes\"],\"articleSection\":[\"Esztergom\",\"H\u00edrek\"],\"inLanguage\":\"hu\"},{\"@type\":\"WebPage\",\"@id\":\"https:\\\/\\\/dorogimedence.hu\\\/index.php\\\/2018\\\/09\\\/05\\\/ungar-denes-ersebesz-volt-az-esztergomi-konyvtar-vendege\\\/\",\"url\":\"https:\\\/\\\/dorogimedence.hu\\\/index.php\\\/2018\\\/09\\\/05\\\/ungar-denes-ersebesz-volt-az-esztergomi-konyvtar-vendege\\\/\",\"name\":\"Ung\u00e1r D\u00e9nes \u00e9rseb\u00e9sz volt az esztergomi k\u00f6nyvt\u00e1r vend\u00e9ge\",\"isPartOf\":{\"@id\":\"https:\\\/\\\/dorogimedence.hu\\\/#website\"},\"primaryImageOfPage\":{\"@id\":\"https:\\\/\\\/dorogimedence.hu\\\/index.php\\\/2018\\\/09\\\/05\\\/ungar-denes-ersebesz-volt-az-esztergomi-konyvtar-vendege\\\/#primaryimage\"},\"image\":{\"@id\":\"https:\\\/\\\/dorogimedence.hu\\\/index.php\\\/2018\\\/09\\\/05\\\/ungar-denes-ersebesz-volt-az-esztergomi-konyvtar-vendege\\\/#primaryimage\"},\"thumbnailUrl\":\"https:\\\/\\\/dorogimedence.hu\\\/wp-content\\\/uploads\\\/2018\\\/09\\\/ungar-01.jpg\",\"datePublished\":\"2018-09-05T04:34:27+00:00\",\"breadcrumb\":{\"@id\":\"https:\\\/\\\/dorogimedence.hu\\\/index.php\\\/2018\\\/09\\\/05\\\/ungar-denes-ersebesz-volt-az-esztergomi-konyvtar-vendege\\\/#breadcrumb\"},\"inLanguage\":\"hu\",\"potentialAction\":[{\"@type\":\"ReadAction\",\"target\":[\"https:\\\/\\\/dorogimedence.hu\\\/index.php\\\/2018\\\/09\\\/05\\\/ungar-denes-ersebesz-volt-az-esztergomi-konyvtar-vendege\\\/\"]}]},{\"@type\":\"ImageObject\",\"inLanguage\":\"hu\",\"@id\":\"https:\\\/\\\/dorogimedence.hu\\\/index.php\\\/2018\\\/09\\\/05\\\/ungar-denes-ersebesz-volt-az-esztergomi-konyvtar-vendege\\\/#primaryimage\",\"url\":\"https:\\\/\\\/dorogimedence.hu\\\/wp-content\\\/uploads\\\/2018\\\/09\\\/ungar-01.jpg\",\"contentUrl\":\"https:\\\/\\\/dorogimedence.hu\\\/wp-content\\\/uploads\\\/2018\\\/09\\\/ungar-01.jpg\",\"width\":670,\"height\":365},{\"@type\":\"BreadcrumbList\",\"@id\":\"https:\\\/\\\/dorogimedence.hu\\\/index.php\\\/2018\\\/09\\\/05\\\/ungar-denes-ersebesz-volt-az-esztergomi-konyvtar-vendege\\\/#breadcrumb\",\"itemListElement\":[{\"@type\":\"ListItem\",\"position\":1,\"name\":\"Kezd\u0151lap\",\"item\":\"https:\\\/\\\/dorogimedence.hu\\\/\"},{\"@type\":\"ListItem\",\"position\":2,\"name\":\"Ung\u00e1r D\u00e9nes \u00e9rseb\u00e9sz volt az esztergomi k\u00f6nyvt\u00e1r vend\u00e9ge\"}]},{\"@type\":\"WebSite\",\"@id\":\"https:\\\/\\\/dorogimedence.hu\\\/#website\",\"url\":\"https:\\\/\\\/dorogimedence.hu\\\/\",\"name\":\"Dorogi-medence Region\u00e1lis H\u00edrport\u00e1l\",\"description\":\"Dorog, Keszt\u00f6lc, Le\u00e1nyv\u00e1r, Piliscs\u00e9v, Tokod, Tokodalt\u00e1r\u00f3, Csolnok, Esztergom-kertv\u00e1ros: h\u00edrek, programok\",\"publisher\":{\"@id\":\"https:\\\/\\\/dorogimedence.hu\\\/#organization\"},\"potentialAction\":[{\"@type\":\"SearchAction\",\"target\":{\"@type\":\"EntryPoint\",\"urlTemplate\":\"https:\\\/\\\/dorogimedence.hu\\\/?s={search_term_string}\"},\"query-input\":{\"@type\":\"PropertyValueSpecification\",\"valueRequired\":true,\"valueName\":\"search_term_string\"}}],\"inLanguage\":\"hu\"},{\"@type\":\"Organization\",\"@id\":\"https:\\\/\\\/dorogimedence.hu\\\/#organization\",\"name\":\"Dorogi-medence Region\u00e1lis H\u00edrport\u00e1l\",\"url\":\"https:\\\/\\\/dorogimedence.hu\\\/\",\"logo\":{\"@type\":\"ImageObject\",\"inLanguage\":\"hu\",\"@id\":\"https:\\\/\\\/dorogimedence.hu\\\/#\\\/schema\\\/logo\\\/image\\\/\",\"url\":\"https:\\\/\\\/dorogimedence.hu\\\/wp-content\\\/uploads\\\/2021\\\/04\\\/logo-feher-600.png\",\"contentUrl\":\"https:\\\/\\\/dorogimedence.hu\\\/wp-content\\\/uploads\\\/2021\\\/04\\\/logo-feher-600.png\",\"width\":600,\"height\":100,\"caption\":\"Dorogi-medence Region\u00e1lis H\u00edrport\u00e1l\"},\"image\":{\"@id\":\"https:\\\/\\\/dorogimedence.hu\\\/#\\\/schema\\\/logo\\\/image\\\/\"},\"sameAs\":[\"https:\\\/\\\/www.facebook.com\\\/dorogimedence\\\/\"]},{\"@type\":\"Person\",\"@id\":\"https:\\\/\\\/dorogimedence.hu\\\/#\\\/schema\\\/person\\\/ce6091eeb7e95ecdc87890d6aa8e0fd4\",\"name\":\"dorogimedence.hu\",\"image\":{\"@type\":\"ImageObject\",\"inLanguage\":\"hu\",\"@id\":\"\\\/\\\/www.gravatar.com\\\/avatar\\\/d8d45f8901aadff40a4af72c0b826f1d?s=96&#038;r=g&#038;d=mm\",\"url\":\"\\\/\\\/www.gravatar.com\\\/avatar\\\/d8d45f8901aadff40a4af72c0b826f1d?s=96&#038;r=g&#038;d=mm\",\"contentUrl\":\"\\\/\\\/www.gravatar.com\\\/avatar\\\/d8d45f8901aadff40a4af72c0b826f1d?s=96&#038;r=g&#038;d=mm\",\"caption\":\"dorogimedence.hu\"}}]}<\/script>\n<!-- \/ Yoast SEO plugin. -->","yoast_head_json":{"title":"Ung\u00e1r D\u00e9nes \u00e9rseb\u00e9sz volt az esztergomi k\u00f6nyvt\u00e1r vend\u00e9ge","robots":{"index":"index","follow":"follow","max-snippet":"max-snippet:-1","max-image-preview":"max-image-preview:large","max-video-preview":"max-video-preview:-1"},"canonical":"https:\/\/dorogimedence.hu\/index.php\/2018\/09\/05\/ungar-denes-ersebesz-volt-az-esztergomi-konyvtar-vendege\/","og_locale":"hu_HU","og_type":"article","og_title":"Ung\u00e1r D\u00e9nes \u00e9rseb\u00e9sz volt az esztergomi k\u00f6nyvt\u00e1r vend\u00e9ge","og_description":"Az Esztergomi Helischer J\u00f3zsef V\u00e1rosi K\u00f6nyvt\u00e1r K\u00f6zt\u00fcnk \u00e9lnek sorozata \u0151szi \u00e9vad\u00e1nak els\u0151 megh\u00edvott vend\u00e9ge a n\u00e9pszer\u0171 Ung\u00e1r D\u00e9nes volt. Sink\u00f3 Gyula besz\u00e9lgetett vele a d\u00e9lut\u00e1n folyam\u00e1n. A doktor \u00far sz\u00e1mos koll\u00e9g\u00e1ja \u00e9s betege elj\u00f6tt a besz\u00e9lget\u00e9sre, k\u00f6nyvt\u00e1runk telth\u00e1zas volt, sokaknak \u00fcl\u0151hely sem jutott. 1960. augusztus 27-\u00e9n sz\u00fcletett Balassagyarmaton. 14 \u00e9ves kor\u00e1ig Kemenc\u00e9n, egy gy\u00f6ny\u00f6r\u0171 fekv\u00e9s\u0171","og_url":"https:\/\/dorogimedence.hu\/index.php\/2018\/09\/05\/ungar-denes-ersebesz-volt-az-esztergomi-konyvtar-vendege\/","og_site_name":"Dorogi-medence Region\u00e1lis H\u00edrport\u00e1l","article_publisher":"https:\/\/www.facebook.com\/dorogimedence\/","article_published_time":"2018-09-05T04:34:27+00:00","og_image":[{"width":670,"height":365,"url":"https:\/\/i0.wp.com\/dorogimedence.hu\/wp-content\/uploads\/2018\/09\/ungar-01.jpg?fit=670%2C365&ssl=1","type":"image\/jpeg"}],"author":"dorogimedence.hu","twitter_card":"summary_large_image","twitter_misc":{"Szerz\u0151:":"dorogimedence.hu","Becs\u00fclt olvas\u00e1si id\u0151":"4 perc"},"schema":{"@context":"https:\/\/schema.org","@graph":[{"@type":"Article","@id":"https:\/\/dorogimedence.hu\/index.php\/2018\/09\/05\/ungar-denes-ersebesz-volt-az-esztergomi-konyvtar-vendege\/#article","isPartOf":{"@id":"https:\/\/dorogimedence.hu\/index.php\/2018\/09\/05\/ungar-denes-ersebesz-volt-az-esztergomi-konyvtar-vendege\/"},"author":{"name":"dorogimedence.hu","@id":"https:\/\/dorogimedence.hu\/#\/schema\/person\/ce6091eeb7e95ecdc87890d6aa8e0fd4"},"headline":"Ung\u00e1r D\u00e9nes \u00e9rseb\u00e9sz volt az esztergomi k\u00f6nyvt\u00e1r vend\u00e9ge","datePublished":"2018-09-05T04:34:27+00:00","mainEntityOfPage":{"@id":"https:\/\/dorogimedence.hu\/index.php\/2018\/09\/05\/ungar-denes-ersebesz-volt-az-esztergomi-konyvtar-vendege\/"},"wordCount":767,"publisher":{"@id":"https:\/\/dorogimedence.hu\/#organization"},"image":{"@id":"https:\/\/dorogimedence.hu\/index.php\/2018\/09\/05\/ungar-denes-ersebesz-volt-az-esztergomi-konyvtar-vendege\/#primaryimage"},"thumbnailUrl":"https:\/\/dorogimedence.hu\/wp-content\/uploads\/2018\/09\/ungar-01.jpg","keywords":["el\u0151ad\u00e1s","esztergom","esztergomi k\u00f6nyvt\u00e1r","K\u00f6zt\u00fcnk \u00e9lnek","program","Ung\u00e1r D\u00e9nes"],"articleSection":["Esztergom","H\u00edrek"],"inLanguage":"hu"},{"@type":"WebPage","@id":"https:\/\/dorogimedence.hu\/index.php\/2018\/09\/05\/ungar-denes-ersebesz-volt-az-esztergomi-konyvtar-vendege\/","url":"https:\/\/dorogimedence.hu\/index.php\/2018\/09\/05\/ungar-denes-ersebesz-volt-az-esztergomi-konyvtar-vendege\/","name":"Ung\u00e1r D\u00e9nes \u00e9rseb\u00e9sz volt az esztergomi k\u00f6nyvt\u00e1r vend\u00e9ge","isPartOf":{"@id":"https:\/\/dorogimedence.hu\/#website"},"primaryImageOfPage":{"@id":"https:\/\/dorogimedence.hu\/index.php\/2018\/09\/05\/ungar-denes-ersebesz-volt-az-esztergomi-konyvtar-vendege\/#primaryimage"},"image":{"@id":"https:\/\/dorogimedence.hu\/index.php\/2018\/09\/05\/ungar-denes-ersebesz-volt-az-esztergomi-konyvtar-vendege\/#primaryimage"},"thumbnailUrl":"https:\/\/dorogimedence.hu\/wp-content\/uploads\/2018\/09\/ungar-01.jpg","datePublished":"2018-09-05T04:34:27+00:00","breadcrumb":{"@id":"https:\/\/dorogimedence.hu\/index.php\/2018\/09\/05\/ungar-denes-ersebesz-volt-az-esztergomi-konyvtar-vendege\/#breadcrumb"},"inLanguage":"hu","potentialAction":[{"@type":"ReadAction","target":["https:\/\/dorogimedence.hu\/index.php\/2018\/09\/05\/ungar-denes-ersebesz-volt-az-esztergomi-konyvtar-vendege\/"]}]},{"@type":"ImageObject","inLanguage":"hu","@id":"https:\/\/dorogimedence.hu\/index.php\/2018\/09\/05\/ungar-denes-ersebesz-volt-az-esztergomi-konyvtar-vendege\/#primaryimage","url":"https:\/\/dorogimedence.hu\/wp-content\/uploads\/2018\/09\/ungar-01.jpg","contentUrl":"https:\/\/dorogimedence.hu\/wp-content\/uploads\/2018\/09\/ungar-01.jpg","width":670,"height":365},{"@type":"BreadcrumbList","@id":"https:\/\/dorogimedence.hu\/index.php\/2018\/09\/05\/ungar-denes-ersebesz-volt-az-esztergomi-konyvtar-vendege\/#breadcrumb","itemListElement":[{"@type":"ListItem","position":1,"name":"Kezd\u0151lap","item":"https:\/\/dorogimedence.hu\/"},{"@type":"ListItem","position":2,"name":"Ung\u00e1r D\u00e9nes \u00e9rseb\u00e9sz volt az esztergomi k\u00f6nyvt\u00e1r vend\u00e9ge"}]},{"@type":"WebSite","@id":"https:\/\/dorogimedence.hu\/#website","url":"https:\/\/dorogimedence.hu\/","name":"Dorogi-medence Region\u00e1lis H\u00edrport\u00e1l","description":"Dorog, Keszt\u00f6lc, Le\u00e1nyv\u00e1r, Piliscs\u00e9v, Tokod, Tokodalt\u00e1r\u00f3, Csolnok, Esztergom-kertv\u00e1ros: h\u00edrek, programok","publisher":{"@id":"https:\/\/dorogimedence.hu\/#organization"},"potentialAction":[{"@type":"SearchAction","target":{"@type":"EntryPoint","urlTemplate":"https:\/\/dorogimedence.hu\/?s={search_term_string}"},"query-input":{"@type":"PropertyValueSpecification","valueRequired":true,"valueName":"search_term_string"}}],"inLanguage":"hu"},{"@type":"Organization","@id":"https:\/\/dorogimedence.hu\/#organization","name":"Dorogi-medence Region\u00e1lis H\u00edrport\u00e1l","url":"https:\/\/dorogimedence.hu\/","logo":{"@type":"ImageObject","inLanguage":"hu","@id":"https:\/\/dorogimedence.hu\/#\/schema\/logo\/image\/","url":"https:\/\/dorogimedence.hu\/wp-content\/uploads\/2021\/04\/logo-feher-600.png","contentUrl":"https:\/\/dorogimedence.hu\/wp-content\/uploads\/2021\/04\/logo-feher-600.png","width":600,"height":100,"caption":"Dorogi-medence Region\u00e1lis H\u00edrport\u00e1l"},"image":{"@id":"https:\/\/dorogimedence.hu\/#\/schema\/logo\/image\/"},"sameAs":["https:\/\/www.facebook.com\/dorogimedence\/"]},{"@type":"Person","@id":"https:\/\/dorogimedence.hu\/#\/schema\/person\/ce6091eeb7e95ecdc87890d6aa8e0fd4","name":"dorogimedence.hu","image":{"@type":"ImageObject","inLanguage":"hu","@id":"\/\/www.gravatar.com\/avatar\/d8d45f8901aadff40a4af72c0b826f1d?s=96&#038;r=g&#038;d=mm","url":"\/\/www.gravatar.com\/avatar\/d8d45f8901aadff40a4af72c0b826f1d?s=96&#038;r=g&#038;d=mm","contentUrl":"\/\/www.gravatar.com\/avatar\/d8d45f8901aadff40a4af72c0b826f1d?s=96&#038;r=g&#038;d=mm","caption":"dorogimedence.hu"}}]}},"_links":{"self":[{"href":"https:\/\/dorogimedence.hu\/index.php\/wp-json\/wp\/v2\/posts\/12111","targetHints":{"allow":["GET"]}}],"collection":[{"href":"https:\/\/dorogimedence.hu\/index.php\/wp-json\/wp\/v2\/posts"}],"about":[{"href":"https:\/\/dorogimedence.hu\/index.php\/wp-json\/wp\/v2\/types\/post"}],"author":[{"embeddable":true,"href":"https:\/\/dorogimedence.hu\/index.php\/wp-json\/wp\/v2\/users\/1"}],"replies":[{"embeddable":true,"href":"https:\/\/dorogimedence.hu\/index.php\/wp-json\/wp\/v2\/comments?post=12111"}],"version-history":[{"count":0,"href":"https:\/\/dorogimedence.hu\/index.php\/wp-json\/wp\/v2\/posts\/12111\/revisions"}],"wp:featuredmedia":[{"embeddable":true,"href":"https:\/\/dorogimedence.hu\/index.php\/wp-json\/wp\/v2\/media\/12112"}],"wp:attachment":[{"href":"https:\/\/dorogimedence.hu\/index.php\/wp-json\/wp\/v2\/media?parent=12111"}],"wp:term":[{"taxonomy":"category","embeddable":true,"href":"https:\/\/dorogimedence.hu\/index.php\/wp-json\/wp\/v2\/categories?post=12111"},{"taxonomy":"post_tag","embeddable":true,"href":"https:\/\/dorogimedence.hu\/index.php\/wp-json\/wp\/v2\/tags?post=12111"}],"curies":[{"name":"wp","href":"https:\/\/api.w.org\/{rel}","templated":true}]}}