{"id":11920,"date":"2018-08-22T15:28:17","date_gmt":"2018-08-22T13:28:17","guid":{"rendered":"http:\/\/dorogimedence.hu\/?p=11920"},"modified":"2018-08-22T15:28:17","modified_gmt":"2018-08-22T13:28:17","slug":"elhunyt-geiszler-jozsef","status":"publish","type":"post","link":"https:\/\/dorogimedence.hu\/index.php\/2018\/08\/22\/elhunyt-geiszler-jozsef\/","title":{"rendered":"Elhunyt Geiszler J\u00f3zsef"},"content":{"rendered":"<p><strong>2018. augusztus 17-\u00e9n, s\u00falyos betegs\u00e9g k\u00f6vetkezt\u00e9ben elhunyt Geiszler J\u00f3zsef helyt\u00f6rt\u00e9neti kutat\u00f3, k\u00f6z\u00e9leti szem\u00e9lyis\u00e9g<\/strong> <em>&#8211; k\u00f6z\u00f6lte Dorog v\u00e1ros a <a href=\"http:\/\/dorog.hu\/index.php?oldal=65&amp;hir=2865\" target=\"_blank\" rel=\"noopener\"><span style=\"text-decoration: underline; color: #0000ff;\">honlapj\u00e1n<\/span><\/a>.<\/em><\/p>\n<p>Geiszler J\u00f3zsef 1950. febru\u00e1r 11-\u00e9n sz\u00fcletett. A Pet\u0151fi iskola elv\u00e9gz\u00e9se ut\u00e1n fest\u0151-m\u00e1zol\u00f3 szakmunk\u00e1s bizony\u00edtv\u00e1nyt szerzett (1968). A Sz\u00e9nb\u00e1ny\u00e1k V\u00e1llalat Szolg\u00e1ltat\u00f3 \u00dczem\u00e9n\u00e9l, majd a Dorogi M\u00e9szm\u0171n\u00e9l dolgozott nyugd\u00edjaz\u00e1s\u00e1ig. Gy\u0171jt\u00f6tte, kutatta a v\u00e1ros eml\u00e9keit, gy\u0171jt\u00e9seivel gyakori t\u00e1mogat\u00f3ja volt a Dorogi F\u00fczetek kiadv\u00e1nyainak \u00e9s sz\u00e1mos helyt\u00f6rt\u00e9neti t\u00e1rlatnak. 2003 janu\u00e1rj\u00e1ban \u00e9s 2015 nyar\u00e1n \u00f6n\u00e1ll\u00f3 ki\u00e1ll\u00edt\u00e1s keret\u00e9ben mutatta be n\u00e9prajzi anyag\u00e1nak leg\u00e9rt\u00e9kesebb darabjait a Dorogi Gal\u00e9ri\u00e1ban. A k\u00f6z\u00f6ns\u00e9g l\u00e1thatta a posta \u00faj \u00e9p\u00fclet\u00e9nek megnyit\u00f3j\u00e1n is speci\u00e1lis gy\u0171jtem\u00e9ny\u00e9t. T\u00f6bb alkalommal sikeresen kapcsol\u00f3dott be a kutat\u00f3 gyerekek mentor\u00e1l\u00e1s\u00e1ba is.<\/p>\n<p>Akt\u00edv tagja volt a Dorogi N\u00e9met Nemzetis\u00e9gi \u00c9nekkarnak, az OMBKE helyi csoportj\u00e1nak, a Wendlingen-Dorog Bar\u00e1ti Egyes\u00fcletnek \u00e9s Dorog V\u00e1ros Bar\u00e1tai Egyes\u00fclet\u00e9nek.<\/p>\n<p>2015-ben vehette \u00e1t a Dorogiak Dorog\u00e9rt kit\u00fcntet\u00e9st, amellyel t\u00f6bbek k\u00f6z\u00f6tt p\u00f3tolhatatlan helyt\u00f6rt\u00e9neti gy\u0171jt\u0151munk\u00e1j\u00e1t ismert\u00e9k el.<\/p>\n<p><em>Forr\u00e1s: dorog.hu<\/em><\/p>\n","protected":false},"excerpt":{"rendered":"<p>2018. augusztus 17-\u00e9n, s\u00falyos betegs\u00e9g k\u00f6vetkezt\u00e9ben elhunyt Geiszler J\u00f3zsef helyt\u00f6rt\u00e9neti kutat\u00f3, k\u00f6z\u00e9leti szem\u00e9lyis\u00e9g &#8211; k\u00f6z\u00f6lte Dorog v\u00e1ros a honlapj\u00e1n. Geiszler J\u00f3zsef 1950. febru\u00e1r 11-\u00e9n sz\u00fcletett. A Pet\u0151fi iskola elv\u00e9gz\u00e9se ut\u00e1n fest\u0151-m\u00e1zol\u00f3 szakmunk\u00e1s bizony\u00edtv\u00e1nyt szerzett (1968). A Sz\u00e9nb\u00e1ny\u00e1k V\u00e1llalat Szolg\u00e1ltat\u00f3 \u00dczem\u00e9n\u00e9l, majd a Dorogi M\u00e9szm\u0171n\u00e9l dolgozott nyugd\u00edjaz\u00e1s\u00e1ig. Gy\u0171jt\u00f6tte, kutatta a v\u00e1ros eml\u00e9keit, gy\u0171jt\u00e9seivel gyakori t\u00e1mogat\u00f3ja volt<\/p>\n","protected":false},"author":1,"featured_media":11921,"comment_status":"closed","ping_status":"closed","sticky":false,"template":"","format":"standard","meta":{"ngg_post_thumbnail":0,"footnotes":""},"categories":[2,3],"tags":[2170,2937,2938],"class_list":{"0":"post-11920","1":"post","2":"type-post","3":"status-publish","4":"format-standard","5":"has-post-thumbnail","7":"category-dorog","8":"category-hirek","9":"tag-elhunyt","10":"tag-geiszler-jozsef","11":"tag-halalhir"},"yoast_head":"<!-- This site is optimized with the Yoast SEO plugin v27.4 - https:\/\/yoast.com\/product\/yoast-seo-wordpress\/ -->\n<title>Elhunyt Geiszler J\u00f3zsef<\/title>\n<meta name=\"robots\" content=\"index, follow, max-snippet:-1, max-image-preview:large, max-video-preview:-1\" \/>\n<link rel=\"canonical\" href=\"https:\/\/dorogimedence.hu\/index.php\/2018\/08\/22\/elhunyt-geiszler-jozsef\/\" class=\"yoast-seo-meta-tag\" \/>\n<meta property=\"og:locale\" content=\"hu_HU\" class=\"yoast-seo-meta-tag\" \/>\n<meta property=\"og:type\" content=\"article\" class=\"yoast-seo-meta-tag\" \/>\n<meta property=\"og:title\" content=\"Elhunyt Geiszler J\u00f3zsef\" class=\"yoast-seo-meta-tag\" \/>\n<meta property=\"og:description\" content=\"2018. augusztus 17-\u00e9n, s\u00falyos betegs\u00e9g k\u00f6vetkezt\u00e9ben elhunyt Geiszler J\u00f3zsef helyt\u00f6rt\u00e9neti kutat\u00f3, k\u00f6z\u00e9leti szem\u00e9lyis\u00e9g &#8211; k\u00f6z\u00f6lte Dorog v\u00e1ros a honlapj\u00e1n. Geiszler J\u00f3zsef 1950. febru\u00e1r 11-\u00e9n sz\u00fcletett. A Pet\u0151fi iskola elv\u00e9gz\u00e9se ut\u00e1n fest\u0151-m\u00e1zol\u00f3 szakmunk\u00e1s bizony\u00edtv\u00e1nyt szerzett (1968). A Sz\u00e9nb\u00e1ny\u00e1k V\u00e1llalat Szolg\u00e1ltat\u00f3 \u00dczem\u00e9n\u00e9l, majd a Dorogi M\u00e9szm\u0171n\u00e9l dolgozott nyugd\u00edjaz\u00e1s\u00e1ig. Gy\u0171jt\u00f6tte, kutatta a v\u00e1ros eml\u00e9keit, gy\u0171jt\u00e9seivel gyakori t\u00e1mogat\u00f3ja volt\" class=\"yoast-seo-meta-tag\" \/>\n<meta property=\"og:url\" content=\"https:\/\/dorogimedence.hu\/index.php\/2018\/08\/22\/elhunyt-geiszler-jozsef\/\" class=\"yoast-seo-meta-tag\" \/>\n<meta property=\"og:site_name\" content=\"Dorogi-medence Region\u00e1lis H\u00edrport\u00e1l\" class=\"yoast-seo-meta-tag\" \/>\n<meta property=\"article:publisher\" content=\"https:\/\/www.facebook.com\/dorogimedence\/\" class=\"yoast-seo-meta-tag\" \/>\n<meta property=\"article:published_time\" content=\"2018-08-22T13:28:17+00:00\" class=\"yoast-seo-meta-tag\" \/>\n<meta property=\"og:image\" content=\"https:\/\/i0.wp.com\/dorogimedence.hu\/wp-content\/uploads\/2018\/08\/gyertya-01.jpg?fit=670%2C365&ssl=1\" class=\"yoast-seo-meta-tag\" \/>\n\t<meta property=\"og:image:width\" content=\"670\" class=\"yoast-seo-meta-tag\" \/>\n\t<meta property=\"og:image:height\" content=\"365\" class=\"yoast-seo-meta-tag\" \/>\n\t<meta property=\"og:image:type\" content=\"image\/jpeg\" class=\"yoast-seo-meta-tag\" \/>\n<meta name=\"author\" content=\"dorogimedence.hu\" class=\"yoast-seo-meta-tag\" \/>\n<meta name=\"twitter:card\" content=\"summary_large_image\" class=\"yoast-seo-meta-tag\" \/>\n<meta name=\"twitter:label1\" content=\"Szerz\u0151:\" class=\"yoast-seo-meta-tag\" \/>\n\t<meta name=\"twitter:data1\" content=\"dorogimedence.hu\" class=\"yoast-seo-meta-tag\" \/>\n\t<meta name=\"twitter:label2\" content=\"Becs\u00fclt olvas\u00e1si id\u0151\" class=\"yoast-seo-meta-tag\" \/>\n\t<meta name=\"twitter:data2\" content=\"1 perc\" class=\"yoast-seo-meta-tag\" \/>\n<script type=\"application\/ld+json\" class=\"yoast-schema-graph\">{\"@context\":\"https:\\\/\\\/schema.org\",\"@graph\":[{\"@type\":\"Article\",\"@id\":\"https:\\\/\\\/dorogimedence.hu\\\/index.php\\\/2018\\\/08\\\/22\\\/elhunyt-geiszler-jozsef\\\/#article\",\"isPartOf\":{\"@id\":\"https:\\\/\\\/dorogimedence.hu\\\/index.php\\\/2018\\\/08\\\/22\\\/elhunyt-geiszler-jozsef\\\/\"},\"author\":{\"name\":\"dorogimedence.hu\",\"@id\":\"https:\\\/\\\/dorogimedence.hu\\\/#\\\/schema\\\/person\\\/ce6091eeb7e95ecdc87890d6aa8e0fd4\"},\"headline\":\"Elhunyt Geiszler J\u00f3zsef\",\"datePublished\":\"2018-08-22T13:28:17+00:00\",\"mainEntityOfPage\":{\"@id\":\"https:\\\/\\\/dorogimedence.hu\\\/index.php\\\/2018\\\/08\\\/22\\\/elhunyt-geiszler-jozsef\\\/\"},\"wordCount\":251,\"publisher\":{\"@id\":\"https:\\\/\\\/dorogimedence.hu\\\/#organization\"},\"image\":{\"@id\":\"https:\\\/\\\/dorogimedence.hu\\\/index.php\\\/2018\\\/08\\\/22\\\/elhunyt-geiszler-jozsef\\\/#primaryimage\"},\"thumbnailUrl\":\"https:\\\/\\\/dorogimedence.hu\\\/wp-content\\\/uploads\\\/2018\\\/08\\\/gyertya-01.jpg\",\"keywords\":[\"elhunyt\",\"Geiszler J\u00f3zsef\",\"hal\u00e1lh\u00edr\"],\"articleSection\":[\"Dorog\",\"H\u00edrek\"],\"inLanguage\":\"hu\"},{\"@type\":\"WebPage\",\"@id\":\"https:\\\/\\\/dorogimedence.hu\\\/index.php\\\/2018\\\/08\\\/22\\\/elhunyt-geiszler-jozsef\\\/\",\"url\":\"https:\\\/\\\/dorogimedence.hu\\\/index.php\\\/2018\\\/08\\\/22\\\/elhunyt-geiszler-jozsef\\\/\",\"name\":\"Elhunyt Geiszler J\u00f3zsef\",\"isPartOf\":{\"@id\":\"https:\\\/\\\/dorogimedence.hu\\\/#website\"},\"primaryImageOfPage\":{\"@id\":\"https:\\\/\\\/dorogimedence.hu\\\/index.php\\\/2018\\\/08\\\/22\\\/elhunyt-geiszler-jozsef\\\/#primaryimage\"},\"image\":{\"@id\":\"https:\\\/\\\/dorogimedence.hu\\\/index.php\\\/2018\\\/08\\\/22\\\/elhunyt-geiszler-jozsef\\\/#primaryimage\"},\"thumbnailUrl\":\"https:\\\/\\\/dorogimedence.hu\\\/wp-content\\\/uploads\\\/2018\\\/08\\\/gyertya-01.jpg\",\"datePublished\":\"2018-08-22T13:28:17+00:00\",\"breadcrumb\":{\"@id\":\"https:\\\/\\\/dorogimedence.hu\\\/index.php\\\/2018\\\/08\\\/22\\\/elhunyt-geiszler-jozsef\\\/#breadcrumb\"},\"inLanguage\":\"hu\",\"potentialAction\":[{\"@type\":\"ReadAction\",\"target\":[\"https:\\\/\\\/dorogimedence.hu\\\/index.php\\\/2018\\\/08\\\/22\\\/elhunyt-geiszler-jozsef\\\/\"]}]},{\"@type\":\"ImageObject\",\"inLanguage\":\"hu\",\"@id\":\"https:\\\/\\\/dorogimedence.hu\\\/index.php\\\/2018\\\/08\\\/22\\\/elhunyt-geiszler-jozsef\\\/#primaryimage\",\"url\":\"https:\\\/\\\/dorogimedence.hu\\\/wp-content\\\/uploads\\\/2018\\\/08\\\/gyertya-01.jpg\",\"contentUrl\":\"https:\\\/\\\/dorogimedence.hu\\\/wp-content\\\/uploads\\\/2018\\\/08\\\/gyertya-01.jpg\",\"width\":670,\"height\":365},{\"@type\":\"BreadcrumbList\",\"@id\":\"https:\\\/\\\/dorogimedence.hu\\\/index.php\\\/2018\\\/08\\\/22\\\/elhunyt-geiszler-jozsef\\\/#breadcrumb\",\"itemListElement\":[{\"@type\":\"ListItem\",\"position\":1,\"name\":\"Kezd\u0151lap\",\"item\":\"https:\\\/\\\/dorogimedence.hu\\\/\"},{\"@type\":\"ListItem\",\"position\":2,\"name\":\"Elhunyt Geiszler J\u00f3zsef\"}]},{\"@type\":\"WebSite\",\"@id\":\"https:\\\/\\\/dorogimedence.hu\\\/#website\",\"url\":\"https:\\\/\\\/dorogimedence.hu\\\/\",\"name\":\"Dorogi-medence Region\u00e1lis H\u00edrport\u00e1l\",\"description\":\"Dorog, Keszt\u00f6lc, Le\u00e1nyv\u00e1r, Piliscs\u00e9v, Tokod, Tokodalt\u00e1r\u00f3, Csolnok, Esztergom-kertv\u00e1ros: h\u00edrek, programok\",\"publisher\":{\"@id\":\"https:\\\/\\\/dorogimedence.hu\\\/#organization\"},\"potentialAction\":[{\"@type\":\"SearchAction\",\"target\":{\"@type\":\"EntryPoint\",\"urlTemplate\":\"https:\\\/\\\/dorogimedence.hu\\\/?s={search_term_string}\"},\"query-input\":{\"@type\":\"PropertyValueSpecification\",\"valueRequired\":true,\"valueName\":\"search_term_string\"}}],\"inLanguage\":\"hu\"},{\"@type\":\"Organization\",\"@id\":\"https:\\\/\\\/dorogimedence.hu\\\/#organization\",\"name\":\"Dorogi-medence Region\u00e1lis H\u00edrport\u00e1l\",\"url\":\"https:\\\/\\\/dorogimedence.hu\\\/\",\"logo\":{\"@type\":\"ImageObject\",\"inLanguage\":\"hu\",\"@id\":\"https:\\\/\\\/dorogimedence.hu\\\/#\\\/schema\\\/logo\\\/image\\\/\",\"url\":\"https:\\\/\\\/dorogimedence.hu\\\/wp-content\\\/uploads\\\/2021\\\/04\\\/logo-feher-600.png\",\"contentUrl\":\"https:\\\/\\\/dorogimedence.hu\\\/wp-content\\\/uploads\\\/2021\\\/04\\\/logo-feher-600.png\",\"width\":600,\"height\":100,\"caption\":\"Dorogi-medence Region\u00e1lis H\u00edrport\u00e1l\"},\"image\":{\"@id\":\"https:\\\/\\\/dorogimedence.hu\\\/#\\\/schema\\\/logo\\\/image\\\/\"},\"sameAs\":[\"https:\\\/\\\/www.facebook.com\\\/dorogimedence\\\/\"]},{\"@type\":\"Person\",\"@id\":\"https:\\\/\\\/dorogimedence.hu\\\/#\\\/schema\\\/person\\\/ce6091eeb7e95ecdc87890d6aa8e0fd4\",\"name\":\"dorogimedence.hu\",\"image\":{\"@type\":\"ImageObject\",\"inLanguage\":\"hu\",\"@id\":\"\\\/\\\/www.gravatar.com\\\/avatar\\\/d8d45f8901aadff40a4af72c0b826f1d?s=96&#038;r=g&#038;d=mm\",\"url\":\"\\\/\\\/www.gravatar.com\\\/avatar\\\/d8d45f8901aadff40a4af72c0b826f1d?s=96&#038;r=g&#038;d=mm\",\"contentUrl\":\"\\\/\\\/www.gravatar.com\\\/avatar\\\/d8d45f8901aadff40a4af72c0b826f1d?s=96&#038;r=g&#038;d=mm\",\"caption\":\"dorogimedence.hu\"}}]}<\/script>\n<!-- \/ Yoast SEO plugin. -->","yoast_head_json":{"title":"Elhunyt Geiszler J\u00f3zsef","robots":{"index":"index","follow":"follow","max-snippet":"max-snippet:-1","max-image-preview":"max-image-preview:large","max-video-preview":"max-video-preview:-1"},"canonical":"https:\/\/dorogimedence.hu\/index.php\/2018\/08\/22\/elhunyt-geiszler-jozsef\/","og_locale":"hu_HU","og_type":"article","og_title":"Elhunyt Geiszler J\u00f3zsef","og_description":"2018. augusztus 17-\u00e9n, s\u00falyos betegs\u00e9g k\u00f6vetkezt\u00e9ben elhunyt Geiszler J\u00f3zsef helyt\u00f6rt\u00e9neti kutat\u00f3, k\u00f6z\u00e9leti szem\u00e9lyis\u00e9g &#8211; k\u00f6z\u00f6lte Dorog v\u00e1ros a honlapj\u00e1n. Geiszler J\u00f3zsef 1950. febru\u00e1r 11-\u00e9n sz\u00fcletett. A Pet\u0151fi iskola elv\u00e9gz\u00e9se ut\u00e1n fest\u0151-m\u00e1zol\u00f3 szakmunk\u00e1s bizony\u00edtv\u00e1nyt szerzett (1968). A Sz\u00e9nb\u00e1ny\u00e1k V\u00e1llalat Szolg\u00e1ltat\u00f3 \u00dczem\u00e9n\u00e9l, majd a Dorogi M\u00e9szm\u0171n\u00e9l dolgozott nyugd\u00edjaz\u00e1s\u00e1ig. Gy\u0171jt\u00f6tte, kutatta a v\u00e1ros eml\u00e9keit, gy\u0171jt\u00e9seivel gyakori t\u00e1mogat\u00f3ja volt","og_url":"https:\/\/dorogimedence.hu\/index.php\/2018\/08\/22\/elhunyt-geiszler-jozsef\/","og_site_name":"Dorogi-medence Region\u00e1lis H\u00edrport\u00e1l","article_publisher":"https:\/\/www.facebook.com\/dorogimedence\/","article_published_time":"2018-08-22T13:28:17+00:00","og_image":[{"width":670,"height":365,"url":"https:\/\/i0.wp.com\/dorogimedence.hu\/wp-content\/uploads\/2018\/08\/gyertya-01.jpg?fit=670%2C365&ssl=1","type":"image\/jpeg"}],"author":"dorogimedence.hu","twitter_card":"summary_large_image","twitter_misc":{"Szerz\u0151:":"dorogimedence.hu","Becs\u00fclt olvas\u00e1si id\u0151":"1 perc"},"schema":{"@context":"https:\/\/schema.org","@graph":[{"@type":"Article","@id":"https:\/\/dorogimedence.hu\/index.php\/2018\/08\/22\/elhunyt-geiszler-jozsef\/#article","isPartOf":{"@id":"https:\/\/dorogimedence.hu\/index.php\/2018\/08\/22\/elhunyt-geiszler-jozsef\/"},"author":{"name":"dorogimedence.hu","@id":"https:\/\/dorogimedence.hu\/#\/schema\/person\/ce6091eeb7e95ecdc87890d6aa8e0fd4"},"headline":"Elhunyt Geiszler J\u00f3zsef","datePublished":"2018-08-22T13:28:17+00:00","mainEntityOfPage":{"@id":"https:\/\/dorogimedence.hu\/index.php\/2018\/08\/22\/elhunyt-geiszler-jozsef\/"},"wordCount":251,"publisher":{"@id":"https:\/\/dorogimedence.hu\/#organization"},"image":{"@id":"https:\/\/dorogimedence.hu\/index.php\/2018\/08\/22\/elhunyt-geiszler-jozsef\/#primaryimage"},"thumbnailUrl":"https:\/\/dorogimedence.hu\/wp-content\/uploads\/2018\/08\/gyertya-01.jpg","keywords":["elhunyt","Geiszler J\u00f3zsef","hal\u00e1lh\u00edr"],"articleSection":["Dorog","H\u00edrek"],"inLanguage":"hu"},{"@type":"WebPage","@id":"https:\/\/dorogimedence.hu\/index.php\/2018\/08\/22\/elhunyt-geiszler-jozsef\/","url":"https:\/\/dorogimedence.hu\/index.php\/2018\/08\/22\/elhunyt-geiszler-jozsef\/","name":"Elhunyt Geiszler J\u00f3zsef","isPartOf":{"@id":"https:\/\/dorogimedence.hu\/#website"},"primaryImageOfPage":{"@id":"https:\/\/dorogimedence.hu\/index.php\/2018\/08\/22\/elhunyt-geiszler-jozsef\/#primaryimage"},"image":{"@id":"https:\/\/dorogimedence.hu\/index.php\/2018\/08\/22\/elhunyt-geiszler-jozsef\/#primaryimage"},"thumbnailUrl":"https:\/\/dorogimedence.hu\/wp-content\/uploads\/2018\/08\/gyertya-01.jpg","datePublished":"2018-08-22T13:28:17+00:00","breadcrumb":{"@id":"https:\/\/dorogimedence.hu\/index.php\/2018\/08\/22\/elhunyt-geiszler-jozsef\/#breadcrumb"},"inLanguage":"hu","potentialAction":[{"@type":"ReadAction","target":["https:\/\/dorogimedence.hu\/index.php\/2018\/08\/22\/elhunyt-geiszler-jozsef\/"]}]},{"@type":"ImageObject","inLanguage":"hu","@id":"https:\/\/dorogimedence.hu\/index.php\/2018\/08\/22\/elhunyt-geiszler-jozsef\/#primaryimage","url":"https:\/\/dorogimedence.hu\/wp-content\/uploads\/2018\/08\/gyertya-01.jpg","contentUrl":"https:\/\/dorogimedence.hu\/wp-content\/uploads\/2018\/08\/gyertya-01.jpg","width":670,"height":365},{"@type":"BreadcrumbList","@id":"https:\/\/dorogimedence.hu\/index.php\/2018\/08\/22\/elhunyt-geiszler-jozsef\/#breadcrumb","itemListElement":[{"@type":"ListItem","position":1,"name":"Kezd\u0151lap","item":"https:\/\/dorogimedence.hu\/"},{"@type":"ListItem","position":2,"name":"Elhunyt Geiszler J\u00f3zsef"}]},{"@type":"WebSite","@id":"https:\/\/dorogimedence.hu\/#website","url":"https:\/\/dorogimedence.hu\/","name":"Dorogi-medence Region\u00e1lis H\u00edrport\u00e1l","description":"Dorog, Keszt\u00f6lc, Le\u00e1nyv\u00e1r, Piliscs\u00e9v, Tokod, Tokodalt\u00e1r\u00f3, Csolnok, Esztergom-kertv\u00e1ros: h\u00edrek, programok","publisher":{"@id":"https:\/\/dorogimedence.hu\/#organization"},"potentialAction":[{"@type":"SearchAction","target":{"@type":"EntryPoint","urlTemplate":"https:\/\/dorogimedence.hu\/?s={search_term_string}"},"query-input":{"@type":"PropertyValueSpecification","valueRequired":true,"valueName":"search_term_string"}}],"inLanguage":"hu"},{"@type":"Organization","@id":"https:\/\/dorogimedence.hu\/#organization","name":"Dorogi-medence Region\u00e1lis H\u00edrport\u00e1l","url":"https:\/\/dorogimedence.hu\/","logo":{"@type":"ImageObject","inLanguage":"hu","@id":"https:\/\/dorogimedence.hu\/#\/schema\/logo\/image\/","url":"https:\/\/dorogimedence.hu\/wp-content\/uploads\/2021\/04\/logo-feher-600.png","contentUrl":"https:\/\/dorogimedence.hu\/wp-content\/uploads\/2021\/04\/logo-feher-600.png","width":600,"height":100,"caption":"Dorogi-medence Region\u00e1lis H\u00edrport\u00e1l"},"image":{"@id":"https:\/\/dorogimedence.hu\/#\/schema\/logo\/image\/"},"sameAs":["https:\/\/www.facebook.com\/dorogimedence\/"]},{"@type":"Person","@id":"https:\/\/dorogimedence.hu\/#\/schema\/person\/ce6091eeb7e95ecdc87890d6aa8e0fd4","name":"dorogimedence.hu","image":{"@type":"ImageObject","inLanguage":"hu","@id":"\/\/www.gravatar.com\/avatar\/d8d45f8901aadff40a4af72c0b826f1d?s=96&#038;r=g&#038;d=mm","url":"\/\/www.gravatar.com\/avatar\/d8d45f8901aadff40a4af72c0b826f1d?s=96&#038;r=g&#038;d=mm","contentUrl":"\/\/www.gravatar.com\/avatar\/d8d45f8901aadff40a4af72c0b826f1d?s=96&#038;r=g&#038;d=mm","caption":"dorogimedence.hu"}}]}},"_links":{"self":[{"href":"https:\/\/dorogimedence.hu\/index.php\/wp-json\/wp\/v2\/posts\/11920","targetHints":{"allow":["GET"]}}],"collection":[{"href":"https:\/\/dorogimedence.hu\/index.php\/wp-json\/wp\/v2\/posts"}],"about":[{"href":"https:\/\/dorogimedence.hu\/index.php\/wp-json\/wp\/v2\/types\/post"}],"author":[{"embeddable":true,"href":"https:\/\/dorogimedence.hu\/index.php\/wp-json\/wp\/v2\/users\/1"}],"replies":[{"embeddable":true,"href":"https:\/\/dorogimedence.hu\/index.php\/wp-json\/wp\/v2\/comments?post=11920"}],"version-history":[{"count":0,"href":"https:\/\/dorogimedence.hu\/index.php\/wp-json\/wp\/v2\/posts\/11920\/revisions"}],"wp:featuredmedia":[{"embeddable":true,"href":"https:\/\/dorogimedence.hu\/index.php\/wp-json\/wp\/v2\/media\/11921"}],"wp:attachment":[{"href":"https:\/\/dorogimedence.hu\/index.php\/wp-json\/wp\/v2\/media?parent=11920"}],"wp:term":[{"taxonomy":"category","embeddable":true,"href":"https:\/\/dorogimedence.hu\/index.php\/wp-json\/wp\/v2\/categories?post=11920"},{"taxonomy":"post_tag","embeddable":true,"href":"https:\/\/dorogimedence.hu\/index.php\/wp-json\/wp\/v2\/tags?post=11920"}],"curies":[{"name":"wp","href":"https:\/\/api.w.org\/{rel}","templated":true}]}}