{"id":11878,"date":"2018-08-20T10:05:06","date_gmt":"2018-08-20T08:05:06","guid":{"rendered":"http:\/\/dorogimedence.hu\/?p=11878"},"modified":"2018-08-20T11:20:59","modified_gmt":"2018-08-20T09:20:59","slug":"arokba-hajtott-egy-gepkocsi-a-dobogokoi-uton","status":"publish","type":"post","link":"https:\/\/dorogimedence.hu\/index.php\/2018\/08\/20\/arokba-hajtott-egy-gepkocsi-a-dobogokoi-uton\/","title":{"rendered":"\u00c1rokba hajtott egy g\u00e9pkocsi a Dobog\u00f3k\u0151i \u00faton"},"content":{"rendered":"<p><strong>Augusztus 20-\u00e1n, h\u00e9tf\u0151n f\u00e9l 10 magass\u00e1g\u00e1ban \u00e1rokba hajtott \u00e9s egy f\u00e1t is kid\u00f6nt\u00f6tt egy g\u00e9pkocsi Esztergomban, a Dobog\u00f3k\u0151i \u00faton.<\/strong><\/p>\n<p>Az esztergomi hivat\u00e1sos t\u0171zolt\u00f3k \u00e1ramtalan\u00edtott\u00e1k a j\u00e1rm\u0171vet, vezet\u0151j\u00e9nek<strong> \u00fajra\u00e9leszt\u00e9s\u00e9t<\/strong> pedig megkezdt\u00e9k a ment\u0151k. Az <strong>\u00e9rintett \u00fatszakaszt lez\u00e1rt\u00e1k<\/strong> a hat\u00f3s\u00e1gi beavatkoz\u00e1s idej\u00e9re.<\/p>\n<p><em><strong>Friss\u00edt\u00e9s (Esztergom-kertv\u00e1rosi Polg\u00e1r\u0151rs\u00e9g k\u00f6zlem\u00e9nye):<\/strong> <\/em>9:45-k\u00f6r\u00fcl egy id\u0151s sof\u0151r roszul lett vezet\u00e9s k\u00f6zben \u00e9s a Dobog\u00f3k\u0151i \u00faton a k\u00f6rforgalom ut\u00e1n a v\u00edzelvezet\u0151 \u00e1rokba csap\u00f3dott. Egy helyi lakos \u00e9s az \u00faton k\u00f6zleked\u0151k a s\u00e9r\u00fcltet kih\u00fazt\u00e1k a j\u00e1rm\u0171b\u0151l. Mivel a l\u00e9gz\u00e9se le\u00e1llt, ez\u00e9rt az ott lak\u00f3 fiatalember az \u00fajra\u00e9leszt\u00e9st megkezdte. A ment\u0151k meg\u00e9rkez\u00e9s ut\u00e1n \u00e1tvett\u00e9k a feladatot \u00e9s a s\u00e9r\u00fcltet siker\u00fclt stabiliz\u00e1lni. A helysz\u00ednen l\u00e9v\u0151 rend\u0151r\u00f6kkel egyeztetve az Esztergomi \u00e9s Esztergom-Kertv\u00e1rosi csapat h\u00e1rom tagja teljes \u00fatz\u00e1r mellett megkezdte a forgalom terel\u00e9s\u00e9t.<\/p>\n<p><iframe style=\"border: none; overflow: hidden;\" src=\"https:\/\/www.facebook.com\/plugins\/post.php?href=https%3A%2F%2Fwww.facebook.com%2Fpolgarorekv%2Fposts%2F2093995800850027&amp;width=500\" width=\"500\" height=\"811\" frameborder=\"0\" scrolling=\"no\"><\/iframe><\/p>\n<p>&nbsp;<\/p>\n<p><a href=\"http:\/\/komarom.katasztrofavedelem.hu\/attekinto-terkep\/esemeny-reszletei\/10897\" target=\"_blank\" rel=\"noopener\"><span style=\"color: #0000ff;\"><strong><span style=\"text-decoration: underline;\">A baleset adatlapja&gt;&gt;<\/span><\/strong><\/span><\/a><\/p>\n<p><em>Forr\u00e1s: komarom.katasztrofavedelem.hu \/ Esztergom-kertv\u00e1rosi Polg\u00e1r\u0151rs\u00e9g<br \/>\n<\/em><\/p>\n","protected":false},"excerpt":{"rendered":"<p>Augusztus 20-\u00e1n, h\u00e9tf\u0151n f\u00e9l 10 magass\u00e1g\u00e1ban \u00e1rokba hajtott \u00e9s egy f\u00e1t is kid\u00f6nt\u00f6tt egy g\u00e9pkocsi Esztergomban, a Dobog\u00f3k\u0151i \u00faton. Az esztergomi hivat\u00e1sos t\u0171zolt\u00f3k \u00e1ramtalan\u00edtott\u00e1k a j\u00e1rm\u0171vet, vezet\u0151j\u00e9nek \u00fajra\u00e9leszt\u00e9s\u00e9t pedig megkezdt\u00e9k a ment\u0151k. Az \u00e9rintett \u00fatszakaszt lez\u00e1rt\u00e1k a hat\u00f3s\u00e1gi beavatkoz\u00e1s idej\u00e9re. Friss\u00edt\u00e9s (Esztergom-kertv\u00e1rosi Polg\u00e1r\u0151rs\u00e9g k\u00f6zlem\u00e9nye): 9:45-k\u00f6r\u00fcl egy id\u0151s sof\u0151r roszul lett vezet\u00e9s k\u00f6zben \u00e9s a Dobog\u00f3k\u0151i<\/p>\n","protected":false},"author":1,"featured_media":0,"comment_status":"closed","ping_status":"closed","sticky":false,"template":"","format":"standard","meta":{"ngg_post_thumbnail":0,"footnotes":""},"categories":[38,3,39],"tags":[45,44,2931,42,2930],"class_list":{"0":"post-11878","1":"post","2":"type-post","3":"status-publish","4":"format-standard","6":"category-esztergom","7":"category-hirek","8":"category-kek-hirek","9":"tag-autobaleset","10":"tag-baleset","11":"tag-dobogokoi-ut","12":"tag-esztergom","13":"tag-ujraelesztes"},"yoast_head":"<!-- This site is optimized with the Yoast SEO plugin v27.4 - https:\/\/yoast.com\/product\/yoast-seo-wordpress\/ -->\n<title>\u00c1rokba hajtott egy g\u00e9pkocsi a Dobog\u00f3k\u0151i \u00faton<\/title>\n<meta name=\"robots\" content=\"index, follow, max-snippet:-1, max-image-preview:large, max-video-preview:-1\" \/>\n<link rel=\"canonical\" href=\"https:\/\/dorogimedence.hu\/index.php\/2018\/08\/20\/arokba-hajtott-egy-gepkocsi-a-dobogokoi-uton\/\" class=\"yoast-seo-meta-tag\" \/>\n<meta property=\"og:locale\" content=\"hu_HU\" class=\"yoast-seo-meta-tag\" \/>\n<meta property=\"og:type\" content=\"article\" class=\"yoast-seo-meta-tag\" \/>\n<meta property=\"og:title\" content=\"\u00c1rokba hajtott egy g\u00e9pkocsi a Dobog\u00f3k\u0151i \u00faton\" class=\"yoast-seo-meta-tag\" \/>\n<meta property=\"og:description\" content=\"Augusztus 20-\u00e1n, h\u00e9tf\u0151n f\u00e9l 10 magass\u00e1g\u00e1ban \u00e1rokba hajtott \u00e9s egy f\u00e1t is kid\u00f6nt\u00f6tt egy g\u00e9pkocsi Esztergomban, a Dobog\u00f3k\u0151i \u00faton. Az esztergomi hivat\u00e1sos t\u0171zolt\u00f3k \u00e1ramtalan\u00edtott\u00e1k a j\u00e1rm\u0171vet, vezet\u0151j\u00e9nek \u00fajra\u00e9leszt\u00e9s\u00e9t pedig megkezdt\u00e9k a ment\u0151k. Az \u00e9rintett \u00fatszakaszt lez\u00e1rt\u00e1k a hat\u00f3s\u00e1gi beavatkoz\u00e1s idej\u00e9re. Friss\u00edt\u00e9s (Esztergom-kertv\u00e1rosi Polg\u00e1r\u0151rs\u00e9g k\u00f6zlem\u00e9nye): 9:45-k\u00f6r\u00fcl egy id\u0151s sof\u0151r roszul lett vezet\u00e9s k\u00f6zben \u00e9s a Dobog\u00f3k\u0151i\" class=\"yoast-seo-meta-tag\" \/>\n<meta property=\"og:url\" content=\"https:\/\/dorogimedence.hu\/index.php\/2018\/08\/20\/arokba-hajtott-egy-gepkocsi-a-dobogokoi-uton\/\" class=\"yoast-seo-meta-tag\" \/>\n<meta property=\"og:site_name\" content=\"Dorogi-medence Region\u00e1lis H\u00edrport\u00e1l\" class=\"yoast-seo-meta-tag\" \/>\n<meta property=\"article:publisher\" content=\"https:\/\/www.facebook.com\/dorogimedence\/\" class=\"yoast-seo-meta-tag\" \/>\n<meta property=\"article:published_time\" content=\"2018-08-20T08:05:06+00:00\" class=\"yoast-seo-meta-tag\" \/>\n<meta property=\"article:modified_time\" content=\"2018-08-20T09:20:59+00:00\" class=\"yoast-seo-meta-tag\" \/>\n<meta property=\"og:image\" content=\"https:\/\/i0.wp.com\/dorogimedence.hu\/wp-content\/uploads\/2017\/06\/szirena-02-1.jpg?fit=670%2C365&ssl=1\" class=\"yoast-seo-meta-tag\" \/>\n\t<meta property=\"og:image:width\" content=\"670\" class=\"yoast-seo-meta-tag\" \/>\n\t<meta property=\"og:image:height\" content=\"365\" class=\"yoast-seo-meta-tag\" \/>\n\t<meta property=\"og:image:type\" content=\"image\/jpeg\" class=\"yoast-seo-meta-tag\" \/>\n<meta name=\"author\" content=\"dorogimedence.hu\" class=\"yoast-seo-meta-tag\" \/>\n<meta name=\"twitter:card\" content=\"summary_large_image\" class=\"yoast-seo-meta-tag\" \/>\n<meta name=\"twitter:label1\" content=\"Szerz\u0151:\" class=\"yoast-seo-meta-tag\" \/>\n\t<meta name=\"twitter:data1\" content=\"dorogimedence.hu\" class=\"yoast-seo-meta-tag\" \/>\n\t<meta name=\"twitter:label2\" content=\"Becs\u00fclt olvas\u00e1si id\u0151\" class=\"yoast-seo-meta-tag\" \/>\n\t<meta name=\"twitter:data2\" content=\"1 perc\" class=\"yoast-seo-meta-tag\" \/>\n<script type=\"application\/ld+json\" class=\"yoast-schema-graph\">{\"@context\":\"https:\\\/\\\/schema.org\",\"@graph\":[{\"@type\":\"Article\",\"@id\":\"https:\\\/\\\/dorogimedence.hu\\\/index.php\\\/2018\\\/08\\\/20\\\/arokba-hajtott-egy-gepkocsi-a-dobogokoi-uton\\\/#article\",\"isPartOf\":{\"@id\":\"https:\\\/\\\/dorogimedence.hu\\\/index.php\\\/2018\\\/08\\\/20\\\/arokba-hajtott-egy-gepkocsi-a-dobogokoi-uton\\\/\"},\"author\":{\"name\":\"dorogimedence.hu\",\"@id\":\"https:\\\/\\\/dorogimedence.hu\\\/#\\\/schema\\\/person\\\/ce6091eeb7e95ecdc87890d6aa8e0fd4\"},\"headline\":\"\u00c1rokba hajtott egy g\u00e9pkocsi a Dobog\u00f3k\u0151i \u00faton\",\"datePublished\":\"2018-08-20T08:05:06+00:00\",\"dateModified\":\"2018-08-20T09:20:59+00:00\",\"mainEntityOfPage\":{\"@id\":\"https:\\\/\\\/dorogimedence.hu\\\/index.php\\\/2018\\\/08\\\/20\\\/arokba-hajtott-egy-gepkocsi-a-dobogokoi-uton\\\/\"},\"wordCount\":229,\"publisher\":{\"@id\":\"https:\\\/\\\/dorogimedence.hu\\\/#organization\"},\"keywords\":[\"aut\u00f3baleset\",\"baleset\",\"Dobog\u00f3k\u0151i \u00fat\",\"esztergom\",\"\u00fajra\u00e9leszt\u00e9s\"],\"articleSection\":[\"Esztergom\",\"H\u00edrek\",\"K\u00e9k h\u00edrek\"],\"inLanguage\":\"hu\"},{\"@type\":\"WebPage\",\"@id\":\"https:\\\/\\\/dorogimedence.hu\\\/index.php\\\/2018\\\/08\\\/20\\\/arokba-hajtott-egy-gepkocsi-a-dobogokoi-uton\\\/\",\"url\":\"https:\\\/\\\/dorogimedence.hu\\\/index.php\\\/2018\\\/08\\\/20\\\/arokba-hajtott-egy-gepkocsi-a-dobogokoi-uton\\\/\",\"name\":\"\u00c1rokba hajtott egy g\u00e9pkocsi a Dobog\u00f3k\u0151i \u00faton\",\"isPartOf\":{\"@id\":\"https:\\\/\\\/dorogimedence.hu\\\/#website\"},\"datePublished\":\"2018-08-20T08:05:06+00:00\",\"dateModified\":\"2018-08-20T09:20:59+00:00\",\"breadcrumb\":{\"@id\":\"https:\\\/\\\/dorogimedence.hu\\\/index.php\\\/2018\\\/08\\\/20\\\/arokba-hajtott-egy-gepkocsi-a-dobogokoi-uton\\\/#breadcrumb\"},\"inLanguage\":\"hu\",\"potentialAction\":[{\"@type\":\"ReadAction\",\"target\":[\"https:\\\/\\\/dorogimedence.hu\\\/index.php\\\/2018\\\/08\\\/20\\\/arokba-hajtott-egy-gepkocsi-a-dobogokoi-uton\\\/\"]}]},{\"@type\":\"BreadcrumbList\",\"@id\":\"https:\\\/\\\/dorogimedence.hu\\\/index.php\\\/2018\\\/08\\\/20\\\/arokba-hajtott-egy-gepkocsi-a-dobogokoi-uton\\\/#breadcrumb\",\"itemListElement\":[{\"@type\":\"ListItem\",\"position\":1,\"name\":\"Kezd\u0151lap\",\"item\":\"https:\\\/\\\/dorogimedence.hu\\\/\"},{\"@type\":\"ListItem\",\"position\":2,\"name\":\"\u00c1rokba hajtott egy g\u00e9pkocsi a Dobog\u00f3k\u0151i \u00faton\"}]},{\"@type\":\"WebSite\",\"@id\":\"https:\\\/\\\/dorogimedence.hu\\\/#website\",\"url\":\"https:\\\/\\\/dorogimedence.hu\\\/\",\"name\":\"Dorogi-medence Region\u00e1lis H\u00edrport\u00e1l\",\"description\":\"Dorog, Keszt\u00f6lc, Le\u00e1nyv\u00e1r, Piliscs\u00e9v, Tokod, Tokodalt\u00e1r\u00f3, Csolnok, Esztergom-kertv\u00e1ros: h\u00edrek, programok\",\"publisher\":{\"@id\":\"https:\\\/\\\/dorogimedence.hu\\\/#organization\"},\"potentialAction\":[{\"@type\":\"SearchAction\",\"target\":{\"@type\":\"EntryPoint\",\"urlTemplate\":\"https:\\\/\\\/dorogimedence.hu\\\/?s={search_term_string}\"},\"query-input\":{\"@type\":\"PropertyValueSpecification\",\"valueRequired\":true,\"valueName\":\"search_term_string\"}}],\"inLanguage\":\"hu\"},{\"@type\":\"Organization\",\"@id\":\"https:\\\/\\\/dorogimedence.hu\\\/#organization\",\"name\":\"Dorogi-medence Region\u00e1lis H\u00edrport\u00e1l\",\"url\":\"https:\\\/\\\/dorogimedence.hu\\\/\",\"logo\":{\"@type\":\"ImageObject\",\"inLanguage\":\"hu\",\"@id\":\"https:\\\/\\\/dorogimedence.hu\\\/#\\\/schema\\\/logo\\\/image\\\/\",\"url\":\"https:\\\/\\\/dorogimedence.hu\\\/wp-content\\\/uploads\\\/2021\\\/04\\\/logo-feher-600.png\",\"contentUrl\":\"https:\\\/\\\/dorogimedence.hu\\\/wp-content\\\/uploads\\\/2021\\\/04\\\/logo-feher-600.png\",\"width\":600,\"height\":100,\"caption\":\"Dorogi-medence Region\u00e1lis H\u00edrport\u00e1l\"},\"image\":{\"@id\":\"https:\\\/\\\/dorogimedence.hu\\\/#\\\/schema\\\/logo\\\/image\\\/\"},\"sameAs\":[\"https:\\\/\\\/www.facebook.com\\\/dorogimedence\\\/\"]},{\"@type\":\"Person\",\"@id\":\"https:\\\/\\\/dorogimedence.hu\\\/#\\\/schema\\\/person\\\/ce6091eeb7e95ecdc87890d6aa8e0fd4\",\"name\":\"dorogimedence.hu\",\"image\":{\"@type\":\"ImageObject\",\"inLanguage\":\"hu\",\"@id\":\"\\\/\\\/www.gravatar.com\\\/avatar\\\/d8d45f8901aadff40a4af72c0b826f1d?s=96&#038;r=g&#038;d=mm\",\"url\":\"\\\/\\\/www.gravatar.com\\\/avatar\\\/d8d45f8901aadff40a4af72c0b826f1d?s=96&#038;r=g&#038;d=mm\",\"contentUrl\":\"\\\/\\\/www.gravatar.com\\\/avatar\\\/d8d45f8901aadff40a4af72c0b826f1d?s=96&#038;r=g&#038;d=mm\",\"caption\":\"dorogimedence.hu\"}}]}<\/script>\n<!-- \/ Yoast SEO plugin. -->","yoast_head_json":{"title":"\u00c1rokba hajtott egy g\u00e9pkocsi a Dobog\u00f3k\u0151i \u00faton","robots":{"index":"index","follow":"follow","max-snippet":"max-snippet:-1","max-image-preview":"max-image-preview:large","max-video-preview":"max-video-preview:-1"},"canonical":"https:\/\/dorogimedence.hu\/index.php\/2018\/08\/20\/arokba-hajtott-egy-gepkocsi-a-dobogokoi-uton\/","og_locale":"hu_HU","og_type":"article","og_title":"\u00c1rokba hajtott egy g\u00e9pkocsi a Dobog\u00f3k\u0151i \u00faton","og_description":"Augusztus 20-\u00e1n, h\u00e9tf\u0151n f\u00e9l 10 magass\u00e1g\u00e1ban \u00e1rokba hajtott \u00e9s egy f\u00e1t is kid\u00f6nt\u00f6tt egy g\u00e9pkocsi Esztergomban, a Dobog\u00f3k\u0151i \u00faton. Az esztergomi hivat\u00e1sos t\u0171zolt\u00f3k \u00e1ramtalan\u00edtott\u00e1k a j\u00e1rm\u0171vet, vezet\u0151j\u00e9nek \u00fajra\u00e9leszt\u00e9s\u00e9t pedig megkezdt\u00e9k a ment\u0151k. Az \u00e9rintett \u00fatszakaszt lez\u00e1rt\u00e1k a hat\u00f3s\u00e1gi beavatkoz\u00e1s idej\u00e9re. Friss\u00edt\u00e9s (Esztergom-kertv\u00e1rosi Polg\u00e1r\u0151rs\u00e9g k\u00f6zlem\u00e9nye): 9:45-k\u00f6r\u00fcl egy id\u0151s sof\u0151r roszul lett vezet\u00e9s k\u00f6zben \u00e9s a Dobog\u00f3k\u0151i","og_url":"https:\/\/dorogimedence.hu\/index.php\/2018\/08\/20\/arokba-hajtott-egy-gepkocsi-a-dobogokoi-uton\/","og_site_name":"Dorogi-medence Region\u00e1lis H\u00edrport\u00e1l","article_publisher":"https:\/\/www.facebook.com\/dorogimedence\/","article_published_time":"2018-08-20T08:05:06+00:00","article_modified_time":"2018-08-20T09:20:59+00:00","og_image":[{"width":670,"height":365,"url":"https:\/\/i0.wp.com\/dorogimedence.hu\/wp-content\/uploads\/2017\/06\/szirena-02-1.jpg?fit=670%2C365&ssl=1","type":"image\/jpeg"}],"author":"dorogimedence.hu","twitter_card":"summary_large_image","twitter_misc":{"Szerz\u0151:":"dorogimedence.hu","Becs\u00fclt olvas\u00e1si id\u0151":"1 perc"},"schema":{"@context":"https:\/\/schema.org","@graph":[{"@type":"Article","@id":"https:\/\/dorogimedence.hu\/index.php\/2018\/08\/20\/arokba-hajtott-egy-gepkocsi-a-dobogokoi-uton\/#article","isPartOf":{"@id":"https:\/\/dorogimedence.hu\/index.php\/2018\/08\/20\/arokba-hajtott-egy-gepkocsi-a-dobogokoi-uton\/"},"author":{"name":"dorogimedence.hu","@id":"https:\/\/dorogimedence.hu\/#\/schema\/person\/ce6091eeb7e95ecdc87890d6aa8e0fd4"},"headline":"\u00c1rokba hajtott egy g\u00e9pkocsi a Dobog\u00f3k\u0151i \u00faton","datePublished":"2018-08-20T08:05:06+00:00","dateModified":"2018-08-20T09:20:59+00:00","mainEntityOfPage":{"@id":"https:\/\/dorogimedence.hu\/index.php\/2018\/08\/20\/arokba-hajtott-egy-gepkocsi-a-dobogokoi-uton\/"},"wordCount":229,"publisher":{"@id":"https:\/\/dorogimedence.hu\/#organization"},"keywords":["aut\u00f3baleset","baleset","Dobog\u00f3k\u0151i \u00fat","esztergom","\u00fajra\u00e9leszt\u00e9s"],"articleSection":["Esztergom","H\u00edrek","K\u00e9k h\u00edrek"],"inLanguage":"hu"},{"@type":"WebPage","@id":"https:\/\/dorogimedence.hu\/index.php\/2018\/08\/20\/arokba-hajtott-egy-gepkocsi-a-dobogokoi-uton\/","url":"https:\/\/dorogimedence.hu\/index.php\/2018\/08\/20\/arokba-hajtott-egy-gepkocsi-a-dobogokoi-uton\/","name":"\u00c1rokba hajtott egy g\u00e9pkocsi a Dobog\u00f3k\u0151i \u00faton","isPartOf":{"@id":"https:\/\/dorogimedence.hu\/#website"},"datePublished":"2018-08-20T08:05:06+00:00","dateModified":"2018-08-20T09:20:59+00:00","breadcrumb":{"@id":"https:\/\/dorogimedence.hu\/index.php\/2018\/08\/20\/arokba-hajtott-egy-gepkocsi-a-dobogokoi-uton\/#breadcrumb"},"inLanguage":"hu","potentialAction":[{"@type":"ReadAction","target":["https:\/\/dorogimedence.hu\/index.php\/2018\/08\/20\/arokba-hajtott-egy-gepkocsi-a-dobogokoi-uton\/"]}]},{"@type":"BreadcrumbList","@id":"https:\/\/dorogimedence.hu\/index.php\/2018\/08\/20\/arokba-hajtott-egy-gepkocsi-a-dobogokoi-uton\/#breadcrumb","itemListElement":[{"@type":"ListItem","position":1,"name":"Kezd\u0151lap","item":"https:\/\/dorogimedence.hu\/"},{"@type":"ListItem","position":2,"name":"\u00c1rokba hajtott egy g\u00e9pkocsi a Dobog\u00f3k\u0151i \u00faton"}]},{"@type":"WebSite","@id":"https:\/\/dorogimedence.hu\/#website","url":"https:\/\/dorogimedence.hu\/","name":"Dorogi-medence Region\u00e1lis H\u00edrport\u00e1l","description":"Dorog, Keszt\u00f6lc, Le\u00e1nyv\u00e1r, Piliscs\u00e9v, Tokod, Tokodalt\u00e1r\u00f3, Csolnok, Esztergom-kertv\u00e1ros: h\u00edrek, programok","publisher":{"@id":"https:\/\/dorogimedence.hu\/#organization"},"potentialAction":[{"@type":"SearchAction","target":{"@type":"EntryPoint","urlTemplate":"https:\/\/dorogimedence.hu\/?s={search_term_string}"},"query-input":{"@type":"PropertyValueSpecification","valueRequired":true,"valueName":"search_term_string"}}],"inLanguage":"hu"},{"@type":"Organization","@id":"https:\/\/dorogimedence.hu\/#organization","name":"Dorogi-medence Region\u00e1lis H\u00edrport\u00e1l","url":"https:\/\/dorogimedence.hu\/","logo":{"@type":"ImageObject","inLanguage":"hu","@id":"https:\/\/dorogimedence.hu\/#\/schema\/logo\/image\/","url":"https:\/\/dorogimedence.hu\/wp-content\/uploads\/2021\/04\/logo-feher-600.png","contentUrl":"https:\/\/dorogimedence.hu\/wp-content\/uploads\/2021\/04\/logo-feher-600.png","width":600,"height":100,"caption":"Dorogi-medence Region\u00e1lis H\u00edrport\u00e1l"},"image":{"@id":"https:\/\/dorogimedence.hu\/#\/schema\/logo\/image\/"},"sameAs":["https:\/\/www.facebook.com\/dorogimedence\/"]},{"@type":"Person","@id":"https:\/\/dorogimedence.hu\/#\/schema\/person\/ce6091eeb7e95ecdc87890d6aa8e0fd4","name":"dorogimedence.hu","image":{"@type":"ImageObject","inLanguage":"hu","@id":"\/\/www.gravatar.com\/avatar\/d8d45f8901aadff40a4af72c0b826f1d?s=96&#038;r=g&#038;d=mm","url":"\/\/www.gravatar.com\/avatar\/d8d45f8901aadff40a4af72c0b826f1d?s=96&#038;r=g&#038;d=mm","contentUrl":"\/\/www.gravatar.com\/avatar\/d8d45f8901aadff40a4af72c0b826f1d?s=96&#038;r=g&#038;d=mm","caption":"dorogimedence.hu"}}]}},"_links":{"self":[{"href":"https:\/\/dorogimedence.hu\/index.php\/wp-json\/wp\/v2\/posts\/11878","targetHints":{"allow":["GET"]}}],"collection":[{"href":"https:\/\/dorogimedence.hu\/index.php\/wp-json\/wp\/v2\/posts"}],"about":[{"href":"https:\/\/dorogimedence.hu\/index.php\/wp-json\/wp\/v2\/types\/post"}],"author":[{"embeddable":true,"href":"https:\/\/dorogimedence.hu\/index.php\/wp-json\/wp\/v2\/users\/1"}],"replies":[{"embeddable":true,"href":"https:\/\/dorogimedence.hu\/index.php\/wp-json\/wp\/v2\/comments?post=11878"}],"version-history":[{"count":0,"href":"https:\/\/dorogimedence.hu\/index.php\/wp-json\/wp\/v2\/posts\/11878\/revisions"}],"wp:attachment":[{"href":"https:\/\/dorogimedence.hu\/index.php\/wp-json\/wp\/v2\/media?parent=11878"}],"wp:term":[{"taxonomy":"category","embeddable":true,"href":"https:\/\/dorogimedence.hu\/index.php\/wp-json\/wp\/v2\/categories?post=11878"},{"taxonomy":"post_tag","embeddable":true,"href":"https:\/\/dorogimedence.hu\/index.php\/wp-json\/wp\/v2\/tags?post=11878"}],"curies":[{"name":"wp","href":"https:\/\/api.w.org\/{rel}","templated":true}]}}