{"id":11821,"date":"2018-08-16T16:05:46","date_gmt":"2018-08-16T14:05:46","guid":{"rendered":"http:\/\/dorogimedence.hu\/?p=11821"},"modified":"2018-08-16T16:05:46","modified_gmt":"2018-08-16T14:05:46","slug":"ketmillio-forintos-eszkoztamogatast-kaptak-az-esztergomi-tuzoltok","status":"publish","type":"post","link":"https:\/\/dorogimedence.hu\/index.php\/2018\/08\/16\/ketmillio-forintos-eszkoztamogatast-kaptak-az-esztergomi-tuzoltok\/","title":{"rendered":"K\u00e9tmilli\u00f3 forintos eszk\u00f6zt\u00e1mogat\u00e1st kaptak az esztergomi t\u0171zolt\u00f3k"},"content":{"rendered":"<div class=\"a-lead\"><strong>Az Esztergomi Hivat\u00e1sos T\u0171zolt\u00f3-parancsnoks\u00e1got k\u00f6zel 2 milli\u00f3 forintos eszk\u00f6zcsomaggal t\u00e1mogatta az \u00f6nkorm\u00e1nyzat, melyet augusztus 15-\u00e9n adott \u00e1t a V\u00e1rosh\u00e1za nagyterm\u00e9ben B\u00e1nhidy L\u00e1szl\u00f3 alpolg\u00e1rmester <\/strong><em>&#8211; \u00edrja Esztergom v\u00e1ros a <a href=\"http:\/\/www.esztergom.hu\/index.php\/main\/page\/cikk\/ujabb-eszkoztamogatas-a-tuzoltosagnak-5014\" target=\"_blank\" rel=\"noopener\"><span style=\"text-decoration: underline; color: #0000ff;\">honlapj\u00e1n<\/span><\/a>.<\/em><strong><br \/>\n<\/strong><\/p>\n<div class=\"clear\"><\/div>\n<\/div>\n<div class=\"article-body\">\n<p>Az elm\u00falt \u00e9vekhez hasonl\u00f3an id\u00e9n is jelent\u0151s t\u00e1mogat\u00e1st ny\u00fajt az esztergomi \u00f6nkorm\u00e1nyzat a v\u00e1ros t\u0171zolt\u00f3s\u00e1g\u00e1nak.<\/p>\n<p>F\u0151k\u00e9nt biztons\u00e1got n\u00f6vel\u0151 eszk\u00f6z\u00f6k, keszty\u0171k, csizm\u00e1k, l\u00e1mp\u00e1k, f\u00fcstoszlat\u00f3 berendez\u00e9sek, t\u00f6ml\u0151k szerepeltek abban a k\u00e9szletben, melyet ez\u00fattal adom\u00e1nyozott az \u00f6nkorm\u00e1nyzat az esztergomi t\u0171zolt\u00f3s\u00e1gnak.<\/p>\n<p>Az augusztus 15-ei \u00e1tad\u00e1si \u00fcnneps\u00e9gen, melyen hivatalosan is al\u00e1\u00edrt\u00e1k a t\u00e1mogat\u00e1si szerz\u0151d\u00e9st, B\u00e1nhidy L\u00e1szl\u00f3 alpolg\u00e1rmester \u00e9s Moln\u00e1r P\u00e1l t\u0171zolt\u00f3parancsnok fogott kezet az eszk\u00f6z\u00e1tad\u00e1s kapcs\u00e1n.<\/p>\n<p>B\u00e1nhidy L\u00e1szl\u00f3\u00a0arra h\u00edvta fel a figyelmet, hogy az esztergomi \u00f6nkorm\u00e1nyzat sz\u00e1m\u00e1ra \u00e9vek \u00f3ta kiemelt jelent\u0151s\u00e9ggel b\u00edr a v\u00e1rosi t\u0171zolt\u00f3s\u00e1g t\u00e1mogat\u00e1sa, melyet ebben a ciklusban imm\u00e1r k\u00f6zel t\u00edzmilli\u00f3 forint \u00f6sszegben val\u00f3s\u00edtott meg.<\/p>\n<p>A t\u00e1mogat\u00e1sn\u00e1l a szakhat\u00f3s\u00e1g jelzi az \u00f6nkorm\u00e1nyzatnak, hogy mire lenne sz\u00fcks\u00e9ge, a beszerz\u00e9shez sz\u00fcks\u00e9ges \u00f6sszeget az \u00f6nkorm\u00e1nyzat lehet\u0151s\u00e9g\u00e9hez m\u00e9rten adja, mondta az alpolg\u00e1rmester.<\/p>\n<p><img fetchpriority=\"high\" decoding=\"async\" class=\"alignnone size-full wp-image-11823\" src=\"https:\/\/dorogimedence.hu\/wp-content\/uploads\/2018\/08\/tuzoltok-adomany-02.jpg\" alt=\"\" width=\"670\" height=\"365\" srcset=\"https:\/\/dorogimedence.hu\/wp-content\/uploads\/2018\/08\/tuzoltok-adomany-02.jpg 670w, https:\/\/dorogimedence.hu\/wp-content\/uploads\/2018\/08\/tuzoltok-adomany-02-300x163.jpg 300w\" sizes=\"(max-width: 670px) 100vw, 670px\" \/><\/p>\n<p>Moln\u00e1r P\u00e1l, a v\u00e1rosi t\u0171zolt\u00f3s\u00e1g parancsnoka\u00a0arr\u00f3l besz\u00e9lt, hogy a most kapott eszk\u00f6z\u00f6k azokat p\u00f3tolj\u00e1k, melyek a napi munk\u00e1juk sor\u00e1n t\u00f6nkremennek, elhaszn\u00e1l\u00f3dnak, s ez\u00e9rt cser\u00e9lni kell \u0151ket.\u00a0A parancsnok hozz\u00e1f\u0171zte: a mostani eszk\u00f6zt\u00e1mogat\u00e1ssal egy nagyteljes\u00edtm\u00e9ny\u0171, speci\u00e1lis ventil\u00e1tort is kaptak, melynek seg\u00edts\u00e9g\u00e9vel a pozit\u00edv \u00e9s negat\u00edv ir\u00e1nyba is tudj\u00e1k\u00a0f\u00fcstmentes\u00edteni az adott \u00e9p\u00fcletr\u00e9szt, \u00edgy p\u00e9ld\u00e1ul a l\u00e9pcs\u0151h\u00e1zakat \u00e9s a\u00a0pinc\u00e9ket.<\/p>\n<p>2017-ben 4 milli\u00f3 forintos t\u00e1mogat\u00e1st ny\u00fajtott a v\u00e1ros, melyb\u0151l sz\u00e1mos \u00faj v\u00e9d\u0151felszerel\u00e9st, speci\u00e1lis ruh\u00e1zatot, t\u0171zolt\u00e1sn\u00e1l, ment\u00e9sn\u00e9l sz\u00fcks\u00e9ges korszer\u0171 anal\u00f3g \u00e9s elektronikus eszk\u00f6zt szereztek be.<\/p>\n<p>2016-ban szint\u00e9n egy\u00e9ni v\u00e9d\u0151eszk\u00f6z\u00f6ket <em>(speci\u00e1lis kialak\u00edt\u00e1s\u00fa csizm\u00e1kat, keszty\u0171ket, sisakokat, fejsz\u00e9ket)<\/em>, illetve kommunik\u00e1ci\u00f3s-navig\u00e1ci\u00f3s <em>(k\u00fcl\u00f6nleges param\u00e9terekkel b\u00edr\u00f3 r\u00e1di\u00f3telefont, tabletet)<\/em>, h\u00e1rom\u00a0professzion\u00e1lis\u00a0g\u00e1zmaszk-rendszert \u00e9s elh\u00e1r\u00edt\u00f3 berendez\u00e9seket <em>(f\u00fcstelt\u00e1vol\u00edt\u00f3 ventil\u00e1tort) <\/em>is v\u00e1s\u00e1roltak az \u00f6nkorm\u00e1nyzat 4 milli\u00f3 forintos t\u00e1mogat\u00e1s\u00e1b\u00f3l.<\/p>\n<p>A helyi l\u00e1nglovagok b\u00e1tors\u00e1gukkal, szakmai felk\u00e9sz\u00fclts\u00e9g\u00fckkel, r\u00e1termetts\u00e9g\u00fckkel ott \u00e1llnak helyt, ahol a civilek m\u00e1r nem tudnak seg\u00edteni a lakoss\u00e1gnak. Esztergom a helyi t\u0171zolt\u00f3k hat\u00e9kony feladatv\u00e9gz\u00e9s\u00e9t emiatt k\u00fcl\u00f6nb\u00f6z\u0151 eszk\u00f6zv\u00e1s\u00e1rl\u00e1sokkal, \u00f6sszess\u00e9g\u00e9ben 10 milli\u00f3 forinttal t\u00e1mogatta ez elm\u00falt 3 \u00e9vben.<\/p>\n<p><em>Fot\u00f3k, forr\u00e1s: esztergom.hu<\/em><\/p>\n<\/div>\n","protected":false},"excerpt":{"rendered":"<p>Az Esztergomi Hivat\u00e1sos T\u0171zolt\u00f3-parancsnoks\u00e1got k\u00f6zel 2 milli\u00f3 forintos eszk\u00f6zcsomaggal t\u00e1mogatta az \u00f6nkorm\u00e1nyzat, melyet augusztus 15-\u00e9n adott \u00e1t a V\u00e1rosh\u00e1za nagyterm\u00e9ben B\u00e1nhidy L\u00e1szl\u00f3 alpolg\u00e1rmester &#8211; \u00edrja Esztergom v\u00e1ros a honlapj\u00e1n. Az elm\u00falt \u00e9vekhez hasonl\u00f3an id\u00e9n is jelent\u0151s t\u00e1mogat\u00e1st ny\u00fajt az esztergomi \u00f6nkorm\u00e1nyzat a v\u00e1ros t\u0171zolt\u00f3s\u00e1g\u00e1nak. F\u0151k\u00e9nt biztons\u00e1got n\u00f6vel\u0151 eszk\u00f6z\u00f6k, keszty\u0171k, csizm\u00e1k, l\u00e1mp\u00e1k, f\u00fcstoszlat\u00f3 berendez\u00e9sek, t\u00f6ml\u0151k szerepeltek<\/p>\n","protected":false},"author":1,"featured_media":11822,"comment_status":"closed","ping_status":"closed","sticky":false,"template":"","format":"standard","meta":{"ngg_post_thumbnail":0,"footnotes":""},"categories":[38,3],"tags":[1887,42,175,178,503,65],"class_list":{"0":"post-11821","1":"post","2":"type-post","3":"status-publish","4":"format-standard","5":"has-post-thumbnail","7":"category-esztergom","8":"category-hirek","9":"tag-adomany","10":"tag-esztergom","11":"tag-katasztrofavedelem","12":"tag-segitseg","13":"tag-tamogatas","14":"tag-tuzoltosag"},"yoast_head":"<!-- This site is optimized with the Yoast SEO plugin v27.5 - https:\/\/yoast.com\/product\/yoast-seo-wordpress\/ -->\n<title>K\u00e9tmilli\u00f3 forintos eszk\u00f6zt\u00e1mogat\u00e1st kaptak az esztergomi t\u0171zolt\u00f3k<\/title>\n<meta name=\"robots\" content=\"index, follow, max-snippet:-1, max-image-preview:large, max-video-preview:-1\" \/>\n<link rel=\"canonical\" href=\"https:\/\/dorogimedence.hu\/index.php\/2018\/08\/16\/ketmillio-forintos-eszkoztamogatast-kaptak-az-esztergomi-tuzoltok\/\" class=\"yoast-seo-meta-tag\" \/>\n<meta property=\"og:locale\" content=\"hu_HU\" class=\"yoast-seo-meta-tag\" \/>\n<meta property=\"og:type\" content=\"article\" class=\"yoast-seo-meta-tag\" \/>\n<meta property=\"og:title\" content=\"K\u00e9tmilli\u00f3 forintos eszk\u00f6zt\u00e1mogat\u00e1st kaptak az esztergomi t\u0171zolt\u00f3k\" class=\"yoast-seo-meta-tag\" \/>\n<meta property=\"og:description\" content=\"Az Esztergomi Hivat\u00e1sos T\u0171zolt\u00f3-parancsnoks\u00e1got k\u00f6zel 2 milli\u00f3 forintos eszk\u00f6zcsomaggal t\u00e1mogatta az \u00f6nkorm\u00e1nyzat, melyet augusztus 15-\u00e9n adott \u00e1t a V\u00e1rosh\u00e1za nagyterm\u00e9ben B\u00e1nhidy L\u00e1szl\u00f3 alpolg\u00e1rmester &#8211; \u00edrja Esztergom v\u00e1ros a honlapj\u00e1n. Az elm\u00falt \u00e9vekhez hasonl\u00f3an id\u00e9n is jelent\u0151s t\u00e1mogat\u00e1st ny\u00fajt az esztergomi \u00f6nkorm\u00e1nyzat a v\u00e1ros t\u0171zolt\u00f3s\u00e1g\u00e1nak. F\u0151k\u00e9nt biztons\u00e1got n\u00f6vel\u0151 eszk\u00f6z\u00f6k, keszty\u0171k, csizm\u00e1k, l\u00e1mp\u00e1k, f\u00fcstoszlat\u00f3 berendez\u00e9sek, t\u00f6ml\u0151k szerepeltek\" class=\"yoast-seo-meta-tag\" \/>\n<meta property=\"og:url\" content=\"https:\/\/dorogimedence.hu\/index.php\/2018\/08\/16\/ketmillio-forintos-eszkoztamogatast-kaptak-az-esztergomi-tuzoltok\/\" class=\"yoast-seo-meta-tag\" \/>\n<meta property=\"og:site_name\" content=\"Dorogi-medence Region\u00e1lis H\u00edrport\u00e1l\" class=\"yoast-seo-meta-tag\" \/>\n<meta property=\"article:publisher\" content=\"https:\/\/www.facebook.com\/dorogimedence\/\" class=\"yoast-seo-meta-tag\" \/>\n<meta property=\"article:published_time\" content=\"2018-08-16T14:05:46+00:00\" class=\"yoast-seo-meta-tag\" \/>\n<meta property=\"og:image\" content=\"https:\/\/i0.wp.com\/dorogimedence.hu\/wp-content\/uploads\/2018\/08\/tuzoltok-adomany-01.jpg?fit=670%2C365&ssl=1\" class=\"yoast-seo-meta-tag\" \/>\n\t<meta property=\"og:image:width\" content=\"670\" class=\"yoast-seo-meta-tag\" \/>\n\t<meta property=\"og:image:height\" content=\"365\" class=\"yoast-seo-meta-tag\" \/>\n\t<meta property=\"og:image:type\" content=\"image\/jpeg\" class=\"yoast-seo-meta-tag\" \/>\n<meta name=\"author\" content=\"dorogimedence.hu\" class=\"yoast-seo-meta-tag\" \/>\n<meta name=\"twitter:card\" content=\"summary_large_image\" class=\"yoast-seo-meta-tag\" \/>\n<meta name=\"twitter:label1\" content=\"Szerz\u0151:\" class=\"yoast-seo-meta-tag\" \/>\n\t<meta name=\"twitter:data1\" content=\"dorogimedence.hu\" class=\"yoast-seo-meta-tag\" \/>\n\t<meta name=\"twitter:label2\" content=\"Becs\u00fclt olvas\u00e1si id\u0151\" class=\"yoast-seo-meta-tag\" \/>\n\t<meta name=\"twitter:data2\" content=\"3 perc\" class=\"yoast-seo-meta-tag\" \/>\n<script type=\"application\/ld+json\" class=\"yoast-schema-graph\">{\"@context\":\"https:\\\/\\\/schema.org\",\"@graph\":[{\"@type\":\"Article\",\"@id\":\"https:\\\/\\\/dorogimedence.hu\\\/index.php\\\/2018\\\/08\\\/16\\\/ketmillio-forintos-eszkoztamogatast-kaptak-az-esztergomi-tuzoltok\\\/#article\",\"isPartOf\":{\"@id\":\"https:\\\/\\\/dorogimedence.hu\\\/index.php\\\/2018\\\/08\\\/16\\\/ketmillio-forintos-eszkoztamogatast-kaptak-az-esztergomi-tuzoltok\\\/\"},\"author\":{\"name\":\"dorogimedence.hu\",\"@id\":\"https:\\\/\\\/dorogimedence.hu\\\/#\\\/schema\\\/person\\\/ce6091eeb7e95ecdc87890d6aa8e0fd4\"},\"headline\":\"K\u00e9tmilli\u00f3 forintos eszk\u00f6zt\u00e1mogat\u00e1st kaptak az esztergomi t\u0171zolt\u00f3k\",\"datePublished\":\"2018-08-16T14:05:46+00:00\",\"mainEntityOfPage\":{\"@id\":\"https:\\\/\\\/dorogimedence.hu\\\/index.php\\\/2018\\\/08\\\/16\\\/ketmillio-forintos-eszkoztamogatast-kaptak-az-esztergomi-tuzoltok\\\/\"},\"wordCount\":553,\"publisher\":{\"@id\":\"https:\\\/\\\/dorogimedence.hu\\\/#organization\"},\"image\":{\"@id\":\"https:\\\/\\\/dorogimedence.hu\\\/index.php\\\/2018\\\/08\\\/16\\\/ketmillio-forintos-eszkoztamogatast-kaptak-az-esztergomi-tuzoltok\\\/#primaryimage\"},\"thumbnailUrl\":\"https:\\\/\\\/dorogimedence.hu\\\/wp-content\\\/uploads\\\/2018\\\/08\\\/tuzoltok-adomany-01.jpg\",\"keywords\":[\"adom\u00e1ny\",\"esztergom\",\"katasztr\u00f3fav\u00e9delem\",\"seg\u00edts\u00e9g\",\"t\u00e1mogat\u00e1s\",\"t\u0171zolt\u00f3s\u00e1g\"],\"articleSection\":[\"Esztergom\",\"H\u00edrek\"],\"inLanguage\":\"hu\"},{\"@type\":\"WebPage\",\"@id\":\"https:\\\/\\\/dorogimedence.hu\\\/index.php\\\/2018\\\/08\\\/16\\\/ketmillio-forintos-eszkoztamogatast-kaptak-az-esztergomi-tuzoltok\\\/\",\"url\":\"https:\\\/\\\/dorogimedence.hu\\\/index.php\\\/2018\\\/08\\\/16\\\/ketmillio-forintos-eszkoztamogatast-kaptak-az-esztergomi-tuzoltok\\\/\",\"name\":\"K\u00e9tmilli\u00f3 forintos eszk\u00f6zt\u00e1mogat\u00e1st kaptak az esztergomi t\u0171zolt\u00f3k\",\"isPartOf\":{\"@id\":\"https:\\\/\\\/dorogimedence.hu\\\/#website\"},\"primaryImageOfPage\":{\"@id\":\"https:\\\/\\\/dorogimedence.hu\\\/index.php\\\/2018\\\/08\\\/16\\\/ketmillio-forintos-eszkoztamogatast-kaptak-az-esztergomi-tuzoltok\\\/#primaryimage\"},\"image\":{\"@id\":\"https:\\\/\\\/dorogimedence.hu\\\/index.php\\\/2018\\\/08\\\/16\\\/ketmillio-forintos-eszkoztamogatast-kaptak-az-esztergomi-tuzoltok\\\/#primaryimage\"},\"thumbnailUrl\":\"https:\\\/\\\/dorogimedence.hu\\\/wp-content\\\/uploads\\\/2018\\\/08\\\/tuzoltok-adomany-01.jpg\",\"datePublished\":\"2018-08-16T14:05:46+00:00\",\"breadcrumb\":{\"@id\":\"https:\\\/\\\/dorogimedence.hu\\\/index.php\\\/2018\\\/08\\\/16\\\/ketmillio-forintos-eszkoztamogatast-kaptak-az-esztergomi-tuzoltok\\\/#breadcrumb\"},\"inLanguage\":\"hu\",\"potentialAction\":[{\"@type\":\"ReadAction\",\"target\":[\"https:\\\/\\\/dorogimedence.hu\\\/index.php\\\/2018\\\/08\\\/16\\\/ketmillio-forintos-eszkoztamogatast-kaptak-az-esztergomi-tuzoltok\\\/\"]}]},{\"@type\":\"ImageObject\",\"inLanguage\":\"hu\",\"@id\":\"https:\\\/\\\/dorogimedence.hu\\\/index.php\\\/2018\\\/08\\\/16\\\/ketmillio-forintos-eszkoztamogatast-kaptak-az-esztergomi-tuzoltok\\\/#primaryimage\",\"url\":\"https:\\\/\\\/dorogimedence.hu\\\/wp-content\\\/uploads\\\/2018\\\/08\\\/tuzoltok-adomany-01.jpg\",\"contentUrl\":\"https:\\\/\\\/dorogimedence.hu\\\/wp-content\\\/uploads\\\/2018\\\/08\\\/tuzoltok-adomany-01.jpg\",\"width\":670,\"height\":365},{\"@type\":\"BreadcrumbList\",\"@id\":\"https:\\\/\\\/dorogimedence.hu\\\/index.php\\\/2018\\\/08\\\/16\\\/ketmillio-forintos-eszkoztamogatast-kaptak-az-esztergomi-tuzoltok\\\/#breadcrumb\",\"itemListElement\":[{\"@type\":\"ListItem\",\"position\":1,\"name\":\"Kezd\u0151lap\",\"item\":\"https:\\\/\\\/dorogimedence.hu\\\/\"},{\"@type\":\"ListItem\",\"position\":2,\"name\":\"K\u00e9tmilli\u00f3 forintos eszk\u00f6zt\u00e1mogat\u00e1st kaptak az esztergomi t\u0171zolt\u00f3k\"}]},{\"@type\":\"WebSite\",\"@id\":\"https:\\\/\\\/dorogimedence.hu\\\/#website\",\"url\":\"https:\\\/\\\/dorogimedence.hu\\\/\",\"name\":\"Dorogi-medence Region\u00e1lis H\u00edrport\u00e1l\",\"description\":\"Dorog, Keszt\u00f6lc, Le\u00e1nyv\u00e1r, Piliscs\u00e9v, Tokod, Tokodalt\u00e1r\u00f3, Csolnok, Esztergom-kertv\u00e1ros: h\u00edrek, programok\",\"publisher\":{\"@id\":\"https:\\\/\\\/dorogimedence.hu\\\/#organization\"},\"potentialAction\":[{\"@type\":\"SearchAction\",\"target\":{\"@type\":\"EntryPoint\",\"urlTemplate\":\"https:\\\/\\\/dorogimedence.hu\\\/?s={search_term_string}\"},\"query-input\":{\"@type\":\"PropertyValueSpecification\",\"valueRequired\":true,\"valueName\":\"search_term_string\"}}],\"inLanguage\":\"hu\"},{\"@type\":\"Organization\",\"@id\":\"https:\\\/\\\/dorogimedence.hu\\\/#organization\",\"name\":\"Dorogi-medence Region\u00e1lis H\u00edrport\u00e1l\",\"url\":\"https:\\\/\\\/dorogimedence.hu\\\/\",\"logo\":{\"@type\":\"ImageObject\",\"inLanguage\":\"hu\",\"@id\":\"https:\\\/\\\/dorogimedence.hu\\\/#\\\/schema\\\/logo\\\/image\\\/\",\"url\":\"https:\\\/\\\/dorogimedence.hu\\\/wp-content\\\/uploads\\\/2021\\\/04\\\/logo-feher-600.png\",\"contentUrl\":\"https:\\\/\\\/dorogimedence.hu\\\/wp-content\\\/uploads\\\/2021\\\/04\\\/logo-feher-600.png\",\"width\":600,\"height\":100,\"caption\":\"Dorogi-medence Region\u00e1lis H\u00edrport\u00e1l\"},\"image\":{\"@id\":\"https:\\\/\\\/dorogimedence.hu\\\/#\\\/schema\\\/logo\\\/image\\\/\"},\"sameAs\":[\"https:\\\/\\\/www.facebook.com\\\/dorogimedence\\\/\"]},{\"@type\":\"Person\",\"@id\":\"https:\\\/\\\/dorogimedence.hu\\\/#\\\/schema\\\/person\\\/ce6091eeb7e95ecdc87890d6aa8e0fd4\",\"name\":\"dorogimedence.hu\",\"image\":{\"@type\":\"ImageObject\",\"inLanguage\":\"hu\",\"@id\":\"\\\/\\\/www.gravatar.com\\\/avatar\\\/d8d45f8901aadff40a4af72c0b826f1d?s=96&#038;r=g&#038;d=mm\",\"url\":\"\\\/\\\/www.gravatar.com\\\/avatar\\\/d8d45f8901aadff40a4af72c0b826f1d?s=96&#038;r=g&#038;d=mm\",\"contentUrl\":\"\\\/\\\/www.gravatar.com\\\/avatar\\\/d8d45f8901aadff40a4af72c0b826f1d?s=96&#038;r=g&#038;d=mm\",\"caption\":\"dorogimedence.hu\"}}]}<\/script>\n<!-- \/ Yoast SEO plugin. -->","yoast_head_json":{"title":"K\u00e9tmilli\u00f3 forintos eszk\u00f6zt\u00e1mogat\u00e1st kaptak az esztergomi t\u0171zolt\u00f3k","robots":{"index":"index","follow":"follow","max-snippet":"max-snippet:-1","max-image-preview":"max-image-preview:large","max-video-preview":"max-video-preview:-1"},"canonical":"https:\/\/dorogimedence.hu\/index.php\/2018\/08\/16\/ketmillio-forintos-eszkoztamogatast-kaptak-az-esztergomi-tuzoltok\/","og_locale":"hu_HU","og_type":"article","og_title":"K\u00e9tmilli\u00f3 forintos eszk\u00f6zt\u00e1mogat\u00e1st kaptak az esztergomi t\u0171zolt\u00f3k","og_description":"Az Esztergomi Hivat\u00e1sos T\u0171zolt\u00f3-parancsnoks\u00e1got k\u00f6zel 2 milli\u00f3 forintos eszk\u00f6zcsomaggal t\u00e1mogatta az \u00f6nkorm\u00e1nyzat, melyet augusztus 15-\u00e9n adott \u00e1t a V\u00e1rosh\u00e1za nagyterm\u00e9ben B\u00e1nhidy L\u00e1szl\u00f3 alpolg\u00e1rmester &#8211; \u00edrja Esztergom v\u00e1ros a honlapj\u00e1n. Az elm\u00falt \u00e9vekhez hasonl\u00f3an id\u00e9n is jelent\u0151s t\u00e1mogat\u00e1st ny\u00fajt az esztergomi \u00f6nkorm\u00e1nyzat a v\u00e1ros t\u0171zolt\u00f3s\u00e1g\u00e1nak. F\u0151k\u00e9nt biztons\u00e1got n\u00f6vel\u0151 eszk\u00f6z\u00f6k, keszty\u0171k, csizm\u00e1k, l\u00e1mp\u00e1k, f\u00fcstoszlat\u00f3 berendez\u00e9sek, t\u00f6ml\u0151k szerepeltek","og_url":"https:\/\/dorogimedence.hu\/index.php\/2018\/08\/16\/ketmillio-forintos-eszkoztamogatast-kaptak-az-esztergomi-tuzoltok\/","og_site_name":"Dorogi-medence Region\u00e1lis H\u00edrport\u00e1l","article_publisher":"https:\/\/www.facebook.com\/dorogimedence\/","article_published_time":"2018-08-16T14:05:46+00:00","og_image":[{"width":670,"height":365,"url":"https:\/\/i0.wp.com\/dorogimedence.hu\/wp-content\/uploads\/2018\/08\/tuzoltok-adomany-01.jpg?fit=670%2C365&ssl=1","type":"image\/jpeg"}],"author":"dorogimedence.hu","twitter_card":"summary_large_image","twitter_misc":{"Szerz\u0151:":"dorogimedence.hu","Becs\u00fclt olvas\u00e1si id\u0151":"3 perc"},"schema":{"@context":"https:\/\/schema.org","@graph":[{"@type":"Article","@id":"https:\/\/dorogimedence.hu\/index.php\/2018\/08\/16\/ketmillio-forintos-eszkoztamogatast-kaptak-az-esztergomi-tuzoltok\/#article","isPartOf":{"@id":"https:\/\/dorogimedence.hu\/index.php\/2018\/08\/16\/ketmillio-forintos-eszkoztamogatast-kaptak-az-esztergomi-tuzoltok\/"},"author":{"name":"dorogimedence.hu","@id":"https:\/\/dorogimedence.hu\/#\/schema\/person\/ce6091eeb7e95ecdc87890d6aa8e0fd4"},"headline":"K\u00e9tmilli\u00f3 forintos eszk\u00f6zt\u00e1mogat\u00e1st kaptak az esztergomi t\u0171zolt\u00f3k","datePublished":"2018-08-16T14:05:46+00:00","mainEntityOfPage":{"@id":"https:\/\/dorogimedence.hu\/index.php\/2018\/08\/16\/ketmillio-forintos-eszkoztamogatast-kaptak-az-esztergomi-tuzoltok\/"},"wordCount":553,"publisher":{"@id":"https:\/\/dorogimedence.hu\/#organization"},"image":{"@id":"https:\/\/dorogimedence.hu\/index.php\/2018\/08\/16\/ketmillio-forintos-eszkoztamogatast-kaptak-az-esztergomi-tuzoltok\/#primaryimage"},"thumbnailUrl":"https:\/\/dorogimedence.hu\/wp-content\/uploads\/2018\/08\/tuzoltok-adomany-01.jpg","keywords":["adom\u00e1ny","esztergom","katasztr\u00f3fav\u00e9delem","seg\u00edts\u00e9g","t\u00e1mogat\u00e1s","t\u0171zolt\u00f3s\u00e1g"],"articleSection":["Esztergom","H\u00edrek"],"inLanguage":"hu"},{"@type":"WebPage","@id":"https:\/\/dorogimedence.hu\/index.php\/2018\/08\/16\/ketmillio-forintos-eszkoztamogatast-kaptak-az-esztergomi-tuzoltok\/","url":"https:\/\/dorogimedence.hu\/index.php\/2018\/08\/16\/ketmillio-forintos-eszkoztamogatast-kaptak-az-esztergomi-tuzoltok\/","name":"K\u00e9tmilli\u00f3 forintos eszk\u00f6zt\u00e1mogat\u00e1st kaptak az esztergomi t\u0171zolt\u00f3k","isPartOf":{"@id":"https:\/\/dorogimedence.hu\/#website"},"primaryImageOfPage":{"@id":"https:\/\/dorogimedence.hu\/index.php\/2018\/08\/16\/ketmillio-forintos-eszkoztamogatast-kaptak-az-esztergomi-tuzoltok\/#primaryimage"},"image":{"@id":"https:\/\/dorogimedence.hu\/index.php\/2018\/08\/16\/ketmillio-forintos-eszkoztamogatast-kaptak-az-esztergomi-tuzoltok\/#primaryimage"},"thumbnailUrl":"https:\/\/dorogimedence.hu\/wp-content\/uploads\/2018\/08\/tuzoltok-adomany-01.jpg","datePublished":"2018-08-16T14:05:46+00:00","breadcrumb":{"@id":"https:\/\/dorogimedence.hu\/index.php\/2018\/08\/16\/ketmillio-forintos-eszkoztamogatast-kaptak-az-esztergomi-tuzoltok\/#breadcrumb"},"inLanguage":"hu","potentialAction":[{"@type":"ReadAction","target":["https:\/\/dorogimedence.hu\/index.php\/2018\/08\/16\/ketmillio-forintos-eszkoztamogatast-kaptak-az-esztergomi-tuzoltok\/"]}]},{"@type":"ImageObject","inLanguage":"hu","@id":"https:\/\/dorogimedence.hu\/index.php\/2018\/08\/16\/ketmillio-forintos-eszkoztamogatast-kaptak-az-esztergomi-tuzoltok\/#primaryimage","url":"https:\/\/dorogimedence.hu\/wp-content\/uploads\/2018\/08\/tuzoltok-adomany-01.jpg","contentUrl":"https:\/\/dorogimedence.hu\/wp-content\/uploads\/2018\/08\/tuzoltok-adomany-01.jpg","width":670,"height":365},{"@type":"BreadcrumbList","@id":"https:\/\/dorogimedence.hu\/index.php\/2018\/08\/16\/ketmillio-forintos-eszkoztamogatast-kaptak-az-esztergomi-tuzoltok\/#breadcrumb","itemListElement":[{"@type":"ListItem","position":1,"name":"Kezd\u0151lap","item":"https:\/\/dorogimedence.hu\/"},{"@type":"ListItem","position":2,"name":"K\u00e9tmilli\u00f3 forintos eszk\u00f6zt\u00e1mogat\u00e1st kaptak az esztergomi t\u0171zolt\u00f3k"}]},{"@type":"WebSite","@id":"https:\/\/dorogimedence.hu\/#website","url":"https:\/\/dorogimedence.hu\/","name":"Dorogi-medence Region\u00e1lis H\u00edrport\u00e1l","description":"Dorog, Keszt\u00f6lc, Le\u00e1nyv\u00e1r, Piliscs\u00e9v, Tokod, Tokodalt\u00e1r\u00f3, Csolnok, Esztergom-kertv\u00e1ros: h\u00edrek, programok","publisher":{"@id":"https:\/\/dorogimedence.hu\/#organization"},"potentialAction":[{"@type":"SearchAction","target":{"@type":"EntryPoint","urlTemplate":"https:\/\/dorogimedence.hu\/?s={search_term_string}"},"query-input":{"@type":"PropertyValueSpecification","valueRequired":true,"valueName":"search_term_string"}}],"inLanguage":"hu"},{"@type":"Organization","@id":"https:\/\/dorogimedence.hu\/#organization","name":"Dorogi-medence Region\u00e1lis H\u00edrport\u00e1l","url":"https:\/\/dorogimedence.hu\/","logo":{"@type":"ImageObject","inLanguage":"hu","@id":"https:\/\/dorogimedence.hu\/#\/schema\/logo\/image\/","url":"https:\/\/dorogimedence.hu\/wp-content\/uploads\/2021\/04\/logo-feher-600.png","contentUrl":"https:\/\/dorogimedence.hu\/wp-content\/uploads\/2021\/04\/logo-feher-600.png","width":600,"height":100,"caption":"Dorogi-medence Region\u00e1lis H\u00edrport\u00e1l"},"image":{"@id":"https:\/\/dorogimedence.hu\/#\/schema\/logo\/image\/"},"sameAs":["https:\/\/www.facebook.com\/dorogimedence\/"]},{"@type":"Person","@id":"https:\/\/dorogimedence.hu\/#\/schema\/person\/ce6091eeb7e95ecdc87890d6aa8e0fd4","name":"dorogimedence.hu","image":{"@type":"ImageObject","inLanguage":"hu","@id":"\/\/www.gravatar.com\/avatar\/d8d45f8901aadff40a4af72c0b826f1d?s=96&#038;r=g&#038;d=mm","url":"\/\/www.gravatar.com\/avatar\/d8d45f8901aadff40a4af72c0b826f1d?s=96&#038;r=g&#038;d=mm","contentUrl":"\/\/www.gravatar.com\/avatar\/d8d45f8901aadff40a4af72c0b826f1d?s=96&#038;r=g&#038;d=mm","caption":"dorogimedence.hu"}}]}},"_links":{"self":[{"href":"https:\/\/dorogimedence.hu\/index.php\/wp-json\/wp\/v2\/posts\/11821","targetHints":{"allow":["GET"]}}],"collection":[{"href":"https:\/\/dorogimedence.hu\/index.php\/wp-json\/wp\/v2\/posts"}],"about":[{"href":"https:\/\/dorogimedence.hu\/index.php\/wp-json\/wp\/v2\/types\/post"}],"author":[{"embeddable":true,"href":"https:\/\/dorogimedence.hu\/index.php\/wp-json\/wp\/v2\/users\/1"}],"replies":[{"embeddable":true,"href":"https:\/\/dorogimedence.hu\/index.php\/wp-json\/wp\/v2\/comments?post=11821"}],"version-history":[{"count":0,"href":"https:\/\/dorogimedence.hu\/index.php\/wp-json\/wp\/v2\/posts\/11821\/revisions"}],"wp:featuredmedia":[{"embeddable":true,"href":"https:\/\/dorogimedence.hu\/index.php\/wp-json\/wp\/v2\/media\/11822"}],"wp:attachment":[{"href":"https:\/\/dorogimedence.hu\/index.php\/wp-json\/wp\/v2\/media?parent=11821"}],"wp:term":[{"taxonomy":"category","embeddable":true,"href":"https:\/\/dorogimedence.hu\/index.php\/wp-json\/wp\/v2\/categories?post=11821"},{"taxonomy":"post_tag","embeddable":true,"href":"https:\/\/dorogimedence.hu\/index.php\/wp-json\/wp\/v2\/tags?post=11821"}],"curies":[{"name":"wp","href":"https:\/\/api.w.org\/{rel}","templated":true}]}}