{"id":1174,"date":"2017-03-04T11:55:21","date_gmt":"2017-03-04T10:55:21","guid":{"rendered":"http:\/\/dorogimedence.hu\/?p=1174"},"modified":"2017-03-04T15:33:09","modified_gmt":"2017-03-04T14:33:09","slug":"natur-vilag-legerosebb-emberei-csapat-vilagbajnoksag","status":"publish","type":"post","link":"https:\/\/dorogimedence.hu\/index.php\/2017\/03\/04\/natur-vilag-legerosebb-emberei-csapat-vilagbajnoksag\/","title":{"rendered":"Nat\u00far Vil\u00e1g Leger\u0151sebb Emberei Csapat Vil\u00e1gbajnoks\u00e1g"},"content":{"rendered":"<p>M\u00e1rcius 25-\u00e9n, szombaton 15 \u00f3rai kezd\u00e9ssel, megrendez\u00e9sre ker\u00fcl a Nat\u00far Vil\u00e1g Leger\u0151sebb Emberei Csapat Vil\u00e1gbajnoks\u00e1g Esztergomban. Magyarorsz\u00e1got Ifj. Fekete L\u00e1szl\u00f3 (h\u00e9tszeres vil\u00e1gbajnok) \u00e9s testv\u00e9re Fekete Mikl\u00f3s (n\u00e9gyszeres vil\u00e1gbajnok) k\u00e9pviseli. Az esem\u00e9nyen a versenyz\u0151k \u00f6t versenysz\u00e1mban m\u00e9rik \u00f6ssze az erej\u00fcket.<\/p>\n<p><strong>A dorogimedence.hu szerkeszt\u0151s\u00e9ge Ifj. Fekete L\u00e1szl\u00f3t k\u00e9rdezte, hogy k\u00e9sz\u00fclnek testv\u00e9r\u00e9vel a bajnoks\u00e1gra.<\/strong><\/p>\n<p><span style=\"color: #000080;\"><strong><em>Laci, hogyan k\u00e9sz\u00fclt\u00f6k testv\u00e9reddel a bajnoks\u00e1gra?<br \/>\n<\/em><\/strong><\/span>Nagyon kem\u00e9nyen, tiszt\u00e1n becs\u00fcletes munk\u00e1val k\u00e9sz\u00fcl\u00fcnk a Vil\u00e1gbajnoks\u00e1gra. Saj\u00e1t konditerm\u00fcnkben speci\u00e1lis kel\u00e9kekkel k\u00e9sz\u00fcl\u00fcnk. K\u0151goly\u00f3kat, szikl\u00e1kat, beton t\u00f6mb\u00f6ket, f\u00e9l tonn\u00e1s traktor kerekeket emel\u00fcnk.<\/p>\n<p><img fetchpriority=\"high\" decoding=\"async\" class=\"alignnone size-full wp-image-1176\" src=\"https:\/\/dorogimedence.hu\/wp-content\/uploads\/2017\/03\/fekete-laci-miki.jpg\" alt=\"\" width=\"798\" height=\"362\" srcset=\"https:\/\/dorogimedence.hu\/wp-content\/uploads\/2017\/03\/fekete-laci-miki.jpg 798w, https:\/\/dorogimedence.hu\/wp-content\/uploads\/2017\/03\/fekete-laci-miki-300x136.jpg 300w, https:\/\/dorogimedence.hu\/wp-content\/uploads\/2017\/03\/fekete-laci-miki-768x348.jpg 768w\" sizes=\"(max-width: 798px) 100vw, 798px\" \/><br \/>\nBalra: Fekete Mikl\u00f3s. Jobbra: ifj. Fekete L\u00e1szl\u00f3<\/p>\n<p><span style=\"color: #000080;\"> <strong><em>Kifejten\u00e9d, hogy mit\u0151l viseli a vil\u00e1gbajnoks\u00e1g a Nat\u00far elnevez\u00e9st?<br \/>\n<\/em><\/strong><\/span>Csakis olyan versenyz\u0151k indulnak, akik tiszt\u00e1n sportolnak, \u00e9s nem doppingolnak. \u00dagy gondolom, hogy a sport a tisztas\u00e1gr\u00f3l, \u00e9s ez \u00e1ltal az es\u00e9lyegyenl\u0151s\u00e9gr\u0151l, a becs\u00fcletr\u0151l sz\u00f3ljon.\u00a0 A Vil\u00e1gbajnoks\u00e1g ut\u00e1n term\u00e9szetesen automatikus lesz doppingvizsg\u00e1lat.<\/p>\n<p><span style=\"color: #000080;\"><strong><em>\u00c9desap\u00e1d m\u00e1r nem vesz r\u00e9szt a versenyeken?<br \/>\n<\/em><\/strong><\/span>Testv\u00e9remmel, Mikl\u00f3ssal k\u00e9pviselj\u00fck Magyarorsz\u00e1got a rangos esem\u00e9nyen. \u00c9desap\u00e1m k\u00e9t \u00e9ve visszavonult nyolcszoros vil\u00e1gbajnokk\u00e9n \u00e9s t\u00f6bb vil\u00e1grekordot hagyva maga m\u00f6g\u00f6tt. Bizony\u00edtottuk, \u00e9s tov\u00e1bbra is bizony\u00edtani szeretn\u00e9nk, hogy testv\u00e9remmel, Mikl\u00f3ssal m\u00e9lt\u00f3n tudjuk k\u00e9pviselni Magyarorsz\u00e1got ezen a t\u00f6rt\u00e9nelmi esem\u00e9nyen a Kir\u00e1lyok v\u00e1ros\u00e1ban.<\/p>\n<p><span style=\"color: #000080;\"><strong><em>H\u00e1ny orsz\u00e1g csapataival k\u00fczd\u0151t\u00f6k meg a bajnoks\u00e1gon?<br \/>\n<\/em><\/strong><\/span>24 orsz\u00e1gb\u00f3l, a vil\u00e1g minden t\u00e1j\u00e1r\u00f3l \u00e9rkeznek versenyz\u0151k. A kil\u00e1togat\u00f3 szurkol\u00f3k biztosan j\u00f3l fogj\u00e1k \u00e9rezni magukat, hiszen lesznek olyan tengeren t\u00fali versenyz\u0151k, akik saj\u00e1t \u201et\u00f6rzsi\u201d hagyom\u00e1nyuk szerint \u00f6lt\u00f6zk\u00f6dnek \u00e9s viselkednek.<\/p>\n<p><span style=\"color: #000080;\"> <strong><em>Azok, akik nem tudnak r\u00e9szt venni az esem\u00e9nyen, hol n\u00e9zhetik vissza a versenyt?<br \/>\n<\/em><\/strong><\/span>Orsz\u00e1gunkb\u00f3l a TV2 kereskedelmi csatorna \u00e9rkezik a helysz\u00ednre, akik felveszik a versenyt \u00e9s a legjobb id\u0151pontban leadj\u00e1k majd a TV-ben, tov\u00e1bb\u00e1 t\u00f6bb nemzetk\u00f6zi telev\u00edzi\u00f3s csatorna is tud\u00f3s\u00edtani fog az esem\u00e9nyr\u0151l. A Blikk, Nemzeti Sport \u00e9s a Bors is jelen lesznek a tud\u00f3s\u00edt\u00f3k sor\u00e1ban.<\/p>\n<p><strong><em><span style=\"color: #000080;\">K\u00f6sz\u00f6nj\u00fck a v\u00e1laszokat, j\u00f3 felk\u00e9sz\u00fcl\u00e9st k\u00edv\u00e1nunk \u00e9s rem\u00e9lj\u00fck, a testv\u00e9reddel j\u00f3l fogtok szerepeli a Vil\u00e1gbajnoks\u00e1gon.<\/span><br \/>\n<\/em><\/strong>K\u00f6sz\u00f6nj\u00fck a j\u00f3k\u00edv\u00e1ns\u00e1gokat, v\u00e1runk sok szeretettel a versenyen!<\/p>\n<p>&nbsp;<\/p>\n","protected":false},"excerpt":{"rendered":"<p>M\u00e1rcius 25-\u00e9n, szombaton 15 \u00f3rai kezd\u00e9ssel, megrendez\u00e9sre ker\u00fcl a Nat\u00far Vil\u00e1g Leger\u0151sebb Emberei Csapat Vil\u00e1gbajnoks\u00e1g Esztergomban. Magyarorsz\u00e1got Ifj. Fekete L\u00e1szl\u00f3 (h\u00e9tszeres vil\u00e1gbajnok) \u00e9s testv\u00e9re Fekete Mikl\u00f3s (n\u00e9gyszeres vil\u00e1gbajnok) k\u00e9pviseli. Az esem\u00e9nyen a versenyz\u0151k \u00f6t versenysz\u00e1mban m\u00e9rik \u00f6ssze az erej\u00fcket. A dorogimedence.hu szerkeszt\u0151s\u00e9ge Ifj. Fekete L\u00e1szl\u00f3t k\u00e9rdezte, hogy k\u00e9sz\u00fclnek testv\u00e9r\u00e9vel a bajnoks\u00e1gra. Laci, hogyan k\u00e9sz\u00fclt\u00f6k testv\u00e9reddel<\/p>\n","protected":false},"author":1,"featured_media":1178,"comment_status":"closed","ping_status":"closed","sticky":false,"template":"","format":"standard","meta":{"ngg_post_thumbnail":0,"footnotes":""},"categories":[64,2,38,3,5],"tags":[66,15,42,409,410,412,16,411],"class_list":{"0":"post-1174","1":"post","2":"type-post","3":"status-publish","4":"format-standard","5":"has-post-thumbnail","7":"category-csolnok","8":"category-dorog","9":"category-esztergom","10":"category-hirek","11":"category-sport","12":"tag-csolnok","13":"tag-dorog","14":"tag-esztergom","15":"tag-fekete-laszlo","16":"tag-fekete-miklos","17":"tag-natur-vilag-legerosebb-emberei","18":"tag-sport","19":"tag-vilagbajnoksag"},"yoast_head":"<!-- This site is optimized with the Yoast SEO plugin v27.5 - https:\/\/yoast.com\/product\/yoast-seo-wordpress\/ -->\n<title>Nat\u00far Vil\u00e1g Leger\u0151sebb Emberei Csapat Vil\u00e1gbajnoks\u00e1g<\/title>\n<meta name=\"robots\" content=\"index, follow, max-snippet:-1, max-image-preview:large, max-video-preview:-1\" \/>\n<link rel=\"canonical\" href=\"https:\/\/dorogimedence.hu\/index.php\/2017\/03\/04\/natur-vilag-legerosebb-emberei-csapat-vilagbajnoksag\/\" class=\"yoast-seo-meta-tag\" \/>\n<meta property=\"og:locale\" content=\"hu_HU\" class=\"yoast-seo-meta-tag\" \/>\n<meta property=\"og:type\" content=\"article\" class=\"yoast-seo-meta-tag\" \/>\n<meta property=\"og:title\" content=\"Nat\u00far Vil\u00e1g Leger\u0151sebb Emberei Csapat Vil\u00e1gbajnoks\u00e1g\" class=\"yoast-seo-meta-tag\" \/>\n<meta property=\"og:description\" content=\"M\u00e1rcius 25-\u00e9n, szombaton 15 \u00f3rai kezd\u00e9ssel, megrendez\u00e9sre ker\u00fcl a Nat\u00far Vil\u00e1g Leger\u0151sebb Emberei Csapat Vil\u00e1gbajnoks\u00e1g Esztergomban. Magyarorsz\u00e1got Ifj. Fekete L\u00e1szl\u00f3 (h\u00e9tszeres vil\u00e1gbajnok) \u00e9s testv\u00e9re Fekete Mikl\u00f3s (n\u00e9gyszeres vil\u00e1gbajnok) k\u00e9pviseli. Az esem\u00e9nyen a versenyz\u0151k \u00f6t versenysz\u00e1mban m\u00e9rik \u00f6ssze az erej\u00fcket. A dorogimedence.hu szerkeszt\u0151s\u00e9ge Ifj. Fekete L\u00e1szl\u00f3t k\u00e9rdezte, hogy k\u00e9sz\u00fclnek testv\u00e9r\u00e9vel a bajnoks\u00e1gra. Laci, hogyan k\u00e9sz\u00fclt\u00f6k testv\u00e9reddel\" class=\"yoast-seo-meta-tag\" \/>\n<meta property=\"og:url\" content=\"https:\/\/dorogimedence.hu\/index.php\/2017\/03\/04\/natur-vilag-legerosebb-emberei-csapat-vilagbajnoksag\/\" class=\"yoast-seo-meta-tag\" \/>\n<meta property=\"og:site_name\" content=\"Dorogi-medence Region\u00e1lis H\u00edrport\u00e1l\" class=\"yoast-seo-meta-tag\" \/>\n<meta property=\"article:publisher\" content=\"https:\/\/www.facebook.com\/dorogimedence\/\" class=\"yoast-seo-meta-tag\" \/>\n<meta property=\"article:published_time\" content=\"2017-03-04T10:55:21+00:00\" class=\"yoast-seo-meta-tag\" \/>\n<meta property=\"article:modified_time\" content=\"2017-03-04T14:33:09+00:00\" class=\"yoast-seo-meta-tag\" \/>\n<meta property=\"og:image\" content=\"https:\/\/i0.wp.com\/dorogimedence.hu\/wp-content\/uploads\/2017\/03\/fekete-laci-03.jpg?fit=665%2C395&ssl=1\" class=\"yoast-seo-meta-tag\" \/>\n\t<meta property=\"og:image:width\" content=\"665\" class=\"yoast-seo-meta-tag\" \/>\n\t<meta property=\"og:image:height\" content=\"395\" class=\"yoast-seo-meta-tag\" \/>\n\t<meta property=\"og:image:type\" content=\"image\/jpeg\" class=\"yoast-seo-meta-tag\" \/>\n<meta name=\"author\" content=\"dorogimedence.hu\" class=\"yoast-seo-meta-tag\" \/>\n<meta name=\"twitter:card\" content=\"summary_large_image\" class=\"yoast-seo-meta-tag\" \/>\n<meta name=\"twitter:label1\" content=\"Szerz\u0151:\" class=\"yoast-seo-meta-tag\" \/>\n\t<meta name=\"twitter:data1\" content=\"dorogimedence.hu\" class=\"yoast-seo-meta-tag\" \/>\n\t<meta name=\"twitter:label2\" content=\"Becs\u00fclt olvas\u00e1si id\u0151\" class=\"yoast-seo-meta-tag\" \/>\n\t<meta name=\"twitter:data2\" content=\"2 perc\" class=\"yoast-seo-meta-tag\" \/>\n<script type=\"application\/ld+json\" class=\"yoast-schema-graph\">{\"@context\":\"https:\\\/\\\/schema.org\",\"@graph\":[{\"@type\":\"Article\",\"@id\":\"https:\\\/\\\/dorogimedence.hu\\\/index.php\\\/2017\\\/03\\\/04\\\/natur-vilag-legerosebb-emberei-csapat-vilagbajnoksag\\\/#article\",\"isPartOf\":{\"@id\":\"https:\\\/\\\/dorogimedence.hu\\\/index.php\\\/2017\\\/03\\\/04\\\/natur-vilag-legerosebb-emberei-csapat-vilagbajnoksag\\\/\"},\"author\":{\"name\":\"dorogimedence.hu\",\"@id\":\"https:\\\/\\\/dorogimedence.hu\\\/#\\\/schema\\\/person\\\/ce6091eeb7e95ecdc87890d6aa8e0fd4\"},\"headline\":\"Nat\u00far Vil\u00e1g Leger\u0151sebb Emberei Csapat Vil\u00e1gbajnoks\u00e1g\",\"datePublished\":\"2017-03-04T10:55:21+00:00\",\"dateModified\":\"2017-03-04T14:33:09+00:00\",\"mainEntityOfPage\":{\"@id\":\"https:\\\/\\\/dorogimedence.hu\\\/index.php\\\/2017\\\/03\\\/04\\\/natur-vilag-legerosebb-emberei-csapat-vilagbajnoksag\\\/\"},\"wordCount\":488,\"publisher\":{\"@id\":\"https:\\\/\\\/dorogimedence.hu\\\/#organization\"},\"image\":{\"@id\":\"https:\\\/\\\/dorogimedence.hu\\\/index.php\\\/2017\\\/03\\\/04\\\/natur-vilag-legerosebb-emberei-csapat-vilagbajnoksag\\\/#primaryimage\"},\"thumbnailUrl\":\"https:\\\/\\\/dorogimedence.hu\\\/wp-content\\\/uploads\\\/2017\\\/03\\\/fekete-laci-03.jpg\",\"keywords\":[\"Csolnok\",\"Dorog\",\"esztergom\",\"Fekete L\u00e1szl\u00f3\",\"Fekete Mikl\u00f3s\",\"nat\u00far vil\u00e1g leger\u0151sebb emberei\",\"sport\",\"vil\u00e1gbajnoks\u00e1g\"],\"articleSection\":[\"Csolnok\",\"Dorog\",\"Esztergom\",\"H\u00edrek\",\"Sport\"],\"inLanguage\":\"hu\"},{\"@type\":\"WebPage\",\"@id\":\"https:\\\/\\\/dorogimedence.hu\\\/index.php\\\/2017\\\/03\\\/04\\\/natur-vilag-legerosebb-emberei-csapat-vilagbajnoksag\\\/\",\"url\":\"https:\\\/\\\/dorogimedence.hu\\\/index.php\\\/2017\\\/03\\\/04\\\/natur-vilag-legerosebb-emberei-csapat-vilagbajnoksag\\\/\",\"name\":\"Nat\u00far Vil\u00e1g Leger\u0151sebb Emberei Csapat Vil\u00e1gbajnoks\u00e1g\",\"isPartOf\":{\"@id\":\"https:\\\/\\\/dorogimedence.hu\\\/#website\"},\"primaryImageOfPage\":{\"@id\":\"https:\\\/\\\/dorogimedence.hu\\\/index.php\\\/2017\\\/03\\\/04\\\/natur-vilag-legerosebb-emberei-csapat-vilagbajnoksag\\\/#primaryimage\"},\"image\":{\"@id\":\"https:\\\/\\\/dorogimedence.hu\\\/index.php\\\/2017\\\/03\\\/04\\\/natur-vilag-legerosebb-emberei-csapat-vilagbajnoksag\\\/#primaryimage\"},\"thumbnailUrl\":\"https:\\\/\\\/dorogimedence.hu\\\/wp-content\\\/uploads\\\/2017\\\/03\\\/fekete-laci-03.jpg\",\"datePublished\":\"2017-03-04T10:55:21+00:00\",\"dateModified\":\"2017-03-04T14:33:09+00:00\",\"breadcrumb\":{\"@id\":\"https:\\\/\\\/dorogimedence.hu\\\/index.php\\\/2017\\\/03\\\/04\\\/natur-vilag-legerosebb-emberei-csapat-vilagbajnoksag\\\/#breadcrumb\"},\"inLanguage\":\"hu\",\"potentialAction\":[{\"@type\":\"ReadAction\",\"target\":[\"https:\\\/\\\/dorogimedence.hu\\\/index.php\\\/2017\\\/03\\\/04\\\/natur-vilag-legerosebb-emberei-csapat-vilagbajnoksag\\\/\"]}]},{\"@type\":\"ImageObject\",\"inLanguage\":\"hu\",\"@id\":\"https:\\\/\\\/dorogimedence.hu\\\/index.php\\\/2017\\\/03\\\/04\\\/natur-vilag-legerosebb-emberei-csapat-vilagbajnoksag\\\/#primaryimage\",\"url\":\"https:\\\/\\\/dorogimedence.hu\\\/wp-content\\\/uploads\\\/2017\\\/03\\\/fekete-laci-03.jpg\",\"contentUrl\":\"https:\\\/\\\/dorogimedence.hu\\\/wp-content\\\/uploads\\\/2017\\\/03\\\/fekete-laci-03.jpg\",\"width\":665,\"height\":395},{\"@type\":\"BreadcrumbList\",\"@id\":\"https:\\\/\\\/dorogimedence.hu\\\/index.php\\\/2017\\\/03\\\/04\\\/natur-vilag-legerosebb-emberei-csapat-vilagbajnoksag\\\/#breadcrumb\",\"itemListElement\":[{\"@type\":\"ListItem\",\"position\":1,\"name\":\"Kezd\u0151lap\",\"item\":\"https:\\\/\\\/dorogimedence.hu\\\/\"},{\"@type\":\"ListItem\",\"position\":2,\"name\":\"Nat\u00far Vil\u00e1g Leger\u0151sebb Emberei Csapat Vil\u00e1gbajnoks\u00e1g\"}]},{\"@type\":\"WebSite\",\"@id\":\"https:\\\/\\\/dorogimedence.hu\\\/#website\",\"url\":\"https:\\\/\\\/dorogimedence.hu\\\/\",\"name\":\"Dorogi-medence Region\u00e1lis H\u00edrport\u00e1l\",\"description\":\"Dorog, Keszt\u00f6lc, Le\u00e1nyv\u00e1r, Piliscs\u00e9v, Tokod, Tokodalt\u00e1r\u00f3, Csolnok, Esztergom-kertv\u00e1ros: h\u00edrek, programok\",\"publisher\":{\"@id\":\"https:\\\/\\\/dorogimedence.hu\\\/#organization\"},\"potentialAction\":[{\"@type\":\"SearchAction\",\"target\":{\"@type\":\"EntryPoint\",\"urlTemplate\":\"https:\\\/\\\/dorogimedence.hu\\\/?s={search_term_string}\"},\"query-input\":{\"@type\":\"PropertyValueSpecification\",\"valueRequired\":true,\"valueName\":\"search_term_string\"}}],\"inLanguage\":\"hu\"},{\"@type\":\"Organization\",\"@id\":\"https:\\\/\\\/dorogimedence.hu\\\/#organization\",\"name\":\"Dorogi-medence Region\u00e1lis H\u00edrport\u00e1l\",\"url\":\"https:\\\/\\\/dorogimedence.hu\\\/\",\"logo\":{\"@type\":\"ImageObject\",\"inLanguage\":\"hu\",\"@id\":\"https:\\\/\\\/dorogimedence.hu\\\/#\\\/schema\\\/logo\\\/image\\\/\",\"url\":\"https:\\\/\\\/dorogimedence.hu\\\/wp-content\\\/uploads\\\/2021\\\/04\\\/logo-feher-600.png\",\"contentUrl\":\"https:\\\/\\\/dorogimedence.hu\\\/wp-content\\\/uploads\\\/2021\\\/04\\\/logo-feher-600.png\",\"width\":600,\"height\":100,\"caption\":\"Dorogi-medence Region\u00e1lis H\u00edrport\u00e1l\"},\"image\":{\"@id\":\"https:\\\/\\\/dorogimedence.hu\\\/#\\\/schema\\\/logo\\\/image\\\/\"},\"sameAs\":[\"https:\\\/\\\/www.facebook.com\\\/dorogimedence\\\/\"]},{\"@type\":\"Person\",\"@id\":\"https:\\\/\\\/dorogimedence.hu\\\/#\\\/schema\\\/person\\\/ce6091eeb7e95ecdc87890d6aa8e0fd4\",\"name\":\"dorogimedence.hu\",\"image\":{\"@type\":\"ImageObject\",\"inLanguage\":\"hu\",\"@id\":\"\\\/\\\/www.gravatar.com\\\/avatar\\\/d8d45f8901aadff40a4af72c0b826f1d?s=96&#038;r=g&#038;d=mm\",\"url\":\"\\\/\\\/www.gravatar.com\\\/avatar\\\/d8d45f8901aadff40a4af72c0b826f1d?s=96&#038;r=g&#038;d=mm\",\"contentUrl\":\"\\\/\\\/www.gravatar.com\\\/avatar\\\/d8d45f8901aadff40a4af72c0b826f1d?s=96&#038;r=g&#038;d=mm\",\"caption\":\"dorogimedence.hu\"}}]}<\/script>\n<!-- \/ Yoast SEO plugin. -->","yoast_head_json":{"title":"Nat\u00far Vil\u00e1g Leger\u0151sebb Emberei Csapat Vil\u00e1gbajnoks\u00e1g","robots":{"index":"index","follow":"follow","max-snippet":"max-snippet:-1","max-image-preview":"max-image-preview:large","max-video-preview":"max-video-preview:-1"},"canonical":"https:\/\/dorogimedence.hu\/index.php\/2017\/03\/04\/natur-vilag-legerosebb-emberei-csapat-vilagbajnoksag\/","og_locale":"hu_HU","og_type":"article","og_title":"Nat\u00far Vil\u00e1g Leger\u0151sebb Emberei Csapat Vil\u00e1gbajnoks\u00e1g","og_description":"M\u00e1rcius 25-\u00e9n, szombaton 15 \u00f3rai kezd\u00e9ssel, megrendez\u00e9sre ker\u00fcl a Nat\u00far Vil\u00e1g Leger\u0151sebb Emberei Csapat Vil\u00e1gbajnoks\u00e1g Esztergomban. Magyarorsz\u00e1got Ifj. Fekete L\u00e1szl\u00f3 (h\u00e9tszeres vil\u00e1gbajnok) \u00e9s testv\u00e9re Fekete Mikl\u00f3s (n\u00e9gyszeres vil\u00e1gbajnok) k\u00e9pviseli. Az esem\u00e9nyen a versenyz\u0151k \u00f6t versenysz\u00e1mban m\u00e9rik \u00f6ssze az erej\u00fcket. A dorogimedence.hu szerkeszt\u0151s\u00e9ge Ifj. Fekete L\u00e1szl\u00f3t k\u00e9rdezte, hogy k\u00e9sz\u00fclnek testv\u00e9r\u00e9vel a bajnoks\u00e1gra. Laci, hogyan k\u00e9sz\u00fclt\u00f6k testv\u00e9reddel","og_url":"https:\/\/dorogimedence.hu\/index.php\/2017\/03\/04\/natur-vilag-legerosebb-emberei-csapat-vilagbajnoksag\/","og_site_name":"Dorogi-medence Region\u00e1lis H\u00edrport\u00e1l","article_publisher":"https:\/\/www.facebook.com\/dorogimedence\/","article_published_time":"2017-03-04T10:55:21+00:00","article_modified_time":"2017-03-04T14:33:09+00:00","og_image":[{"width":665,"height":395,"url":"https:\/\/i0.wp.com\/dorogimedence.hu\/wp-content\/uploads\/2017\/03\/fekete-laci-03.jpg?fit=665%2C395&ssl=1","type":"image\/jpeg"}],"author":"dorogimedence.hu","twitter_card":"summary_large_image","twitter_misc":{"Szerz\u0151:":"dorogimedence.hu","Becs\u00fclt olvas\u00e1si id\u0151":"2 perc"},"schema":{"@context":"https:\/\/schema.org","@graph":[{"@type":"Article","@id":"https:\/\/dorogimedence.hu\/index.php\/2017\/03\/04\/natur-vilag-legerosebb-emberei-csapat-vilagbajnoksag\/#article","isPartOf":{"@id":"https:\/\/dorogimedence.hu\/index.php\/2017\/03\/04\/natur-vilag-legerosebb-emberei-csapat-vilagbajnoksag\/"},"author":{"name":"dorogimedence.hu","@id":"https:\/\/dorogimedence.hu\/#\/schema\/person\/ce6091eeb7e95ecdc87890d6aa8e0fd4"},"headline":"Nat\u00far Vil\u00e1g Leger\u0151sebb Emberei Csapat Vil\u00e1gbajnoks\u00e1g","datePublished":"2017-03-04T10:55:21+00:00","dateModified":"2017-03-04T14:33:09+00:00","mainEntityOfPage":{"@id":"https:\/\/dorogimedence.hu\/index.php\/2017\/03\/04\/natur-vilag-legerosebb-emberei-csapat-vilagbajnoksag\/"},"wordCount":488,"publisher":{"@id":"https:\/\/dorogimedence.hu\/#organization"},"image":{"@id":"https:\/\/dorogimedence.hu\/index.php\/2017\/03\/04\/natur-vilag-legerosebb-emberei-csapat-vilagbajnoksag\/#primaryimage"},"thumbnailUrl":"https:\/\/dorogimedence.hu\/wp-content\/uploads\/2017\/03\/fekete-laci-03.jpg","keywords":["Csolnok","Dorog","esztergom","Fekete L\u00e1szl\u00f3","Fekete Mikl\u00f3s","nat\u00far vil\u00e1g leger\u0151sebb emberei","sport","vil\u00e1gbajnoks\u00e1g"],"articleSection":["Csolnok","Dorog","Esztergom","H\u00edrek","Sport"],"inLanguage":"hu"},{"@type":"WebPage","@id":"https:\/\/dorogimedence.hu\/index.php\/2017\/03\/04\/natur-vilag-legerosebb-emberei-csapat-vilagbajnoksag\/","url":"https:\/\/dorogimedence.hu\/index.php\/2017\/03\/04\/natur-vilag-legerosebb-emberei-csapat-vilagbajnoksag\/","name":"Nat\u00far Vil\u00e1g Leger\u0151sebb Emberei Csapat Vil\u00e1gbajnoks\u00e1g","isPartOf":{"@id":"https:\/\/dorogimedence.hu\/#website"},"primaryImageOfPage":{"@id":"https:\/\/dorogimedence.hu\/index.php\/2017\/03\/04\/natur-vilag-legerosebb-emberei-csapat-vilagbajnoksag\/#primaryimage"},"image":{"@id":"https:\/\/dorogimedence.hu\/index.php\/2017\/03\/04\/natur-vilag-legerosebb-emberei-csapat-vilagbajnoksag\/#primaryimage"},"thumbnailUrl":"https:\/\/dorogimedence.hu\/wp-content\/uploads\/2017\/03\/fekete-laci-03.jpg","datePublished":"2017-03-04T10:55:21+00:00","dateModified":"2017-03-04T14:33:09+00:00","breadcrumb":{"@id":"https:\/\/dorogimedence.hu\/index.php\/2017\/03\/04\/natur-vilag-legerosebb-emberei-csapat-vilagbajnoksag\/#breadcrumb"},"inLanguage":"hu","potentialAction":[{"@type":"ReadAction","target":["https:\/\/dorogimedence.hu\/index.php\/2017\/03\/04\/natur-vilag-legerosebb-emberei-csapat-vilagbajnoksag\/"]}]},{"@type":"ImageObject","inLanguage":"hu","@id":"https:\/\/dorogimedence.hu\/index.php\/2017\/03\/04\/natur-vilag-legerosebb-emberei-csapat-vilagbajnoksag\/#primaryimage","url":"https:\/\/dorogimedence.hu\/wp-content\/uploads\/2017\/03\/fekete-laci-03.jpg","contentUrl":"https:\/\/dorogimedence.hu\/wp-content\/uploads\/2017\/03\/fekete-laci-03.jpg","width":665,"height":395},{"@type":"BreadcrumbList","@id":"https:\/\/dorogimedence.hu\/index.php\/2017\/03\/04\/natur-vilag-legerosebb-emberei-csapat-vilagbajnoksag\/#breadcrumb","itemListElement":[{"@type":"ListItem","position":1,"name":"Kezd\u0151lap","item":"https:\/\/dorogimedence.hu\/"},{"@type":"ListItem","position":2,"name":"Nat\u00far Vil\u00e1g Leger\u0151sebb Emberei Csapat Vil\u00e1gbajnoks\u00e1g"}]},{"@type":"WebSite","@id":"https:\/\/dorogimedence.hu\/#website","url":"https:\/\/dorogimedence.hu\/","name":"Dorogi-medence Region\u00e1lis H\u00edrport\u00e1l","description":"Dorog, Keszt\u00f6lc, Le\u00e1nyv\u00e1r, Piliscs\u00e9v, Tokod, Tokodalt\u00e1r\u00f3, Csolnok, Esztergom-kertv\u00e1ros: h\u00edrek, programok","publisher":{"@id":"https:\/\/dorogimedence.hu\/#organization"},"potentialAction":[{"@type":"SearchAction","target":{"@type":"EntryPoint","urlTemplate":"https:\/\/dorogimedence.hu\/?s={search_term_string}"},"query-input":{"@type":"PropertyValueSpecification","valueRequired":true,"valueName":"search_term_string"}}],"inLanguage":"hu"},{"@type":"Organization","@id":"https:\/\/dorogimedence.hu\/#organization","name":"Dorogi-medence Region\u00e1lis H\u00edrport\u00e1l","url":"https:\/\/dorogimedence.hu\/","logo":{"@type":"ImageObject","inLanguage":"hu","@id":"https:\/\/dorogimedence.hu\/#\/schema\/logo\/image\/","url":"https:\/\/dorogimedence.hu\/wp-content\/uploads\/2021\/04\/logo-feher-600.png","contentUrl":"https:\/\/dorogimedence.hu\/wp-content\/uploads\/2021\/04\/logo-feher-600.png","width":600,"height":100,"caption":"Dorogi-medence Region\u00e1lis H\u00edrport\u00e1l"},"image":{"@id":"https:\/\/dorogimedence.hu\/#\/schema\/logo\/image\/"},"sameAs":["https:\/\/www.facebook.com\/dorogimedence\/"]},{"@type":"Person","@id":"https:\/\/dorogimedence.hu\/#\/schema\/person\/ce6091eeb7e95ecdc87890d6aa8e0fd4","name":"dorogimedence.hu","image":{"@type":"ImageObject","inLanguage":"hu","@id":"\/\/www.gravatar.com\/avatar\/d8d45f8901aadff40a4af72c0b826f1d?s=96&#038;r=g&#038;d=mm","url":"\/\/www.gravatar.com\/avatar\/d8d45f8901aadff40a4af72c0b826f1d?s=96&#038;r=g&#038;d=mm","contentUrl":"\/\/www.gravatar.com\/avatar\/d8d45f8901aadff40a4af72c0b826f1d?s=96&#038;r=g&#038;d=mm","caption":"dorogimedence.hu"}}]}},"_links":{"self":[{"href":"https:\/\/dorogimedence.hu\/index.php\/wp-json\/wp\/v2\/posts\/1174","targetHints":{"allow":["GET"]}}],"collection":[{"href":"https:\/\/dorogimedence.hu\/index.php\/wp-json\/wp\/v2\/posts"}],"about":[{"href":"https:\/\/dorogimedence.hu\/index.php\/wp-json\/wp\/v2\/types\/post"}],"author":[{"embeddable":true,"href":"https:\/\/dorogimedence.hu\/index.php\/wp-json\/wp\/v2\/users\/1"}],"replies":[{"embeddable":true,"href":"https:\/\/dorogimedence.hu\/index.php\/wp-json\/wp\/v2\/comments?post=1174"}],"version-history":[{"count":0,"href":"https:\/\/dorogimedence.hu\/index.php\/wp-json\/wp\/v2\/posts\/1174\/revisions"}],"wp:featuredmedia":[{"embeddable":true,"href":"https:\/\/dorogimedence.hu\/index.php\/wp-json\/wp\/v2\/media\/1178"}],"wp:attachment":[{"href":"https:\/\/dorogimedence.hu\/index.php\/wp-json\/wp\/v2\/media?parent=1174"}],"wp:term":[{"taxonomy":"category","embeddable":true,"href":"https:\/\/dorogimedence.hu\/index.php\/wp-json\/wp\/v2\/categories?post=1174"},{"taxonomy":"post_tag","embeddable":true,"href":"https:\/\/dorogimedence.hu\/index.php\/wp-json\/wp\/v2\/tags?post=1174"}],"curies":[{"name":"wp","href":"https:\/\/api.w.org\/{rel}","templated":true}]}}