{"id":1171,"date":"2017-03-04T11:13:19","date_gmt":"2017-03-04T10:13:19","guid":{"rendered":"http:\/\/dorogimedence.hu\/?p=1171"},"modified":"2017-03-04T11:13:19","modified_gmt":"2017-03-04T10:13:19","slug":"apa-fia-parharc-kovetkezik-a-fociban","status":"publish","type":"post","link":"https:\/\/dorogimedence.hu\/index.php\/2017\/03\/04\/apa-fia-parharc-kovetkezik-a-fociban\/","title":{"rendered":"Apa-fia p\u00e1rharc k\u00f6vetkezik a fociban"},"content":{"rendered":"<p>M\u00e1rcius 5-\u00e9n, vas\u00e1rnap 14:30-kor folytat\u00f3dik az NB II. <span style=\"font-size: medium;\">Merkantil Bank Liga 23. fordul\u00f3ja. A Dorogi FC, a ZTE FC-t fogadja otthon\u00e1ban, a dorogi Buz\u00e1nszky Jen\u0151 Stadionban.<\/span><\/p>\n<p><strong>J\u00e1t\u00e9kvezet\u0151:<\/strong> Ber\u00e9nyi Tam\u00e1s. <strong>Asszisztensek:<\/strong> M\u00e1yer G\u00e1bor, Hofbauer Roland<\/p>\n<p>A Csat\u00f3 S\u00e1ndor vezet\u0151edz\u0151 \u00e1ltal ir\u00e1ny\u00edtott t\u00e1rsas\u00e1g a tabell\u00e1n a <strong>9. helyen<\/strong> \u00e1ll &#8211; <strong>9 gy\u0151zelemmel 7 d\u00f6ntetlennel \u00e9s 6 veres\u00e9ggel.<\/strong> A <strong>r\u00fagott g\u00f3lok<\/strong>at tekintve <strong>(35)<\/strong> el\u0151kel\u0151 helyen \u00e1llnak, a <strong>kapott g\u00f3lok<\/strong> alapj\u00e1n <strong>(29)<\/strong> a k\u00f6z\u00e9pmez\u0151nyh\u00f6z tartoznak.<\/p>\n<p>Az \u0151sszel 10 idegenbeli m\u00e9rk\u0151z\u00e9sen t\u00f6bb-kevesebb sikerrel szerepeltek, 3 gy\u0151zelem, 5 d\u00f6ntetlen \u00e9s 2 veres\u00e9g a mutat\u00f3juk.<\/p>\n<p>A mieink, a <strong>15. poz\u00edci\u00f3ban &#8211; 7 gy\u0151zelemmel 5 d\u00f6ntetlennel \u00e9s 10 veres\u00e9ggel &#8211; <\/strong>v\u00e1rj\u00e1k a k\u00f6vetkez\u0151 fordul\u00f3t. (G\u00f3lk\u00fcl\u00f6nbs\u00e9g: 22-27)<\/p>\n<p>A k\u00e9t csapat k\u00f6z\u00f6tt jelenleg <strong>8 pont<\/strong> a k\u00fcl\u00f6nbs\u00e9g. <strong>Dorog:<\/strong> 26 pont, <strong>ZTE:<\/strong> 34 pont<\/p>\n<p>Az \u00f6sszecsap\u00e1s pikant\u00e9ri\u00e1ja, hogy a ZTE vezet\u0151edz\u0151j\u00e9nek, Csat\u00f3 S\u00e1ndornak a fia a dorogi csapat h\u00e1tv\u00e9dje (Csat\u00f3 Martin). Mivel &#8211; ha nem is a p\u00e1ly\u00e1n &#8211; <strong>apa-fia p\u00e1rbaj<\/strong> k\u00f6vetkezik, ez\u00e9rt \u0151ket k\u00e9rdezt\u00fck meg, hogy mit v\u00e1rnak a m\u00e9rk\u0151z\u00e9st\u0151l.<\/p>\n<p><strong>Csat\u00f3 S\u00e1ndor (ZTE): <\/strong>Harcos, kem\u00e9ny m\u00e9rk\u0151z\u00e9sre sz\u00e1m\u00edtok, term\u00e9szetesen ZTE gy\u0151zelemmel. Neh\u00e9z dolgunk lesz, mert a Dorog nagyon kellemetlen g\u00e1rda hazai p\u00e1ly\u00e1n, de beszerezt\u00fck \u00e9s kielemezt\u00fck az inform\u00e1ci\u00f3kat az ellenf\u00e9lr\u0151l, sz\u00f3val felk\u00e9sz\u00fclt\u00fcnk, j\u00f3 meccsre sz\u00e1m\u00edtok. K\u00fcl\u00f6n \u00e9rdekess\u00e9g, mert nem volt m\u00e9g ilyen, hogy a fiam, Martin csapata ellen kelljen megm\u00e9rk\u0151zn\u00fcnk. Megparancsoltam neki, hogy g\u00f3lt nem r\u00faghat.<\/p>\n<p><strong>Csat\u00f3 Martin (Dorog):<\/strong> A Vasas meccs ut\u00e1ni 2 napos pihen\u0151 nagyon kellett, mert szorosan j\u00f6ttek egym\u00e1s ut\u00e1n a meccsek \u00e9s le voltunk terhelve, de most m\u00e1r kipihent\u00fck magunkat \u00e9s v\u00e1rjuk a ZTE elleni \u00f6sszecsap\u00e1st. Mindenk\u00e9ppen gy\u0151zni szeretn\u00e9nk, nagy skalp lenne, ha nyern\u00e9nk, mert j\u00f3 csapatnak tartom a ZTE-t. Az ellenf\u00e9l j\u00e1t\u00e9k\u00e1t, j\u00e1t\u00e9kosait m\u00e1r kielemezt\u00fck illetve k\u00f6zeli ismer\u0151s\u00f6m a Zalaegerszeg edz\u0151je, ez\u00e9rt bels\u0151 inf\u00f3kat is siker\u00fclt megtudnom, \u00fagyhogy reszkess ZTE!<\/p>\n<p><strong>HAJR\u00c1 DOROG!<\/strong><\/p>\n<p><em>Forr\u00e1s: Dorogi FC<\/em><\/p>\n","protected":false},"excerpt":{"rendered":"<p>M\u00e1rcius 5-\u00e9n, vas\u00e1rnap 14:30-kor folytat\u00f3dik az NB II. Merkantil Bank Liga 23. fordul\u00f3ja. A Dorogi FC, a ZTE FC-t fogadja otthon\u00e1ban, a dorogi Buz\u00e1nszky Jen\u0151 Stadionban. J\u00e1t\u00e9kvezet\u0151: Ber\u00e9nyi Tam\u00e1s. Asszisztensek: M\u00e1yer G\u00e1bor, Hofbauer Roland A Csat\u00f3 S\u00e1ndor vezet\u0151edz\u0151 \u00e1ltal ir\u00e1ny\u00edtott t\u00e1rsas\u00e1g a tabell\u00e1n a 9. helyen \u00e1ll &#8211; 9 gy\u0151zelemmel 7 d\u00f6ntetlennel \u00e9s 6 veres\u00e9ggel.<\/p>\n","protected":false},"author":1,"featured_media":1172,"comment_status":"closed","ping_status":"closed","sticky":false,"template":"","format":"standard","meta":{"ngg_post_thumbnail":0,"footnotes":""},"categories":[2,3,5],"tags":[15,37,70,69,16,408],"class_list":{"0":"post-1171","1":"post","2":"type-post","3":"status-publish","4":"format-standard","5":"has-post-thumbnail","7":"category-dorog","8":"category-hirek","9":"category-sport","10":"tag-dorog","11":"tag-dorogi-fc","12":"tag-foci","13":"tag-futball","14":"tag-sport","15":"tag-zte-fc"},"yoast_head":"<!-- This site is optimized with the Yoast SEO plugin v27.4 - https:\/\/yoast.com\/product\/yoast-seo-wordpress\/ -->\n<title>Apa-fia p\u00e1rharc k\u00f6vetkezik a fociban<\/title>\n<meta name=\"robots\" content=\"index, follow, max-snippet:-1, max-image-preview:large, max-video-preview:-1\" \/>\n<link rel=\"canonical\" href=\"https:\/\/dorogimedence.hu\/index.php\/2017\/03\/04\/apa-fia-parharc-kovetkezik-a-fociban\/\" class=\"yoast-seo-meta-tag\" \/>\n<meta property=\"og:locale\" content=\"hu_HU\" class=\"yoast-seo-meta-tag\" \/>\n<meta property=\"og:type\" content=\"article\" class=\"yoast-seo-meta-tag\" \/>\n<meta property=\"og:title\" content=\"Apa-fia p\u00e1rharc k\u00f6vetkezik a fociban\" class=\"yoast-seo-meta-tag\" \/>\n<meta property=\"og:description\" content=\"M\u00e1rcius 5-\u00e9n, vas\u00e1rnap 14:30-kor folytat\u00f3dik az NB II. Merkantil Bank Liga 23. fordul\u00f3ja. A Dorogi FC, a ZTE FC-t fogadja otthon\u00e1ban, a dorogi Buz\u00e1nszky Jen\u0151 Stadionban. J\u00e1t\u00e9kvezet\u0151: Ber\u00e9nyi Tam\u00e1s. Asszisztensek: M\u00e1yer G\u00e1bor, Hofbauer Roland A Csat\u00f3 S\u00e1ndor vezet\u0151edz\u0151 \u00e1ltal ir\u00e1ny\u00edtott t\u00e1rsas\u00e1g a tabell\u00e1n a 9. helyen \u00e1ll &#8211; 9 gy\u0151zelemmel 7 d\u00f6ntetlennel \u00e9s 6 veres\u00e9ggel.\" class=\"yoast-seo-meta-tag\" \/>\n<meta property=\"og:url\" content=\"https:\/\/dorogimedence.hu\/index.php\/2017\/03\/04\/apa-fia-parharc-kovetkezik-a-fociban\/\" class=\"yoast-seo-meta-tag\" \/>\n<meta property=\"og:site_name\" content=\"Dorogi-medence Region\u00e1lis H\u00edrport\u00e1l\" class=\"yoast-seo-meta-tag\" \/>\n<meta property=\"article:publisher\" content=\"https:\/\/www.facebook.com\/dorogimedence\/\" class=\"yoast-seo-meta-tag\" \/>\n<meta property=\"article:published_time\" content=\"2017-03-04T10:13:19+00:00\" class=\"yoast-seo-meta-tag\" \/>\n<meta property=\"og:image\" content=\"https:\/\/i0.wp.com\/dorogimedence.hu\/wp-content\/uploads\/2017\/03\/dorogi-fc05.jpg?fit=640%2C438&ssl=1\" class=\"yoast-seo-meta-tag\" \/>\n\t<meta property=\"og:image:width\" content=\"640\" class=\"yoast-seo-meta-tag\" \/>\n\t<meta property=\"og:image:height\" content=\"438\" class=\"yoast-seo-meta-tag\" \/>\n\t<meta property=\"og:image:type\" content=\"image\/jpeg\" class=\"yoast-seo-meta-tag\" \/>\n<meta name=\"author\" content=\"dorogimedence.hu\" class=\"yoast-seo-meta-tag\" \/>\n<meta name=\"twitter:card\" content=\"summary_large_image\" class=\"yoast-seo-meta-tag\" \/>\n<meta name=\"twitter:label1\" content=\"Szerz\u0151:\" class=\"yoast-seo-meta-tag\" \/>\n\t<meta name=\"twitter:data1\" content=\"dorogimedence.hu\" class=\"yoast-seo-meta-tag\" \/>\n\t<meta name=\"twitter:label2\" content=\"Becs\u00fclt olvas\u00e1si id\u0151\" class=\"yoast-seo-meta-tag\" \/>\n\t<meta name=\"twitter:data2\" content=\"2 perc\" class=\"yoast-seo-meta-tag\" \/>\n<script type=\"application\/ld+json\" class=\"yoast-schema-graph\">{\"@context\":\"https:\\\/\\\/schema.org\",\"@graph\":[{\"@type\":\"Article\",\"@id\":\"https:\\\/\\\/dorogimedence.hu\\\/index.php\\\/2017\\\/03\\\/04\\\/apa-fia-parharc-kovetkezik-a-fociban\\\/#article\",\"isPartOf\":{\"@id\":\"https:\\\/\\\/dorogimedence.hu\\\/index.php\\\/2017\\\/03\\\/04\\\/apa-fia-parharc-kovetkezik-a-fociban\\\/\"},\"author\":{\"name\":\"dorogimedence.hu\",\"@id\":\"https:\\\/\\\/dorogimedence.hu\\\/#\\\/schema\\\/person\\\/ce6091eeb7e95ecdc87890d6aa8e0fd4\"},\"headline\":\"Apa-fia p\u00e1rharc k\u00f6vetkezik a fociban\",\"datePublished\":\"2017-03-04T10:13:19+00:00\",\"mainEntityOfPage\":{\"@id\":\"https:\\\/\\\/dorogimedence.hu\\\/index.php\\\/2017\\\/03\\\/04\\\/apa-fia-parharc-kovetkezik-a-fociban\\\/\"},\"wordCount\":419,\"publisher\":{\"@id\":\"https:\\\/\\\/dorogimedence.hu\\\/#organization\"},\"image\":{\"@id\":\"https:\\\/\\\/dorogimedence.hu\\\/index.php\\\/2017\\\/03\\\/04\\\/apa-fia-parharc-kovetkezik-a-fociban\\\/#primaryimage\"},\"thumbnailUrl\":\"https:\\\/\\\/dorogimedence.hu\\\/wp-content\\\/uploads\\\/2017\\\/03\\\/dorogi-fc05.jpg\",\"keywords\":[\"Dorog\",\"Dorogi FC\",\"foci\",\"futball\",\"sport\",\"ZTE FC\"],\"articleSection\":[\"Dorog\",\"H\u00edrek\",\"Sport\"],\"inLanguage\":\"hu\"},{\"@type\":\"WebPage\",\"@id\":\"https:\\\/\\\/dorogimedence.hu\\\/index.php\\\/2017\\\/03\\\/04\\\/apa-fia-parharc-kovetkezik-a-fociban\\\/\",\"url\":\"https:\\\/\\\/dorogimedence.hu\\\/index.php\\\/2017\\\/03\\\/04\\\/apa-fia-parharc-kovetkezik-a-fociban\\\/\",\"name\":\"Apa-fia p\u00e1rharc k\u00f6vetkezik a fociban\",\"isPartOf\":{\"@id\":\"https:\\\/\\\/dorogimedence.hu\\\/#website\"},\"primaryImageOfPage\":{\"@id\":\"https:\\\/\\\/dorogimedence.hu\\\/index.php\\\/2017\\\/03\\\/04\\\/apa-fia-parharc-kovetkezik-a-fociban\\\/#primaryimage\"},\"image\":{\"@id\":\"https:\\\/\\\/dorogimedence.hu\\\/index.php\\\/2017\\\/03\\\/04\\\/apa-fia-parharc-kovetkezik-a-fociban\\\/#primaryimage\"},\"thumbnailUrl\":\"https:\\\/\\\/dorogimedence.hu\\\/wp-content\\\/uploads\\\/2017\\\/03\\\/dorogi-fc05.jpg\",\"datePublished\":\"2017-03-04T10:13:19+00:00\",\"breadcrumb\":{\"@id\":\"https:\\\/\\\/dorogimedence.hu\\\/index.php\\\/2017\\\/03\\\/04\\\/apa-fia-parharc-kovetkezik-a-fociban\\\/#breadcrumb\"},\"inLanguage\":\"hu\",\"potentialAction\":[{\"@type\":\"ReadAction\",\"target\":[\"https:\\\/\\\/dorogimedence.hu\\\/index.php\\\/2017\\\/03\\\/04\\\/apa-fia-parharc-kovetkezik-a-fociban\\\/\"]}]},{\"@type\":\"ImageObject\",\"inLanguage\":\"hu\",\"@id\":\"https:\\\/\\\/dorogimedence.hu\\\/index.php\\\/2017\\\/03\\\/04\\\/apa-fia-parharc-kovetkezik-a-fociban\\\/#primaryimage\",\"url\":\"https:\\\/\\\/dorogimedence.hu\\\/wp-content\\\/uploads\\\/2017\\\/03\\\/dorogi-fc05.jpg\",\"contentUrl\":\"https:\\\/\\\/dorogimedence.hu\\\/wp-content\\\/uploads\\\/2017\\\/03\\\/dorogi-fc05.jpg\",\"width\":640,\"height\":438},{\"@type\":\"BreadcrumbList\",\"@id\":\"https:\\\/\\\/dorogimedence.hu\\\/index.php\\\/2017\\\/03\\\/04\\\/apa-fia-parharc-kovetkezik-a-fociban\\\/#breadcrumb\",\"itemListElement\":[{\"@type\":\"ListItem\",\"position\":1,\"name\":\"Kezd\u0151lap\",\"item\":\"https:\\\/\\\/dorogimedence.hu\\\/\"},{\"@type\":\"ListItem\",\"position\":2,\"name\":\"Apa-fia p\u00e1rharc k\u00f6vetkezik a fociban\"}]},{\"@type\":\"WebSite\",\"@id\":\"https:\\\/\\\/dorogimedence.hu\\\/#website\",\"url\":\"https:\\\/\\\/dorogimedence.hu\\\/\",\"name\":\"Dorogi-medence Region\u00e1lis H\u00edrport\u00e1l\",\"description\":\"Dorog, Keszt\u00f6lc, Le\u00e1nyv\u00e1r, Piliscs\u00e9v, Tokod, Tokodalt\u00e1r\u00f3, Csolnok, Esztergom-kertv\u00e1ros: h\u00edrek, programok\",\"publisher\":{\"@id\":\"https:\\\/\\\/dorogimedence.hu\\\/#organization\"},\"potentialAction\":[{\"@type\":\"SearchAction\",\"target\":{\"@type\":\"EntryPoint\",\"urlTemplate\":\"https:\\\/\\\/dorogimedence.hu\\\/?s={search_term_string}\"},\"query-input\":{\"@type\":\"PropertyValueSpecification\",\"valueRequired\":true,\"valueName\":\"search_term_string\"}}],\"inLanguage\":\"hu\"},{\"@type\":\"Organization\",\"@id\":\"https:\\\/\\\/dorogimedence.hu\\\/#organization\",\"name\":\"Dorogi-medence Region\u00e1lis H\u00edrport\u00e1l\",\"url\":\"https:\\\/\\\/dorogimedence.hu\\\/\",\"logo\":{\"@type\":\"ImageObject\",\"inLanguage\":\"hu\",\"@id\":\"https:\\\/\\\/dorogimedence.hu\\\/#\\\/schema\\\/logo\\\/image\\\/\",\"url\":\"https:\\\/\\\/dorogimedence.hu\\\/wp-content\\\/uploads\\\/2021\\\/04\\\/logo-feher-600.png\",\"contentUrl\":\"https:\\\/\\\/dorogimedence.hu\\\/wp-content\\\/uploads\\\/2021\\\/04\\\/logo-feher-600.png\",\"width\":600,\"height\":100,\"caption\":\"Dorogi-medence Region\u00e1lis H\u00edrport\u00e1l\"},\"image\":{\"@id\":\"https:\\\/\\\/dorogimedence.hu\\\/#\\\/schema\\\/logo\\\/image\\\/\"},\"sameAs\":[\"https:\\\/\\\/www.facebook.com\\\/dorogimedence\\\/\"]},{\"@type\":\"Person\",\"@id\":\"https:\\\/\\\/dorogimedence.hu\\\/#\\\/schema\\\/person\\\/ce6091eeb7e95ecdc87890d6aa8e0fd4\",\"name\":\"dorogimedence.hu\",\"image\":{\"@type\":\"ImageObject\",\"inLanguage\":\"hu\",\"@id\":\"\\\/\\\/www.gravatar.com\\\/avatar\\\/d8d45f8901aadff40a4af72c0b826f1d?s=96&#038;r=g&#038;d=mm\",\"url\":\"\\\/\\\/www.gravatar.com\\\/avatar\\\/d8d45f8901aadff40a4af72c0b826f1d?s=96&#038;r=g&#038;d=mm\",\"contentUrl\":\"\\\/\\\/www.gravatar.com\\\/avatar\\\/d8d45f8901aadff40a4af72c0b826f1d?s=96&#038;r=g&#038;d=mm\",\"caption\":\"dorogimedence.hu\"}}]}<\/script>\n<!-- \/ Yoast SEO plugin. -->","yoast_head_json":{"title":"Apa-fia p\u00e1rharc k\u00f6vetkezik a fociban","robots":{"index":"index","follow":"follow","max-snippet":"max-snippet:-1","max-image-preview":"max-image-preview:large","max-video-preview":"max-video-preview:-1"},"canonical":"https:\/\/dorogimedence.hu\/index.php\/2017\/03\/04\/apa-fia-parharc-kovetkezik-a-fociban\/","og_locale":"hu_HU","og_type":"article","og_title":"Apa-fia p\u00e1rharc k\u00f6vetkezik a fociban","og_description":"M\u00e1rcius 5-\u00e9n, vas\u00e1rnap 14:30-kor folytat\u00f3dik az NB II. Merkantil Bank Liga 23. fordul\u00f3ja. A Dorogi FC, a ZTE FC-t fogadja otthon\u00e1ban, a dorogi Buz\u00e1nszky Jen\u0151 Stadionban. J\u00e1t\u00e9kvezet\u0151: Ber\u00e9nyi Tam\u00e1s. Asszisztensek: M\u00e1yer G\u00e1bor, Hofbauer Roland A Csat\u00f3 S\u00e1ndor vezet\u0151edz\u0151 \u00e1ltal ir\u00e1ny\u00edtott t\u00e1rsas\u00e1g a tabell\u00e1n a 9. helyen \u00e1ll &#8211; 9 gy\u0151zelemmel 7 d\u00f6ntetlennel \u00e9s 6 veres\u00e9ggel.","og_url":"https:\/\/dorogimedence.hu\/index.php\/2017\/03\/04\/apa-fia-parharc-kovetkezik-a-fociban\/","og_site_name":"Dorogi-medence Region\u00e1lis H\u00edrport\u00e1l","article_publisher":"https:\/\/www.facebook.com\/dorogimedence\/","article_published_time":"2017-03-04T10:13:19+00:00","og_image":[{"width":640,"height":438,"url":"https:\/\/i0.wp.com\/dorogimedence.hu\/wp-content\/uploads\/2017\/03\/dorogi-fc05.jpg?fit=640%2C438&ssl=1","type":"image\/jpeg"}],"author":"dorogimedence.hu","twitter_card":"summary_large_image","twitter_misc":{"Szerz\u0151:":"dorogimedence.hu","Becs\u00fclt olvas\u00e1si id\u0151":"2 perc"},"schema":{"@context":"https:\/\/schema.org","@graph":[{"@type":"Article","@id":"https:\/\/dorogimedence.hu\/index.php\/2017\/03\/04\/apa-fia-parharc-kovetkezik-a-fociban\/#article","isPartOf":{"@id":"https:\/\/dorogimedence.hu\/index.php\/2017\/03\/04\/apa-fia-parharc-kovetkezik-a-fociban\/"},"author":{"name":"dorogimedence.hu","@id":"https:\/\/dorogimedence.hu\/#\/schema\/person\/ce6091eeb7e95ecdc87890d6aa8e0fd4"},"headline":"Apa-fia p\u00e1rharc k\u00f6vetkezik a fociban","datePublished":"2017-03-04T10:13:19+00:00","mainEntityOfPage":{"@id":"https:\/\/dorogimedence.hu\/index.php\/2017\/03\/04\/apa-fia-parharc-kovetkezik-a-fociban\/"},"wordCount":419,"publisher":{"@id":"https:\/\/dorogimedence.hu\/#organization"},"image":{"@id":"https:\/\/dorogimedence.hu\/index.php\/2017\/03\/04\/apa-fia-parharc-kovetkezik-a-fociban\/#primaryimage"},"thumbnailUrl":"https:\/\/dorogimedence.hu\/wp-content\/uploads\/2017\/03\/dorogi-fc05.jpg","keywords":["Dorog","Dorogi FC","foci","futball","sport","ZTE FC"],"articleSection":["Dorog","H\u00edrek","Sport"],"inLanguage":"hu"},{"@type":"WebPage","@id":"https:\/\/dorogimedence.hu\/index.php\/2017\/03\/04\/apa-fia-parharc-kovetkezik-a-fociban\/","url":"https:\/\/dorogimedence.hu\/index.php\/2017\/03\/04\/apa-fia-parharc-kovetkezik-a-fociban\/","name":"Apa-fia p\u00e1rharc k\u00f6vetkezik a fociban","isPartOf":{"@id":"https:\/\/dorogimedence.hu\/#website"},"primaryImageOfPage":{"@id":"https:\/\/dorogimedence.hu\/index.php\/2017\/03\/04\/apa-fia-parharc-kovetkezik-a-fociban\/#primaryimage"},"image":{"@id":"https:\/\/dorogimedence.hu\/index.php\/2017\/03\/04\/apa-fia-parharc-kovetkezik-a-fociban\/#primaryimage"},"thumbnailUrl":"https:\/\/dorogimedence.hu\/wp-content\/uploads\/2017\/03\/dorogi-fc05.jpg","datePublished":"2017-03-04T10:13:19+00:00","breadcrumb":{"@id":"https:\/\/dorogimedence.hu\/index.php\/2017\/03\/04\/apa-fia-parharc-kovetkezik-a-fociban\/#breadcrumb"},"inLanguage":"hu","potentialAction":[{"@type":"ReadAction","target":["https:\/\/dorogimedence.hu\/index.php\/2017\/03\/04\/apa-fia-parharc-kovetkezik-a-fociban\/"]}]},{"@type":"ImageObject","inLanguage":"hu","@id":"https:\/\/dorogimedence.hu\/index.php\/2017\/03\/04\/apa-fia-parharc-kovetkezik-a-fociban\/#primaryimage","url":"https:\/\/dorogimedence.hu\/wp-content\/uploads\/2017\/03\/dorogi-fc05.jpg","contentUrl":"https:\/\/dorogimedence.hu\/wp-content\/uploads\/2017\/03\/dorogi-fc05.jpg","width":640,"height":438},{"@type":"BreadcrumbList","@id":"https:\/\/dorogimedence.hu\/index.php\/2017\/03\/04\/apa-fia-parharc-kovetkezik-a-fociban\/#breadcrumb","itemListElement":[{"@type":"ListItem","position":1,"name":"Kezd\u0151lap","item":"https:\/\/dorogimedence.hu\/"},{"@type":"ListItem","position":2,"name":"Apa-fia p\u00e1rharc k\u00f6vetkezik a fociban"}]},{"@type":"WebSite","@id":"https:\/\/dorogimedence.hu\/#website","url":"https:\/\/dorogimedence.hu\/","name":"Dorogi-medence Region\u00e1lis H\u00edrport\u00e1l","description":"Dorog, Keszt\u00f6lc, Le\u00e1nyv\u00e1r, Piliscs\u00e9v, Tokod, Tokodalt\u00e1r\u00f3, Csolnok, Esztergom-kertv\u00e1ros: h\u00edrek, programok","publisher":{"@id":"https:\/\/dorogimedence.hu\/#organization"},"potentialAction":[{"@type":"SearchAction","target":{"@type":"EntryPoint","urlTemplate":"https:\/\/dorogimedence.hu\/?s={search_term_string}"},"query-input":{"@type":"PropertyValueSpecification","valueRequired":true,"valueName":"search_term_string"}}],"inLanguage":"hu"},{"@type":"Organization","@id":"https:\/\/dorogimedence.hu\/#organization","name":"Dorogi-medence Region\u00e1lis H\u00edrport\u00e1l","url":"https:\/\/dorogimedence.hu\/","logo":{"@type":"ImageObject","inLanguage":"hu","@id":"https:\/\/dorogimedence.hu\/#\/schema\/logo\/image\/","url":"https:\/\/dorogimedence.hu\/wp-content\/uploads\/2021\/04\/logo-feher-600.png","contentUrl":"https:\/\/dorogimedence.hu\/wp-content\/uploads\/2021\/04\/logo-feher-600.png","width":600,"height":100,"caption":"Dorogi-medence Region\u00e1lis H\u00edrport\u00e1l"},"image":{"@id":"https:\/\/dorogimedence.hu\/#\/schema\/logo\/image\/"},"sameAs":["https:\/\/www.facebook.com\/dorogimedence\/"]},{"@type":"Person","@id":"https:\/\/dorogimedence.hu\/#\/schema\/person\/ce6091eeb7e95ecdc87890d6aa8e0fd4","name":"dorogimedence.hu","image":{"@type":"ImageObject","inLanguage":"hu","@id":"\/\/www.gravatar.com\/avatar\/d8d45f8901aadff40a4af72c0b826f1d?s=96&#038;r=g&#038;d=mm","url":"\/\/www.gravatar.com\/avatar\/d8d45f8901aadff40a4af72c0b826f1d?s=96&#038;r=g&#038;d=mm","contentUrl":"\/\/www.gravatar.com\/avatar\/d8d45f8901aadff40a4af72c0b826f1d?s=96&#038;r=g&#038;d=mm","caption":"dorogimedence.hu"}}]}},"_links":{"self":[{"href":"https:\/\/dorogimedence.hu\/index.php\/wp-json\/wp\/v2\/posts\/1171","targetHints":{"allow":["GET"]}}],"collection":[{"href":"https:\/\/dorogimedence.hu\/index.php\/wp-json\/wp\/v2\/posts"}],"about":[{"href":"https:\/\/dorogimedence.hu\/index.php\/wp-json\/wp\/v2\/types\/post"}],"author":[{"embeddable":true,"href":"https:\/\/dorogimedence.hu\/index.php\/wp-json\/wp\/v2\/users\/1"}],"replies":[{"embeddable":true,"href":"https:\/\/dorogimedence.hu\/index.php\/wp-json\/wp\/v2\/comments?post=1171"}],"version-history":[{"count":0,"href":"https:\/\/dorogimedence.hu\/index.php\/wp-json\/wp\/v2\/posts\/1171\/revisions"}],"wp:featuredmedia":[{"embeddable":true,"href":"https:\/\/dorogimedence.hu\/index.php\/wp-json\/wp\/v2\/media\/1172"}],"wp:attachment":[{"href":"https:\/\/dorogimedence.hu\/index.php\/wp-json\/wp\/v2\/media?parent=1171"}],"wp:term":[{"taxonomy":"category","embeddable":true,"href":"https:\/\/dorogimedence.hu\/index.php\/wp-json\/wp\/v2\/categories?post=1171"},{"taxonomy":"post_tag","embeddable":true,"href":"https:\/\/dorogimedence.hu\/index.php\/wp-json\/wp\/v2\/tags?post=1171"}],"curies":[{"name":"wp","href":"https:\/\/api.w.org\/{rel}","templated":true}]}}