{"id":11661,"date":"2018-08-08T15:17:28","date_gmt":"2018-08-08T13:17:28","guid":{"rendered":"http:\/\/dorogimedence.hu\/?p=11661"},"modified":"2018-08-08T15:19:09","modified_gmt":"2018-08-08T13:19:09","slug":"kutya-miatt-bomboltette-16-evig-az-operat-a-parkanyi-no","status":"publish","type":"post","link":"https:\/\/dorogimedence.hu\/index.php\/2018\/08\/08\/kutya-miatt-bomboltette-16-evig-az-operat-a-parkanyi-no\/","title":{"rendered":"Kutya miatt b\u00f6mb\u00f6ltette 16 \u00e9vig az oper\u00e1t a p\u00e1rk\u00e1nyi n\u0151"},"content":{"rendered":"<p><strong>A napokban tart\u00f3ztatta le a szlov\u00e1k rend\u0151rs\u00e9g annak a p\u00e1rk\u00e1nyi h\u00e1znak a tulajdonos\u00e1t, amit a P\u00e1rk\u00e1nyban \u00e9l\u0151k \u201e\u00e9nekl\u0151 h\u00e1zk\u00e9nt\u201d ismernek. Nothart \u00c9va ugyanis k\u00f6zel 16 \u00e9ve terroriz\u00e1lja k\u00f6rnyezet\u00e9t azzal, hogy eg\u00e9sz nap ugyanazt az opera\u00e1ri\u00e1t j\u00e1tssza le folyamatosan.<\/strong><\/p>\n<p>A p\u00e1rk\u00e1nyi zen\u00e9l\u0151 h\u00e1z tulajdonosa 16 \u00e9ven kereszt\u00fcl reggel hatt\u00f3l este t\u00edz \u00f3r\u00e1ig egy opera\u00e1ri\u00e1t b\u00f6mb\u00f6ltet Pl\u00e1cido Domingo el\u0151ad\u00e1s\u00e1ban <em>\u2013 sz\u00e1molt be az elk\u00e9peszt\u0151 t\u00f6rt\u00e9netr\u0151l a <a href=\"https:\/\/parameter.sk\" target=\"_blank\" rel=\"noopener\"><span style=\"text-decoration: underline; color: #0000ff;\">Param\u00e9ter<\/span><\/a>.<\/em><\/p>\n<p>A v\u00e1ros egy rendelettel tiltotta volna be a lakosok zen\u00e9vel t\u00f6rt\u00e9n\u0151 zaklat\u00e1s\u00e1t, de \u00c9va ezt megt\u00e1madta, az elk\u00e9peszt\u0151 \u00fcgy pedig a Legfels\u0151bb B\u00edr\u00f3s\u00e1ghoz jutott.<\/p>\n<p>\u00c9va kor\u00e1bban szomsz\u00e9dait hib\u00e1ztatta, azt mondta, pokoll\u00e1 tett\u00e9k az \u00e9let\u00e9t. Bet\u00f6rt\u00e9k az ablakait \u00e9s szemetet sz\u00f3rtak az udvar\u00e1ba. A zen\u00e9t v\u00e9g\u00fcl akkor kezdte el \u00fcv\u00f6ltetni, amikor egy k\u00f6nyvel\u00e9si hiba miatt jogos b\u00fcntet\u00e9st kellett fizetnie. <strong>A hib\u00e1r\u00f3l szerinte a szomsz\u00e9d \u00e1lland\u00f3an ugat\u00f3 kuty\u00e1ja tehetett, ami miatt nem tudott a munk\u00e1j\u00e1ra koncentr\u00e1lni.<\/strong> Valaki ekkor sajnos azt tan\u00e1csolta neki, hallgasson zen\u00e9t, hogy tudjon figyelni. El\u0151sz\u00f6r egy kis \u00e9breszt\u0151\u00f3r\u00e1s r\u00e1di\u00f3val pr\u00f3b\u00e1lkozott, majd egy komolyabb hangfelszerel\u00e9sre v\u00e1ltott <em>&#8211; \u00edrja a <a href=\"http:\/\/www.borsonline.hu\/aktualis\/kutya-miatt-bomboltette-16-evig-az-operat-eva\/158102\" target=\"_blank\" rel=\"noopener\"><span style=\"text-decoration: underline; color: #0000ff;\">Borsonline<\/span><\/a>.<\/em><\/p>\n<p>A n\u0151 n\u00e9gy \u00e9ve el akarta adni a h\u00e1z\u00e1t, de azzal a kik\u00f6t\u00e9ssel, hogy csakis rom\u00e1k k\u00f6lt\u00f6zhetnek be. Ez meg is t\u00f6rt\u00e9nt, egy csal\u00e1d a zen\u00e9l\u0151 h\u00e1z mellett \u00e9p\u00edtett fab\u00f3d\u00e9ban lakott, majd a telek harminc \u00faj lak\u00f3val eg\u00e9sz\u00fclt ki, de \u00c9va szerint \u0151k csak vigy\u00e1ztak az \u00e9p\u00fcletre, am\u00edg \u0151 m\u00e1shol \u00e9lt <em>&#8211; tudta meg a Param\u00e9ter.<\/em><\/p>\n<p><em><strong>A kemma.hu vide\u00f3ja a p\u00e1rk\u00e1nyi zen\u00e9l\u0151 h\u00e1zr\u00f3l:<\/strong><\/em><\/p>\n<div class=\"video-container\"><iframe src=\"https:\/\/www.youtube.com\/embed\/xl5f3wA2AVg\" width=\"560\" height=\"315\" frameborder=\"0\" allowfullscreen=\"allowfullscreen\"><\/iframe><\/div>\n<p>&nbsp;<\/p>\n<p><em>Fot\u00f3: youtube.com<\/em><\/p>\n","protected":false},"excerpt":{"rendered":"<p>A napokban tart\u00f3ztatta le a szlov\u00e1k rend\u0151rs\u00e9g annak a p\u00e1rk\u00e1nyi h\u00e1znak a tulajdonos\u00e1t, amit a P\u00e1rk\u00e1nyban \u00e9l\u0151k \u201e\u00e9nekl\u0151 h\u00e1zk\u00e9nt\u201d ismernek. Nothart \u00c9va ugyanis k\u00f6zel 16 \u00e9ve terroriz\u00e1lja k\u00f6rnyezet\u00e9t azzal, hogy eg\u00e9sz nap ugyanazt az opera\u00e1ri\u00e1t j\u00e1tssza le folyamatosan. A p\u00e1rk\u00e1nyi zen\u00e9l\u0151 h\u00e1z tulajdonosa 16 \u00e9ven kereszt\u00fcl reggel hatt\u00f3l este t\u00edz \u00f3r\u00e1ig egy opera\u00e1ri\u00e1t b\u00f6mb\u00f6ltet Pl\u00e1cido<\/p>\n","protected":false},"author":1,"featured_media":11662,"comment_status":"closed","ping_status":"closed","sticky":false,"template":"","format":"standard","meta":{"ngg_post_thumbnail":0,"footnotes":""},"categories":[3],"tags":[212,2878],"class_list":{"0":"post-11661","1":"post","2":"type-post","3":"status-publish","4":"format-standard","5":"has-post-thumbnail","7":"category-hirek","8":"tag-parkany","9":"tag-zenelo-haz"},"yoast_head":"<!-- This site is optimized with the Yoast SEO plugin v27.5 - https:\/\/yoast.com\/product\/yoast-seo-wordpress\/ -->\n<title>Kutya miatt b\u00f6mb\u00f6ltette 16 \u00e9vig az oper\u00e1t a p\u00e1rk\u00e1nyi n\u0151<\/title>\n<meta name=\"robots\" content=\"index, follow, max-snippet:-1, max-image-preview:large, max-video-preview:-1\" \/>\n<link rel=\"canonical\" href=\"https:\/\/dorogimedence.hu\/index.php\/2018\/08\/08\/kutya-miatt-bomboltette-16-evig-az-operat-a-parkanyi-no\/\" class=\"yoast-seo-meta-tag\" \/>\n<meta property=\"og:locale\" content=\"hu_HU\" class=\"yoast-seo-meta-tag\" \/>\n<meta property=\"og:type\" content=\"article\" class=\"yoast-seo-meta-tag\" \/>\n<meta property=\"og:title\" content=\"Kutya miatt b\u00f6mb\u00f6ltette 16 \u00e9vig az oper\u00e1t a p\u00e1rk\u00e1nyi n\u0151\" class=\"yoast-seo-meta-tag\" \/>\n<meta property=\"og:description\" content=\"A napokban tart\u00f3ztatta le a szlov\u00e1k rend\u0151rs\u00e9g annak a p\u00e1rk\u00e1nyi h\u00e1znak a tulajdonos\u00e1t, amit a P\u00e1rk\u00e1nyban \u00e9l\u0151k \u201e\u00e9nekl\u0151 h\u00e1zk\u00e9nt\u201d ismernek. Nothart \u00c9va ugyanis k\u00f6zel 16 \u00e9ve terroriz\u00e1lja k\u00f6rnyezet\u00e9t azzal, hogy eg\u00e9sz nap ugyanazt az opera\u00e1ri\u00e1t j\u00e1tssza le folyamatosan. A p\u00e1rk\u00e1nyi zen\u00e9l\u0151 h\u00e1z tulajdonosa 16 \u00e9ven kereszt\u00fcl reggel hatt\u00f3l este t\u00edz \u00f3r\u00e1ig egy opera\u00e1ri\u00e1t b\u00f6mb\u00f6ltet Pl\u00e1cido\" class=\"yoast-seo-meta-tag\" \/>\n<meta property=\"og:url\" content=\"https:\/\/dorogimedence.hu\/index.php\/2018\/08\/08\/kutya-miatt-bomboltette-16-evig-az-operat-a-parkanyi-no\/\" class=\"yoast-seo-meta-tag\" \/>\n<meta property=\"og:site_name\" content=\"Dorogi-medence Region\u00e1lis H\u00edrport\u00e1l\" class=\"yoast-seo-meta-tag\" \/>\n<meta property=\"article:publisher\" content=\"https:\/\/www.facebook.com\/dorogimedence\/\" class=\"yoast-seo-meta-tag\" \/>\n<meta property=\"article:published_time\" content=\"2018-08-08T13:17:28+00:00\" class=\"yoast-seo-meta-tag\" \/>\n<meta property=\"article:modified_time\" content=\"2018-08-08T13:19:09+00:00\" class=\"yoast-seo-meta-tag\" \/>\n<meta property=\"og:image\" content=\"https:\/\/i0.wp.com\/dorogimedence.hu\/wp-content\/uploads\/2018\/08\/parkanyi-zenelo-haz.jpg?fit=670%2C365&ssl=1\" class=\"yoast-seo-meta-tag\" \/>\n\t<meta property=\"og:image:width\" content=\"670\" class=\"yoast-seo-meta-tag\" \/>\n\t<meta property=\"og:image:height\" content=\"365\" class=\"yoast-seo-meta-tag\" \/>\n\t<meta property=\"og:image:type\" content=\"image\/jpeg\" class=\"yoast-seo-meta-tag\" \/>\n<meta name=\"author\" content=\"dorogimedence.hu\" class=\"yoast-seo-meta-tag\" \/>\n<meta name=\"twitter:card\" content=\"summary_large_image\" class=\"yoast-seo-meta-tag\" \/>\n<meta name=\"twitter:label1\" content=\"Szerz\u0151:\" class=\"yoast-seo-meta-tag\" \/>\n\t<meta name=\"twitter:data1\" content=\"dorogimedence.hu\" class=\"yoast-seo-meta-tag\" \/>\n\t<meta name=\"twitter:label2\" content=\"Becs\u00fclt olvas\u00e1si id\u0151\" class=\"yoast-seo-meta-tag\" \/>\n\t<meta name=\"twitter:data2\" content=\"2 perc\" class=\"yoast-seo-meta-tag\" \/>\n<script type=\"application\/ld+json\" class=\"yoast-schema-graph\">{\"@context\":\"https:\\\/\\\/schema.org\",\"@graph\":[{\"@type\":\"Article\",\"@id\":\"https:\\\/\\\/dorogimedence.hu\\\/index.php\\\/2018\\\/08\\\/08\\\/kutya-miatt-bomboltette-16-evig-az-operat-a-parkanyi-no\\\/#article\",\"isPartOf\":{\"@id\":\"https:\\\/\\\/dorogimedence.hu\\\/index.php\\\/2018\\\/08\\\/08\\\/kutya-miatt-bomboltette-16-evig-az-operat-a-parkanyi-no\\\/\"},\"author\":{\"name\":\"dorogimedence.hu\",\"@id\":\"https:\\\/\\\/dorogimedence.hu\\\/#\\\/schema\\\/person\\\/ce6091eeb7e95ecdc87890d6aa8e0fd4\"},\"headline\":\"Kutya miatt b\u00f6mb\u00f6ltette 16 \u00e9vig az oper\u00e1t a p\u00e1rk\u00e1nyi n\u0151\",\"datePublished\":\"2018-08-08T13:17:28+00:00\",\"dateModified\":\"2018-08-08T13:19:09+00:00\",\"mainEntityOfPage\":{\"@id\":\"https:\\\/\\\/dorogimedence.hu\\\/index.php\\\/2018\\\/08\\\/08\\\/kutya-miatt-bomboltette-16-evig-az-operat-a-parkanyi-no\\\/\"},\"wordCount\":365,\"publisher\":{\"@id\":\"https:\\\/\\\/dorogimedence.hu\\\/#organization\"},\"image\":{\"@id\":\"https:\\\/\\\/dorogimedence.hu\\\/index.php\\\/2018\\\/08\\\/08\\\/kutya-miatt-bomboltette-16-evig-az-operat-a-parkanyi-no\\\/#primaryimage\"},\"thumbnailUrl\":\"https:\\\/\\\/dorogimedence.hu\\\/wp-content\\\/uploads\\\/2018\\\/08\\\/parkanyi-zenelo-haz.jpg\",\"keywords\":[\"P\u00e1rk\u00e1ny\",\"zen\u00e9l\u0151 h\u00e1z\"],\"articleSection\":[\"H\u00edrek\"],\"inLanguage\":\"hu\"},{\"@type\":\"WebPage\",\"@id\":\"https:\\\/\\\/dorogimedence.hu\\\/index.php\\\/2018\\\/08\\\/08\\\/kutya-miatt-bomboltette-16-evig-az-operat-a-parkanyi-no\\\/\",\"url\":\"https:\\\/\\\/dorogimedence.hu\\\/index.php\\\/2018\\\/08\\\/08\\\/kutya-miatt-bomboltette-16-evig-az-operat-a-parkanyi-no\\\/\",\"name\":\"Kutya miatt b\u00f6mb\u00f6ltette 16 \u00e9vig az oper\u00e1t a p\u00e1rk\u00e1nyi n\u0151\",\"isPartOf\":{\"@id\":\"https:\\\/\\\/dorogimedence.hu\\\/#website\"},\"primaryImageOfPage\":{\"@id\":\"https:\\\/\\\/dorogimedence.hu\\\/index.php\\\/2018\\\/08\\\/08\\\/kutya-miatt-bomboltette-16-evig-az-operat-a-parkanyi-no\\\/#primaryimage\"},\"image\":{\"@id\":\"https:\\\/\\\/dorogimedence.hu\\\/index.php\\\/2018\\\/08\\\/08\\\/kutya-miatt-bomboltette-16-evig-az-operat-a-parkanyi-no\\\/#primaryimage\"},\"thumbnailUrl\":\"https:\\\/\\\/dorogimedence.hu\\\/wp-content\\\/uploads\\\/2018\\\/08\\\/parkanyi-zenelo-haz.jpg\",\"datePublished\":\"2018-08-08T13:17:28+00:00\",\"dateModified\":\"2018-08-08T13:19:09+00:00\",\"breadcrumb\":{\"@id\":\"https:\\\/\\\/dorogimedence.hu\\\/index.php\\\/2018\\\/08\\\/08\\\/kutya-miatt-bomboltette-16-evig-az-operat-a-parkanyi-no\\\/#breadcrumb\"},\"inLanguage\":\"hu\",\"potentialAction\":[{\"@type\":\"ReadAction\",\"target\":[\"https:\\\/\\\/dorogimedence.hu\\\/index.php\\\/2018\\\/08\\\/08\\\/kutya-miatt-bomboltette-16-evig-az-operat-a-parkanyi-no\\\/\"]}]},{\"@type\":\"ImageObject\",\"inLanguage\":\"hu\",\"@id\":\"https:\\\/\\\/dorogimedence.hu\\\/index.php\\\/2018\\\/08\\\/08\\\/kutya-miatt-bomboltette-16-evig-az-operat-a-parkanyi-no\\\/#primaryimage\",\"url\":\"https:\\\/\\\/dorogimedence.hu\\\/wp-content\\\/uploads\\\/2018\\\/08\\\/parkanyi-zenelo-haz.jpg\",\"contentUrl\":\"https:\\\/\\\/dorogimedence.hu\\\/wp-content\\\/uploads\\\/2018\\\/08\\\/parkanyi-zenelo-haz.jpg\",\"width\":670,\"height\":365},{\"@type\":\"BreadcrumbList\",\"@id\":\"https:\\\/\\\/dorogimedence.hu\\\/index.php\\\/2018\\\/08\\\/08\\\/kutya-miatt-bomboltette-16-evig-az-operat-a-parkanyi-no\\\/#breadcrumb\",\"itemListElement\":[{\"@type\":\"ListItem\",\"position\":1,\"name\":\"Kezd\u0151lap\",\"item\":\"https:\\\/\\\/dorogimedence.hu\\\/\"},{\"@type\":\"ListItem\",\"position\":2,\"name\":\"Kutya miatt b\u00f6mb\u00f6ltette 16 \u00e9vig az oper\u00e1t a p\u00e1rk\u00e1nyi n\u0151\"}]},{\"@type\":\"WebSite\",\"@id\":\"https:\\\/\\\/dorogimedence.hu\\\/#website\",\"url\":\"https:\\\/\\\/dorogimedence.hu\\\/\",\"name\":\"Dorogi-medence Region\u00e1lis H\u00edrport\u00e1l\",\"description\":\"Dorog, Keszt\u00f6lc, Le\u00e1nyv\u00e1r, Piliscs\u00e9v, Tokod, Tokodalt\u00e1r\u00f3, Csolnok, Esztergom-kertv\u00e1ros: h\u00edrek, programok\",\"publisher\":{\"@id\":\"https:\\\/\\\/dorogimedence.hu\\\/#organization\"},\"potentialAction\":[{\"@type\":\"SearchAction\",\"target\":{\"@type\":\"EntryPoint\",\"urlTemplate\":\"https:\\\/\\\/dorogimedence.hu\\\/?s={search_term_string}\"},\"query-input\":{\"@type\":\"PropertyValueSpecification\",\"valueRequired\":true,\"valueName\":\"search_term_string\"}}],\"inLanguage\":\"hu\"},{\"@type\":\"Organization\",\"@id\":\"https:\\\/\\\/dorogimedence.hu\\\/#organization\",\"name\":\"Dorogi-medence Region\u00e1lis H\u00edrport\u00e1l\",\"url\":\"https:\\\/\\\/dorogimedence.hu\\\/\",\"logo\":{\"@type\":\"ImageObject\",\"inLanguage\":\"hu\",\"@id\":\"https:\\\/\\\/dorogimedence.hu\\\/#\\\/schema\\\/logo\\\/image\\\/\",\"url\":\"https:\\\/\\\/dorogimedence.hu\\\/wp-content\\\/uploads\\\/2021\\\/04\\\/logo-feher-600.png\",\"contentUrl\":\"https:\\\/\\\/dorogimedence.hu\\\/wp-content\\\/uploads\\\/2021\\\/04\\\/logo-feher-600.png\",\"width\":600,\"height\":100,\"caption\":\"Dorogi-medence Region\u00e1lis H\u00edrport\u00e1l\"},\"image\":{\"@id\":\"https:\\\/\\\/dorogimedence.hu\\\/#\\\/schema\\\/logo\\\/image\\\/\"},\"sameAs\":[\"https:\\\/\\\/www.facebook.com\\\/dorogimedence\\\/\"]},{\"@type\":\"Person\",\"@id\":\"https:\\\/\\\/dorogimedence.hu\\\/#\\\/schema\\\/person\\\/ce6091eeb7e95ecdc87890d6aa8e0fd4\",\"name\":\"dorogimedence.hu\",\"image\":{\"@type\":\"ImageObject\",\"inLanguage\":\"hu\",\"@id\":\"\\\/\\\/www.gravatar.com\\\/avatar\\\/d8d45f8901aadff40a4af72c0b826f1d?s=96&#038;r=g&#038;d=mm\",\"url\":\"\\\/\\\/www.gravatar.com\\\/avatar\\\/d8d45f8901aadff40a4af72c0b826f1d?s=96&#038;r=g&#038;d=mm\",\"contentUrl\":\"\\\/\\\/www.gravatar.com\\\/avatar\\\/d8d45f8901aadff40a4af72c0b826f1d?s=96&#038;r=g&#038;d=mm\",\"caption\":\"dorogimedence.hu\"}}]}<\/script>\n<!-- \/ Yoast SEO plugin. -->","yoast_head_json":{"title":"Kutya miatt b\u00f6mb\u00f6ltette 16 \u00e9vig az oper\u00e1t a p\u00e1rk\u00e1nyi n\u0151","robots":{"index":"index","follow":"follow","max-snippet":"max-snippet:-1","max-image-preview":"max-image-preview:large","max-video-preview":"max-video-preview:-1"},"canonical":"https:\/\/dorogimedence.hu\/index.php\/2018\/08\/08\/kutya-miatt-bomboltette-16-evig-az-operat-a-parkanyi-no\/","og_locale":"hu_HU","og_type":"article","og_title":"Kutya miatt b\u00f6mb\u00f6ltette 16 \u00e9vig az oper\u00e1t a p\u00e1rk\u00e1nyi n\u0151","og_description":"A napokban tart\u00f3ztatta le a szlov\u00e1k rend\u0151rs\u00e9g annak a p\u00e1rk\u00e1nyi h\u00e1znak a tulajdonos\u00e1t, amit a P\u00e1rk\u00e1nyban \u00e9l\u0151k \u201e\u00e9nekl\u0151 h\u00e1zk\u00e9nt\u201d ismernek. Nothart \u00c9va ugyanis k\u00f6zel 16 \u00e9ve terroriz\u00e1lja k\u00f6rnyezet\u00e9t azzal, hogy eg\u00e9sz nap ugyanazt az opera\u00e1ri\u00e1t j\u00e1tssza le folyamatosan. A p\u00e1rk\u00e1nyi zen\u00e9l\u0151 h\u00e1z tulajdonosa 16 \u00e9ven kereszt\u00fcl reggel hatt\u00f3l este t\u00edz \u00f3r\u00e1ig egy opera\u00e1ri\u00e1t b\u00f6mb\u00f6ltet Pl\u00e1cido","og_url":"https:\/\/dorogimedence.hu\/index.php\/2018\/08\/08\/kutya-miatt-bomboltette-16-evig-az-operat-a-parkanyi-no\/","og_site_name":"Dorogi-medence Region\u00e1lis H\u00edrport\u00e1l","article_publisher":"https:\/\/www.facebook.com\/dorogimedence\/","article_published_time":"2018-08-08T13:17:28+00:00","article_modified_time":"2018-08-08T13:19:09+00:00","og_image":[{"width":670,"height":365,"url":"https:\/\/i0.wp.com\/dorogimedence.hu\/wp-content\/uploads\/2018\/08\/parkanyi-zenelo-haz.jpg?fit=670%2C365&ssl=1","type":"image\/jpeg"}],"author":"dorogimedence.hu","twitter_card":"summary_large_image","twitter_misc":{"Szerz\u0151:":"dorogimedence.hu","Becs\u00fclt olvas\u00e1si id\u0151":"2 perc"},"schema":{"@context":"https:\/\/schema.org","@graph":[{"@type":"Article","@id":"https:\/\/dorogimedence.hu\/index.php\/2018\/08\/08\/kutya-miatt-bomboltette-16-evig-az-operat-a-parkanyi-no\/#article","isPartOf":{"@id":"https:\/\/dorogimedence.hu\/index.php\/2018\/08\/08\/kutya-miatt-bomboltette-16-evig-az-operat-a-parkanyi-no\/"},"author":{"name":"dorogimedence.hu","@id":"https:\/\/dorogimedence.hu\/#\/schema\/person\/ce6091eeb7e95ecdc87890d6aa8e0fd4"},"headline":"Kutya miatt b\u00f6mb\u00f6ltette 16 \u00e9vig az oper\u00e1t a p\u00e1rk\u00e1nyi n\u0151","datePublished":"2018-08-08T13:17:28+00:00","dateModified":"2018-08-08T13:19:09+00:00","mainEntityOfPage":{"@id":"https:\/\/dorogimedence.hu\/index.php\/2018\/08\/08\/kutya-miatt-bomboltette-16-evig-az-operat-a-parkanyi-no\/"},"wordCount":365,"publisher":{"@id":"https:\/\/dorogimedence.hu\/#organization"},"image":{"@id":"https:\/\/dorogimedence.hu\/index.php\/2018\/08\/08\/kutya-miatt-bomboltette-16-evig-az-operat-a-parkanyi-no\/#primaryimage"},"thumbnailUrl":"https:\/\/dorogimedence.hu\/wp-content\/uploads\/2018\/08\/parkanyi-zenelo-haz.jpg","keywords":["P\u00e1rk\u00e1ny","zen\u00e9l\u0151 h\u00e1z"],"articleSection":["H\u00edrek"],"inLanguage":"hu"},{"@type":"WebPage","@id":"https:\/\/dorogimedence.hu\/index.php\/2018\/08\/08\/kutya-miatt-bomboltette-16-evig-az-operat-a-parkanyi-no\/","url":"https:\/\/dorogimedence.hu\/index.php\/2018\/08\/08\/kutya-miatt-bomboltette-16-evig-az-operat-a-parkanyi-no\/","name":"Kutya miatt b\u00f6mb\u00f6ltette 16 \u00e9vig az oper\u00e1t a p\u00e1rk\u00e1nyi n\u0151","isPartOf":{"@id":"https:\/\/dorogimedence.hu\/#website"},"primaryImageOfPage":{"@id":"https:\/\/dorogimedence.hu\/index.php\/2018\/08\/08\/kutya-miatt-bomboltette-16-evig-az-operat-a-parkanyi-no\/#primaryimage"},"image":{"@id":"https:\/\/dorogimedence.hu\/index.php\/2018\/08\/08\/kutya-miatt-bomboltette-16-evig-az-operat-a-parkanyi-no\/#primaryimage"},"thumbnailUrl":"https:\/\/dorogimedence.hu\/wp-content\/uploads\/2018\/08\/parkanyi-zenelo-haz.jpg","datePublished":"2018-08-08T13:17:28+00:00","dateModified":"2018-08-08T13:19:09+00:00","breadcrumb":{"@id":"https:\/\/dorogimedence.hu\/index.php\/2018\/08\/08\/kutya-miatt-bomboltette-16-evig-az-operat-a-parkanyi-no\/#breadcrumb"},"inLanguage":"hu","potentialAction":[{"@type":"ReadAction","target":["https:\/\/dorogimedence.hu\/index.php\/2018\/08\/08\/kutya-miatt-bomboltette-16-evig-az-operat-a-parkanyi-no\/"]}]},{"@type":"ImageObject","inLanguage":"hu","@id":"https:\/\/dorogimedence.hu\/index.php\/2018\/08\/08\/kutya-miatt-bomboltette-16-evig-az-operat-a-parkanyi-no\/#primaryimage","url":"https:\/\/dorogimedence.hu\/wp-content\/uploads\/2018\/08\/parkanyi-zenelo-haz.jpg","contentUrl":"https:\/\/dorogimedence.hu\/wp-content\/uploads\/2018\/08\/parkanyi-zenelo-haz.jpg","width":670,"height":365},{"@type":"BreadcrumbList","@id":"https:\/\/dorogimedence.hu\/index.php\/2018\/08\/08\/kutya-miatt-bomboltette-16-evig-az-operat-a-parkanyi-no\/#breadcrumb","itemListElement":[{"@type":"ListItem","position":1,"name":"Kezd\u0151lap","item":"https:\/\/dorogimedence.hu\/"},{"@type":"ListItem","position":2,"name":"Kutya miatt b\u00f6mb\u00f6ltette 16 \u00e9vig az oper\u00e1t a p\u00e1rk\u00e1nyi n\u0151"}]},{"@type":"WebSite","@id":"https:\/\/dorogimedence.hu\/#website","url":"https:\/\/dorogimedence.hu\/","name":"Dorogi-medence Region\u00e1lis H\u00edrport\u00e1l","description":"Dorog, Keszt\u00f6lc, Le\u00e1nyv\u00e1r, Piliscs\u00e9v, Tokod, Tokodalt\u00e1r\u00f3, Csolnok, Esztergom-kertv\u00e1ros: h\u00edrek, programok","publisher":{"@id":"https:\/\/dorogimedence.hu\/#organization"},"potentialAction":[{"@type":"SearchAction","target":{"@type":"EntryPoint","urlTemplate":"https:\/\/dorogimedence.hu\/?s={search_term_string}"},"query-input":{"@type":"PropertyValueSpecification","valueRequired":true,"valueName":"search_term_string"}}],"inLanguage":"hu"},{"@type":"Organization","@id":"https:\/\/dorogimedence.hu\/#organization","name":"Dorogi-medence Region\u00e1lis H\u00edrport\u00e1l","url":"https:\/\/dorogimedence.hu\/","logo":{"@type":"ImageObject","inLanguage":"hu","@id":"https:\/\/dorogimedence.hu\/#\/schema\/logo\/image\/","url":"https:\/\/dorogimedence.hu\/wp-content\/uploads\/2021\/04\/logo-feher-600.png","contentUrl":"https:\/\/dorogimedence.hu\/wp-content\/uploads\/2021\/04\/logo-feher-600.png","width":600,"height":100,"caption":"Dorogi-medence Region\u00e1lis H\u00edrport\u00e1l"},"image":{"@id":"https:\/\/dorogimedence.hu\/#\/schema\/logo\/image\/"},"sameAs":["https:\/\/www.facebook.com\/dorogimedence\/"]},{"@type":"Person","@id":"https:\/\/dorogimedence.hu\/#\/schema\/person\/ce6091eeb7e95ecdc87890d6aa8e0fd4","name":"dorogimedence.hu","image":{"@type":"ImageObject","inLanguage":"hu","@id":"\/\/www.gravatar.com\/avatar\/d8d45f8901aadff40a4af72c0b826f1d?s=96&#038;r=g&#038;d=mm","url":"\/\/www.gravatar.com\/avatar\/d8d45f8901aadff40a4af72c0b826f1d?s=96&#038;r=g&#038;d=mm","contentUrl":"\/\/www.gravatar.com\/avatar\/d8d45f8901aadff40a4af72c0b826f1d?s=96&#038;r=g&#038;d=mm","caption":"dorogimedence.hu"}}]}},"_links":{"self":[{"href":"https:\/\/dorogimedence.hu\/index.php\/wp-json\/wp\/v2\/posts\/11661","targetHints":{"allow":["GET"]}}],"collection":[{"href":"https:\/\/dorogimedence.hu\/index.php\/wp-json\/wp\/v2\/posts"}],"about":[{"href":"https:\/\/dorogimedence.hu\/index.php\/wp-json\/wp\/v2\/types\/post"}],"author":[{"embeddable":true,"href":"https:\/\/dorogimedence.hu\/index.php\/wp-json\/wp\/v2\/users\/1"}],"replies":[{"embeddable":true,"href":"https:\/\/dorogimedence.hu\/index.php\/wp-json\/wp\/v2\/comments?post=11661"}],"version-history":[{"count":0,"href":"https:\/\/dorogimedence.hu\/index.php\/wp-json\/wp\/v2\/posts\/11661\/revisions"}],"wp:featuredmedia":[{"embeddable":true,"href":"https:\/\/dorogimedence.hu\/index.php\/wp-json\/wp\/v2\/media\/11662"}],"wp:attachment":[{"href":"https:\/\/dorogimedence.hu\/index.php\/wp-json\/wp\/v2\/media?parent=11661"}],"wp:term":[{"taxonomy":"category","embeddable":true,"href":"https:\/\/dorogimedence.hu\/index.php\/wp-json\/wp\/v2\/categories?post=11661"},{"taxonomy":"post_tag","embeddable":true,"href":"https:\/\/dorogimedence.hu\/index.php\/wp-json\/wp\/v2\/tags?post=11661"}],"curies":[{"name":"wp","href":"https:\/\/api.w.org\/{rel}","templated":true}]}}