{"id":11651,"date":"2018-08-08T07:12:23","date_gmt":"2018-08-08T05:12:23","guid":{"rendered":"http:\/\/dorogimedence.hu\/?p=11651"},"modified":"2018-08-08T07:12:23","modified_gmt":"2018-08-08T05:12:23","slug":"konzervaljak-a-kovacsi-templom-maradvanyait","status":"publish","type":"post","link":"https:\/\/dorogimedence.hu\/index.php\/2018\/08\/08\/konzervaljak-a-kovacsi-templom-maradvanyait\/","title":{"rendered":"Konzerv\u00e1lj\u00e1k a Kov\u00e1csi-templom maradv\u00e1nyait"},"content":{"rendered":"<p><strong>Egyetlen napirendi pontot t\u00e1rgyaltak az augusztus 3-i rendk\u00edv\u00fcli esztergomi test\u00fcleti \u00fcl\u00e9sen: Romanek Etelka polg\u00e1rmester megv\u00e9t\u00f3zta a test\u00fclet kor\u00e1bbi, a kov\u00e1csi templom romjainak betemet\u00e9s\u00e9re vonatkoz\u00f3 hat\u00e1rozat\u00e1t. Az \u00faj d\u00f6nt\u00e9s szerint a r\u00e9g\u00e9szeti maradv\u00e1nyok minim\u00e1lis tereprendez\u00e9st k\u00f6vet\u0151en m\u00e9gis l\u00e1togathat\u00f3ak lesznek.<\/strong><\/p>\n<div class=\"article-body\">\n<p>A Kov\u00e1csi templomrom az\u00e9rt ker\u00fclt ism\u00e9t a test\u00fclet el\u00e9, mivel Romanek Etelka polg\u00e1rmester megv\u00e9t\u00f3zta az ezzel kapcsolatban kor\u00e1bban hozott, a leletek visszatemet\u00e9s\u00e9t t\u00e1mogat\u00f3 k\u00e9pvisel\u0151-test\u00fcleti hat\u00e1rozatot. Azzal indokolta\u00a0 d\u00f6nt\u00e9s\u00e9t, hogy az \u00c1rp\u00e1d-kori, egyed\u00fcl\u00e1ll\u00f3 templomrom \u00e9s a k\u00f6r\u00fcl\u00f6tte tal\u00e1lhat\u00f3 t\u00f6bb mint f\u00e9lezer s\u00edr bemutat\u00e1sa kiemelten fontos.<\/p>\n<p>A templom egy r\u00e9sze a vas\u00fati t\u00f6lt\u00e9s alatt fekszik, \u00edgy a templom teljes felt\u00e1r\u00e1s\u00e1ra jelenleg nincs m\u00f3d, tekintettel arra, hogy az uni\u00f3s t\u00e1mogat\u00e1ssal megval\u00f3sult vas\u00fatfel\u00faj\u00edt\u00e1s keret\u00e9n bel\u00fcl \u00fajj\u00e1\u00e9p\u00edtett vas\u00fatvonalat megbontani a k\u00f6vetkez\u0151 \u00f6t \u00e9vben nem lehets\u00e9ges, viszont a jelenlegi \u00e1llapot konzerv\u00e1l\u00e1s\u00e1ra m\u00e9g van lehet\u0151s\u00e9g.<\/p>\n<p>Romanek Etelka polg\u00e1rmester arra tett <a href=\"http:\/\/www.esztergom.hu\/~eszterg2\/assets\/uploads\/files\/eloterjesztesek\/?dir=2018\/2018-08-03\">javaslatot<\/a>, hogy k\u00e9sz\u00fclj\u00f6n egy \u00f6r\u00f6ks\u00e9gv\u00e9delmi strukt\u00fara terv, azon bel\u00fcl pedig egy olyan megold\u00e1s, amely lehet\u0151v\u00e9 teszi a jelenleg felt\u00e1rt leletek bemutat\u00e1s\u00e1t a nagyk\u00f6z\u00f6ns\u00e9g sz\u00e1m\u00e1ra a mostani \u00e1llapotukban mindaddig, am\u00edg nem siker\u00fcl forr\u00e1st tal\u00e1lni az eml\u00e9khely teljesk\u00f6r\u0171 rekonstru\u00e1l\u00e1s\u00e1ra.<\/p>\n<p>A javaslat alapj\u00e1n az \u00e1llagmeg\u00f3v\u00e1s keret\u00e9n bel\u00fcl a ter\u00fclet rendbet\u00e9tele, parkos\u00edt\u00e1s, a felt\u00e1rt falak meger\u0151s\u00edt\u00e9se, inform\u00e1ci\u00f3s t\u00e1bl\u00e1k \u00e9s egy, a templomr\u00f3l k\u00e9sz\u00edtett prezent\u00e1ci\u00f3t a helysz\u00ednen bemutat\u00f3 kronoszk\u00f3p kihelyez\u00e9se t\u00f6rt\u00e9nt volna.<\/p>\n<p>A polg\u00e1rmesteri javaslat szerint az \u00e1tmeneti megold\u00e1s becs\u00fclt \u00f6sszk\u00f6lts\u00e9ge mintegy 15-20 milli\u00f3 forint lett volna.<\/p>\n<p>Az \u00e1sat\u00e1st vezet\u0151 Balassa B\u00e1lint M\u00fazeum r\u00e9sz\u00e9r\u0151l Dr. Tari Edit \u00e9s Dr. Horv\u00e1th Istv\u00e1n mutatta be egy prezent\u00e1ci\u00f3 keret\u00e9n bel\u00fcl az orsz\u00e1gszerte p\u00e1ratlan leleteket, valamint ismertette a r\u00e9g\u00e9szek \u00e1ll\u00e1spontj\u00e1t a kiemelten v\u00e9dett r\u00e9g\u00e9szeti lel\u0151hely meg\u00f3v\u00e1s\u00e1val kapcsolatban.<\/p>\n<p>Dr. Horv\u00e1th Istv\u00e1n mindemellett hangs\u00falyozta, hogy a templomromok meg\u0151rz\u00e9se, bemutathat\u00f3v\u00e1 t\u00e9tele az\u00e9rt is indokolt, mivel ezek a leletek egy\u00f6ntet\u0171en bizony\u00edtj\u00e1k Esztergom \u00e1llamalap\u00edt\u00e1skori els\u0151s\u00e9g\u00e9t.<\/p>\n<p>A Kov\u00e1csi templomrom k\u00f6r\u00fcl tal\u00e1lhat\u00f3 s\u00edrkertben a Szent Istv\u00e1n korabeli p\u00e9nzver\u0151k \u00e9s v\u00e9sn\u00f6k\u00f6k s\u00edrjai mellett t\u00f6bb, Szent Istv\u00e1n korabeli p\u00e9nz\u00e9rm\u00e9t is tal\u00e1ltak.<\/p>\n<p>Dr. Zsembery \u00c1kos PhD okleveles \u00e9p\u00edt\u00e9sz, az Esztergomi Tervtan\u00e1cs tagja elmondta: Esztergom sz\u00e1mos olyan \u00e9p\u00edtett \u00f6r\u00f6ks\u00e9ggel rendelkezik, amelyek nem ker\u00fcltek bemutat\u00e1sra, ugyanakkor a Kov\u00e1csi templom eset\u00e9ben t\u00f6rekedni kell arra, hogy legal\u00e1bb a lehet\u0151s\u00e9ge megmaradjon annak, hogy a k\u00e9s\u0151bbiekben bemutathat\u00f3 legyen a ter\u00fclet. Ehhez pedig m\u00e1r az is elegend\u0151, ha egyel\u0151re a visszatemet\u00e9s helyett a jelenlegi \u00e1llapot meg\u0151rz\u00e9se, ter\u00fcletrendez\u00e9s mellett d\u00f6nt a k\u00e9pvisel\u0151-test\u00fclet.<\/p>\n<p>A k\u00e9pvisel\u0151-test\u00fclet v\u00e9g\u00fcl t\u00f6bb m\u00f3dos\u00edt\u00f3 javaslattal \u00fagy hat\u00e1rozott, hogy a kor\u00e1bbi d\u00f6nt\u00e9ssel szemben, a romok visszatemet\u00e9se helyett a templommaradv\u00e1nyok konzerv\u00e1l\u00e1s\u00e1t t\u00e1mogatja, azaz a felt\u00e1rt falak megtekinthet\u0151ek maradnak, de kronoszk\u00f3p nem ker\u00fcl kihelyez\u00e9sre, a munk\u00e1latokra az \u00f6nkorm\u00e1nyzat maximum egymilli\u00f3 forintos keret\u00f6sszeget biztos\u00edt.<\/p>\n<p>A ter\u00fclet tov\u00e1bbi sors\u00e1r\u00f3l azt k\u00f6vet\u0151en d\u00f6ntenek, hogy a megadott hat\u00e1rid\u0151ig, november 30-ig elk\u00e9sz\u00fcl az \u00f6r\u00f6ks\u00e9gv\u00e9delmi struktur\u00e1lis terv. Ut\u00f3bbi \u00f6sszegezn\u00e9 az ismert esztergomi r\u00e9g\u00e9szeti eml\u00e9keket, r\u00e9szletesen bemutatn\u00e1 azokat, \u00e9s lehet\u0151s\u00e9get adna arra, hogy a szakemberek kidolgozz\u00e1k ezek bemutat\u00e1s\u00e1nak, megment\u00e9s\u00e9nek felt\u00e9teleit.<\/p>\n<p><em>Forr\u00e1s: esztergom.hu<\/em><br \/>\n<em>Fot\u00f3: magyarmuzeumok.hu<\/em><\/p>\n<\/div>\n","protected":false},"excerpt":{"rendered":"<p>Egyetlen napirendi pontot t\u00e1rgyaltak az augusztus 3-i rendk\u00edv\u00fcli esztergomi test\u00fcleti \u00fcl\u00e9sen: Romanek Etelka polg\u00e1rmester megv\u00e9t\u00f3zta a test\u00fclet kor\u00e1bbi, a kov\u00e1csi templom romjainak betemet\u00e9s\u00e9re vonatkoz\u00f3 hat\u00e1rozat\u00e1t. Az \u00faj d\u00f6nt\u00e9s szerint a r\u00e9g\u00e9szeti maradv\u00e1nyok minim\u00e1lis tereprendez\u00e9st k\u00f6vet\u0151en m\u00e9gis l\u00e1togathat\u00f3ak lesznek. A Kov\u00e1csi templomrom az\u00e9rt ker\u00fclt ism\u00e9t a test\u00fclet el\u00e9, mivel Romanek Etelka polg\u00e1rmester megv\u00e9t\u00f3zta az ezzel kapcsolatban<\/p>\n","protected":false},"author":1,"featured_media":11652,"comment_status":"closed","ping_status":"closed","sticky":false,"template":"","format":"standard","meta":{"ngg_post_thumbnail":0,"footnotes":""},"categories":[38,3],"tags":[42,2875,1174,2217,266],"class_list":{"0":"post-11651","1":"post","2":"type-post","3":"status-publish","4":"format-standard","5":"has-post-thumbnail","7":"category-esztergom","8":"category-hirek","9":"tag-esztergom","10":"tag-kovacsi","11":"tag-regeszet","12":"tag-templom","13":"tag-tortenelem"},"yoast_head":"<!-- This site is optimized with the Yoast SEO plugin v27.5 - https:\/\/yoast.com\/product\/yoast-seo-wordpress\/ -->\n<title>Konzerv\u00e1lj\u00e1k a Kov\u00e1csi-templom maradv\u00e1nyait<\/title>\n<meta name=\"robots\" content=\"index, follow, max-snippet:-1, max-image-preview:large, max-video-preview:-1\" \/>\n<link rel=\"canonical\" href=\"https:\/\/dorogimedence.hu\/index.php\/2018\/08\/08\/konzervaljak-a-kovacsi-templom-maradvanyait\/\" class=\"yoast-seo-meta-tag\" \/>\n<meta property=\"og:locale\" content=\"hu_HU\" class=\"yoast-seo-meta-tag\" \/>\n<meta property=\"og:type\" content=\"article\" class=\"yoast-seo-meta-tag\" \/>\n<meta property=\"og:title\" content=\"Konzerv\u00e1lj\u00e1k a Kov\u00e1csi-templom maradv\u00e1nyait\" class=\"yoast-seo-meta-tag\" \/>\n<meta property=\"og:description\" content=\"Egyetlen napirendi pontot t\u00e1rgyaltak az augusztus 3-i rendk\u00edv\u00fcli esztergomi test\u00fcleti \u00fcl\u00e9sen: Romanek Etelka polg\u00e1rmester megv\u00e9t\u00f3zta a test\u00fclet kor\u00e1bbi, a kov\u00e1csi templom romjainak betemet\u00e9s\u00e9re vonatkoz\u00f3 hat\u00e1rozat\u00e1t. Az \u00faj d\u00f6nt\u00e9s szerint a r\u00e9g\u00e9szeti maradv\u00e1nyok minim\u00e1lis tereprendez\u00e9st k\u00f6vet\u0151en m\u00e9gis l\u00e1togathat\u00f3ak lesznek. A Kov\u00e1csi templomrom az\u00e9rt ker\u00fclt ism\u00e9t a test\u00fclet el\u00e9, mivel Romanek Etelka polg\u00e1rmester megv\u00e9t\u00f3zta az ezzel kapcsolatban\" class=\"yoast-seo-meta-tag\" \/>\n<meta property=\"og:url\" content=\"https:\/\/dorogimedence.hu\/index.php\/2018\/08\/08\/konzervaljak-a-kovacsi-templom-maradvanyait\/\" class=\"yoast-seo-meta-tag\" \/>\n<meta property=\"og:site_name\" content=\"Dorogi-medence Region\u00e1lis H\u00edrport\u00e1l\" class=\"yoast-seo-meta-tag\" \/>\n<meta property=\"article:publisher\" content=\"https:\/\/www.facebook.com\/dorogimedence\/\" class=\"yoast-seo-meta-tag\" \/>\n<meta property=\"article:published_time\" content=\"2018-08-08T05:12:23+00:00\" class=\"yoast-seo-meta-tag\" \/>\n<meta property=\"og:image\" content=\"https:\/\/i0.wp.com\/dorogimedence.hu\/wp-content\/uploads\/2018\/08\/kovacsi-templom.jpg?fit=670%2C365&ssl=1\" class=\"yoast-seo-meta-tag\" \/>\n\t<meta property=\"og:image:width\" content=\"670\" class=\"yoast-seo-meta-tag\" \/>\n\t<meta property=\"og:image:height\" content=\"365\" class=\"yoast-seo-meta-tag\" \/>\n\t<meta property=\"og:image:type\" content=\"image\/jpeg\" class=\"yoast-seo-meta-tag\" \/>\n<meta name=\"author\" content=\"dorogimedence.hu\" class=\"yoast-seo-meta-tag\" \/>\n<meta name=\"twitter:card\" content=\"summary_large_image\" class=\"yoast-seo-meta-tag\" \/>\n<meta name=\"twitter:label1\" content=\"Szerz\u0151:\" class=\"yoast-seo-meta-tag\" \/>\n\t<meta name=\"twitter:data1\" content=\"dorogimedence.hu\" class=\"yoast-seo-meta-tag\" \/>\n\t<meta name=\"twitter:label2\" content=\"Becs\u00fclt olvas\u00e1si id\u0151\" class=\"yoast-seo-meta-tag\" \/>\n\t<meta name=\"twitter:data2\" content=\"4 perc\" class=\"yoast-seo-meta-tag\" \/>\n<script type=\"application\/ld+json\" class=\"yoast-schema-graph\">{\"@context\":\"https:\\\/\\\/schema.org\",\"@graph\":[{\"@type\":\"Article\",\"@id\":\"https:\\\/\\\/dorogimedence.hu\\\/index.php\\\/2018\\\/08\\\/08\\\/konzervaljak-a-kovacsi-templom-maradvanyait\\\/#article\",\"isPartOf\":{\"@id\":\"https:\\\/\\\/dorogimedence.hu\\\/index.php\\\/2018\\\/08\\\/08\\\/konzervaljak-a-kovacsi-templom-maradvanyait\\\/\"},\"author\":{\"name\":\"dorogimedence.hu\",\"@id\":\"https:\\\/\\\/dorogimedence.hu\\\/#\\\/schema\\\/person\\\/ce6091eeb7e95ecdc87890d6aa8e0fd4\"},\"headline\":\"Konzerv\u00e1lj\u00e1k a Kov\u00e1csi-templom maradv\u00e1nyait\",\"datePublished\":\"2018-08-08T05:12:23+00:00\",\"mainEntityOfPage\":{\"@id\":\"https:\\\/\\\/dorogimedence.hu\\\/index.php\\\/2018\\\/08\\\/08\\\/konzervaljak-a-kovacsi-templom-maradvanyait\\\/\"},\"wordCount\":741,\"publisher\":{\"@id\":\"https:\\\/\\\/dorogimedence.hu\\\/#organization\"},\"image\":{\"@id\":\"https:\\\/\\\/dorogimedence.hu\\\/index.php\\\/2018\\\/08\\\/08\\\/konzervaljak-a-kovacsi-templom-maradvanyait\\\/#primaryimage\"},\"thumbnailUrl\":\"https:\\\/\\\/dorogimedence.hu\\\/wp-content\\\/uploads\\\/2018\\\/08\\\/kovacsi-templom.jpg\",\"keywords\":[\"esztergom\",\"kov\u00e1csi\",\"r\u00e9g\u00e9szet\",\"templom\",\"t\u00f6rt\u00e9nelem\"],\"articleSection\":[\"Esztergom\",\"H\u00edrek\"],\"inLanguage\":\"hu\"},{\"@type\":\"WebPage\",\"@id\":\"https:\\\/\\\/dorogimedence.hu\\\/index.php\\\/2018\\\/08\\\/08\\\/konzervaljak-a-kovacsi-templom-maradvanyait\\\/\",\"url\":\"https:\\\/\\\/dorogimedence.hu\\\/index.php\\\/2018\\\/08\\\/08\\\/konzervaljak-a-kovacsi-templom-maradvanyait\\\/\",\"name\":\"Konzerv\u00e1lj\u00e1k a Kov\u00e1csi-templom maradv\u00e1nyait\",\"isPartOf\":{\"@id\":\"https:\\\/\\\/dorogimedence.hu\\\/#website\"},\"primaryImageOfPage\":{\"@id\":\"https:\\\/\\\/dorogimedence.hu\\\/index.php\\\/2018\\\/08\\\/08\\\/konzervaljak-a-kovacsi-templom-maradvanyait\\\/#primaryimage\"},\"image\":{\"@id\":\"https:\\\/\\\/dorogimedence.hu\\\/index.php\\\/2018\\\/08\\\/08\\\/konzervaljak-a-kovacsi-templom-maradvanyait\\\/#primaryimage\"},\"thumbnailUrl\":\"https:\\\/\\\/dorogimedence.hu\\\/wp-content\\\/uploads\\\/2018\\\/08\\\/kovacsi-templom.jpg\",\"datePublished\":\"2018-08-08T05:12:23+00:00\",\"breadcrumb\":{\"@id\":\"https:\\\/\\\/dorogimedence.hu\\\/index.php\\\/2018\\\/08\\\/08\\\/konzervaljak-a-kovacsi-templom-maradvanyait\\\/#breadcrumb\"},\"inLanguage\":\"hu\",\"potentialAction\":[{\"@type\":\"ReadAction\",\"target\":[\"https:\\\/\\\/dorogimedence.hu\\\/index.php\\\/2018\\\/08\\\/08\\\/konzervaljak-a-kovacsi-templom-maradvanyait\\\/\"]}]},{\"@type\":\"ImageObject\",\"inLanguage\":\"hu\",\"@id\":\"https:\\\/\\\/dorogimedence.hu\\\/index.php\\\/2018\\\/08\\\/08\\\/konzervaljak-a-kovacsi-templom-maradvanyait\\\/#primaryimage\",\"url\":\"https:\\\/\\\/dorogimedence.hu\\\/wp-content\\\/uploads\\\/2018\\\/08\\\/kovacsi-templom.jpg\",\"contentUrl\":\"https:\\\/\\\/dorogimedence.hu\\\/wp-content\\\/uploads\\\/2018\\\/08\\\/kovacsi-templom.jpg\",\"width\":670,\"height\":365},{\"@type\":\"BreadcrumbList\",\"@id\":\"https:\\\/\\\/dorogimedence.hu\\\/index.php\\\/2018\\\/08\\\/08\\\/konzervaljak-a-kovacsi-templom-maradvanyait\\\/#breadcrumb\",\"itemListElement\":[{\"@type\":\"ListItem\",\"position\":1,\"name\":\"Kezd\u0151lap\",\"item\":\"https:\\\/\\\/dorogimedence.hu\\\/\"},{\"@type\":\"ListItem\",\"position\":2,\"name\":\"Konzerv\u00e1lj\u00e1k a Kov\u00e1csi-templom maradv\u00e1nyait\"}]},{\"@type\":\"WebSite\",\"@id\":\"https:\\\/\\\/dorogimedence.hu\\\/#website\",\"url\":\"https:\\\/\\\/dorogimedence.hu\\\/\",\"name\":\"Dorogi-medence Region\u00e1lis H\u00edrport\u00e1l\",\"description\":\"Dorog, Keszt\u00f6lc, Le\u00e1nyv\u00e1r, Piliscs\u00e9v, Tokod, Tokodalt\u00e1r\u00f3, Csolnok, Esztergom-kertv\u00e1ros: h\u00edrek, programok\",\"publisher\":{\"@id\":\"https:\\\/\\\/dorogimedence.hu\\\/#organization\"},\"potentialAction\":[{\"@type\":\"SearchAction\",\"target\":{\"@type\":\"EntryPoint\",\"urlTemplate\":\"https:\\\/\\\/dorogimedence.hu\\\/?s={search_term_string}\"},\"query-input\":{\"@type\":\"PropertyValueSpecification\",\"valueRequired\":true,\"valueName\":\"search_term_string\"}}],\"inLanguage\":\"hu\"},{\"@type\":\"Organization\",\"@id\":\"https:\\\/\\\/dorogimedence.hu\\\/#organization\",\"name\":\"Dorogi-medence Region\u00e1lis H\u00edrport\u00e1l\",\"url\":\"https:\\\/\\\/dorogimedence.hu\\\/\",\"logo\":{\"@type\":\"ImageObject\",\"inLanguage\":\"hu\",\"@id\":\"https:\\\/\\\/dorogimedence.hu\\\/#\\\/schema\\\/logo\\\/image\\\/\",\"url\":\"https:\\\/\\\/dorogimedence.hu\\\/wp-content\\\/uploads\\\/2021\\\/04\\\/logo-feher-600.png\",\"contentUrl\":\"https:\\\/\\\/dorogimedence.hu\\\/wp-content\\\/uploads\\\/2021\\\/04\\\/logo-feher-600.png\",\"width\":600,\"height\":100,\"caption\":\"Dorogi-medence Region\u00e1lis H\u00edrport\u00e1l\"},\"image\":{\"@id\":\"https:\\\/\\\/dorogimedence.hu\\\/#\\\/schema\\\/logo\\\/image\\\/\"},\"sameAs\":[\"https:\\\/\\\/www.facebook.com\\\/dorogimedence\\\/\"]},{\"@type\":\"Person\",\"@id\":\"https:\\\/\\\/dorogimedence.hu\\\/#\\\/schema\\\/person\\\/ce6091eeb7e95ecdc87890d6aa8e0fd4\",\"name\":\"dorogimedence.hu\",\"image\":{\"@type\":\"ImageObject\",\"inLanguage\":\"hu\",\"@id\":\"\\\/\\\/www.gravatar.com\\\/avatar\\\/d8d45f8901aadff40a4af72c0b826f1d?s=96&#038;r=g&#038;d=mm\",\"url\":\"\\\/\\\/www.gravatar.com\\\/avatar\\\/d8d45f8901aadff40a4af72c0b826f1d?s=96&#038;r=g&#038;d=mm\",\"contentUrl\":\"\\\/\\\/www.gravatar.com\\\/avatar\\\/d8d45f8901aadff40a4af72c0b826f1d?s=96&#038;r=g&#038;d=mm\",\"caption\":\"dorogimedence.hu\"}}]}<\/script>\n<!-- \/ Yoast SEO plugin. -->","yoast_head_json":{"title":"Konzerv\u00e1lj\u00e1k a Kov\u00e1csi-templom maradv\u00e1nyait","robots":{"index":"index","follow":"follow","max-snippet":"max-snippet:-1","max-image-preview":"max-image-preview:large","max-video-preview":"max-video-preview:-1"},"canonical":"https:\/\/dorogimedence.hu\/index.php\/2018\/08\/08\/konzervaljak-a-kovacsi-templom-maradvanyait\/","og_locale":"hu_HU","og_type":"article","og_title":"Konzerv\u00e1lj\u00e1k a Kov\u00e1csi-templom maradv\u00e1nyait","og_description":"Egyetlen napirendi pontot t\u00e1rgyaltak az augusztus 3-i rendk\u00edv\u00fcli esztergomi test\u00fcleti \u00fcl\u00e9sen: Romanek Etelka polg\u00e1rmester megv\u00e9t\u00f3zta a test\u00fclet kor\u00e1bbi, a kov\u00e1csi templom romjainak betemet\u00e9s\u00e9re vonatkoz\u00f3 hat\u00e1rozat\u00e1t. Az \u00faj d\u00f6nt\u00e9s szerint a r\u00e9g\u00e9szeti maradv\u00e1nyok minim\u00e1lis tereprendez\u00e9st k\u00f6vet\u0151en m\u00e9gis l\u00e1togathat\u00f3ak lesznek. A Kov\u00e1csi templomrom az\u00e9rt ker\u00fclt ism\u00e9t a test\u00fclet el\u00e9, mivel Romanek Etelka polg\u00e1rmester megv\u00e9t\u00f3zta az ezzel kapcsolatban","og_url":"https:\/\/dorogimedence.hu\/index.php\/2018\/08\/08\/konzervaljak-a-kovacsi-templom-maradvanyait\/","og_site_name":"Dorogi-medence Region\u00e1lis H\u00edrport\u00e1l","article_publisher":"https:\/\/www.facebook.com\/dorogimedence\/","article_published_time":"2018-08-08T05:12:23+00:00","og_image":[{"width":670,"height":365,"url":"https:\/\/i0.wp.com\/dorogimedence.hu\/wp-content\/uploads\/2018\/08\/kovacsi-templom.jpg?fit=670%2C365&ssl=1","type":"image\/jpeg"}],"author":"dorogimedence.hu","twitter_card":"summary_large_image","twitter_misc":{"Szerz\u0151:":"dorogimedence.hu","Becs\u00fclt olvas\u00e1si id\u0151":"4 perc"},"schema":{"@context":"https:\/\/schema.org","@graph":[{"@type":"Article","@id":"https:\/\/dorogimedence.hu\/index.php\/2018\/08\/08\/konzervaljak-a-kovacsi-templom-maradvanyait\/#article","isPartOf":{"@id":"https:\/\/dorogimedence.hu\/index.php\/2018\/08\/08\/konzervaljak-a-kovacsi-templom-maradvanyait\/"},"author":{"name":"dorogimedence.hu","@id":"https:\/\/dorogimedence.hu\/#\/schema\/person\/ce6091eeb7e95ecdc87890d6aa8e0fd4"},"headline":"Konzerv\u00e1lj\u00e1k a Kov\u00e1csi-templom maradv\u00e1nyait","datePublished":"2018-08-08T05:12:23+00:00","mainEntityOfPage":{"@id":"https:\/\/dorogimedence.hu\/index.php\/2018\/08\/08\/konzervaljak-a-kovacsi-templom-maradvanyait\/"},"wordCount":741,"publisher":{"@id":"https:\/\/dorogimedence.hu\/#organization"},"image":{"@id":"https:\/\/dorogimedence.hu\/index.php\/2018\/08\/08\/konzervaljak-a-kovacsi-templom-maradvanyait\/#primaryimage"},"thumbnailUrl":"https:\/\/dorogimedence.hu\/wp-content\/uploads\/2018\/08\/kovacsi-templom.jpg","keywords":["esztergom","kov\u00e1csi","r\u00e9g\u00e9szet","templom","t\u00f6rt\u00e9nelem"],"articleSection":["Esztergom","H\u00edrek"],"inLanguage":"hu"},{"@type":"WebPage","@id":"https:\/\/dorogimedence.hu\/index.php\/2018\/08\/08\/konzervaljak-a-kovacsi-templom-maradvanyait\/","url":"https:\/\/dorogimedence.hu\/index.php\/2018\/08\/08\/konzervaljak-a-kovacsi-templom-maradvanyait\/","name":"Konzerv\u00e1lj\u00e1k a Kov\u00e1csi-templom maradv\u00e1nyait","isPartOf":{"@id":"https:\/\/dorogimedence.hu\/#website"},"primaryImageOfPage":{"@id":"https:\/\/dorogimedence.hu\/index.php\/2018\/08\/08\/konzervaljak-a-kovacsi-templom-maradvanyait\/#primaryimage"},"image":{"@id":"https:\/\/dorogimedence.hu\/index.php\/2018\/08\/08\/konzervaljak-a-kovacsi-templom-maradvanyait\/#primaryimage"},"thumbnailUrl":"https:\/\/dorogimedence.hu\/wp-content\/uploads\/2018\/08\/kovacsi-templom.jpg","datePublished":"2018-08-08T05:12:23+00:00","breadcrumb":{"@id":"https:\/\/dorogimedence.hu\/index.php\/2018\/08\/08\/konzervaljak-a-kovacsi-templom-maradvanyait\/#breadcrumb"},"inLanguage":"hu","potentialAction":[{"@type":"ReadAction","target":["https:\/\/dorogimedence.hu\/index.php\/2018\/08\/08\/konzervaljak-a-kovacsi-templom-maradvanyait\/"]}]},{"@type":"ImageObject","inLanguage":"hu","@id":"https:\/\/dorogimedence.hu\/index.php\/2018\/08\/08\/konzervaljak-a-kovacsi-templom-maradvanyait\/#primaryimage","url":"https:\/\/dorogimedence.hu\/wp-content\/uploads\/2018\/08\/kovacsi-templom.jpg","contentUrl":"https:\/\/dorogimedence.hu\/wp-content\/uploads\/2018\/08\/kovacsi-templom.jpg","width":670,"height":365},{"@type":"BreadcrumbList","@id":"https:\/\/dorogimedence.hu\/index.php\/2018\/08\/08\/konzervaljak-a-kovacsi-templom-maradvanyait\/#breadcrumb","itemListElement":[{"@type":"ListItem","position":1,"name":"Kezd\u0151lap","item":"https:\/\/dorogimedence.hu\/"},{"@type":"ListItem","position":2,"name":"Konzerv\u00e1lj\u00e1k a Kov\u00e1csi-templom maradv\u00e1nyait"}]},{"@type":"WebSite","@id":"https:\/\/dorogimedence.hu\/#website","url":"https:\/\/dorogimedence.hu\/","name":"Dorogi-medence Region\u00e1lis H\u00edrport\u00e1l","description":"Dorog, Keszt\u00f6lc, Le\u00e1nyv\u00e1r, Piliscs\u00e9v, Tokod, Tokodalt\u00e1r\u00f3, Csolnok, Esztergom-kertv\u00e1ros: h\u00edrek, programok","publisher":{"@id":"https:\/\/dorogimedence.hu\/#organization"},"potentialAction":[{"@type":"SearchAction","target":{"@type":"EntryPoint","urlTemplate":"https:\/\/dorogimedence.hu\/?s={search_term_string}"},"query-input":{"@type":"PropertyValueSpecification","valueRequired":true,"valueName":"search_term_string"}}],"inLanguage":"hu"},{"@type":"Organization","@id":"https:\/\/dorogimedence.hu\/#organization","name":"Dorogi-medence Region\u00e1lis H\u00edrport\u00e1l","url":"https:\/\/dorogimedence.hu\/","logo":{"@type":"ImageObject","inLanguage":"hu","@id":"https:\/\/dorogimedence.hu\/#\/schema\/logo\/image\/","url":"https:\/\/dorogimedence.hu\/wp-content\/uploads\/2021\/04\/logo-feher-600.png","contentUrl":"https:\/\/dorogimedence.hu\/wp-content\/uploads\/2021\/04\/logo-feher-600.png","width":600,"height":100,"caption":"Dorogi-medence Region\u00e1lis H\u00edrport\u00e1l"},"image":{"@id":"https:\/\/dorogimedence.hu\/#\/schema\/logo\/image\/"},"sameAs":["https:\/\/www.facebook.com\/dorogimedence\/"]},{"@type":"Person","@id":"https:\/\/dorogimedence.hu\/#\/schema\/person\/ce6091eeb7e95ecdc87890d6aa8e0fd4","name":"dorogimedence.hu","image":{"@type":"ImageObject","inLanguage":"hu","@id":"\/\/www.gravatar.com\/avatar\/d8d45f8901aadff40a4af72c0b826f1d?s=96&#038;r=g&#038;d=mm","url":"\/\/www.gravatar.com\/avatar\/d8d45f8901aadff40a4af72c0b826f1d?s=96&#038;r=g&#038;d=mm","contentUrl":"\/\/www.gravatar.com\/avatar\/d8d45f8901aadff40a4af72c0b826f1d?s=96&#038;r=g&#038;d=mm","caption":"dorogimedence.hu"}}]}},"_links":{"self":[{"href":"https:\/\/dorogimedence.hu\/index.php\/wp-json\/wp\/v2\/posts\/11651","targetHints":{"allow":["GET"]}}],"collection":[{"href":"https:\/\/dorogimedence.hu\/index.php\/wp-json\/wp\/v2\/posts"}],"about":[{"href":"https:\/\/dorogimedence.hu\/index.php\/wp-json\/wp\/v2\/types\/post"}],"author":[{"embeddable":true,"href":"https:\/\/dorogimedence.hu\/index.php\/wp-json\/wp\/v2\/users\/1"}],"replies":[{"embeddable":true,"href":"https:\/\/dorogimedence.hu\/index.php\/wp-json\/wp\/v2\/comments?post=11651"}],"version-history":[{"count":0,"href":"https:\/\/dorogimedence.hu\/index.php\/wp-json\/wp\/v2\/posts\/11651\/revisions"}],"wp:featuredmedia":[{"embeddable":true,"href":"https:\/\/dorogimedence.hu\/index.php\/wp-json\/wp\/v2\/media\/11652"}],"wp:attachment":[{"href":"https:\/\/dorogimedence.hu\/index.php\/wp-json\/wp\/v2\/media?parent=11651"}],"wp:term":[{"taxonomy":"category","embeddable":true,"href":"https:\/\/dorogimedence.hu\/index.php\/wp-json\/wp\/v2\/categories?post=11651"},{"taxonomy":"post_tag","embeddable":true,"href":"https:\/\/dorogimedence.hu\/index.php\/wp-json\/wp\/v2\/tags?post=11651"}],"curies":[{"name":"wp","href":"https:\/\/api.w.org\/{rel}","templated":true}]}}