{"id":11476,"date":"2018-07-29T12:10:17","date_gmt":"2018-07-29T10:10:17","guid":{"rendered":"http:\/\/dorogimedence.hu\/?p=11476"},"modified":"2018-07-29T12:10:17","modified_gmt":"2018-07-29T10:10:17","slug":"ismet-felelotlen-volt-egy-esztergomi-orvos-embereletbe-kerult-sajnos","status":"publish","type":"post","link":"https:\/\/dorogimedence.hu\/index.php\/2018\/07\/29\/ismet-felelotlen-volt-egy-esztergomi-orvos-embereletbe-kerult-sajnos\/","title":{"rendered":"Ism\u00e9t felel\u0151tlen volt egy esztergomi orvos, ember\u00e9letbe ker\u00fclt sajnos"},"content":{"rendered":"<p><strong>A csal\u00e1dja szerint meg sem vizsg\u00e1lta a sz\u00edvinfarktus gyan\u00faval orvoshoz fordul\u00f3 beteget az \u00fcgyeletes orvos Esztergomban, ink\u00e1bb egy f\u00e1jdalomcsillap\u00edt\u00f3 ut\u00e1n hazak\u00fcldte<\/strong> <em>&#8211; tudta meg az <a href=\"http:\/\/www.atv.hu\/belfold\/20180729-nagyon-rosszul-volt-egy-idos-ferfi-az-orvos-fajdalomcsillapito-utan-hazakuldte-az-utcan-halt-meg\" target=\"_blank\" rel=\"noopener\"><span style=\"text-decoration: underline; color: #0000ff;\">ATV<\/span><\/a>.<\/em><\/p>\n<p>A 73 \u00e9ves f\u00e9rfi &#8211; akinek kor\u00e1bban soha nem volt gond a sz\u00edv\u00e9vel &#8211; m\u00e1snap <strong>sz\u00edvel\u00e9gtelens\u00e9g miatt meghalt<\/strong>. A hozz\u00e1tartoz\u00f3k azt mondj\u00e1k egy <strong>rutinvizsg\u00e1lat megmenthette volna<\/strong> a b\u00e1csit.<\/p>\n<p>A h\u00e1ziorvosi rendel\u0151 helyett egy padig jutott h\u00e9tf\u0151n Kov\u00e1cs Vilmos. Fia azt mondja, \u00e9desapj\u00e1nak m\u00e9g volt annyi ereje, hogy seg\u00edts\u00e9get k\u00e9rjen egy j\u00e1r\u00f3kel\u0151t\u0151l &#8211; \u00edrja az atv.hu.<\/p>\n<p>Az \u00f6tven m\u00e9terre l\u00e9v\u0151 rendel\u0151b\u0151l azonnal ki is rohant az orvos, \u00e9s megkezdte az \u00fajra\u00e9leszt\u00e9st, de Kov\u00e1cs Vilmos \u00e9let\u00e9t m\u00e1r sem \u0151, sem pedig a rendel\u0151 el\u0151tti \u00e9p\u00edtkez\u00e9s miatt csak h\u00fasz perc k\u00e9s\u00e9ssel ki\u00e9rkez\u0151 ment\u0151k nem tudt\u00e1k megmenteni.<\/p>\n<p>Kov\u00e1cs G\u00e9za, az \u00e1ldozat fia azt mondta: &#8222;Az el\u0151zm\u00e9nye az, hogy vas\u00e1rnap reggel sz\u00f3l \u00e9desap\u00e1m az \u00e9desany\u00e1mnak, hogy \u0151 nagyon rosszul van. Mellkasi f\u00e1jdalmat \u00e9rez, sz\u00far\u00f3 f\u00e1jdalmat \u00e9rez a h\u00e1t\u00e1ban, el\u00f6l-h\u00e1tul, hol visszaj\u00f6n, er\u0151sebben, hol elm\u00falik, de folyamatos. Megk\u00e9ri az \u00e9desany\u00e1mat, hogy az Esztergomi \u00fcgyeletre k\u00eds\u00e9rje be. Az<strong> esztergomi k\u00f3rh\u00e1z ter\u00fclet\u00e9n<\/strong> m\u0171k\u00f6d\u0151, de a <strong>k\u00f3rh\u00e1zt\u00f3l f\u00fcggetlen orvosi \u00fcgyeleten<\/strong> a doktorn\u0151 <strong>nem vette komolyan<\/strong> az \u00e9desapja panaszait, \u00e9s a sz\u00fcks\u00e9ges vizsg\u00e1latokat sem v\u00e9gezte el. Semmilyen vizsg\u00e1lat nem is szerepel az ambul\u00e1ns lapon, csak v\u00e9rnyom\u00e1sm\u00e9r\u00e9s. Megm\u00e9ri \u00e9desap\u00e1mnak a v\u00e9rnyom\u00e1s\u00e1t, ami rendben van, megk\u00e9rdezi arr\u00f3l, hogy milyen gy\u00f3gyszereket szed, \u00e9s idegbecs\u00edp\u0151d\u00e9ssel kezeli, egy algopiryn-voltaren injekci\u00f3t ad.&#8221;<\/p>\n<p>Kov\u00e1cs\u00e9k jelenleg a boncol\u00e1si jegyz\u0151k\u00f6nyvre v\u00e1rnak, \u00e1m a kiadott halottvizsg\u00e1lati bizony\u00edtv\u00e1nyban a hal\u00e1l okak\u00e9nt heveny balkamrai el\u00e9gtelens\u00e9g \u2013 vagyis sz\u00edvprobl\u00e9ma &#8211; szerepel &#8211;<em> tudta meg az atv.hu.<\/em><\/p>\n<p>Sajnos Esztergomban sok eset szomor\u00faan v\u00e9gz\u0151dik, mikor vagy nem id\u0151ben l\u00e1tj\u00e1k el a beteget, vagy rosszul \u00e1ll\u00edtj\u00e1k fel a diagn\u00f3zist. Jobb egyel\u0151re nem lesz a helyzet, hiszen a most is haldokl\u00f3 eg\u00e9szs\u00e9g\u00fcgyi rendszert tov\u00e1bb ostorozza a korm\u00e1ny.<\/p>\n<p><a href=\"http:\/\/www.atv.hu\/belfold\/20180729-nagyon-rosszul-volt-egy-idos-ferfi-az-orvos-fajdalomcsillapito-utan-hazakuldte-az-utcan-halt-meg\" target=\"_blank\" rel=\"noopener\"><span style=\"text-decoration: underline; color: #0000ff;\"><strong>ATV vide\u00f3ja az esettel kapcsolatban&gt;&gt;<\/strong><\/span><\/a><\/p>\n<p><em>Forr\u00e1s: atv.hu\/dorogimedence.hu<br \/>\nFot\u00f3: atv.hu<\/em><\/p>\n","protected":false},"excerpt":{"rendered":"<p>A csal\u00e1dja szerint meg sem vizsg\u00e1lta a sz\u00edvinfarktus gyan\u00faval orvoshoz fordul\u00f3 beteget az \u00fcgyeletes orvos Esztergomban, ink\u00e1bb egy f\u00e1jdalomcsillap\u00edt\u00f3 ut\u00e1n hazak\u00fcldte &#8211; tudta meg az ATV. A 73 \u00e9ves f\u00e9rfi &#8211; akinek kor\u00e1bban soha nem volt gond a sz\u00edv\u00e9vel &#8211; m\u00e1snap sz\u00edvel\u00e9gtelens\u00e9g miatt meghalt. A hozz\u00e1tartoz\u00f3k azt mondj\u00e1k egy rutinvizsg\u00e1lat megmenthette volna a b\u00e1csit. A<\/p>\n","protected":false},"author":1,"featured_media":11477,"comment_status":"closed","ping_status":"closed","sticky":false,"template":"","format":"standard","meta":{"ngg_post_thumbnail":0,"footnotes":""},"categories":[38,3,39],"tags":[44,42,2836,581],"class_list":{"0":"post-11476","1":"post","2":"type-post","3":"status-publish","4":"format-standard","5":"has-post-thumbnail","7":"category-esztergom","8":"category-hirek","9":"category-kek-hirek","10":"tag-baleset","11":"tag-esztergom","12":"tag-halal","13":"tag-orvos"},"yoast_head":"<!-- This site is optimized with the Yoast SEO plugin v27.4 - https:\/\/yoast.com\/product\/yoast-seo-wordpress\/ -->\n<title>Ism\u00e9t felel\u0151tlen volt egy esztergomi orvos, ember\u00e9letbe ker\u00fclt sajnos<\/title>\n<meta name=\"robots\" content=\"index, follow, max-snippet:-1, max-image-preview:large, max-video-preview:-1\" \/>\n<link rel=\"canonical\" href=\"https:\/\/dorogimedence.hu\/index.php\/2018\/07\/29\/ismet-felelotlen-volt-egy-esztergomi-orvos-embereletbe-kerult-sajnos\/\" class=\"yoast-seo-meta-tag\" \/>\n<meta property=\"og:locale\" content=\"hu_HU\" class=\"yoast-seo-meta-tag\" \/>\n<meta property=\"og:type\" content=\"article\" class=\"yoast-seo-meta-tag\" \/>\n<meta property=\"og:title\" content=\"Ism\u00e9t felel\u0151tlen volt egy esztergomi orvos, ember\u00e9letbe ker\u00fclt sajnos\" class=\"yoast-seo-meta-tag\" \/>\n<meta property=\"og:description\" content=\"A csal\u00e1dja szerint meg sem vizsg\u00e1lta a sz\u00edvinfarktus gyan\u00faval orvoshoz fordul\u00f3 beteget az \u00fcgyeletes orvos Esztergomban, ink\u00e1bb egy f\u00e1jdalomcsillap\u00edt\u00f3 ut\u00e1n hazak\u00fcldte &#8211; tudta meg az ATV. A 73 \u00e9ves f\u00e9rfi &#8211; akinek kor\u00e1bban soha nem volt gond a sz\u00edv\u00e9vel &#8211; m\u00e1snap sz\u00edvel\u00e9gtelens\u00e9g miatt meghalt. A hozz\u00e1tartoz\u00f3k azt mondj\u00e1k egy rutinvizsg\u00e1lat megmenthette volna a b\u00e1csit. A\" class=\"yoast-seo-meta-tag\" \/>\n<meta property=\"og:url\" content=\"https:\/\/dorogimedence.hu\/index.php\/2018\/07\/29\/ismet-felelotlen-volt-egy-esztergomi-orvos-embereletbe-kerult-sajnos\/\" class=\"yoast-seo-meta-tag\" \/>\n<meta property=\"og:site_name\" content=\"Dorogi-medence Region\u00e1lis H\u00edrport\u00e1l\" class=\"yoast-seo-meta-tag\" \/>\n<meta property=\"article:publisher\" content=\"https:\/\/www.facebook.com\/dorogimedence\/\" class=\"yoast-seo-meta-tag\" \/>\n<meta property=\"article:published_time\" content=\"2018-07-29T10:10:17+00:00\" class=\"yoast-seo-meta-tag\" \/>\n<meta property=\"og:image\" content=\"https:\/\/i0.wp.com\/dorogimedence.hu\/wp-content\/uploads\/2018\/07\/esztergpm-halal.jpg?fit=670%2C365&ssl=1\" class=\"yoast-seo-meta-tag\" \/>\n\t<meta property=\"og:image:width\" content=\"670\" class=\"yoast-seo-meta-tag\" \/>\n\t<meta property=\"og:image:height\" content=\"365\" class=\"yoast-seo-meta-tag\" \/>\n\t<meta property=\"og:image:type\" content=\"image\/jpeg\" class=\"yoast-seo-meta-tag\" \/>\n<meta name=\"author\" content=\"dorogimedence.hu\" class=\"yoast-seo-meta-tag\" \/>\n<meta name=\"twitter:card\" content=\"summary_large_image\" class=\"yoast-seo-meta-tag\" \/>\n<meta name=\"twitter:label1\" content=\"Szerz\u0151:\" class=\"yoast-seo-meta-tag\" \/>\n\t<meta name=\"twitter:data1\" content=\"dorogimedence.hu\" class=\"yoast-seo-meta-tag\" \/>\n\t<meta name=\"twitter:label2\" content=\"Becs\u00fclt olvas\u00e1si id\u0151\" class=\"yoast-seo-meta-tag\" \/>\n\t<meta name=\"twitter:data2\" content=\"2 perc\" class=\"yoast-seo-meta-tag\" \/>\n<script type=\"application\/ld+json\" class=\"yoast-schema-graph\">{\"@context\":\"https:\\\/\\\/schema.org\",\"@graph\":[{\"@type\":\"Article\",\"@id\":\"https:\\\/\\\/dorogimedence.hu\\\/index.php\\\/2018\\\/07\\\/29\\\/ismet-felelotlen-volt-egy-esztergomi-orvos-embereletbe-kerult-sajnos\\\/#article\",\"isPartOf\":{\"@id\":\"https:\\\/\\\/dorogimedence.hu\\\/index.php\\\/2018\\\/07\\\/29\\\/ismet-felelotlen-volt-egy-esztergomi-orvos-embereletbe-kerult-sajnos\\\/\"},\"author\":{\"name\":\"dorogimedence.hu\",\"@id\":\"https:\\\/\\\/dorogimedence.hu\\\/#\\\/schema\\\/person\\\/ce6091eeb7e95ecdc87890d6aa8e0fd4\"},\"headline\":\"Ism\u00e9t felel\u0151tlen volt egy esztergomi orvos, ember\u00e9letbe ker\u00fclt sajnos\",\"datePublished\":\"2018-07-29T10:10:17+00:00\",\"mainEntityOfPage\":{\"@id\":\"https:\\\/\\\/dorogimedence.hu\\\/index.php\\\/2018\\\/07\\\/29\\\/ismet-felelotlen-volt-egy-esztergomi-orvos-embereletbe-kerult-sajnos\\\/\"},\"wordCount\":451,\"publisher\":{\"@id\":\"https:\\\/\\\/dorogimedence.hu\\\/#organization\"},\"image\":{\"@id\":\"https:\\\/\\\/dorogimedence.hu\\\/index.php\\\/2018\\\/07\\\/29\\\/ismet-felelotlen-volt-egy-esztergomi-orvos-embereletbe-kerult-sajnos\\\/#primaryimage\"},\"thumbnailUrl\":\"https:\\\/\\\/dorogimedence.hu\\\/wp-content\\\/uploads\\\/2018\\\/07\\\/esztergpm-halal.jpg\",\"keywords\":[\"baleset\",\"esztergom\",\"hal\u00e1l\",\"orvos\"],\"articleSection\":[\"Esztergom\",\"H\u00edrek\",\"K\u00e9k h\u00edrek\"],\"inLanguage\":\"hu\"},{\"@type\":\"WebPage\",\"@id\":\"https:\\\/\\\/dorogimedence.hu\\\/index.php\\\/2018\\\/07\\\/29\\\/ismet-felelotlen-volt-egy-esztergomi-orvos-embereletbe-kerult-sajnos\\\/\",\"url\":\"https:\\\/\\\/dorogimedence.hu\\\/index.php\\\/2018\\\/07\\\/29\\\/ismet-felelotlen-volt-egy-esztergomi-orvos-embereletbe-kerult-sajnos\\\/\",\"name\":\"Ism\u00e9t felel\u0151tlen volt egy esztergomi orvos, ember\u00e9letbe ker\u00fclt sajnos\",\"isPartOf\":{\"@id\":\"https:\\\/\\\/dorogimedence.hu\\\/#website\"},\"primaryImageOfPage\":{\"@id\":\"https:\\\/\\\/dorogimedence.hu\\\/index.php\\\/2018\\\/07\\\/29\\\/ismet-felelotlen-volt-egy-esztergomi-orvos-embereletbe-kerult-sajnos\\\/#primaryimage\"},\"image\":{\"@id\":\"https:\\\/\\\/dorogimedence.hu\\\/index.php\\\/2018\\\/07\\\/29\\\/ismet-felelotlen-volt-egy-esztergomi-orvos-embereletbe-kerult-sajnos\\\/#primaryimage\"},\"thumbnailUrl\":\"https:\\\/\\\/dorogimedence.hu\\\/wp-content\\\/uploads\\\/2018\\\/07\\\/esztergpm-halal.jpg\",\"datePublished\":\"2018-07-29T10:10:17+00:00\",\"breadcrumb\":{\"@id\":\"https:\\\/\\\/dorogimedence.hu\\\/index.php\\\/2018\\\/07\\\/29\\\/ismet-felelotlen-volt-egy-esztergomi-orvos-embereletbe-kerult-sajnos\\\/#breadcrumb\"},\"inLanguage\":\"hu\",\"potentialAction\":[{\"@type\":\"ReadAction\",\"target\":[\"https:\\\/\\\/dorogimedence.hu\\\/index.php\\\/2018\\\/07\\\/29\\\/ismet-felelotlen-volt-egy-esztergomi-orvos-embereletbe-kerult-sajnos\\\/\"]}]},{\"@type\":\"ImageObject\",\"inLanguage\":\"hu\",\"@id\":\"https:\\\/\\\/dorogimedence.hu\\\/index.php\\\/2018\\\/07\\\/29\\\/ismet-felelotlen-volt-egy-esztergomi-orvos-embereletbe-kerult-sajnos\\\/#primaryimage\",\"url\":\"https:\\\/\\\/dorogimedence.hu\\\/wp-content\\\/uploads\\\/2018\\\/07\\\/esztergpm-halal.jpg\",\"contentUrl\":\"https:\\\/\\\/dorogimedence.hu\\\/wp-content\\\/uploads\\\/2018\\\/07\\\/esztergpm-halal.jpg\",\"width\":670,\"height\":365},{\"@type\":\"BreadcrumbList\",\"@id\":\"https:\\\/\\\/dorogimedence.hu\\\/index.php\\\/2018\\\/07\\\/29\\\/ismet-felelotlen-volt-egy-esztergomi-orvos-embereletbe-kerult-sajnos\\\/#breadcrumb\",\"itemListElement\":[{\"@type\":\"ListItem\",\"position\":1,\"name\":\"Kezd\u0151lap\",\"item\":\"https:\\\/\\\/dorogimedence.hu\\\/\"},{\"@type\":\"ListItem\",\"position\":2,\"name\":\"Ism\u00e9t felel\u0151tlen volt egy esztergomi orvos, ember\u00e9letbe ker\u00fclt sajnos\"}]},{\"@type\":\"WebSite\",\"@id\":\"https:\\\/\\\/dorogimedence.hu\\\/#website\",\"url\":\"https:\\\/\\\/dorogimedence.hu\\\/\",\"name\":\"Dorogi-medence Region\u00e1lis H\u00edrport\u00e1l\",\"description\":\"Dorog, Keszt\u00f6lc, Le\u00e1nyv\u00e1r, Piliscs\u00e9v, Tokod, Tokodalt\u00e1r\u00f3, Csolnok, Esztergom-kertv\u00e1ros: h\u00edrek, programok\",\"publisher\":{\"@id\":\"https:\\\/\\\/dorogimedence.hu\\\/#organization\"},\"potentialAction\":[{\"@type\":\"SearchAction\",\"target\":{\"@type\":\"EntryPoint\",\"urlTemplate\":\"https:\\\/\\\/dorogimedence.hu\\\/?s={search_term_string}\"},\"query-input\":{\"@type\":\"PropertyValueSpecification\",\"valueRequired\":true,\"valueName\":\"search_term_string\"}}],\"inLanguage\":\"hu\"},{\"@type\":\"Organization\",\"@id\":\"https:\\\/\\\/dorogimedence.hu\\\/#organization\",\"name\":\"Dorogi-medence Region\u00e1lis H\u00edrport\u00e1l\",\"url\":\"https:\\\/\\\/dorogimedence.hu\\\/\",\"logo\":{\"@type\":\"ImageObject\",\"inLanguage\":\"hu\",\"@id\":\"https:\\\/\\\/dorogimedence.hu\\\/#\\\/schema\\\/logo\\\/image\\\/\",\"url\":\"https:\\\/\\\/dorogimedence.hu\\\/wp-content\\\/uploads\\\/2021\\\/04\\\/logo-feher-600.png\",\"contentUrl\":\"https:\\\/\\\/dorogimedence.hu\\\/wp-content\\\/uploads\\\/2021\\\/04\\\/logo-feher-600.png\",\"width\":600,\"height\":100,\"caption\":\"Dorogi-medence Region\u00e1lis H\u00edrport\u00e1l\"},\"image\":{\"@id\":\"https:\\\/\\\/dorogimedence.hu\\\/#\\\/schema\\\/logo\\\/image\\\/\"},\"sameAs\":[\"https:\\\/\\\/www.facebook.com\\\/dorogimedence\\\/\"]},{\"@type\":\"Person\",\"@id\":\"https:\\\/\\\/dorogimedence.hu\\\/#\\\/schema\\\/person\\\/ce6091eeb7e95ecdc87890d6aa8e0fd4\",\"name\":\"dorogimedence.hu\",\"image\":{\"@type\":\"ImageObject\",\"inLanguage\":\"hu\",\"@id\":\"\\\/\\\/www.gravatar.com\\\/avatar\\\/d8d45f8901aadff40a4af72c0b826f1d?s=96&#038;r=g&#038;d=mm\",\"url\":\"\\\/\\\/www.gravatar.com\\\/avatar\\\/d8d45f8901aadff40a4af72c0b826f1d?s=96&#038;r=g&#038;d=mm\",\"contentUrl\":\"\\\/\\\/www.gravatar.com\\\/avatar\\\/d8d45f8901aadff40a4af72c0b826f1d?s=96&#038;r=g&#038;d=mm\",\"caption\":\"dorogimedence.hu\"}}]}<\/script>\n<!-- \/ Yoast SEO plugin. -->","yoast_head_json":{"title":"Ism\u00e9t felel\u0151tlen volt egy esztergomi orvos, ember\u00e9letbe ker\u00fclt sajnos","robots":{"index":"index","follow":"follow","max-snippet":"max-snippet:-1","max-image-preview":"max-image-preview:large","max-video-preview":"max-video-preview:-1"},"canonical":"https:\/\/dorogimedence.hu\/index.php\/2018\/07\/29\/ismet-felelotlen-volt-egy-esztergomi-orvos-embereletbe-kerult-sajnos\/","og_locale":"hu_HU","og_type":"article","og_title":"Ism\u00e9t felel\u0151tlen volt egy esztergomi orvos, ember\u00e9letbe ker\u00fclt sajnos","og_description":"A csal\u00e1dja szerint meg sem vizsg\u00e1lta a sz\u00edvinfarktus gyan\u00faval orvoshoz fordul\u00f3 beteget az \u00fcgyeletes orvos Esztergomban, ink\u00e1bb egy f\u00e1jdalomcsillap\u00edt\u00f3 ut\u00e1n hazak\u00fcldte &#8211; tudta meg az ATV. A 73 \u00e9ves f\u00e9rfi &#8211; akinek kor\u00e1bban soha nem volt gond a sz\u00edv\u00e9vel &#8211; m\u00e1snap sz\u00edvel\u00e9gtelens\u00e9g miatt meghalt. A hozz\u00e1tartoz\u00f3k azt mondj\u00e1k egy rutinvizsg\u00e1lat megmenthette volna a b\u00e1csit. A","og_url":"https:\/\/dorogimedence.hu\/index.php\/2018\/07\/29\/ismet-felelotlen-volt-egy-esztergomi-orvos-embereletbe-kerult-sajnos\/","og_site_name":"Dorogi-medence Region\u00e1lis H\u00edrport\u00e1l","article_publisher":"https:\/\/www.facebook.com\/dorogimedence\/","article_published_time":"2018-07-29T10:10:17+00:00","og_image":[{"width":670,"height":365,"url":"https:\/\/i0.wp.com\/dorogimedence.hu\/wp-content\/uploads\/2018\/07\/esztergpm-halal.jpg?fit=670%2C365&ssl=1","type":"image\/jpeg"}],"author":"dorogimedence.hu","twitter_card":"summary_large_image","twitter_misc":{"Szerz\u0151:":"dorogimedence.hu","Becs\u00fclt olvas\u00e1si id\u0151":"2 perc"},"schema":{"@context":"https:\/\/schema.org","@graph":[{"@type":"Article","@id":"https:\/\/dorogimedence.hu\/index.php\/2018\/07\/29\/ismet-felelotlen-volt-egy-esztergomi-orvos-embereletbe-kerult-sajnos\/#article","isPartOf":{"@id":"https:\/\/dorogimedence.hu\/index.php\/2018\/07\/29\/ismet-felelotlen-volt-egy-esztergomi-orvos-embereletbe-kerult-sajnos\/"},"author":{"name":"dorogimedence.hu","@id":"https:\/\/dorogimedence.hu\/#\/schema\/person\/ce6091eeb7e95ecdc87890d6aa8e0fd4"},"headline":"Ism\u00e9t felel\u0151tlen volt egy esztergomi orvos, ember\u00e9letbe ker\u00fclt sajnos","datePublished":"2018-07-29T10:10:17+00:00","mainEntityOfPage":{"@id":"https:\/\/dorogimedence.hu\/index.php\/2018\/07\/29\/ismet-felelotlen-volt-egy-esztergomi-orvos-embereletbe-kerult-sajnos\/"},"wordCount":451,"publisher":{"@id":"https:\/\/dorogimedence.hu\/#organization"},"image":{"@id":"https:\/\/dorogimedence.hu\/index.php\/2018\/07\/29\/ismet-felelotlen-volt-egy-esztergomi-orvos-embereletbe-kerult-sajnos\/#primaryimage"},"thumbnailUrl":"https:\/\/dorogimedence.hu\/wp-content\/uploads\/2018\/07\/esztergpm-halal.jpg","keywords":["baleset","esztergom","hal\u00e1l","orvos"],"articleSection":["Esztergom","H\u00edrek","K\u00e9k h\u00edrek"],"inLanguage":"hu"},{"@type":"WebPage","@id":"https:\/\/dorogimedence.hu\/index.php\/2018\/07\/29\/ismet-felelotlen-volt-egy-esztergomi-orvos-embereletbe-kerult-sajnos\/","url":"https:\/\/dorogimedence.hu\/index.php\/2018\/07\/29\/ismet-felelotlen-volt-egy-esztergomi-orvos-embereletbe-kerult-sajnos\/","name":"Ism\u00e9t felel\u0151tlen volt egy esztergomi orvos, ember\u00e9letbe ker\u00fclt sajnos","isPartOf":{"@id":"https:\/\/dorogimedence.hu\/#website"},"primaryImageOfPage":{"@id":"https:\/\/dorogimedence.hu\/index.php\/2018\/07\/29\/ismet-felelotlen-volt-egy-esztergomi-orvos-embereletbe-kerult-sajnos\/#primaryimage"},"image":{"@id":"https:\/\/dorogimedence.hu\/index.php\/2018\/07\/29\/ismet-felelotlen-volt-egy-esztergomi-orvos-embereletbe-kerult-sajnos\/#primaryimage"},"thumbnailUrl":"https:\/\/dorogimedence.hu\/wp-content\/uploads\/2018\/07\/esztergpm-halal.jpg","datePublished":"2018-07-29T10:10:17+00:00","breadcrumb":{"@id":"https:\/\/dorogimedence.hu\/index.php\/2018\/07\/29\/ismet-felelotlen-volt-egy-esztergomi-orvos-embereletbe-kerult-sajnos\/#breadcrumb"},"inLanguage":"hu","potentialAction":[{"@type":"ReadAction","target":["https:\/\/dorogimedence.hu\/index.php\/2018\/07\/29\/ismet-felelotlen-volt-egy-esztergomi-orvos-embereletbe-kerult-sajnos\/"]}]},{"@type":"ImageObject","inLanguage":"hu","@id":"https:\/\/dorogimedence.hu\/index.php\/2018\/07\/29\/ismet-felelotlen-volt-egy-esztergomi-orvos-embereletbe-kerult-sajnos\/#primaryimage","url":"https:\/\/dorogimedence.hu\/wp-content\/uploads\/2018\/07\/esztergpm-halal.jpg","contentUrl":"https:\/\/dorogimedence.hu\/wp-content\/uploads\/2018\/07\/esztergpm-halal.jpg","width":670,"height":365},{"@type":"BreadcrumbList","@id":"https:\/\/dorogimedence.hu\/index.php\/2018\/07\/29\/ismet-felelotlen-volt-egy-esztergomi-orvos-embereletbe-kerult-sajnos\/#breadcrumb","itemListElement":[{"@type":"ListItem","position":1,"name":"Kezd\u0151lap","item":"https:\/\/dorogimedence.hu\/"},{"@type":"ListItem","position":2,"name":"Ism\u00e9t felel\u0151tlen volt egy esztergomi orvos, ember\u00e9letbe ker\u00fclt sajnos"}]},{"@type":"WebSite","@id":"https:\/\/dorogimedence.hu\/#website","url":"https:\/\/dorogimedence.hu\/","name":"Dorogi-medence Region\u00e1lis H\u00edrport\u00e1l","description":"Dorog, Keszt\u00f6lc, Le\u00e1nyv\u00e1r, Piliscs\u00e9v, Tokod, Tokodalt\u00e1r\u00f3, Csolnok, Esztergom-kertv\u00e1ros: h\u00edrek, programok","publisher":{"@id":"https:\/\/dorogimedence.hu\/#organization"},"potentialAction":[{"@type":"SearchAction","target":{"@type":"EntryPoint","urlTemplate":"https:\/\/dorogimedence.hu\/?s={search_term_string}"},"query-input":{"@type":"PropertyValueSpecification","valueRequired":true,"valueName":"search_term_string"}}],"inLanguage":"hu"},{"@type":"Organization","@id":"https:\/\/dorogimedence.hu\/#organization","name":"Dorogi-medence Region\u00e1lis H\u00edrport\u00e1l","url":"https:\/\/dorogimedence.hu\/","logo":{"@type":"ImageObject","inLanguage":"hu","@id":"https:\/\/dorogimedence.hu\/#\/schema\/logo\/image\/","url":"https:\/\/dorogimedence.hu\/wp-content\/uploads\/2021\/04\/logo-feher-600.png","contentUrl":"https:\/\/dorogimedence.hu\/wp-content\/uploads\/2021\/04\/logo-feher-600.png","width":600,"height":100,"caption":"Dorogi-medence Region\u00e1lis H\u00edrport\u00e1l"},"image":{"@id":"https:\/\/dorogimedence.hu\/#\/schema\/logo\/image\/"},"sameAs":["https:\/\/www.facebook.com\/dorogimedence\/"]},{"@type":"Person","@id":"https:\/\/dorogimedence.hu\/#\/schema\/person\/ce6091eeb7e95ecdc87890d6aa8e0fd4","name":"dorogimedence.hu","image":{"@type":"ImageObject","inLanguage":"hu","@id":"\/\/www.gravatar.com\/avatar\/d8d45f8901aadff40a4af72c0b826f1d?s=96&#038;r=g&#038;d=mm","url":"\/\/www.gravatar.com\/avatar\/d8d45f8901aadff40a4af72c0b826f1d?s=96&#038;r=g&#038;d=mm","contentUrl":"\/\/www.gravatar.com\/avatar\/d8d45f8901aadff40a4af72c0b826f1d?s=96&#038;r=g&#038;d=mm","caption":"dorogimedence.hu"}}]}},"_links":{"self":[{"href":"https:\/\/dorogimedence.hu\/index.php\/wp-json\/wp\/v2\/posts\/11476","targetHints":{"allow":["GET"]}}],"collection":[{"href":"https:\/\/dorogimedence.hu\/index.php\/wp-json\/wp\/v2\/posts"}],"about":[{"href":"https:\/\/dorogimedence.hu\/index.php\/wp-json\/wp\/v2\/types\/post"}],"author":[{"embeddable":true,"href":"https:\/\/dorogimedence.hu\/index.php\/wp-json\/wp\/v2\/users\/1"}],"replies":[{"embeddable":true,"href":"https:\/\/dorogimedence.hu\/index.php\/wp-json\/wp\/v2\/comments?post=11476"}],"version-history":[{"count":0,"href":"https:\/\/dorogimedence.hu\/index.php\/wp-json\/wp\/v2\/posts\/11476\/revisions"}],"wp:featuredmedia":[{"embeddable":true,"href":"https:\/\/dorogimedence.hu\/index.php\/wp-json\/wp\/v2\/media\/11477"}],"wp:attachment":[{"href":"https:\/\/dorogimedence.hu\/index.php\/wp-json\/wp\/v2\/media?parent=11476"}],"wp:term":[{"taxonomy":"category","embeddable":true,"href":"https:\/\/dorogimedence.hu\/index.php\/wp-json\/wp\/v2\/categories?post=11476"},{"taxonomy":"post_tag","embeddable":true,"href":"https:\/\/dorogimedence.hu\/index.php\/wp-json\/wp\/v2\/tags?post=11476"}],"curies":[{"name":"wp","href":"https:\/\/api.w.org\/{rel}","templated":true}]}}