{"id":11473,"date":"2018-07-28T09:30:21","date_gmt":"2018-07-28T07:30:21","guid":{"rendered":"http:\/\/dorogimedence.hu\/?p=11473"},"modified":"2018-08-12T18:03:27","modified_gmt":"2018-08-12T16:03:27","slug":"hosegre-es-felhoszakadasra-is-figyelmeztetnek","status":"publish","type":"post","link":"https:\/\/dorogimedence.hu\/index.php\/2018\/07\/28\/hosegre-es-felhoszakadasra-is-figyelmeztetnek\/","title":{"rendered":"H\u0151s\u00e9gre \u00e9s felh\u0151szakad\u00e1sra is figyelmeztetnek"},"content":{"rendered":"<p><strong><span id=\"ctl05_lbLead\">Orsz\u00e1gszerte h\u0151s\u00e9gre \u00e9s felh\u0151szakad\u00e1sra is figyelmeztet\u00e9seket adott ki szombatra az Orsz\u00e1gos Meteorol\u00f3giai Szolg\u00e1lat, k\u00f6zt\u00fck megy\u00e9nkre is.<\/span><\/strong><\/p>\n<p><span id=\"ctl05_lbBody\">Szombaton sz\u00f3rv\u00e1nyosan v\u00e1rhat\u00f3k zivatarok az orsz\u00e1gban, csak \u00e9jszaka lehet \u00e1tmenetileg kevesebb helyen csapad\u00e9k.<\/span><\/p>\n<p><span id=\"ctl05_lbBody\">Lok\u00e1lisan 20-40, a d\u00e9li, d\u00e9lkeleti megy\u00e9kben esetleg 40-45 millim\u00e9tern\u00e9l is t\u00f6bb csapad\u00e9k hullhat. Helyenk\u00e9nt 60-70 kilom\u00e9ter\/\u00f3r\u00e1n\u00e1l er\u0151sebb sz\u00e9l \u00e9s nagyobb szem\u0171 j\u00e9g is el\u0151fordulhat.<\/span><\/p>\n<p><span id=\"ctl05_lbBody\"><strong>Felh\u0151szakad\u00e1s<\/strong> <strong>vesz\u00e9lye miatt<\/strong> a f\u0151v\u00e1rosra, Pest, Baranya, B\u00e1cs-Kiskun, B\u00e9k\u00e9s, Csongr\u00e1d, Fej\u00e9r, Gy\u0151r-Moson-Sopron, Hajd\u00fa-Bihar, Heves, J\u00e1sz-Nagykun-Szolnok, <strong>Kom\u00e1rom-Esztergom<\/strong>, N\u00f3gr\u00e1d, Somogy, Tolna, Vas, Veszpr\u00e9m \u00e9s Zala megy\u00e9re adtak ki els\u0151fok\u00fa figyelmeztet\u00e9st.<\/span><\/p>\n<p><span id=\"ctl05_lbBody\">Szombaton a d\u00e9lnyugati megy\u00e9ket lesz\u00e1m\u00edtva m\u00e1r nagyobb ter\u00fcleten meghaladhatja a 25 fokot a napi k\u00f6z\u00e9ph\u0151m\u00e9rs\u00e9klet. <strong>H\u0151s\u00e9g vesz\u00e9lye miatt<\/strong> Budapestre, Pest, B\u00e1cs-Kiskun, B\u00e9k\u00e9s, Borsod-Aba\u00faj-Zempl\u00e9n, Csongr\u00e1d, Fej\u00e9r, Hajd\u00fa-Bihar, Heves, J\u00e1sz-Nagykun-Szolnok, <strong>Kom\u00e1rom-Esztergom<\/strong> \u00e9s Szabolcs-Szatm\u00e1r-Bereg megy\u00e9re adtak ki szint\u00e9n els\u0151fok\u00fa figyelmeztet\u00e9st.<\/span><\/p>\n<p><span id=\"ctl05_lbBody\">Az el\u0151rejelz\u00e9s szerint szombaton a legalacsonyabb h\u0151m\u00e9rs\u00e9klet \u00e1ltal\u00e1ban 17-22 Celsius-fok k\u00f6z\u00f6tt alakul, de az \u00e9szaki v\u00f6lgyekben n\u00e9h\u00e1ny fokkal h\u0171v\u00f6sebb lesz. Napk\u00f6zben 28-33 fokig melegszik a leveg\u0151.<br \/>\n<\/span><\/p>\n<p><em>Forr\u00e1s: MTI\/dorogimedence.hu<\/em><\/p>\n","protected":false},"excerpt":{"rendered":"<p>Orsz\u00e1gszerte h\u0151s\u00e9gre \u00e9s felh\u0151szakad\u00e1sra is figyelmeztet\u00e9seket adott ki szombatra az Orsz\u00e1gos Meteorol\u00f3giai Szolg\u00e1lat, k\u00f6zt\u00fck megy\u00e9nkre is. Szombaton sz\u00f3rv\u00e1nyosan v\u00e1rhat\u00f3k zivatarok az orsz\u00e1gban, csak \u00e9jszaka lehet \u00e1tmenetileg kevesebb helyen csapad\u00e9k. Lok\u00e1lisan 20-40, a d\u00e9li, d\u00e9lkeleti megy\u00e9kben esetleg 40-45 millim\u00e9tern\u00e9l is t\u00f6bb csapad\u00e9k hullhat. Helyenk\u00e9nt 60-70 kilom\u00e9ter\/\u00f3r\u00e1n\u00e1l er\u0151sebb sz\u00e9l \u00e9s nagyobb szem\u0171 j\u00e9g is el\u0151fordulhat. Felh\u0151szakad\u00e1s vesz\u00e9lye<\/p>\n","protected":false},"author":1,"featured_media":3950,"comment_status":"closed","ping_status":"closed","sticky":false,"template":"","format":"standard","meta":{"ngg_post_thumbnail":0,"footnotes":""},"categories":[3,56],"tags":[1565,2524,1173,58,59],"class_list":{"0":"post-11473","1":"post","2":"type-post","3":"status-publish","4":"format-standard","5":"has-post-thumbnail","7":"category-hirek","8":"category-komarom-esztergom","9":"tag-eso","10":"tag-felhoszakadas","11":"tag-hoseg","12":"tag-idojaras","13":"tag-komarom-esztergom"},"yoast_head":"<!-- This site is optimized with the Yoast SEO plugin v27.4 - https:\/\/yoast.com\/product\/yoast-seo-wordpress\/ -->\n<title>H\u0151s\u00e9gre \u00e9s felh\u0151szakad\u00e1sra is figyelmeztetnek<\/title>\n<meta name=\"robots\" content=\"index, follow, max-snippet:-1, max-image-preview:large, max-video-preview:-1\" \/>\n<link rel=\"canonical\" href=\"https:\/\/dorogimedence.hu\/index.php\/2018\/07\/28\/hosegre-es-felhoszakadasra-is-figyelmeztetnek\/\" class=\"yoast-seo-meta-tag\" \/>\n<meta property=\"og:locale\" content=\"hu_HU\" class=\"yoast-seo-meta-tag\" \/>\n<meta property=\"og:type\" content=\"article\" class=\"yoast-seo-meta-tag\" \/>\n<meta property=\"og:title\" content=\"H\u0151s\u00e9gre \u00e9s felh\u0151szakad\u00e1sra is figyelmeztetnek\" class=\"yoast-seo-meta-tag\" \/>\n<meta property=\"og:description\" content=\"Orsz\u00e1gszerte h\u0151s\u00e9gre \u00e9s felh\u0151szakad\u00e1sra is figyelmeztet\u00e9seket adott ki szombatra az Orsz\u00e1gos Meteorol\u00f3giai Szolg\u00e1lat, k\u00f6zt\u00fck megy\u00e9nkre is. Szombaton sz\u00f3rv\u00e1nyosan v\u00e1rhat\u00f3k zivatarok az orsz\u00e1gban, csak \u00e9jszaka lehet \u00e1tmenetileg kevesebb helyen csapad\u00e9k. Lok\u00e1lisan 20-40, a d\u00e9li, d\u00e9lkeleti megy\u00e9kben esetleg 40-45 millim\u00e9tern\u00e9l is t\u00f6bb csapad\u00e9k hullhat. Helyenk\u00e9nt 60-70 kilom\u00e9ter\/\u00f3r\u00e1n\u00e1l er\u0151sebb sz\u00e9l \u00e9s nagyobb szem\u0171 j\u00e9g is el\u0151fordulhat. Felh\u0151szakad\u00e1s vesz\u00e9lye\" class=\"yoast-seo-meta-tag\" \/>\n<meta property=\"og:url\" content=\"https:\/\/dorogimedence.hu\/index.php\/2018\/07\/28\/hosegre-es-felhoszakadasra-is-figyelmeztetnek\/\" class=\"yoast-seo-meta-tag\" \/>\n<meta property=\"og:site_name\" content=\"Dorogi-medence Region\u00e1lis H\u00edrport\u00e1l\" class=\"yoast-seo-meta-tag\" \/>\n<meta property=\"article:publisher\" content=\"https:\/\/www.facebook.com\/dorogimedence\/\" class=\"yoast-seo-meta-tag\" \/>\n<meta property=\"article:published_time\" content=\"2018-07-28T07:30:21+00:00\" class=\"yoast-seo-meta-tag\" \/>\n<meta property=\"article:modified_time\" content=\"2018-08-12T16:03:27+00:00\" class=\"yoast-seo-meta-tag\" \/>\n<meta property=\"og:image\" content=\"https:\/\/i0.wp.com\/dorogimedence.hu\/wp-content\/uploads\/2017\/06\/hoseg.jpg?fit=670%2C365&ssl=1\" class=\"yoast-seo-meta-tag\" \/>\n\t<meta property=\"og:image:width\" content=\"670\" class=\"yoast-seo-meta-tag\" \/>\n\t<meta property=\"og:image:height\" content=\"365\" class=\"yoast-seo-meta-tag\" \/>\n\t<meta property=\"og:image:type\" content=\"image\/jpeg\" class=\"yoast-seo-meta-tag\" \/>\n<meta name=\"author\" content=\"dorogimedence.hu\" class=\"yoast-seo-meta-tag\" \/>\n<meta name=\"twitter:card\" content=\"summary_large_image\" class=\"yoast-seo-meta-tag\" \/>\n<meta name=\"twitter:label1\" content=\"Szerz\u0151:\" class=\"yoast-seo-meta-tag\" \/>\n\t<meta name=\"twitter:data1\" content=\"dorogimedence.hu\" class=\"yoast-seo-meta-tag\" \/>\n\t<meta name=\"twitter:label2\" content=\"Becs\u00fclt olvas\u00e1si id\u0151\" class=\"yoast-seo-meta-tag\" \/>\n\t<meta name=\"twitter:data2\" content=\"1 perc\" class=\"yoast-seo-meta-tag\" \/>\n<script type=\"application\/ld+json\" class=\"yoast-schema-graph\">{\"@context\":\"https:\\\/\\\/schema.org\",\"@graph\":[{\"@type\":\"Article\",\"@id\":\"https:\\\/\\\/dorogimedence.hu\\\/index.php\\\/2018\\\/07\\\/28\\\/hosegre-es-felhoszakadasra-is-figyelmeztetnek\\\/#article\",\"isPartOf\":{\"@id\":\"https:\\\/\\\/dorogimedence.hu\\\/index.php\\\/2018\\\/07\\\/28\\\/hosegre-es-felhoszakadasra-is-figyelmeztetnek\\\/\"},\"author\":{\"name\":\"dorogimedence.hu\",\"@id\":\"https:\\\/\\\/dorogimedence.hu\\\/#\\\/schema\\\/person\\\/ce6091eeb7e95ecdc87890d6aa8e0fd4\"},\"headline\":\"H\u0151s\u00e9gre \u00e9s felh\u0151szakad\u00e1sra is figyelmeztetnek\",\"datePublished\":\"2018-07-28T07:30:21+00:00\",\"dateModified\":\"2018-08-12T16:03:27+00:00\",\"mainEntityOfPage\":{\"@id\":\"https:\\\/\\\/dorogimedence.hu\\\/index.php\\\/2018\\\/07\\\/28\\\/hosegre-es-felhoszakadasra-is-figyelmeztetnek\\\/\"},\"wordCount\":255,\"publisher\":{\"@id\":\"https:\\\/\\\/dorogimedence.hu\\\/#organization\"},\"image\":{\"@id\":\"https:\\\/\\\/dorogimedence.hu\\\/index.php\\\/2018\\\/07\\\/28\\\/hosegre-es-felhoszakadasra-is-figyelmeztetnek\\\/#primaryimage\"},\"thumbnailUrl\":\"https:\\\/\\\/dorogimedence.hu\\\/wp-content\\\/uploads\\\/2017\\\/06\\\/hoseg.jpg\",\"keywords\":[\"es\u0151\",\"felh\u0151szakad\u00e1s\",\"h\u0151s\u00e9g\",\"id\u0151j\u00e1r\u00e1s\",\"Kom\u00e1rom-Esztergom\"],\"articleSection\":[\"H\u00edrek\",\"Kom\u00e1rom-Esztergom\"],\"inLanguage\":\"hu\"},{\"@type\":\"WebPage\",\"@id\":\"https:\\\/\\\/dorogimedence.hu\\\/index.php\\\/2018\\\/07\\\/28\\\/hosegre-es-felhoszakadasra-is-figyelmeztetnek\\\/\",\"url\":\"https:\\\/\\\/dorogimedence.hu\\\/index.php\\\/2018\\\/07\\\/28\\\/hosegre-es-felhoszakadasra-is-figyelmeztetnek\\\/\",\"name\":\"H\u0151s\u00e9gre \u00e9s felh\u0151szakad\u00e1sra is figyelmeztetnek\",\"isPartOf\":{\"@id\":\"https:\\\/\\\/dorogimedence.hu\\\/#website\"},\"primaryImageOfPage\":{\"@id\":\"https:\\\/\\\/dorogimedence.hu\\\/index.php\\\/2018\\\/07\\\/28\\\/hosegre-es-felhoszakadasra-is-figyelmeztetnek\\\/#primaryimage\"},\"image\":{\"@id\":\"https:\\\/\\\/dorogimedence.hu\\\/index.php\\\/2018\\\/07\\\/28\\\/hosegre-es-felhoszakadasra-is-figyelmeztetnek\\\/#primaryimage\"},\"thumbnailUrl\":\"https:\\\/\\\/dorogimedence.hu\\\/wp-content\\\/uploads\\\/2017\\\/06\\\/hoseg.jpg\",\"datePublished\":\"2018-07-28T07:30:21+00:00\",\"dateModified\":\"2018-08-12T16:03:27+00:00\",\"breadcrumb\":{\"@id\":\"https:\\\/\\\/dorogimedence.hu\\\/index.php\\\/2018\\\/07\\\/28\\\/hosegre-es-felhoszakadasra-is-figyelmeztetnek\\\/#breadcrumb\"},\"inLanguage\":\"hu\",\"potentialAction\":[{\"@type\":\"ReadAction\",\"target\":[\"https:\\\/\\\/dorogimedence.hu\\\/index.php\\\/2018\\\/07\\\/28\\\/hosegre-es-felhoszakadasra-is-figyelmeztetnek\\\/\"]}]},{\"@type\":\"ImageObject\",\"inLanguage\":\"hu\",\"@id\":\"https:\\\/\\\/dorogimedence.hu\\\/index.php\\\/2018\\\/07\\\/28\\\/hosegre-es-felhoszakadasra-is-figyelmeztetnek\\\/#primaryimage\",\"url\":\"https:\\\/\\\/dorogimedence.hu\\\/wp-content\\\/uploads\\\/2017\\\/06\\\/hoseg.jpg\",\"contentUrl\":\"https:\\\/\\\/dorogimedence.hu\\\/wp-content\\\/uploads\\\/2017\\\/06\\\/hoseg.jpg\",\"width\":670,\"height\":365},{\"@type\":\"BreadcrumbList\",\"@id\":\"https:\\\/\\\/dorogimedence.hu\\\/index.php\\\/2018\\\/07\\\/28\\\/hosegre-es-felhoszakadasra-is-figyelmeztetnek\\\/#breadcrumb\",\"itemListElement\":[{\"@type\":\"ListItem\",\"position\":1,\"name\":\"Kezd\u0151lap\",\"item\":\"https:\\\/\\\/dorogimedence.hu\\\/\"},{\"@type\":\"ListItem\",\"position\":2,\"name\":\"H\u0151s\u00e9gre \u00e9s felh\u0151szakad\u00e1sra is figyelmeztetnek\"}]},{\"@type\":\"WebSite\",\"@id\":\"https:\\\/\\\/dorogimedence.hu\\\/#website\",\"url\":\"https:\\\/\\\/dorogimedence.hu\\\/\",\"name\":\"Dorogi-medence Region\u00e1lis H\u00edrport\u00e1l\",\"description\":\"Dorog, Keszt\u00f6lc, Le\u00e1nyv\u00e1r, Piliscs\u00e9v, Tokod, Tokodalt\u00e1r\u00f3, Csolnok, Esztergom-kertv\u00e1ros: h\u00edrek, programok\",\"publisher\":{\"@id\":\"https:\\\/\\\/dorogimedence.hu\\\/#organization\"},\"potentialAction\":[{\"@type\":\"SearchAction\",\"target\":{\"@type\":\"EntryPoint\",\"urlTemplate\":\"https:\\\/\\\/dorogimedence.hu\\\/?s={search_term_string}\"},\"query-input\":{\"@type\":\"PropertyValueSpecification\",\"valueRequired\":true,\"valueName\":\"search_term_string\"}}],\"inLanguage\":\"hu\"},{\"@type\":\"Organization\",\"@id\":\"https:\\\/\\\/dorogimedence.hu\\\/#organization\",\"name\":\"Dorogi-medence Region\u00e1lis H\u00edrport\u00e1l\",\"url\":\"https:\\\/\\\/dorogimedence.hu\\\/\",\"logo\":{\"@type\":\"ImageObject\",\"inLanguage\":\"hu\",\"@id\":\"https:\\\/\\\/dorogimedence.hu\\\/#\\\/schema\\\/logo\\\/image\\\/\",\"url\":\"https:\\\/\\\/dorogimedence.hu\\\/wp-content\\\/uploads\\\/2021\\\/04\\\/logo-feher-600.png\",\"contentUrl\":\"https:\\\/\\\/dorogimedence.hu\\\/wp-content\\\/uploads\\\/2021\\\/04\\\/logo-feher-600.png\",\"width\":600,\"height\":100,\"caption\":\"Dorogi-medence Region\u00e1lis H\u00edrport\u00e1l\"},\"image\":{\"@id\":\"https:\\\/\\\/dorogimedence.hu\\\/#\\\/schema\\\/logo\\\/image\\\/\"},\"sameAs\":[\"https:\\\/\\\/www.facebook.com\\\/dorogimedence\\\/\"]},{\"@type\":\"Person\",\"@id\":\"https:\\\/\\\/dorogimedence.hu\\\/#\\\/schema\\\/person\\\/ce6091eeb7e95ecdc87890d6aa8e0fd4\",\"name\":\"dorogimedence.hu\",\"image\":{\"@type\":\"ImageObject\",\"inLanguage\":\"hu\",\"@id\":\"\\\/\\\/www.gravatar.com\\\/avatar\\\/d8d45f8901aadff40a4af72c0b826f1d?s=96&#038;r=g&#038;d=mm\",\"url\":\"\\\/\\\/www.gravatar.com\\\/avatar\\\/d8d45f8901aadff40a4af72c0b826f1d?s=96&#038;r=g&#038;d=mm\",\"contentUrl\":\"\\\/\\\/www.gravatar.com\\\/avatar\\\/d8d45f8901aadff40a4af72c0b826f1d?s=96&#038;r=g&#038;d=mm\",\"caption\":\"dorogimedence.hu\"}}]}<\/script>\n<!-- \/ Yoast SEO plugin. -->","yoast_head_json":{"title":"H\u0151s\u00e9gre \u00e9s felh\u0151szakad\u00e1sra is figyelmeztetnek","robots":{"index":"index","follow":"follow","max-snippet":"max-snippet:-1","max-image-preview":"max-image-preview:large","max-video-preview":"max-video-preview:-1"},"canonical":"https:\/\/dorogimedence.hu\/index.php\/2018\/07\/28\/hosegre-es-felhoszakadasra-is-figyelmeztetnek\/","og_locale":"hu_HU","og_type":"article","og_title":"H\u0151s\u00e9gre \u00e9s felh\u0151szakad\u00e1sra is figyelmeztetnek","og_description":"Orsz\u00e1gszerte h\u0151s\u00e9gre \u00e9s felh\u0151szakad\u00e1sra is figyelmeztet\u00e9seket adott ki szombatra az Orsz\u00e1gos Meteorol\u00f3giai Szolg\u00e1lat, k\u00f6zt\u00fck megy\u00e9nkre is. Szombaton sz\u00f3rv\u00e1nyosan v\u00e1rhat\u00f3k zivatarok az orsz\u00e1gban, csak \u00e9jszaka lehet \u00e1tmenetileg kevesebb helyen csapad\u00e9k. Lok\u00e1lisan 20-40, a d\u00e9li, d\u00e9lkeleti megy\u00e9kben esetleg 40-45 millim\u00e9tern\u00e9l is t\u00f6bb csapad\u00e9k hullhat. Helyenk\u00e9nt 60-70 kilom\u00e9ter\/\u00f3r\u00e1n\u00e1l er\u0151sebb sz\u00e9l \u00e9s nagyobb szem\u0171 j\u00e9g is el\u0151fordulhat. Felh\u0151szakad\u00e1s vesz\u00e9lye","og_url":"https:\/\/dorogimedence.hu\/index.php\/2018\/07\/28\/hosegre-es-felhoszakadasra-is-figyelmeztetnek\/","og_site_name":"Dorogi-medence Region\u00e1lis H\u00edrport\u00e1l","article_publisher":"https:\/\/www.facebook.com\/dorogimedence\/","article_published_time":"2018-07-28T07:30:21+00:00","article_modified_time":"2018-08-12T16:03:27+00:00","og_image":[{"width":670,"height":365,"url":"https:\/\/i0.wp.com\/dorogimedence.hu\/wp-content\/uploads\/2017\/06\/hoseg.jpg?fit=670%2C365&ssl=1","type":"image\/jpeg"}],"author":"dorogimedence.hu","twitter_card":"summary_large_image","twitter_misc":{"Szerz\u0151:":"dorogimedence.hu","Becs\u00fclt olvas\u00e1si id\u0151":"1 perc"},"schema":{"@context":"https:\/\/schema.org","@graph":[{"@type":"Article","@id":"https:\/\/dorogimedence.hu\/index.php\/2018\/07\/28\/hosegre-es-felhoszakadasra-is-figyelmeztetnek\/#article","isPartOf":{"@id":"https:\/\/dorogimedence.hu\/index.php\/2018\/07\/28\/hosegre-es-felhoszakadasra-is-figyelmeztetnek\/"},"author":{"name":"dorogimedence.hu","@id":"https:\/\/dorogimedence.hu\/#\/schema\/person\/ce6091eeb7e95ecdc87890d6aa8e0fd4"},"headline":"H\u0151s\u00e9gre \u00e9s felh\u0151szakad\u00e1sra is figyelmeztetnek","datePublished":"2018-07-28T07:30:21+00:00","dateModified":"2018-08-12T16:03:27+00:00","mainEntityOfPage":{"@id":"https:\/\/dorogimedence.hu\/index.php\/2018\/07\/28\/hosegre-es-felhoszakadasra-is-figyelmeztetnek\/"},"wordCount":255,"publisher":{"@id":"https:\/\/dorogimedence.hu\/#organization"},"image":{"@id":"https:\/\/dorogimedence.hu\/index.php\/2018\/07\/28\/hosegre-es-felhoszakadasra-is-figyelmeztetnek\/#primaryimage"},"thumbnailUrl":"https:\/\/dorogimedence.hu\/wp-content\/uploads\/2017\/06\/hoseg.jpg","keywords":["es\u0151","felh\u0151szakad\u00e1s","h\u0151s\u00e9g","id\u0151j\u00e1r\u00e1s","Kom\u00e1rom-Esztergom"],"articleSection":["H\u00edrek","Kom\u00e1rom-Esztergom"],"inLanguage":"hu"},{"@type":"WebPage","@id":"https:\/\/dorogimedence.hu\/index.php\/2018\/07\/28\/hosegre-es-felhoszakadasra-is-figyelmeztetnek\/","url":"https:\/\/dorogimedence.hu\/index.php\/2018\/07\/28\/hosegre-es-felhoszakadasra-is-figyelmeztetnek\/","name":"H\u0151s\u00e9gre \u00e9s felh\u0151szakad\u00e1sra is figyelmeztetnek","isPartOf":{"@id":"https:\/\/dorogimedence.hu\/#website"},"primaryImageOfPage":{"@id":"https:\/\/dorogimedence.hu\/index.php\/2018\/07\/28\/hosegre-es-felhoszakadasra-is-figyelmeztetnek\/#primaryimage"},"image":{"@id":"https:\/\/dorogimedence.hu\/index.php\/2018\/07\/28\/hosegre-es-felhoszakadasra-is-figyelmeztetnek\/#primaryimage"},"thumbnailUrl":"https:\/\/dorogimedence.hu\/wp-content\/uploads\/2017\/06\/hoseg.jpg","datePublished":"2018-07-28T07:30:21+00:00","dateModified":"2018-08-12T16:03:27+00:00","breadcrumb":{"@id":"https:\/\/dorogimedence.hu\/index.php\/2018\/07\/28\/hosegre-es-felhoszakadasra-is-figyelmeztetnek\/#breadcrumb"},"inLanguage":"hu","potentialAction":[{"@type":"ReadAction","target":["https:\/\/dorogimedence.hu\/index.php\/2018\/07\/28\/hosegre-es-felhoszakadasra-is-figyelmeztetnek\/"]}]},{"@type":"ImageObject","inLanguage":"hu","@id":"https:\/\/dorogimedence.hu\/index.php\/2018\/07\/28\/hosegre-es-felhoszakadasra-is-figyelmeztetnek\/#primaryimage","url":"https:\/\/dorogimedence.hu\/wp-content\/uploads\/2017\/06\/hoseg.jpg","contentUrl":"https:\/\/dorogimedence.hu\/wp-content\/uploads\/2017\/06\/hoseg.jpg","width":670,"height":365},{"@type":"BreadcrumbList","@id":"https:\/\/dorogimedence.hu\/index.php\/2018\/07\/28\/hosegre-es-felhoszakadasra-is-figyelmeztetnek\/#breadcrumb","itemListElement":[{"@type":"ListItem","position":1,"name":"Kezd\u0151lap","item":"https:\/\/dorogimedence.hu\/"},{"@type":"ListItem","position":2,"name":"H\u0151s\u00e9gre \u00e9s felh\u0151szakad\u00e1sra is figyelmeztetnek"}]},{"@type":"WebSite","@id":"https:\/\/dorogimedence.hu\/#website","url":"https:\/\/dorogimedence.hu\/","name":"Dorogi-medence Region\u00e1lis H\u00edrport\u00e1l","description":"Dorog, Keszt\u00f6lc, Le\u00e1nyv\u00e1r, Piliscs\u00e9v, Tokod, Tokodalt\u00e1r\u00f3, Csolnok, Esztergom-kertv\u00e1ros: h\u00edrek, programok","publisher":{"@id":"https:\/\/dorogimedence.hu\/#organization"},"potentialAction":[{"@type":"SearchAction","target":{"@type":"EntryPoint","urlTemplate":"https:\/\/dorogimedence.hu\/?s={search_term_string}"},"query-input":{"@type":"PropertyValueSpecification","valueRequired":true,"valueName":"search_term_string"}}],"inLanguage":"hu"},{"@type":"Organization","@id":"https:\/\/dorogimedence.hu\/#organization","name":"Dorogi-medence Region\u00e1lis H\u00edrport\u00e1l","url":"https:\/\/dorogimedence.hu\/","logo":{"@type":"ImageObject","inLanguage":"hu","@id":"https:\/\/dorogimedence.hu\/#\/schema\/logo\/image\/","url":"https:\/\/dorogimedence.hu\/wp-content\/uploads\/2021\/04\/logo-feher-600.png","contentUrl":"https:\/\/dorogimedence.hu\/wp-content\/uploads\/2021\/04\/logo-feher-600.png","width":600,"height":100,"caption":"Dorogi-medence Region\u00e1lis H\u00edrport\u00e1l"},"image":{"@id":"https:\/\/dorogimedence.hu\/#\/schema\/logo\/image\/"},"sameAs":["https:\/\/www.facebook.com\/dorogimedence\/"]},{"@type":"Person","@id":"https:\/\/dorogimedence.hu\/#\/schema\/person\/ce6091eeb7e95ecdc87890d6aa8e0fd4","name":"dorogimedence.hu","image":{"@type":"ImageObject","inLanguage":"hu","@id":"\/\/www.gravatar.com\/avatar\/d8d45f8901aadff40a4af72c0b826f1d?s=96&#038;r=g&#038;d=mm","url":"\/\/www.gravatar.com\/avatar\/d8d45f8901aadff40a4af72c0b826f1d?s=96&#038;r=g&#038;d=mm","contentUrl":"\/\/www.gravatar.com\/avatar\/d8d45f8901aadff40a4af72c0b826f1d?s=96&#038;r=g&#038;d=mm","caption":"dorogimedence.hu"}}]}},"_links":{"self":[{"href":"https:\/\/dorogimedence.hu\/index.php\/wp-json\/wp\/v2\/posts\/11473","targetHints":{"allow":["GET"]}}],"collection":[{"href":"https:\/\/dorogimedence.hu\/index.php\/wp-json\/wp\/v2\/posts"}],"about":[{"href":"https:\/\/dorogimedence.hu\/index.php\/wp-json\/wp\/v2\/types\/post"}],"author":[{"embeddable":true,"href":"https:\/\/dorogimedence.hu\/index.php\/wp-json\/wp\/v2\/users\/1"}],"replies":[{"embeddable":true,"href":"https:\/\/dorogimedence.hu\/index.php\/wp-json\/wp\/v2\/comments?post=11473"}],"version-history":[{"count":0,"href":"https:\/\/dorogimedence.hu\/index.php\/wp-json\/wp\/v2\/posts\/11473\/revisions"}],"wp:featuredmedia":[{"embeddable":true,"href":"https:\/\/dorogimedence.hu\/index.php\/wp-json\/wp\/v2\/media\/3950"}],"wp:attachment":[{"href":"https:\/\/dorogimedence.hu\/index.php\/wp-json\/wp\/v2\/media?parent=11473"}],"wp:term":[{"taxonomy":"category","embeddable":true,"href":"https:\/\/dorogimedence.hu\/index.php\/wp-json\/wp\/v2\/categories?post=11473"},{"taxonomy":"post_tag","embeddable":true,"href":"https:\/\/dorogimedence.hu\/index.php\/wp-json\/wp\/v2\/tags?post=11473"}],"curies":[{"name":"wp","href":"https:\/\/api.w.org\/{rel}","templated":true}]}}