{"id":11431,"date":"2018-07-25T15:54:38","date_gmt":"2018-07-25T13:54:38","guid":{"rendered":"http:\/\/dorogimedence.hu\/?p=11431"},"modified":"2018-07-25T15:54:38","modified_gmt":"2018-07-25T13:54:38","slug":"agrowellness-kesztolcon","status":"publish","type":"post","link":"https:\/\/dorogimedence.hu\/index.php\/2018\/07\/25\/agrowellness-kesztolcon\/","title":{"rendered":"Agrowellness Keszt\u00f6lc\u00f6n"},"content":{"rendered":"<p><strong>Egyed\u00fcl\u00e1ll\u00f3 kikapcsol\u00f3d\u00e1si lehet\u0151s\u00e9get k\u00edn\u00e1l augusztus 11-\u00e9re, szombatra a keszt\u00f6lci Szivek Pince.<\/strong><\/p>\n<p>Az \u00e9rdekl\u0151d\u0151k olyan fant\u00e1zianev\u0171 programokon vehetnek majd r\u00e9szt, mint az agroj\u00f3ga, az agrosze\u00e1nsz, de lesz agro-nordic walking \u00e9s agromassz\u00e1zs is. A szervez\u0151k szeretn\u00e9k megismertetni a vid\u00e9k val\u00f3di \u00edz\u00e9t, b\u00e9k\u00e9j\u00e9t. Ebben seg\u00edts\u00e9g\u00fckre van a gy\u00f6ny\u00f6r\u0171 t\u00e1j \u00e9s a vadreg\u00e9nyes pilisi hegyek alatt elter\u00fcl\u0151 keszt\u00f6lci sz\u0151l\u0151k var\u00e1zslatos vil\u00e1ga. A bork\u00f3stol\u00e1s mellett finomabbn\u00e1l finomabb falatokkal, igazi vid\u00e9ki vend\u00e9gszeretettel v\u00e1rj\u00e1k azokat, akik a sz\u0151l\u0151t\u0151k\u00e9k k\u00f6z\u00f6tt, friss leveg\u0151t harapva szeretn\u00e9k megtal\u00e1lni a testi-lelki egyens\u00falyt.<\/p>\n<p><strong>R\u00e9szletes program \u00e9s inform\u00e1ci\u00f3 a Szivek Pince <a href=\"https:\/\/www.facebook.com\/szivekpince\" target=\"_blank\" rel=\"noopener\"><span style=\"text-decoration: underline; color: #0000ff;\">Facebook oldal\u00e1n<\/span><\/a>!<\/strong><\/p>\n","protected":false},"excerpt":{"rendered":"<p>Egyed\u00fcl\u00e1ll\u00f3 kikapcsol\u00f3d\u00e1si lehet\u0151s\u00e9get k\u00edn\u00e1l augusztus 11-\u00e9re, szombatra a keszt\u00f6lci Szivek Pince. Az \u00e9rdekl\u0151d\u0151k olyan fant\u00e1zianev\u0171 programokon vehetnek majd r\u00e9szt, mint az agroj\u00f3ga, az agrosze\u00e1nsz, de lesz agro-nordic walking \u00e9s agromassz\u00e1zs is. A szervez\u0151k szeretn\u00e9k megismertetni a vid\u00e9k val\u00f3di \u00edz\u00e9t, b\u00e9k\u00e9j\u00e9t. Ebben seg\u00edts\u00e9g\u00fckre van a gy\u00f6ny\u00f6r\u0171 t\u00e1j \u00e9s a vadreg\u00e9nyes pilisi hegyek alatt elter\u00fcl\u0151 keszt\u00f6lci sz\u0151l\u0151k<\/p>\n","protected":false},"author":1,"featured_media":11432,"comment_status":"closed","ping_status":"closed","sticky":false,"template":"","format":"standard","meta":{"ngg_post_thumbnail":0,"footnotes":""},"categories":[3,8],"tags":[2821,223,129,101,611,717],"class_list":{"0":"post-11431","1":"post","2":"type-post","3":"status-publish","4":"format-standard","5":"has-post-thumbnail","7":"category-hirek","8":"category-kesztolc","9":"tag-agrowellness","10":"tag-borkostolo","11":"tag-kesztolc","12":"tag-program","13":"tag-szivek-pince","14":"tag-szorakozas"},"yoast_head":"<!-- This site is optimized with the Yoast SEO plugin v27.4 - https:\/\/yoast.com\/product\/yoast-seo-wordpress\/ -->\n<title>Agrowellness Keszt\u00f6lc\u00f6n<\/title>\n<meta name=\"robots\" content=\"index, follow, max-snippet:-1, max-image-preview:large, max-video-preview:-1\" \/>\n<link rel=\"canonical\" href=\"https:\/\/dorogimedence.hu\/index.php\/2018\/07\/25\/agrowellness-kesztolcon\/\" class=\"yoast-seo-meta-tag\" \/>\n<meta property=\"og:locale\" content=\"hu_HU\" class=\"yoast-seo-meta-tag\" \/>\n<meta property=\"og:type\" content=\"article\" class=\"yoast-seo-meta-tag\" \/>\n<meta property=\"og:title\" content=\"Agrowellness Keszt\u00f6lc\u00f6n\" class=\"yoast-seo-meta-tag\" \/>\n<meta property=\"og:description\" content=\"Egyed\u00fcl\u00e1ll\u00f3 kikapcsol\u00f3d\u00e1si lehet\u0151s\u00e9get k\u00edn\u00e1l augusztus 11-\u00e9re, szombatra a keszt\u00f6lci Szivek Pince. Az \u00e9rdekl\u0151d\u0151k olyan fant\u00e1zianev\u0171 programokon vehetnek majd r\u00e9szt, mint az agroj\u00f3ga, az agrosze\u00e1nsz, de lesz agro-nordic walking \u00e9s agromassz\u00e1zs is. A szervez\u0151k szeretn\u00e9k megismertetni a vid\u00e9k val\u00f3di \u00edz\u00e9t, b\u00e9k\u00e9j\u00e9t. Ebben seg\u00edts\u00e9g\u00fckre van a gy\u00f6ny\u00f6r\u0171 t\u00e1j \u00e9s a vadreg\u00e9nyes pilisi hegyek alatt elter\u00fcl\u0151 keszt\u00f6lci sz\u0151l\u0151k\" class=\"yoast-seo-meta-tag\" \/>\n<meta property=\"og:url\" content=\"https:\/\/dorogimedence.hu\/index.php\/2018\/07\/25\/agrowellness-kesztolcon\/\" class=\"yoast-seo-meta-tag\" \/>\n<meta property=\"og:site_name\" content=\"Dorogi-medence Region\u00e1lis H\u00edrport\u00e1l\" class=\"yoast-seo-meta-tag\" \/>\n<meta property=\"article:publisher\" content=\"https:\/\/www.facebook.com\/dorogimedence\/\" class=\"yoast-seo-meta-tag\" \/>\n<meta property=\"article:published_time\" content=\"2018-07-25T13:54:38+00:00\" class=\"yoast-seo-meta-tag\" \/>\n<meta property=\"og:image\" content=\"https:\/\/i0.wp.com\/dorogimedence.hu\/wp-content\/uploads\/2018\/07\/agrowellness.jpg?fit=670%2C365&ssl=1\" class=\"yoast-seo-meta-tag\" \/>\n\t<meta property=\"og:image:width\" content=\"670\" class=\"yoast-seo-meta-tag\" \/>\n\t<meta property=\"og:image:height\" content=\"365\" class=\"yoast-seo-meta-tag\" \/>\n\t<meta property=\"og:image:type\" content=\"image\/jpeg\" class=\"yoast-seo-meta-tag\" \/>\n<meta name=\"author\" content=\"dorogimedence.hu\" class=\"yoast-seo-meta-tag\" \/>\n<meta name=\"twitter:card\" content=\"summary_large_image\" class=\"yoast-seo-meta-tag\" \/>\n<meta name=\"twitter:label1\" content=\"Szerz\u0151:\" class=\"yoast-seo-meta-tag\" \/>\n\t<meta name=\"twitter:data1\" content=\"dorogimedence.hu\" class=\"yoast-seo-meta-tag\" \/>\n\t<meta name=\"twitter:label2\" content=\"Becs\u00fclt olvas\u00e1si id\u0151\" class=\"yoast-seo-meta-tag\" \/>\n\t<meta name=\"twitter:data2\" content=\"1 perc\" class=\"yoast-seo-meta-tag\" \/>\n<script type=\"application\/ld+json\" class=\"yoast-schema-graph\">{\"@context\":\"https:\\\/\\\/schema.org\",\"@graph\":[{\"@type\":\"Article\",\"@id\":\"https:\\\/\\\/dorogimedence.hu\\\/index.php\\\/2018\\\/07\\\/25\\\/agrowellness-kesztolcon\\\/#article\",\"isPartOf\":{\"@id\":\"https:\\\/\\\/dorogimedence.hu\\\/index.php\\\/2018\\\/07\\\/25\\\/agrowellness-kesztolcon\\\/\"},\"author\":{\"name\":\"dorogimedence.hu\",\"@id\":\"https:\\\/\\\/dorogimedence.hu\\\/#\\\/schema\\\/person\\\/ce6091eeb7e95ecdc87890d6aa8e0fd4\"},\"headline\":\"Agrowellness Keszt\u00f6lc\u00f6n\",\"datePublished\":\"2018-07-25T13:54:38+00:00\",\"mainEntityOfPage\":{\"@id\":\"https:\\\/\\\/dorogimedence.hu\\\/index.php\\\/2018\\\/07\\\/25\\\/agrowellness-kesztolcon\\\/\"},\"wordCount\":151,\"publisher\":{\"@id\":\"https:\\\/\\\/dorogimedence.hu\\\/#organization\"},\"image\":{\"@id\":\"https:\\\/\\\/dorogimedence.hu\\\/index.php\\\/2018\\\/07\\\/25\\\/agrowellness-kesztolcon\\\/#primaryimage\"},\"thumbnailUrl\":\"https:\\\/\\\/dorogimedence.hu\\\/wp-content\\\/uploads\\\/2018\\\/07\\\/agrowellness.jpg\",\"keywords\":[\"Agrowellness\",\"bork\u00f3stol\u00f3\",\"Keszt\u00f6lc\",\"program\",\"Szivek Pince\",\"sz\u00f3rakoz\u00e1s\"],\"articleSection\":[\"H\u00edrek\",\"Keszt\u00f6lc\"],\"inLanguage\":\"hu\"},{\"@type\":\"WebPage\",\"@id\":\"https:\\\/\\\/dorogimedence.hu\\\/index.php\\\/2018\\\/07\\\/25\\\/agrowellness-kesztolcon\\\/\",\"url\":\"https:\\\/\\\/dorogimedence.hu\\\/index.php\\\/2018\\\/07\\\/25\\\/agrowellness-kesztolcon\\\/\",\"name\":\"Agrowellness Keszt\u00f6lc\u00f6n\",\"isPartOf\":{\"@id\":\"https:\\\/\\\/dorogimedence.hu\\\/#website\"},\"primaryImageOfPage\":{\"@id\":\"https:\\\/\\\/dorogimedence.hu\\\/index.php\\\/2018\\\/07\\\/25\\\/agrowellness-kesztolcon\\\/#primaryimage\"},\"image\":{\"@id\":\"https:\\\/\\\/dorogimedence.hu\\\/index.php\\\/2018\\\/07\\\/25\\\/agrowellness-kesztolcon\\\/#primaryimage\"},\"thumbnailUrl\":\"https:\\\/\\\/dorogimedence.hu\\\/wp-content\\\/uploads\\\/2018\\\/07\\\/agrowellness.jpg\",\"datePublished\":\"2018-07-25T13:54:38+00:00\",\"breadcrumb\":{\"@id\":\"https:\\\/\\\/dorogimedence.hu\\\/index.php\\\/2018\\\/07\\\/25\\\/agrowellness-kesztolcon\\\/#breadcrumb\"},\"inLanguage\":\"hu\",\"potentialAction\":[{\"@type\":\"ReadAction\",\"target\":[\"https:\\\/\\\/dorogimedence.hu\\\/index.php\\\/2018\\\/07\\\/25\\\/agrowellness-kesztolcon\\\/\"]}]},{\"@type\":\"ImageObject\",\"inLanguage\":\"hu\",\"@id\":\"https:\\\/\\\/dorogimedence.hu\\\/index.php\\\/2018\\\/07\\\/25\\\/agrowellness-kesztolcon\\\/#primaryimage\",\"url\":\"https:\\\/\\\/dorogimedence.hu\\\/wp-content\\\/uploads\\\/2018\\\/07\\\/agrowellness.jpg\",\"contentUrl\":\"https:\\\/\\\/dorogimedence.hu\\\/wp-content\\\/uploads\\\/2018\\\/07\\\/agrowellness.jpg\",\"width\":670,\"height\":365},{\"@type\":\"BreadcrumbList\",\"@id\":\"https:\\\/\\\/dorogimedence.hu\\\/index.php\\\/2018\\\/07\\\/25\\\/agrowellness-kesztolcon\\\/#breadcrumb\",\"itemListElement\":[{\"@type\":\"ListItem\",\"position\":1,\"name\":\"Kezd\u0151lap\",\"item\":\"https:\\\/\\\/dorogimedence.hu\\\/\"},{\"@type\":\"ListItem\",\"position\":2,\"name\":\"Agrowellness Keszt\u00f6lc\u00f6n\"}]},{\"@type\":\"WebSite\",\"@id\":\"https:\\\/\\\/dorogimedence.hu\\\/#website\",\"url\":\"https:\\\/\\\/dorogimedence.hu\\\/\",\"name\":\"Dorogi-medence Region\u00e1lis H\u00edrport\u00e1l\",\"description\":\"Dorog, Keszt\u00f6lc, Le\u00e1nyv\u00e1r, Piliscs\u00e9v, Tokod, Tokodalt\u00e1r\u00f3, Csolnok, Esztergom-kertv\u00e1ros: h\u00edrek, programok\",\"publisher\":{\"@id\":\"https:\\\/\\\/dorogimedence.hu\\\/#organization\"},\"potentialAction\":[{\"@type\":\"SearchAction\",\"target\":{\"@type\":\"EntryPoint\",\"urlTemplate\":\"https:\\\/\\\/dorogimedence.hu\\\/?s={search_term_string}\"},\"query-input\":{\"@type\":\"PropertyValueSpecification\",\"valueRequired\":true,\"valueName\":\"search_term_string\"}}],\"inLanguage\":\"hu\"},{\"@type\":\"Organization\",\"@id\":\"https:\\\/\\\/dorogimedence.hu\\\/#organization\",\"name\":\"Dorogi-medence Region\u00e1lis H\u00edrport\u00e1l\",\"url\":\"https:\\\/\\\/dorogimedence.hu\\\/\",\"logo\":{\"@type\":\"ImageObject\",\"inLanguage\":\"hu\",\"@id\":\"https:\\\/\\\/dorogimedence.hu\\\/#\\\/schema\\\/logo\\\/image\\\/\",\"url\":\"https:\\\/\\\/dorogimedence.hu\\\/wp-content\\\/uploads\\\/2021\\\/04\\\/logo-feher-600.png\",\"contentUrl\":\"https:\\\/\\\/dorogimedence.hu\\\/wp-content\\\/uploads\\\/2021\\\/04\\\/logo-feher-600.png\",\"width\":600,\"height\":100,\"caption\":\"Dorogi-medence Region\u00e1lis H\u00edrport\u00e1l\"},\"image\":{\"@id\":\"https:\\\/\\\/dorogimedence.hu\\\/#\\\/schema\\\/logo\\\/image\\\/\"},\"sameAs\":[\"https:\\\/\\\/www.facebook.com\\\/dorogimedence\\\/\"]},{\"@type\":\"Person\",\"@id\":\"https:\\\/\\\/dorogimedence.hu\\\/#\\\/schema\\\/person\\\/ce6091eeb7e95ecdc87890d6aa8e0fd4\",\"name\":\"dorogimedence.hu\",\"image\":{\"@type\":\"ImageObject\",\"inLanguage\":\"hu\",\"@id\":\"\\\/\\\/www.gravatar.com\\\/avatar\\\/d8d45f8901aadff40a4af72c0b826f1d?s=96&#038;r=g&#038;d=mm\",\"url\":\"\\\/\\\/www.gravatar.com\\\/avatar\\\/d8d45f8901aadff40a4af72c0b826f1d?s=96&#038;r=g&#038;d=mm\",\"contentUrl\":\"\\\/\\\/www.gravatar.com\\\/avatar\\\/d8d45f8901aadff40a4af72c0b826f1d?s=96&#038;r=g&#038;d=mm\",\"caption\":\"dorogimedence.hu\"}}]}<\/script>\n<!-- \/ Yoast SEO plugin. -->","yoast_head_json":{"title":"Agrowellness Keszt\u00f6lc\u00f6n","robots":{"index":"index","follow":"follow","max-snippet":"max-snippet:-1","max-image-preview":"max-image-preview:large","max-video-preview":"max-video-preview:-1"},"canonical":"https:\/\/dorogimedence.hu\/index.php\/2018\/07\/25\/agrowellness-kesztolcon\/","og_locale":"hu_HU","og_type":"article","og_title":"Agrowellness Keszt\u00f6lc\u00f6n","og_description":"Egyed\u00fcl\u00e1ll\u00f3 kikapcsol\u00f3d\u00e1si lehet\u0151s\u00e9get k\u00edn\u00e1l augusztus 11-\u00e9re, szombatra a keszt\u00f6lci Szivek Pince. Az \u00e9rdekl\u0151d\u0151k olyan fant\u00e1zianev\u0171 programokon vehetnek majd r\u00e9szt, mint az agroj\u00f3ga, az agrosze\u00e1nsz, de lesz agro-nordic walking \u00e9s agromassz\u00e1zs is. A szervez\u0151k szeretn\u00e9k megismertetni a vid\u00e9k val\u00f3di \u00edz\u00e9t, b\u00e9k\u00e9j\u00e9t. Ebben seg\u00edts\u00e9g\u00fckre van a gy\u00f6ny\u00f6r\u0171 t\u00e1j \u00e9s a vadreg\u00e9nyes pilisi hegyek alatt elter\u00fcl\u0151 keszt\u00f6lci sz\u0151l\u0151k","og_url":"https:\/\/dorogimedence.hu\/index.php\/2018\/07\/25\/agrowellness-kesztolcon\/","og_site_name":"Dorogi-medence Region\u00e1lis H\u00edrport\u00e1l","article_publisher":"https:\/\/www.facebook.com\/dorogimedence\/","article_published_time":"2018-07-25T13:54:38+00:00","og_image":[{"width":670,"height":365,"url":"https:\/\/i0.wp.com\/dorogimedence.hu\/wp-content\/uploads\/2018\/07\/agrowellness.jpg?fit=670%2C365&ssl=1","type":"image\/jpeg"}],"author":"dorogimedence.hu","twitter_card":"summary_large_image","twitter_misc":{"Szerz\u0151:":"dorogimedence.hu","Becs\u00fclt olvas\u00e1si id\u0151":"1 perc"},"schema":{"@context":"https:\/\/schema.org","@graph":[{"@type":"Article","@id":"https:\/\/dorogimedence.hu\/index.php\/2018\/07\/25\/agrowellness-kesztolcon\/#article","isPartOf":{"@id":"https:\/\/dorogimedence.hu\/index.php\/2018\/07\/25\/agrowellness-kesztolcon\/"},"author":{"name":"dorogimedence.hu","@id":"https:\/\/dorogimedence.hu\/#\/schema\/person\/ce6091eeb7e95ecdc87890d6aa8e0fd4"},"headline":"Agrowellness Keszt\u00f6lc\u00f6n","datePublished":"2018-07-25T13:54:38+00:00","mainEntityOfPage":{"@id":"https:\/\/dorogimedence.hu\/index.php\/2018\/07\/25\/agrowellness-kesztolcon\/"},"wordCount":151,"publisher":{"@id":"https:\/\/dorogimedence.hu\/#organization"},"image":{"@id":"https:\/\/dorogimedence.hu\/index.php\/2018\/07\/25\/agrowellness-kesztolcon\/#primaryimage"},"thumbnailUrl":"https:\/\/dorogimedence.hu\/wp-content\/uploads\/2018\/07\/agrowellness.jpg","keywords":["Agrowellness","bork\u00f3stol\u00f3","Keszt\u00f6lc","program","Szivek Pince","sz\u00f3rakoz\u00e1s"],"articleSection":["H\u00edrek","Keszt\u00f6lc"],"inLanguage":"hu"},{"@type":"WebPage","@id":"https:\/\/dorogimedence.hu\/index.php\/2018\/07\/25\/agrowellness-kesztolcon\/","url":"https:\/\/dorogimedence.hu\/index.php\/2018\/07\/25\/agrowellness-kesztolcon\/","name":"Agrowellness Keszt\u00f6lc\u00f6n","isPartOf":{"@id":"https:\/\/dorogimedence.hu\/#website"},"primaryImageOfPage":{"@id":"https:\/\/dorogimedence.hu\/index.php\/2018\/07\/25\/agrowellness-kesztolcon\/#primaryimage"},"image":{"@id":"https:\/\/dorogimedence.hu\/index.php\/2018\/07\/25\/agrowellness-kesztolcon\/#primaryimage"},"thumbnailUrl":"https:\/\/dorogimedence.hu\/wp-content\/uploads\/2018\/07\/agrowellness.jpg","datePublished":"2018-07-25T13:54:38+00:00","breadcrumb":{"@id":"https:\/\/dorogimedence.hu\/index.php\/2018\/07\/25\/agrowellness-kesztolcon\/#breadcrumb"},"inLanguage":"hu","potentialAction":[{"@type":"ReadAction","target":["https:\/\/dorogimedence.hu\/index.php\/2018\/07\/25\/agrowellness-kesztolcon\/"]}]},{"@type":"ImageObject","inLanguage":"hu","@id":"https:\/\/dorogimedence.hu\/index.php\/2018\/07\/25\/agrowellness-kesztolcon\/#primaryimage","url":"https:\/\/dorogimedence.hu\/wp-content\/uploads\/2018\/07\/agrowellness.jpg","contentUrl":"https:\/\/dorogimedence.hu\/wp-content\/uploads\/2018\/07\/agrowellness.jpg","width":670,"height":365},{"@type":"BreadcrumbList","@id":"https:\/\/dorogimedence.hu\/index.php\/2018\/07\/25\/agrowellness-kesztolcon\/#breadcrumb","itemListElement":[{"@type":"ListItem","position":1,"name":"Kezd\u0151lap","item":"https:\/\/dorogimedence.hu\/"},{"@type":"ListItem","position":2,"name":"Agrowellness Keszt\u00f6lc\u00f6n"}]},{"@type":"WebSite","@id":"https:\/\/dorogimedence.hu\/#website","url":"https:\/\/dorogimedence.hu\/","name":"Dorogi-medence Region\u00e1lis H\u00edrport\u00e1l","description":"Dorog, Keszt\u00f6lc, Le\u00e1nyv\u00e1r, Piliscs\u00e9v, Tokod, Tokodalt\u00e1r\u00f3, Csolnok, Esztergom-kertv\u00e1ros: h\u00edrek, programok","publisher":{"@id":"https:\/\/dorogimedence.hu\/#organization"},"potentialAction":[{"@type":"SearchAction","target":{"@type":"EntryPoint","urlTemplate":"https:\/\/dorogimedence.hu\/?s={search_term_string}"},"query-input":{"@type":"PropertyValueSpecification","valueRequired":true,"valueName":"search_term_string"}}],"inLanguage":"hu"},{"@type":"Organization","@id":"https:\/\/dorogimedence.hu\/#organization","name":"Dorogi-medence Region\u00e1lis H\u00edrport\u00e1l","url":"https:\/\/dorogimedence.hu\/","logo":{"@type":"ImageObject","inLanguage":"hu","@id":"https:\/\/dorogimedence.hu\/#\/schema\/logo\/image\/","url":"https:\/\/dorogimedence.hu\/wp-content\/uploads\/2021\/04\/logo-feher-600.png","contentUrl":"https:\/\/dorogimedence.hu\/wp-content\/uploads\/2021\/04\/logo-feher-600.png","width":600,"height":100,"caption":"Dorogi-medence Region\u00e1lis H\u00edrport\u00e1l"},"image":{"@id":"https:\/\/dorogimedence.hu\/#\/schema\/logo\/image\/"},"sameAs":["https:\/\/www.facebook.com\/dorogimedence\/"]},{"@type":"Person","@id":"https:\/\/dorogimedence.hu\/#\/schema\/person\/ce6091eeb7e95ecdc87890d6aa8e0fd4","name":"dorogimedence.hu","image":{"@type":"ImageObject","inLanguage":"hu","@id":"\/\/www.gravatar.com\/avatar\/d8d45f8901aadff40a4af72c0b826f1d?s=96&#038;r=g&#038;d=mm","url":"\/\/www.gravatar.com\/avatar\/d8d45f8901aadff40a4af72c0b826f1d?s=96&#038;r=g&#038;d=mm","contentUrl":"\/\/www.gravatar.com\/avatar\/d8d45f8901aadff40a4af72c0b826f1d?s=96&#038;r=g&#038;d=mm","caption":"dorogimedence.hu"}}]}},"_links":{"self":[{"href":"https:\/\/dorogimedence.hu\/index.php\/wp-json\/wp\/v2\/posts\/11431","targetHints":{"allow":["GET"]}}],"collection":[{"href":"https:\/\/dorogimedence.hu\/index.php\/wp-json\/wp\/v2\/posts"}],"about":[{"href":"https:\/\/dorogimedence.hu\/index.php\/wp-json\/wp\/v2\/types\/post"}],"author":[{"embeddable":true,"href":"https:\/\/dorogimedence.hu\/index.php\/wp-json\/wp\/v2\/users\/1"}],"replies":[{"embeddable":true,"href":"https:\/\/dorogimedence.hu\/index.php\/wp-json\/wp\/v2\/comments?post=11431"}],"version-history":[{"count":0,"href":"https:\/\/dorogimedence.hu\/index.php\/wp-json\/wp\/v2\/posts\/11431\/revisions"}],"wp:featuredmedia":[{"embeddable":true,"href":"https:\/\/dorogimedence.hu\/index.php\/wp-json\/wp\/v2\/media\/11432"}],"wp:attachment":[{"href":"https:\/\/dorogimedence.hu\/index.php\/wp-json\/wp\/v2\/media?parent=11431"}],"wp:term":[{"taxonomy":"category","embeddable":true,"href":"https:\/\/dorogimedence.hu\/index.php\/wp-json\/wp\/v2\/categories?post=11431"},{"taxonomy":"post_tag","embeddable":true,"href":"https:\/\/dorogimedence.hu\/index.php\/wp-json\/wp\/v2\/tags?post=11431"}],"curies":[{"name":"wp","href":"https:\/\/api.w.org\/{rel}","templated":true}]}}