{"id":11073,"date":"2018-07-05T14:00:53","date_gmt":"2018-07-05T12:00:53","guid":{"rendered":"http:\/\/dorogimedence.hu\/?p=11073"},"modified":"2018-07-05T14:00:53","modified_gmt":"2018-07-05T12:00:53","slug":"akar-ot-evet-is-kaphat-az-illegalisan-veszelyes-hulladekokat-lerako-ferfi","status":"publish","type":"post","link":"https:\/\/dorogimedence.hu\/index.php\/2018\/07\/05\/akar-ot-evet-is-kaphat-az-illegalisan-veszelyes-hulladekokat-lerako-ferfi\/","title":{"rendered":"Ak\u00e1r \u00f6t \u00e9vet is kaphat az illeg\u00e1lisan vesz\u00e9lyes hullad\u00e9kokat lerak\u00f3 f\u00e9rfi"},"content":{"rendered":"<p><strong>Az Esztergomi J\u00e1r\u00e1si \u00dcgy\u00e9szs\u00e9g vesz\u00e9lyes hullad\u00e9kra elk\u00f6vetett hullad\u00e9kgazd\u00e1lkod\u00e1s rendje megs\u00e9rt\u00e9s\u00e9nek b\u0171ntette miatt emelt v\u00e1dat azzal a f\u00e9rfival szemben, aki az erd\u0151 mellett helyezett el vesz\u00e9lyes hullad\u00e9kokat.<\/strong><\/p>\n<p>Az esztergomi lakos v\u00e1dlott alkalmi munk\u00e1kb\u00f3l \u00e9l, hullad\u00e9ksz\u00e1ll\u00edt\u00e1ssal is foglalkozik, melyet rekl\u00e1m\u00fajs\u00e1gokban hirdet annak ellen\u00e9re, hogy arra enged\u00e9llyel nem rendelkezik.<\/p>\n<p>Az elk\u00f6vet\u0151 megegyezett egy pilismar\u00f3ti ingatlantulajdonossal abban, hogy a v\u00e1dlott a h\u00e1zn\u00e1l l\u00e9v\u0151 \u2013 r\u00e9szben vesz\u00e9lyes &#8211; hullad\u00e9kokat 35.000 forint\u00e9rt elsz\u00e1ll\u00edtja a hullad\u00e9klerak\u00f3ba. A megbesz\u00e9l\u00e9snek megfelel\u0151en a f\u00e9rfi 2017. december 09. napj\u00e1n megjelent az ingatlann\u00e1l, a hullad\u00e9kokat (haszn\u00e1lhatatlan nyomtat\u00f3t, fest\u00e9kes dobozokat, \u00e9p\u00edt\u00e9si-bont\u00e1si hullad\u00e9kot, hip\u00f3s flakonokat) a teherg\u00e9pkocsira felpakolta, a p\u00e9nzt \u00e1tvette, majd elindult. A f\u00e9rfi Pilismar\u00f3t ut\u00e1n az erd\u0151 mellett, a Natura 2000 besorol\u00e1s\u00fa ingatlannak min\u0151s\u00fcl\u0151 ter\u00fcleten meg\u00e1llt, a hullad\u00e9kokat a f\u00f6ldre \u00f6nt\u00f6tte, majd onnan elhajtott.<\/p>\n<p>A hullad\u00e9kok alkalmasak voltak az emberi \u00e9let, testi \u00e9ps\u00e9g, eg\u00e9szs\u00e9g, tov\u00e1bb\u00e1 a f\u00f6ld, \u00e9s a v\u00edz vesz\u00e9lyeztet\u00e9s\u00e9re.<\/p>\n<p>A f\u00e9rfi cselekm\u00e9nye egy \u00e9vt\u0151l \u00f6t \u00e9vig terjed\u0151 szabads\u00e1gveszt\u00e9ssel b\u00fcntetend\u0151.<\/p>\n<p><em>Forr\u00e1s: Kom\u00e1rom-Esztergom Megyei F\u0151\u00fcgy\u00e9szs\u00e9g Sajt\u00f3<br \/>\nFot\u00f3: illusztr\u00e1ci\u00f3 (Tokodalt\u00e1r\u00f3 \u00e9s Esztergom-kertv\u00e1ros k\u00f6z\u00f6tt kihelyezett illeg\u00e1lis vesz\u00e9lyes hullad\u00e9k)<\/em><\/p>\n","protected":false},"excerpt":{"rendered":"<p>Az Esztergomi J\u00e1r\u00e1si \u00dcgy\u00e9szs\u00e9g vesz\u00e9lyes hullad\u00e9kra elk\u00f6vetett hullad\u00e9kgazd\u00e1lkod\u00e1s rendje megs\u00e9rt\u00e9s\u00e9nek b\u0171ntette miatt emelt v\u00e1dat azzal a f\u00e9rfival szemben, aki az erd\u0151 mellett helyezett el vesz\u00e9lyes hullad\u00e9kokat. Az esztergomi lakos v\u00e1dlott alkalmi munk\u00e1kb\u00f3l \u00e9l, hullad\u00e9ksz\u00e1ll\u00edt\u00e1ssal is foglalkozik, melyet rekl\u00e1m\u00fajs\u00e1gokban hirdet annak ellen\u00e9re, hogy arra enged\u00e9llyel nem rendelkezik. Az elk\u00f6vet\u0151 megegyezett egy pilismar\u00f3ti ingatlantulajdonossal abban, hogy a<\/p>\n","protected":false},"author":1,"featured_media":10677,"comment_status":"closed","ping_status":"closed","sticky":false,"template":"","format":"standard","meta":{"ngg_post_thumbnail":0,"footnotes":""},"categories":[38,3],"tags":[1042,63,42,213,2022,480,326,214],"class_list":{"0":"post-11073","1":"post","2":"type-post","3":"status-publish","4":"format-standard","5":"has-post-thumbnail","7":"category-esztergom","8":"category-hirek","9":"tag-birosag","10":"tag-buncselekmeny","11":"tag-esztergom","12":"tag-hulladek","13":"tag-illegalis-hulladeklerako","14":"tag-pilismarot","15":"tag-ugyeszseg","16":"tag-veszelyes-hulladek"},"yoast_head":"<!-- This site is optimized with the Yoast SEO plugin v27.4 - https:\/\/yoast.com\/product\/yoast-seo-wordpress\/ -->\n<title>Ak\u00e1r \u00f6t \u00e9vet is kaphat az illeg\u00e1lisan vesz\u00e9lyes hullad\u00e9kokat lerak\u00f3 f\u00e9rfi<\/title>\n<meta name=\"robots\" content=\"index, follow, max-snippet:-1, max-image-preview:large, max-video-preview:-1\" \/>\n<link rel=\"canonical\" href=\"https:\/\/dorogimedence.hu\/index.php\/2018\/07\/05\/akar-ot-evet-is-kaphat-az-illegalisan-veszelyes-hulladekokat-lerako-ferfi\/\" class=\"yoast-seo-meta-tag\" \/>\n<meta property=\"og:locale\" content=\"hu_HU\" class=\"yoast-seo-meta-tag\" \/>\n<meta property=\"og:type\" content=\"article\" class=\"yoast-seo-meta-tag\" \/>\n<meta property=\"og:title\" content=\"Ak\u00e1r \u00f6t \u00e9vet is kaphat az illeg\u00e1lisan vesz\u00e9lyes hullad\u00e9kokat lerak\u00f3 f\u00e9rfi\" class=\"yoast-seo-meta-tag\" \/>\n<meta property=\"og:description\" content=\"Az Esztergomi J\u00e1r\u00e1si \u00dcgy\u00e9szs\u00e9g vesz\u00e9lyes hullad\u00e9kra elk\u00f6vetett hullad\u00e9kgazd\u00e1lkod\u00e1s rendje megs\u00e9rt\u00e9s\u00e9nek b\u0171ntette miatt emelt v\u00e1dat azzal a f\u00e9rfival szemben, aki az erd\u0151 mellett helyezett el vesz\u00e9lyes hullad\u00e9kokat. Az esztergomi lakos v\u00e1dlott alkalmi munk\u00e1kb\u00f3l \u00e9l, hullad\u00e9ksz\u00e1ll\u00edt\u00e1ssal is foglalkozik, melyet rekl\u00e1m\u00fajs\u00e1gokban hirdet annak ellen\u00e9re, hogy arra enged\u00e9llyel nem rendelkezik. Az elk\u00f6vet\u0151 megegyezett egy pilismar\u00f3ti ingatlantulajdonossal abban, hogy a\" class=\"yoast-seo-meta-tag\" \/>\n<meta property=\"og:url\" content=\"https:\/\/dorogimedence.hu\/index.php\/2018\/07\/05\/akar-ot-evet-is-kaphat-az-illegalisan-veszelyes-hulladekokat-lerako-ferfi\/\" class=\"yoast-seo-meta-tag\" \/>\n<meta property=\"og:site_name\" content=\"Dorogi-medence Region\u00e1lis H\u00edrport\u00e1l\" class=\"yoast-seo-meta-tag\" \/>\n<meta property=\"article:publisher\" content=\"https:\/\/www.facebook.com\/dorogimedence\/\" class=\"yoast-seo-meta-tag\" \/>\n<meta property=\"article:published_time\" content=\"2018-07-05T12:00:53+00:00\" class=\"yoast-seo-meta-tag\" \/>\n<meta property=\"og:image\" content=\"https:\/\/i0.wp.com\/dorogimedence.hu\/wp-content\/uploads\/2018\/06\/szemettelep-01.jpg?fit=670%2C365&ssl=1\" class=\"yoast-seo-meta-tag\" \/>\n\t<meta property=\"og:image:width\" content=\"670\" class=\"yoast-seo-meta-tag\" \/>\n\t<meta property=\"og:image:height\" content=\"365\" class=\"yoast-seo-meta-tag\" \/>\n\t<meta property=\"og:image:type\" content=\"image\/jpeg\" class=\"yoast-seo-meta-tag\" \/>\n<meta name=\"author\" content=\"dorogimedence.hu\" class=\"yoast-seo-meta-tag\" \/>\n<meta name=\"twitter:card\" content=\"summary_large_image\" class=\"yoast-seo-meta-tag\" \/>\n<meta name=\"twitter:label1\" content=\"Szerz\u0151:\" class=\"yoast-seo-meta-tag\" \/>\n\t<meta name=\"twitter:data1\" content=\"dorogimedence.hu\" class=\"yoast-seo-meta-tag\" \/>\n\t<meta name=\"twitter:label2\" content=\"Becs\u00fclt olvas\u00e1si id\u0151\" class=\"yoast-seo-meta-tag\" \/>\n\t<meta name=\"twitter:data2\" content=\"1 perc\" class=\"yoast-seo-meta-tag\" \/>\n<script type=\"application\/ld+json\" class=\"yoast-schema-graph\">{\"@context\":\"https:\\\/\\\/schema.org\",\"@graph\":[{\"@type\":\"Article\",\"@id\":\"https:\\\/\\\/dorogimedence.hu\\\/index.php\\\/2018\\\/07\\\/05\\\/akar-ot-evet-is-kaphat-az-illegalisan-veszelyes-hulladekokat-lerako-ferfi\\\/#article\",\"isPartOf\":{\"@id\":\"https:\\\/\\\/dorogimedence.hu\\\/index.php\\\/2018\\\/07\\\/05\\\/akar-ot-evet-is-kaphat-az-illegalisan-veszelyes-hulladekokat-lerako-ferfi\\\/\"},\"author\":{\"name\":\"dorogimedence.hu\",\"@id\":\"https:\\\/\\\/dorogimedence.hu\\\/#\\\/schema\\\/person\\\/ce6091eeb7e95ecdc87890d6aa8e0fd4\"},\"headline\":\"Ak\u00e1r \u00f6t \u00e9vet is kaphat az illeg\u00e1lisan vesz\u00e9lyes hullad\u00e9kokat lerak\u00f3 f\u00e9rfi\",\"datePublished\":\"2018-07-05T12:00:53+00:00\",\"mainEntityOfPage\":{\"@id\":\"https:\\\/\\\/dorogimedence.hu\\\/index.php\\\/2018\\\/07\\\/05\\\/akar-ot-evet-is-kaphat-az-illegalisan-veszelyes-hulladekokat-lerako-ferfi\\\/\"},\"wordCount\":276,\"publisher\":{\"@id\":\"https:\\\/\\\/dorogimedence.hu\\\/#organization\"},\"image\":{\"@id\":\"https:\\\/\\\/dorogimedence.hu\\\/index.php\\\/2018\\\/07\\\/05\\\/akar-ot-evet-is-kaphat-az-illegalisan-veszelyes-hulladekokat-lerako-ferfi\\\/#primaryimage\"},\"thumbnailUrl\":\"https:\\\/\\\/dorogimedence.hu\\\/wp-content\\\/uploads\\\/2018\\\/06\\\/szemettelep-01.jpg\",\"keywords\":[\"b\u00edr\u00f3s\u00e1g\",\"b\u0171ncselekm\u00e9ny\",\"esztergom\",\"hullad\u00e9k\",\"illeg\u00e1lis hullad\u00e9klerak\u00f3\",\"Pilismar\u00f3t\",\"\u00fcgy\u00e9szs\u00e9g\",\"vesz\u00e9lyes hullad\u00e9k\"],\"articleSection\":[\"Esztergom\",\"H\u00edrek\"],\"inLanguage\":\"hu\"},{\"@type\":\"WebPage\",\"@id\":\"https:\\\/\\\/dorogimedence.hu\\\/index.php\\\/2018\\\/07\\\/05\\\/akar-ot-evet-is-kaphat-az-illegalisan-veszelyes-hulladekokat-lerako-ferfi\\\/\",\"url\":\"https:\\\/\\\/dorogimedence.hu\\\/index.php\\\/2018\\\/07\\\/05\\\/akar-ot-evet-is-kaphat-az-illegalisan-veszelyes-hulladekokat-lerako-ferfi\\\/\",\"name\":\"Ak\u00e1r \u00f6t \u00e9vet is kaphat az illeg\u00e1lisan vesz\u00e9lyes hullad\u00e9kokat lerak\u00f3 f\u00e9rfi\",\"isPartOf\":{\"@id\":\"https:\\\/\\\/dorogimedence.hu\\\/#website\"},\"primaryImageOfPage\":{\"@id\":\"https:\\\/\\\/dorogimedence.hu\\\/index.php\\\/2018\\\/07\\\/05\\\/akar-ot-evet-is-kaphat-az-illegalisan-veszelyes-hulladekokat-lerako-ferfi\\\/#primaryimage\"},\"image\":{\"@id\":\"https:\\\/\\\/dorogimedence.hu\\\/index.php\\\/2018\\\/07\\\/05\\\/akar-ot-evet-is-kaphat-az-illegalisan-veszelyes-hulladekokat-lerako-ferfi\\\/#primaryimage\"},\"thumbnailUrl\":\"https:\\\/\\\/dorogimedence.hu\\\/wp-content\\\/uploads\\\/2018\\\/06\\\/szemettelep-01.jpg\",\"datePublished\":\"2018-07-05T12:00:53+00:00\",\"breadcrumb\":{\"@id\":\"https:\\\/\\\/dorogimedence.hu\\\/index.php\\\/2018\\\/07\\\/05\\\/akar-ot-evet-is-kaphat-az-illegalisan-veszelyes-hulladekokat-lerako-ferfi\\\/#breadcrumb\"},\"inLanguage\":\"hu\",\"potentialAction\":[{\"@type\":\"ReadAction\",\"target\":[\"https:\\\/\\\/dorogimedence.hu\\\/index.php\\\/2018\\\/07\\\/05\\\/akar-ot-evet-is-kaphat-az-illegalisan-veszelyes-hulladekokat-lerako-ferfi\\\/\"]}]},{\"@type\":\"ImageObject\",\"inLanguage\":\"hu\",\"@id\":\"https:\\\/\\\/dorogimedence.hu\\\/index.php\\\/2018\\\/07\\\/05\\\/akar-ot-evet-is-kaphat-az-illegalisan-veszelyes-hulladekokat-lerako-ferfi\\\/#primaryimage\",\"url\":\"https:\\\/\\\/dorogimedence.hu\\\/wp-content\\\/uploads\\\/2018\\\/06\\\/szemettelep-01.jpg\",\"contentUrl\":\"https:\\\/\\\/dorogimedence.hu\\\/wp-content\\\/uploads\\\/2018\\\/06\\\/szemettelep-01.jpg\",\"width\":670,\"height\":365},{\"@type\":\"BreadcrumbList\",\"@id\":\"https:\\\/\\\/dorogimedence.hu\\\/index.php\\\/2018\\\/07\\\/05\\\/akar-ot-evet-is-kaphat-az-illegalisan-veszelyes-hulladekokat-lerako-ferfi\\\/#breadcrumb\",\"itemListElement\":[{\"@type\":\"ListItem\",\"position\":1,\"name\":\"Kezd\u0151lap\",\"item\":\"https:\\\/\\\/dorogimedence.hu\\\/\"},{\"@type\":\"ListItem\",\"position\":2,\"name\":\"Ak\u00e1r \u00f6t \u00e9vet is kaphat az illeg\u00e1lisan vesz\u00e9lyes hullad\u00e9kokat lerak\u00f3 f\u00e9rfi\"}]},{\"@type\":\"WebSite\",\"@id\":\"https:\\\/\\\/dorogimedence.hu\\\/#website\",\"url\":\"https:\\\/\\\/dorogimedence.hu\\\/\",\"name\":\"Dorogi-medence Region\u00e1lis H\u00edrport\u00e1l\",\"description\":\"Dorog, Keszt\u00f6lc, Le\u00e1nyv\u00e1r, Piliscs\u00e9v, Tokod, Tokodalt\u00e1r\u00f3, Csolnok, Esztergom-kertv\u00e1ros: h\u00edrek, programok\",\"publisher\":{\"@id\":\"https:\\\/\\\/dorogimedence.hu\\\/#organization\"},\"potentialAction\":[{\"@type\":\"SearchAction\",\"target\":{\"@type\":\"EntryPoint\",\"urlTemplate\":\"https:\\\/\\\/dorogimedence.hu\\\/?s={search_term_string}\"},\"query-input\":{\"@type\":\"PropertyValueSpecification\",\"valueRequired\":true,\"valueName\":\"search_term_string\"}}],\"inLanguage\":\"hu\"},{\"@type\":\"Organization\",\"@id\":\"https:\\\/\\\/dorogimedence.hu\\\/#organization\",\"name\":\"Dorogi-medence Region\u00e1lis H\u00edrport\u00e1l\",\"url\":\"https:\\\/\\\/dorogimedence.hu\\\/\",\"logo\":{\"@type\":\"ImageObject\",\"inLanguage\":\"hu\",\"@id\":\"https:\\\/\\\/dorogimedence.hu\\\/#\\\/schema\\\/logo\\\/image\\\/\",\"url\":\"https:\\\/\\\/dorogimedence.hu\\\/wp-content\\\/uploads\\\/2021\\\/04\\\/logo-feher-600.png\",\"contentUrl\":\"https:\\\/\\\/dorogimedence.hu\\\/wp-content\\\/uploads\\\/2021\\\/04\\\/logo-feher-600.png\",\"width\":600,\"height\":100,\"caption\":\"Dorogi-medence Region\u00e1lis H\u00edrport\u00e1l\"},\"image\":{\"@id\":\"https:\\\/\\\/dorogimedence.hu\\\/#\\\/schema\\\/logo\\\/image\\\/\"},\"sameAs\":[\"https:\\\/\\\/www.facebook.com\\\/dorogimedence\\\/\"]},{\"@type\":\"Person\",\"@id\":\"https:\\\/\\\/dorogimedence.hu\\\/#\\\/schema\\\/person\\\/ce6091eeb7e95ecdc87890d6aa8e0fd4\",\"name\":\"dorogimedence.hu\",\"image\":{\"@type\":\"ImageObject\",\"inLanguage\":\"hu\",\"@id\":\"\\\/\\\/www.gravatar.com\\\/avatar\\\/d8d45f8901aadff40a4af72c0b826f1d?s=96&#038;r=g&#038;d=mm\",\"url\":\"\\\/\\\/www.gravatar.com\\\/avatar\\\/d8d45f8901aadff40a4af72c0b826f1d?s=96&#038;r=g&#038;d=mm\",\"contentUrl\":\"\\\/\\\/www.gravatar.com\\\/avatar\\\/d8d45f8901aadff40a4af72c0b826f1d?s=96&#038;r=g&#038;d=mm\",\"caption\":\"dorogimedence.hu\"}}]}<\/script>\n<!-- \/ Yoast SEO plugin. -->","yoast_head_json":{"title":"Ak\u00e1r \u00f6t \u00e9vet is kaphat az illeg\u00e1lisan vesz\u00e9lyes hullad\u00e9kokat lerak\u00f3 f\u00e9rfi","robots":{"index":"index","follow":"follow","max-snippet":"max-snippet:-1","max-image-preview":"max-image-preview:large","max-video-preview":"max-video-preview:-1"},"canonical":"https:\/\/dorogimedence.hu\/index.php\/2018\/07\/05\/akar-ot-evet-is-kaphat-az-illegalisan-veszelyes-hulladekokat-lerako-ferfi\/","og_locale":"hu_HU","og_type":"article","og_title":"Ak\u00e1r \u00f6t \u00e9vet is kaphat az illeg\u00e1lisan vesz\u00e9lyes hullad\u00e9kokat lerak\u00f3 f\u00e9rfi","og_description":"Az Esztergomi J\u00e1r\u00e1si \u00dcgy\u00e9szs\u00e9g vesz\u00e9lyes hullad\u00e9kra elk\u00f6vetett hullad\u00e9kgazd\u00e1lkod\u00e1s rendje megs\u00e9rt\u00e9s\u00e9nek b\u0171ntette miatt emelt v\u00e1dat azzal a f\u00e9rfival szemben, aki az erd\u0151 mellett helyezett el vesz\u00e9lyes hullad\u00e9kokat. Az esztergomi lakos v\u00e1dlott alkalmi munk\u00e1kb\u00f3l \u00e9l, hullad\u00e9ksz\u00e1ll\u00edt\u00e1ssal is foglalkozik, melyet rekl\u00e1m\u00fajs\u00e1gokban hirdet annak ellen\u00e9re, hogy arra enged\u00e9llyel nem rendelkezik. Az elk\u00f6vet\u0151 megegyezett egy pilismar\u00f3ti ingatlantulajdonossal abban, hogy a","og_url":"https:\/\/dorogimedence.hu\/index.php\/2018\/07\/05\/akar-ot-evet-is-kaphat-az-illegalisan-veszelyes-hulladekokat-lerako-ferfi\/","og_site_name":"Dorogi-medence Region\u00e1lis H\u00edrport\u00e1l","article_publisher":"https:\/\/www.facebook.com\/dorogimedence\/","article_published_time":"2018-07-05T12:00:53+00:00","og_image":[{"width":670,"height":365,"url":"https:\/\/i0.wp.com\/dorogimedence.hu\/wp-content\/uploads\/2018\/06\/szemettelep-01.jpg?fit=670%2C365&ssl=1","type":"image\/jpeg"}],"author":"dorogimedence.hu","twitter_card":"summary_large_image","twitter_misc":{"Szerz\u0151:":"dorogimedence.hu","Becs\u00fclt olvas\u00e1si id\u0151":"1 perc"},"schema":{"@context":"https:\/\/schema.org","@graph":[{"@type":"Article","@id":"https:\/\/dorogimedence.hu\/index.php\/2018\/07\/05\/akar-ot-evet-is-kaphat-az-illegalisan-veszelyes-hulladekokat-lerako-ferfi\/#article","isPartOf":{"@id":"https:\/\/dorogimedence.hu\/index.php\/2018\/07\/05\/akar-ot-evet-is-kaphat-az-illegalisan-veszelyes-hulladekokat-lerako-ferfi\/"},"author":{"name":"dorogimedence.hu","@id":"https:\/\/dorogimedence.hu\/#\/schema\/person\/ce6091eeb7e95ecdc87890d6aa8e0fd4"},"headline":"Ak\u00e1r \u00f6t \u00e9vet is kaphat az illeg\u00e1lisan vesz\u00e9lyes hullad\u00e9kokat lerak\u00f3 f\u00e9rfi","datePublished":"2018-07-05T12:00:53+00:00","mainEntityOfPage":{"@id":"https:\/\/dorogimedence.hu\/index.php\/2018\/07\/05\/akar-ot-evet-is-kaphat-az-illegalisan-veszelyes-hulladekokat-lerako-ferfi\/"},"wordCount":276,"publisher":{"@id":"https:\/\/dorogimedence.hu\/#organization"},"image":{"@id":"https:\/\/dorogimedence.hu\/index.php\/2018\/07\/05\/akar-ot-evet-is-kaphat-az-illegalisan-veszelyes-hulladekokat-lerako-ferfi\/#primaryimage"},"thumbnailUrl":"https:\/\/dorogimedence.hu\/wp-content\/uploads\/2018\/06\/szemettelep-01.jpg","keywords":["b\u00edr\u00f3s\u00e1g","b\u0171ncselekm\u00e9ny","esztergom","hullad\u00e9k","illeg\u00e1lis hullad\u00e9klerak\u00f3","Pilismar\u00f3t","\u00fcgy\u00e9szs\u00e9g","vesz\u00e9lyes hullad\u00e9k"],"articleSection":["Esztergom","H\u00edrek"],"inLanguage":"hu"},{"@type":"WebPage","@id":"https:\/\/dorogimedence.hu\/index.php\/2018\/07\/05\/akar-ot-evet-is-kaphat-az-illegalisan-veszelyes-hulladekokat-lerako-ferfi\/","url":"https:\/\/dorogimedence.hu\/index.php\/2018\/07\/05\/akar-ot-evet-is-kaphat-az-illegalisan-veszelyes-hulladekokat-lerako-ferfi\/","name":"Ak\u00e1r \u00f6t \u00e9vet is kaphat az illeg\u00e1lisan vesz\u00e9lyes hullad\u00e9kokat lerak\u00f3 f\u00e9rfi","isPartOf":{"@id":"https:\/\/dorogimedence.hu\/#website"},"primaryImageOfPage":{"@id":"https:\/\/dorogimedence.hu\/index.php\/2018\/07\/05\/akar-ot-evet-is-kaphat-az-illegalisan-veszelyes-hulladekokat-lerako-ferfi\/#primaryimage"},"image":{"@id":"https:\/\/dorogimedence.hu\/index.php\/2018\/07\/05\/akar-ot-evet-is-kaphat-az-illegalisan-veszelyes-hulladekokat-lerako-ferfi\/#primaryimage"},"thumbnailUrl":"https:\/\/dorogimedence.hu\/wp-content\/uploads\/2018\/06\/szemettelep-01.jpg","datePublished":"2018-07-05T12:00:53+00:00","breadcrumb":{"@id":"https:\/\/dorogimedence.hu\/index.php\/2018\/07\/05\/akar-ot-evet-is-kaphat-az-illegalisan-veszelyes-hulladekokat-lerako-ferfi\/#breadcrumb"},"inLanguage":"hu","potentialAction":[{"@type":"ReadAction","target":["https:\/\/dorogimedence.hu\/index.php\/2018\/07\/05\/akar-ot-evet-is-kaphat-az-illegalisan-veszelyes-hulladekokat-lerako-ferfi\/"]}]},{"@type":"ImageObject","inLanguage":"hu","@id":"https:\/\/dorogimedence.hu\/index.php\/2018\/07\/05\/akar-ot-evet-is-kaphat-az-illegalisan-veszelyes-hulladekokat-lerako-ferfi\/#primaryimage","url":"https:\/\/dorogimedence.hu\/wp-content\/uploads\/2018\/06\/szemettelep-01.jpg","contentUrl":"https:\/\/dorogimedence.hu\/wp-content\/uploads\/2018\/06\/szemettelep-01.jpg","width":670,"height":365},{"@type":"BreadcrumbList","@id":"https:\/\/dorogimedence.hu\/index.php\/2018\/07\/05\/akar-ot-evet-is-kaphat-az-illegalisan-veszelyes-hulladekokat-lerako-ferfi\/#breadcrumb","itemListElement":[{"@type":"ListItem","position":1,"name":"Kezd\u0151lap","item":"https:\/\/dorogimedence.hu\/"},{"@type":"ListItem","position":2,"name":"Ak\u00e1r \u00f6t \u00e9vet is kaphat az illeg\u00e1lisan vesz\u00e9lyes hullad\u00e9kokat lerak\u00f3 f\u00e9rfi"}]},{"@type":"WebSite","@id":"https:\/\/dorogimedence.hu\/#website","url":"https:\/\/dorogimedence.hu\/","name":"Dorogi-medence Region\u00e1lis H\u00edrport\u00e1l","description":"Dorog, Keszt\u00f6lc, Le\u00e1nyv\u00e1r, Piliscs\u00e9v, Tokod, Tokodalt\u00e1r\u00f3, Csolnok, Esztergom-kertv\u00e1ros: h\u00edrek, programok","publisher":{"@id":"https:\/\/dorogimedence.hu\/#organization"},"potentialAction":[{"@type":"SearchAction","target":{"@type":"EntryPoint","urlTemplate":"https:\/\/dorogimedence.hu\/?s={search_term_string}"},"query-input":{"@type":"PropertyValueSpecification","valueRequired":true,"valueName":"search_term_string"}}],"inLanguage":"hu"},{"@type":"Organization","@id":"https:\/\/dorogimedence.hu\/#organization","name":"Dorogi-medence Region\u00e1lis H\u00edrport\u00e1l","url":"https:\/\/dorogimedence.hu\/","logo":{"@type":"ImageObject","inLanguage":"hu","@id":"https:\/\/dorogimedence.hu\/#\/schema\/logo\/image\/","url":"https:\/\/dorogimedence.hu\/wp-content\/uploads\/2021\/04\/logo-feher-600.png","contentUrl":"https:\/\/dorogimedence.hu\/wp-content\/uploads\/2021\/04\/logo-feher-600.png","width":600,"height":100,"caption":"Dorogi-medence Region\u00e1lis H\u00edrport\u00e1l"},"image":{"@id":"https:\/\/dorogimedence.hu\/#\/schema\/logo\/image\/"},"sameAs":["https:\/\/www.facebook.com\/dorogimedence\/"]},{"@type":"Person","@id":"https:\/\/dorogimedence.hu\/#\/schema\/person\/ce6091eeb7e95ecdc87890d6aa8e0fd4","name":"dorogimedence.hu","image":{"@type":"ImageObject","inLanguage":"hu","@id":"\/\/www.gravatar.com\/avatar\/d8d45f8901aadff40a4af72c0b826f1d?s=96&#038;r=g&#038;d=mm","url":"\/\/www.gravatar.com\/avatar\/d8d45f8901aadff40a4af72c0b826f1d?s=96&#038;r=g&#038;d=mm","contentUrl":"\/\/www.gravatar.com\/avatar\/d8d45f8901aadff40a4af72c0b826f1d?s=96&#038;r=g&#038;d=mm","caption":"dorogimedence.hu"}}]}},"_links":{"self":[{"href":"https:\/\/dorogimedence.hu\/index.php\/wp-json\/wp\/v2\/posts\/11073","targetHints":{"allow":["GET"]}}],"collection":[{"href":"https:\/\/dorogimedence.hu\/index.php\/wp-json\/wp\/v2\/posts"}],"about":[{"href":"https:\/\/dorogimedence.hu\/index.php\/wp-json\/wp\/v2\/types\/post"}],"author":[{"embeddable":true,"href":"https:\/\/dorogimedence.hu\/index.php\/wp-json\/wp\/v2\/users\/1"}],"replies":[{"embeddable":true,"href":"https:\/\/dorogimedence.hu\/index.php\/wp-json\/wp\/v2\/comments?post=11073"}],"version-history":[{"count":0,"href":"https:\/\/dorogimedence.hu\/index.php\/wp-json\/wp\/v2\/posts\/11073\/revisions"}],"wp:featuredmedia":[{"embeddable":true,"href":"https:\/\/dorogimedence.hu\/index.php\/wp-json\/wp\/v2\/media\/10677"}],"wp:attachment":[{"href":"https:\/\/dorogimedence.hu\/index.php\/wp-json\/wp\/v2\/media?parent=11073"}],"wp:term":[{"taxonomy":"category","embeddable":true,"href":"https:\/\/dorogimedence.hu\/index.php\/wp-json\/wp\/v2\/categories?post=11073"},{"taxonomy":"post_tag","embeddable":true,"href":"https:\/\/dorogimedence.hu\/index.php\/wp-json\/wp\/v2\/tags?post=11073"}],"curies":[{"name":"wp","href":"https:\/\/api.w.org\/{rel}","templated":true}]}}