{"id":10839,"date":"2018-06-22T15:14:56","date_gmt":"2018-06-22T13:14:56","guid":{"rendered":"http:\/\/dorogimedence.hu\/?p=10839"},"modified":"2018-06-22T15:14:56","modified_gmt":"2018-06-22T13:14:56","slug":"elindult-a-regisztracio-az-online-szamla-rendszerben","status":"publish","type":"post","link":"https:\/\/dorogimedence.hu\/index.php\/2018\/06\/22\/elindult-a-regisztracio-az-online-szamla-rendszerben\/","title":{"rendered":"Elindult a regisztr\u00e1ci\u00f3 az Online Sz\u00e1mla rendszerben"},"content":{"rendered":"<div class=\"Body\">\n<div class=\"LeadRow\">\n<div class=\"Lead\">\n<div class=\"Lead\">\n<p align=\"justify\"><strong>A j\u00falius elsej\u00e9t\u0151l k\u00f6telez\u0151 sz\u00e1mlaadat-szolg\u00e1ltat\u00e1shoz regisztr\u00e1lnia kell mindenkinek, aki belf\u00f6ldi ad\u00f3alanyok sz\u00e1m\u00e1ra legal\u00e1bb 100 ezer forint \u00e1fatartalm\u00fa sz\u00e1ml\u00e1t \u00e1ll\u00edt ki ak\u00e1r sz\u00e1ml\u00e1z\u00f3 programmal, ak\u00e1r sz\u00e1mlat\u00f6mbben. A NAV Online Sz\u00e1mla fel\u00fclet\u00e9n a mostant\u00f3l elv\u00e9gezhet\u0151 regisztr\u00e1ci\u00f3hoz \u00fcgyf\u00e9lkapus hozz\u00e1f\u00e9r\u00e9sre van sz\u00fcks\u00e9g.<\/strong><\/p>\n<\/div>\n<\/div>\n<\/div>\n<div>\n<div class=\"page_content\">\n<div class=\"Text\">\n<p align=\"justify\">F\u00fcggetlen\u00fcl att\u00f3l, hogy a sz\u00e1ml\u00e1t sz\u00e1ml\u00e1z\u00f3 programmal vagy k\u00e9zzel \u00e1ll\u00edtja ki valaki, mindenk\u00e9ppen regisztr\u00e1lnia kell a NAV Online Sz\u00e1mla rendszer\u00e9ben, hogy az adatszolg\u00e1ltat\u00e1st el lehessen v\u00e9gezni. Mostant\u00f3l el\u00e9rhet\u0151 a regisztr\u00e1ci\u00f3s fel\u00fclet: <span style=\"text-decoration: underline; color: #0000ff;\"><a style=\"color: #0000ff; text-decoration: underline;\" href=\"https:\/\/onlineszamla.nav.gov.hu\/regisztracio\" target=\"_blank\" rel=\"noopener\">https:\/\/onlineszamla.nav.gov.hu\/regisztracio<\/a><\/span>. A regisztr\u00e1ci\u00f3t annak kell elv\u00e9geznie, aki az adott v\u00e1llalkoz\u00e1s nev\u00e9ben a NAV el\u0151tt t\u00f6rv\u00e9nyes k\u00e9pvisel\u0151k\u00e9nt vagy \u00e1lland\u00f3 meghatalmazottk\u00e9nt elj\u00e1rhat.<\/p>\n<p align=\"justify\">A NAV Online Sz\u00e1mla aloldal\u00e1r\u00f3l k\u00e9t kattint\u00e1ssal az \u00dcgyf\u00e9lkapu bejelentkez\u00e9si oldal\u00e1ra \u00e9rkezik az, aki a v\u00e1llalkoz\u00e1st k\u00e9pviseli, \u00e9s aki sikeres azonos\u00edt\u00e1s ut\u00e1n megkezdheti a regisztr\u00e1ci\u00f3t. Ennek eredm\u00e9nyek\u00e9nt, a regisztr\u00e1ci\u00f3t v\u00e9gz\u0151 szem\u00e9ly\u00e9hez kapcsoltan l\u00e9trej\u00f6n egy els\u0151dleges felhaszn\u00e1l\u00f3, aki az adott ad\u00f3z\u00f3 \u00fcgyeiben a webes fel\u00fcleten teljes k\u00f6r\u0171 int\u00e9zked\u00e9si joggal rendelkezik.<\/p>\n<p align=\"justify\">A sz\u00e1ml\u00e1z\u00f3 programmal t\u00f6rt\u00e9n\u0151 adatk\u00fcld\u00e9shez az \u00fagynevezett technikai felhaszn\u00e1l\u00f3t is l\u00e9tre kell hozni, amihez egy jelsz\u00f3 megad\u00e1sa, illetve a jogosults\u00e1gi szint be\u00e1ll\u00edt\u00e1sa sz\u00fcks\u00e9ges. Ez biztos\u00edtja azt, hogy az adatszolg\u00e1ltat\u00f3 sz\u00e1ml\u00e1z\u00f3 programja a sz\u00e1ml\u00e1k adatait emberi beavatkoz\u00e1s n\u00e9lk\u00fcl, id\u0151ben \u00e9s szab\u00e1lyosan tov\u00e1bb\u00edthassa a NAV-hoz. A technikai felhaszn\u00e1l\u00f3 regisztr\u00e1l\u00e1sa ut\u00e1n lesznek hozz\u00e1f\u00e9rhet\u0151k a sz\u00e1ml\u00e1z\u00f3 program \u00e9s a NAV szervere k\u00f6z\u00f6tti kommunik\u00e1ci\u00f3hoz sz\u00fcks\u00e9ges tov\u00e1bbi technikai elemek <i>(felhaszn\u00e1l\u00f3n\u00e9v, xml al\u00e1\u00edr\u00f3kulcs, cserekulcs).<\/i><\/p>\n<p align=\"justify\">Lehet\u0151s\u00e9g van arra, hogy egy gazd\u00e1lkod\u00f3 szervezeten bel\u00fcl ne csak a t\u00f6rv\u00e9nyes k\u00e9pvisel\u0151 f\u00e9rjen hozz\u00e1 a rendszerhez. L\u00e9trehozhat\u00f3k m\u00e1sodlagos felhaszn\u00e1l\u00f3k, akik jogosults\u00e1guknak megfelel\u0151en haszn\u00e1lhatj\u00e1k a rendszert. Ezeket a jogosults\u00e1gokat az els\u0151dleges felhaszn\u00e1l\u00f3 hat\u00e1rozza meg sz\u00e1mukra, p\u00e9ld\u00e1ul sz\u00e1mlat\u00f6mb\u00f6t, azaz k\u00e9zi sz\u00e1ml\u00e1t haszn\u00e1l\u00f3 v\u00e1llalkoz\u00e1sok sz\u00e1ml\u00e1it felt\u00f6lthetik; lek\u00e9rdez\u00e9seket v\u00e9gezhetnek.<\/p>\n<p align=\"justify\">Regisztr\u00e1lni j\u00falius elseje ut\u00e1n is lehet, de legk\u00e9s\u0151bb az els\u0151 adatszolg\u00e1ltat\u00e1ssal \u00e9rintett sz\u00e1mla ki\u00e1ll\u00edt\u00e1s\u00e1ig el kell v\u00e9gezni a m\u0171veletet. A kor\u00e1bbi,tesztrendszeri regisztr\u00e1ci\u00f3 nem elegend\u0151, mert az csak a tesztel\u00e9s lehet\u0151s\u00e9g\u00e9t biztos\u00edtja.<\/p>\n<p align=\"justify\">Vide\u00f3bemutat\u00f3: <span style=\"text-decoration: underline; color: #0000ff;\"><a style=\"color: #0000ff;\" href=\"https:\/\/onlineszamla.nav.gov.hu\/regisztracio\/start\" target=\"_blank\" rel=\"noopener\">https:\/\/onlineszamla.nav.gov.hu\/regisztracio\/start<\/a><\/span><\/p>\n<p align=\"justify\"><i>A rendszerr\u0151l sz\u00f3l\u00f3 inform\u00e1ci\u00f3k, a regisztr\u00e1ci\u00f3 menet\u00e9t bemutat\u00f3 le\u00edr\u00e1s \u00e9s vide\u00f3, a gyakori k\u00e9rd\u00e9sekre adott v\u00e1laszok a NAV honlapj\u00e1r\u00f3l el\u00e9rhet\u0151 Online Sz\u00e1mla aloldalon tal\u00e1lhat\u00f3k: <\/i><span style=\"text-decoration: underline; color: #0000ff;\"><a style=\"color: #0000ff; text-decoration: underline;\" href=\"https:\/\/onlineszamla.nav.gov.hu\">https:\/\/onlineszamla.nav.gov.hu<\/a><\/span>. <i>A regisztr\u00e1ci\u00f3val kapcsolatban technikai seg\u00edts\u00e9g k\u00e9rhet\u0151 a NAV Inf\u00f3vonal\u00e1n (1819-es telefonsz\u00e1m, 7. men\u00fcpont, 2. almen\u00fcpont \u2013 Informatikai seg\u00edts\u00e9gny\u00fajt\u00e1s) vagy \u00edr\u00e1sban a <span style=\"text-decoration: underline; color: #0000ff;\"><a style=\"color: #0000ff; text-decoration: underline;\" href=\"http:\/\/www.nav.gov.hu\/nav\/e-ugyfsz\/levelkuldes\" target=\"_blank\" rel=\"noopener\">nav.gov.hu\/nav\/e-ugyfsz\/levelkuldes<\/a><\/span> funkci\u00f3n\u00e1l a \u201eSz\u00e1mlaadat-szolg\u00e1ltat\u00e1s, informatikai probl\u00e9m\u00e1k\u201d t\u00e1rgy kiv\u00e1laszt\u00e1s\u00e1val.<\/i><\/p>\n<p align=\"justify\"><strong>Nemzeti Ad\u00f3- \u00e9s V\u00e1mhivatal <\/strong><\/p>\n<\/div>\n<\/div>\n<\/div>\n<\/div>\n","protected":false},"excerpt":{"rendered":"<p>A j\u00falius elsej\u00e9t\u0151l k\u00f6telez\u0151 sz\u00e1mlaadat-szolg\u00e1ltat\u00e1shoz regisztr\u00e1lnia kell mindenkinek, aki belf\u00f6ldi ad\u00f3alanyok sz\u00e1m\u00e1ra legal\u00e1bb 100 ezer forint \u00e1fatartalm\u00fa sz\u00e1ml\u00e1t \u00e1ll\u00edt ki ak\u00e1r sz\u00e1ml\u00e1z\u00f3 programmal, ak\u00e1r sz\u00e1mlat\u00f6mbben. A NAV Online Sz\u00e1mla fel\u00fclet\u00e9n a mostant\u00f3l elv\u00e9gezhet\u0151 regisztr\u00e1ci\u00f3hoz \u00fcgyf\u00e9lkapus hozz\u00e1f\u00e9r\u00e9sre van sz\u00fcks\u00e9g. F\u00fcggetlen\u00fcl att\u00f3l, hogy a sz\u00e1ml\u00e1t sz\u00e1ml\u00e1z\u00f3 programmal vagy k\u00e9zzel \u00e1ll\u00edtja ki valaki, mindenk\u00e9ppen regisztr\u00e1lnia kell a NAV<\/p>\n","protected":false},"author":1,"featured_media":10840,"comment_status":"closed","ping_status":"closed","sticky":false,"template":"","format":"standard","meta":{"ngg_post_thumbnail":0,"footnotes":""},"categories":[3],"tags":[2677,77,317,2679,2678],"class_list":{"0":"post-10839","1":"post","2":"type-post","3":"status-publish","4":"format-standard","5":"has-post-thumbnail","7":"category-hirek","8":"tag-adohivatal","9":"tag-felhivas","10":"tag-nav","11":"tag-online-szamla","12":"tag-szamlazas"},"yoast_head":"<!-- This site is optimized with the Yoast SEO plugin v27.4 - https:\/\/yoast.com\/product\/yoast-seo-wordpress\/ -->\n<title>Elindult a regisztr\u00e1ci\u00f3 az Online Sz\u00e1mla rendszerben<\/title>\n<meta name=\"robots\" content=\"index, follow, max-snippet:-1, max-image-preview:large, max-video-preview:-1\" \/>\n<link rel=\"canonical\" href=\"https:\/\/dorogimedence.hu\/index.php\/2018\/06\/22\/elindult-a-regisztracio-az-online-szamla-rendszerben\/\" class=\"yoast-seo-meta-tag\" \/>\n<meta property=\"og:locale\" content=\"hu_HU\" class=\"yoast-seo-meta-tag\" \/>\n<meta property=\"og:type\" content=\"article\" class=\"yoast-seo-meta-tag\" \/>\n<meta property=\"og:title\" content=\"Elindult a regisztr\u00e1ci\u00f3 az Online Sz\u00e1mla rendszerben\" class=\"yoast-seo-meta-tag\" \/>\n<meta property=\"og:description\" content=\"A j\u00falius elsej\u00e9t\u0151l k\u00f6telez\u0151 sz\u00e1mlaadat-szolg\u00e1ltat\u00e1shoz regisztr\u00e1lnia kell mindenkinek, aki belf\u00f6ldi ad\u00f3alanyok sz\u00e1m\u00e1ra legal\u00e1bb 100 ezer forint \u00e1fatartalm\u00fa sz\u00e1ml\u00e1t \u00e1ll\u00edt ki ak\u00e1r sz\u00e1ml\u00e1z\u00f3 programmal, ak\u00e1r sz\u00e1mlat\u00f6mbben. A NAV Online Sz\u00e1mla fel\u00fclet\u00e9n a mostant\u00f3l elv\u00e9gezhet\u0151 regisztr\u00e1ci\u00f3hoz \u00fcgyf\u00e9lkapus hozz\u00e1f\u00e9r\u00e9sre van sz\u00fcks\u00e9g. F\u00fcggetlen\u00fcl att\u00f3l, hogy a sz\u00e1ml\u00e1t sz\u00e1ml\u00e1z\u00f3 programmal vagy k\u00e9zzel \u00e1ll\u00edtja ki valaki, mindenk\u00e9ppen regisztr\u00e1lnia kell a NAV\" class=\"yoast-seo-meta-tag\" \/>\n<meta property=\"og:url\" content=\"https:\/\/dorogimedence.hu\/index.php\/2018\/06\/22\/elindult-a-regisztracio-az-online-szamla-rendszerben\/\" class=\"yoast-seo-meta-tag\" \/>\n<meta property=\"og:site_name\" content=\"Dorogi-medence Region\u00e1lis H\u00edrport\u00e1l\" class=\"yoast-seo-meta-tag\" \/>\n<meta property=\"article:publisher\" content=\"https:\/\/www.facebook.com\/dorogimedence\/\" class=\"yoast-seo-meta-tag\" \/>\n<meta property=\"article:published_time\" content=\"2018-06-22T13:14:56+00:00\" class=\"yoast-seo-meta-tag\" \/>\n<meta property=\"og:image\" content=\"https:\/\/i0.wp.com\/dorogimedence.hu\/wp-content\/uploads\/2018\/06\/online-szamla.jpg?fit=670%2C365&ssl=1\" class=\"yoast-seo-meta-tag\" \/>\n\t<meta property=\"og:image:width\" content=\"670\" class=\"yoast-seo-meta-tag\" \/>\n\t<meta property=\"og:image:height\" content=\"365\" class=\"yoast-seo-meta-tag\" \/>\n\t<meta property=\"og:image:type\" content=\"image\/jpeg\" class=\"yoast-seo-meta-tag\" \/>\n<meta name=\"author\" content=\"dorogimedence.hu\" class=\"yoast-seo-meta-tag\" \/>\n<meta name=\"twitter:card\" content=\"summary_large_image\" class=\"yoast-seo-meta-tag\" \/>\n<meta name=\"twitter:label1\" content=\"Szerz\u0151:\" class=\"yoast-seo-meta-tag\" \/>\n\t<meta name=\"twitter:data1\" content=\"dorogimedence.hu\" class=\"yoast-seo-meta-tag\" \/>\n\t<meta name=\"twitter:label2\" content=\"Becs\u00fclt olvas\u00e1si id\u0151\" class=\"yoast-seo-meta-tag\" \/>\n\t<meta name=\"twitter:data2\" content=\"3 perc\" class=\"yoast-seo-meta-tag\" \/>\n<script type=\"application\/ld+json\" class=\"yoast-schema-graph\">{\"@context\":\"https:\\\/\\\/schema.org\",\"@graph\":[{\"@type\":\"Article\",\"@id\":\"https:\\\/\\\/dorogimedence.hu\\\/index.php\\\/2018\\\/06\\\/22\\\/elindult-a-regisztracio-az-online-szamla-rendszerben\\\/#article\",\"isPartOf\":{\"@id\":\"https:\\\/\\\/dorogimedence.hu\\\/index.php\\\/2018\\\/06\\\/22\\\/elindult-a-regisztracio-az-online-szamla-rendszerben\\\/\"},\"author\":{\"name\":\"dorogimedence.hu\",\"@id\":\"https:\\\/\\\/dorogimedence.hu\\\/#\\\/schema\\\/person\\\/ce6091eeb7e95ecdc87890d6aa8e0fd4\"},\"headline\":\"Elindult a regisztr\u00e1ci\u00f3 az Online Sz\u00e1mla rendszerben\",\"datePublished\":\"2018-06-22T13:14:56+00:00\",\"mainEntityOfPage\":{\"@id\":\"https:\\\/\\\/dorogimedence.hu\\\/index.php\\\/2018\\\/06\\\/22\\\/elindult-a-regisztracio-az-online-szamla-rendszerben\\\/\"},\"wordCount\":626,\"publisher\":{\"@id\":\"https:\\\/\\\/dorogimedence.hu\\\/#organization\"},\"image\":{\"@id\":\"https:\\\/\\\/dorogimedence.hu\\\/index.php\\\/2018\\\/06\\\/22\\\/elindult-a-regisztracio-az-online-szamla-rendszerben\\\/#primaryimage\"},\"thumbnailUrl\":\"https:\\\/\\\/dorogimedence.hu\\\/wp-content\\\/uploads\\\/2018\\\/06\\\/online-szamla.jpg\",\"keywords\":[\"ad\u00f3hivatal\",\"felh\u00edv\u00e1s\",\"nav\",\"online sz\u00e1mla\",\"sz\u00e1ml\u00e1z\u00e1s\"],\"articleSection\":[\"H\u00edrek\"],\"inLanguage\":\"hu\"},{\"@type\":\"WebPage\",\"@id\":\"https:\\\/\\\/dorogimedence.hu\\\/index.php\\\/2018\\\/06\\\/22\\\/elindult-a-regisztracio-az-online-szamla-rendszerben\\\/\",\"url\":\"https:\\\/\\\/dorogimedence.hu\\\/index.php\\\/2018\\\/06\\\/22\\\/elindult-a-regisztracio-az-online-szamla-rendszerben\\\/\",\"name\":\"Elindult a regisztr\u00e1ci\u00f3 az Online Sz\u00e1mla rendszerben\",\"isPartOf\":{\"@id\":\"https:\\\/\\\/dorogimedence.hu\\\/#website\"},\"primaryImageOfPage\":{\"@id\":\"https:\\\/\\\/dorogimedence.hu\\\/index.php\\\/2018\\\/06\\\/22\\\/elindult-a-regisztracio-az-online-szamla-rendszerben\\\/#primaryimage\"},\"image\":{\"@id\":\"https:\\\/\\\/dorogimedence.hu\\\/index.php\\\/2018\\\/06\\\/22\\\/elindult-a-regisztracio-az-online-szamla-rendszerben\\\/#primaryimage\"},\"thumbnailUrl\":\"https:\\\/\\\/dorogimedence.hu\\\/wp-content\\\/uploads\\\/2018\\\/06\\\/online-szamla.jpg\",\"datePublished\":\"2018-06-22T13:14:56+00:00\",\"breadcrumb\":{\"@id\":\"https:\\\/\\\/dorogimedence.hu\\\/index.php\\\/2018\\\/06\\\/22\\\/elindult-a-regisztracio-az-online-szamla-rendszerben\\\/#breadcrumb\"},\"inLanguage\":\"hu\",\"potentialAction\":[{\"@type\":\"ReadAction\",\"target\":[\"https:\\\/\\\/dorogimedence.hu\\\/index.php\\\/2018\\\/06\\\/22\\\/elindult-a-regisztracio-az-online-szamla-rendszerben\\\/\"]}]},{\"@type\":\"ImageObject\",\"inLanguage\":\"hu\",\"@id\":\"https:\\\/\\\/dorogimedence.hu\\\/index.php\\\/2018\\\/06\\\/22\\\/elindult-a-regisztracio-az-online-szamla-rendszerben\\\/#primaryimage\",\"url\":\"https:\\\/\\\/dorogimedence.hu\\\/wp-content\\\/uploads\\\/2018\\\/06\\\/online-szamla.jpg\",\"contentUrl\":\"https:\\\/\\\/dorogimedence.hu\\\/wp-content\\\/uploads\\\/2018\\\/06\\\/online-szamla.jpg\",\"width\":670,\"height\":365},{\"@type\":\"BreadcrumbList\",\"@id\":\"https:\\\/\\\/dorogimedence.hu\\\/index.php\\\/2018\\\/06\\\/22\\\/elindult-a-regisztracio-az-online-szamla-rendszerben\\\/#breadcrumb\",\"itemListElement\":[{\"@type\":\"ListItem\",\"position\":1,\"name\":\"Kezd\u0151lap\",\"item\":\"https:\\\/\\\/dorogimedence.hu\\\/\"},{\"@type\":\"ListItem\",\"position\":2,\"name\":\"Elindult a regisztr\u00e1ci\u00f3 az Online Sz\u00e1mla rendszerben\"}]},{\"@type\":\"WebSite\",\"@id\":\"https:\\\/\\\/dorogimedence.hu\\\/#website\",\"url\":\"https:\\\/\\\/dorogimedence.hu\\\/\",\"name\":\"Dorogi-medence Region\u00e1lis H\u00edrport\u00e1l\",\"description\":\"Dorog, Keszt\u00f6lc, Le\u00e1nyv\u00e1r, Piliscs\u00e9v, Tokod, Tokodalt\u00e1r\u00f3, Csolnok, Esztergom-kertv\u00e1ros: h\u00edrek, programok\",\"publisher\":{\"@id\":\"https:\\\/\\\/dorogimedence.hu\\\/#organization\"},\"potentialAction\":[{\"@type\":\"SearchAction\",\"target\":{\"@type\":\"EntryPoint\",\"urlTemplate\":\"https:\\\/\\\/dorogimedence.hu\\\/?s={search_term_string}\"},\"query-input\":{\"@type\":\"PropertyValueSpecification\",\"valueRequired\":true,\"valueName\":\"search_term_string\"}}],\"inLanguage\":\"hu\"},{\"@type\":\"Organization\",\"@id\":\"https:\\\/\\\/dorogimedence.hu\\\/#organization\",\"name\":\"Dorogi-medence Region\u00e1lis H\u00edrport\u00e1l\",\"url\":\"https:\\\/\\\/dorogimedence.hu\\\/\",\"logo\":{\"@type\":\"ImageObject\",\"inLanguage\":\"hu\",\"@id\":\"https:\\\/\\\/dorogimedence.hu\\\/#\\\/schema\\\/logo\\\/image\\\/\",\"url\":\"https:\\\/\\\/dorogimedence.hu\\\/wp-content\\\/uploads\\\/2021\\\/04\\\/logo-feher-600.png\",\"contentUrl\":\"https:\\\/\\\/dorogimedence.hu\\\/wp-content\\\/uploads\\\/2021\\\/04\\\/logo-feher-600.png\",\"width\":600,\"height\":100,\"caption\":\"Dorogi-medence Region\u00e1lis H\u00edrport\u00e1l\"},\"image\":{\"@id\":\"https:\\\/\\\/dorogimedence.hu\\\/#\\\/schema\\\/logo\\\/image\\\/\"},\"sameAs\":[\"https:\\\/\\\/www.facebook.com\\\/dorogimedence\\\/\"]},{\"@type\":\"Person\",\"@id\":\"https:\\\/\\\/dorogimedence.hu\\\/#\\\/schema\\\/person\\\/ce6091eeb7e95ecdc87890d6aa8e0fd4\",\"name\":\"dorogimedence.hu\",\"image\":{\"@type\":\"ImageObject\",\"inLanguage\":\"hu\",\"@id\":\"\\\/\\\/www.gravatar.com\\\/avatar\\\/d8d45f8901aadff40a4af72c0b826f1d?s=96&#038;r=g&#038;d=mm\",\"url\":\"\\\/\\\/www.gravatar.com\\\/avatar\\\/d8d45f8901aadff40a4af72c0b826f1d?s=96&#038;r=g&#038;d=mm\",\"contentUrl\":\"\\\/\\\/www.gravatar.com\\\/avatar\\\/d8d45f8901aadff40a4af72c0b826f1d?s=96&#038;r=g&#038;d=mm\",\"caption\":\"dorogimedence.hu\"}}]}<\/script>\n<!-- \/ Yoast SEO plugin. -->","yoast_head_json":{"title":"Elindult a regisztr\u00e1ci\u00f3 az Online Sz\u00e1mla rendszerben","robots":{"index":"index","follow":"follow","max-snippet":"max-snippet:-1","max-image-preview":"max-image-preview:large","max-video-preview":"max-video-preview:-1"},"canonical":"https:\/\/dorogimedence.hu\/index.php\/2018\/06\/22\/elindult-a-regisztracio-az-online-szamla-rendszerben\/","og_locale":"hu_HU","og_type":"article","og_title":"Elindult a regisztr\u00e1ci\u00f3 az Online Sz\u00e1mla rendszerben","og_description":"A j\u00falius elsej\u00e9t\u0151l k\u00f6telez\u0151 sz\u00e1mlaadat-szolg\u00e1ltat\u00e1shoz regisztr\u00e1lnia kell mindenkinek, aki belf\u00f6ldi ad\u00f3alanyok sz\u00e1m\u00e1ra legal\u00e1bb 100 ezer forint \u00e1fatartalm\u00fa sz\u00e1ml\u00e1t \u00e1ll\u00edt ki ak\u00e1r sz\u00e1ml\u00e1z\u00f3 programmal, ak\u00e1r sz\u00e1mlat\u00f6mbben. A NAV Online Sz\u00e1mla fel\u00fclet\u00e9n a mostant\u00f3l elv\u00e9gezhet\u0151 regisztr\u00e1ci\u00f3hoz \u00fcgyf\u00e9lkapus hozz\u00e1f\u00e9r\u00e9sre van sz\u00fcks\u00e9g. F\u00fcggetlen\u00fcl att\u00f3l, hogy a sz\u00e1ml\u00e1t sz\u00e1ml\u00e1z\u00f3 programmal vagy k\u00e9zzel \u00e1ll\u00edtja ki valaki, mindenk\u00e9ppen regisztr\u00e1lnia kell a NAV","og_url":"https:\/\/dorogimedence.hu\/index.php\/2018\/06\/22\/elindult-a-regisztracio-az-online-szamla-rendszerben\/","og_site_name":"Dorogi-medence Region\u00e1lis H\u00edrport\u00e1l","article_publisher":"https:\/\/www.facebook.com\/dorogimedence\/","article_published_time":"2018-06-22T13:14:56+00:00","og_image":[{"width":670,"height":365,"url":"https:\/\/i0.wp.com\/dorogimedence.hu\/wp-content\/uploads\/2018\/06\/online-szamla.jpg?fit=670%2C365&ssl=1","type":"image\/jpeg"}],"author":"dorogimedence.hu","twitter_card":"summary_large_image","twitter_misc":{"Szerz\u0151:":"dorogimedence.hu","Becs\u00fclt olvas\u00e1si id\u0151":"3 perc"},"schema":{"@context":"https:\/\/schema.org","@graph":[{"@type":"Article","@id":"https:\/\/dorogimedence.hu\/index.php\/2018\/06\/22\/elindult-a-regisztracio-az-online-szamla-rendszerben\/#article","isPartOf":{"@id":"https:\/\/dorogimedence.hu\/index.php\/2018\/06\/22\/elindult-a-regisztracio-az-online-szamla-rendszerben\/"},"author":{"name":"dorogimedence.hu","@id":"https:\/\/dorogimedence.hu\/#\/schema\/person\/ce6091eeb7e95ecdc87890d6aa8e0fd4"},"headline":"Elindult a regisztr\u00e1ci\u00f3 az Online Sz\u00e1mla rendszerben","datePublished":"2018-06-22T13:14:56+00:00","mainEntityOfPage":{"@id":"https:\/\/dorogimedence.hu\/index.php\/2018\/06\/22\/elindult-a-regisztracio-az-online-szamla-rendszerben\/"},"wordCount":626,"publisher":{"@id":"https:\/\/dorogimedence.hu\/#organization"},"image":{"@id":"https:\/\/dorogimedence.hu\/index.php\/2018\/06\/22\/elindult-a-regisztracio-az-online-szamla-rendszerben\/#primaryimage"},"thumbnailUrl":"https:\/\/dorogimedence.hu\/wp-content\/uploads\/2018\/06\/online-szamla.jpg","keywords":["ad\u00f3hivatal","felh\u00edv\u00e1s","nav","online sz\u00e1mla","sz\u00e1ml\u00e1z\u00e1s"],"articleSection":["H\u00edrek"],"inLanguage":"hu"},{"@type":"WebPage","@id":"https:\/\/dorogimedence.hu\/index.php\/2018\/06\/22\/elindult-a-regisztracio-az-online-szamla-rendszerben\/","url":"https:\/\/dorogimedence.hu\/index.php\/2018\/06\/22\/elindult-a-regisztracio-az-online-szamla-rendszerben\/","name":"Elindult a regisztr\u00e1ci\u00f3 az Online Sz\u00e1mla rendszerben","isPartOf":{"@id":"https:\/\/dorogimedence.hu\/#website"},"primaryImageOfPage":{"@id":"https:\/\/dorogimedence.hu\/index.php\/2018\/06\/22\/elindult-a-regisztracio-az-online-szamla-rendszerben\/#primaryimage"},"image":{"@id":"https:\/\/dorogimedence.hu\/index.php\/2018\/06\/22\/elindult-a-regisztracio-az-online-szamla-rendszerben\/#primaryimage"},"thumbnailUrl":"https:\/\/dorogimedence.hu\/wp-content\/uploads\/2018\/06\/online-szamla.jpg","datePublished":"2018-06-22T13:14:56+00:00","breadcrumb":{"@id":"https:\/\/dorogimedence.hu\/index.php\/2018\/06\/22\/elindult-a-regisztracio-az-online-szamla-rendszerben\/#breadcrumb"},"inLanguage":"hu","potentialAction":[{"@type":"ReadAction","target":["https:\/\/dorogimedence.hu\/index.php\/2018\/06\/22\/elindult-a-regisztracio-az-online-szamla-rendszerben\/"]}]},{"@type":"ImageObject","inLanguage":"hu","@id":"https:\/\/dorogimedence.hu\/index.php\/2018\/06\/22\/elindult-a-regisztracio-az-online-szamla-rendszerben\/#primaryimage","url":"https:\/\/dorogimedence.hu\/wp-content\/uploads\/2018\/06\/online-szamla.jpg","contentUrl":"https:\/\/dorogimedence.hu\/wp-content\/uploads\/2018\/06\/online-szamla.jpg","width":670,"height":365},{"@type":"BreadcrumbList","@id":"https:\/\/dorogimedence.hu\/index.php\/2018\/06\/22\/elindult-a-regisztracio-az-online-szamla-rendszerben\/#breadcrumb","itemListElement":[{"@type":"ListItem","position":1,"name":"Kezd\u0151lap","item":"https:\/\/dorogimedence.hu\/"},{"@type":"ListItem","position":2,"name":"Elindult a regisztr\u00e1ci\u00f3 az Online Sz\u00e1mla rendszerben"}]},{"@type":"WebSite","@id":"https:\/\/dorogimedence.hu\/#website","url":"https:\/\/dorogimedence.hu\/","name":"Dorogi-medence Region\u00e1lis H\u00edrport\u00e1l","description":"Dorog, Keszt\u00f6lc, Le\u00e1nyv\u00e1r, Piliscs\u00e9v, Tokod, Tokodalt\u00e1r\u00f3, Csolnok, Esztergom-kertv\u00e1ros: h\u00edrek, programok","publisher":{"@id":"https:\/\/dorogimedence.hu\/#organization"},"potentialAction":[{"@type":"SearchAction","target":{"@type":"EntryPoint","urlTemplate":"https:\/\/dorogimedence.hu\/?s={search_term_string}"},"query-input":{"@type":"PropertyValueSpecification","valueRequired":true,"valueName":"search_term_string"}}],"inLanguage":"hu"},{"@type":"Organization","@id":"https:\/\/dorogimedence.hu\/#organization","name":"Dorogi-medence Region\u00e1lis H\u00edrport\u00e1l","url":"https:\/\/dorogimedence.hu\/","logo":{"@type":"ImageObject","inLanguage":"hu","@id":"https:\/\/dorogimedence.hu\/#\/schema\/logo\/image\/","url":"https:\/\/dorogimedence.hu\/wp-content\/uploads\/2021\/04\/logo-feher-600.png","contentUrl":"https:\/\/dorogimedence.hu\/wp-content\/uploads\/2021\/04\/logo-feher-600.png","width":600,"height":100,"caption":"Dorogi-medence Region\u00e1lis H\u00edrport\u00e1l"},"image":{"@id":"https:\/\/dorogimedence.hu\/#\/schema\/logo\/image\/"},"sameAs":["https:\/\/www.facebook.com\/dorogimedence\/"]},{"@type":"Person","@id":"https:\/\/dorogimedence.hu\/#\/schema\/person\/ce6091eeb7e95ecdc87890d6aa8e0fd4","name":"dorogimedence.hu","image":{"@type":"ImageObject","inLanguage":"hu","@id":"\/\/www.gravatar.com\/avatar\/d8d45f8901aadff40a4af72c0b826f1d?s=96&#038;r=g&#038;d=mm","url":"\/\/www.gravatar.com\/avatar\/d8d45f8901aadff40a4af72c0b826f1d?s=96&#038;r=g&#038;d=mm","contentUrl":"\/\/www.gravatar.com\/avatar\/d8d45f8901aadff40a4af72c0b826f1d?s=96&#038;r=g&#038;d=mm","caption":"dorogimedence.hu"}}]}},"_links":{"self":[{"href":"https:\/\/dorogimedence.hu\/index.php\/wp-json\/wp\/v2\/posts\/10839","targetHints":{"allow":["GET"]}}],"collection":[{"href":"https:\/\/dorogimedence.hu\/index.php\/wp-json\/wp\/v2\/posts"}],"about":[{"href":"https:\/\/dorogimedence.hu\/index.php\/wp-json\/wp\/v2\/types\/post"}],"author":[{"embeddable":true,"href":"https:\/\/dorogimedence.hu\/index.php\/wp-json\/wp\/v2\/users\/1"}],"replies":[{"embeddable":true,"href":"https:\/\/dorogimedence.hu\/index.php\/wp-json\/wp\/v2\/comments?post=10839"}],"version-history":[{"count":0,"href":"https:\/\/dorogimedence.hu\/index.php\/wp-json\/wp\/v2\/posts\/10839\/revisions"}],"wp:featuredmedia":[{"embeddable":true,"href":"https:\/\/dorogimedence.hu\/index.php\/wp-json\/wp\/v2\/media\/10840"}],"wp:attachment":[{"href":"https:\/\/dorogimedence.hu\/index.php\/wp-json\/wp\/v2\/media?parent=10839"}],"wp:term":[{"taxonomy":"category","embeddable":true,"href":"https:\/\/dorogimedence.hu\/index.php\/wp-json\/wp\/v2\/categories?post=10839"},{"taxonomy":"post_tag","embeddable":true,"href":"https:\/\/dorogimedence.hu\/index.php\/wp-json\/wp\/v2\/tags?post=10839"}],"curies":[{"name":"wp","href":"https:\/\/api.w.org\/{rel}","templated":true}]}}