{"id":10816,"date":"2018-06-21T10:43:08","date_gmt":"2018-06-21T08:43:08","guid":{"rendered":"http:\/\/dorogimedence.hu\/?p=10816"},"modified":"2018-06-21T10:43:08","modified_gmt":"2018-06-21T08:43:08","slug":"forgalomkorlatozas-motoros-rendezveny-miatt","status":"publish","type":"post","link":"https:\/\/dorogimedence.hu\/index.php\/2018\/06\/21\/forgalomkorlatozas-motoros-rendezveny-miatt\/","title":{"rendered":"Forgalomkorl\u00e1toz\u00e1s motoros rendezv\u00e9ny miatt"},"content":{"rendered":"<p style=\"text-align: justify;\"><strong>J\u00fanius 23-\u00e1n, szombaton Dorog \u00e9s Esztergom ter\u00fclet\u00e9n motoros rendezv\u00e9ny megtart\u00e1s\u00e1ra ker\u00fcl sor, melyre a rendez\u0151k k\u00f6r\u00fclbel\u00fcl 500 f\u0151 motorker\u00e9kp\u00e1ros megjelen\u00e9s\u00e9re sz\u00e1m\u00edtanak.<\/strong><\/p>\n<p>Id\u00e9n imm\u00e1ron negyedik alkalommal ker\u00fcl megrendez\u00e9sre &#8222;A Motorosok is lehetnek Angyalok&#8221; j\u00f3t\u00e9konys\u00e1gi motoros felvonul\u00e1s. Minden motoros angyalt, aki r\u00e9szt vesz a felvonul\u00e1son, regisztr\u00e1l (matric\u00e1t vesz), a felvonul\u00e1s ut\u00e1n megh\u00edvj\u00e1k egy eb\u00e9dre!<\/p>\n<p>A Kom\u00e1rom-Esztergom Megyei Rend\u0151r-f\u0151kapit\u00e1nys\u00e1g felh\u00edvja a lakoss\u00e1g figyelm\u00e9t, hogy a k\u00f6zbiztons\u00e1g rendj\u00e9nek fenntart\u00e1sa, a j\u00e1rm\u0171forgalom seg\u00edt\u00e9se, a torl\u00f3d\u00e1sok felsz\u00e1mol\u00e1s\u00e1nak meggyors\u00edt\u00e1sa \u00e9rdek\u00e9ben a motorker\u00e9kp\u00e1rosok vonul\u00e1s\u00e1t a legvesz\u00e9lyeztetettebb helysz\u00edneken, \u00fatkeresztez\u0151d\u00e9sekben a rend\u0151rs\u00e9g forgalomir\u00e1ny\u00edt\u00e1ssal biztos\u00edtja.<\/p>\n<p><img fetchpriority=\"high\" decoding=\"async\" class=\"alignnone size-full wp-image-3860\" src=\"https:\/\/dorogimedence.hu\/wp-content\/uploads\/2017\/06\/motoros-01.jpg\" alt=\"\" width=\"670\" height=\"365\" srcset=\"https:\/\/dorogimedence.hu\/wp-content\/uploads\/2017\/06\/motoros-01.jpg 670w, https:\/\/dorogimedence.hu\/wp-content\/uploads\/2017\/06\/motoros-01-300x163.jpg 300w\" sizes=\"(max-width: 670px) 100vw, 670px\" \/><\/p>\n<p><strong>A motorker\u00e9kp\u00e1rosok t\u00f6meges k\u00f6zleked\u00e9se 2018. j\u00fanius 23-\u00e1n 12.00 \u00e9s 13.00 \u00f3ra k\u00f6z\u00f6tti id\u0151szakban az al\u00e1bbi \u00fatvonalon v\u00e1rhat\u00f3:<\/strong> Dorog Esztergomi \u00fat 125. &#8211; B\u00e1ny\u00e1sz k\u00f6r\u00f6nd &#8211; (a 111. sz. f\u0151utat keresztezve a LIDL \u00e9s a SPAR \u00e1ruh\u00e1zak k\u00f6z\u00f6tt) &#8211; Jubileum t\u00e9r &#8211; K\u00f6zt\u00e1rsas\u00e1g \u00fat &#8211; Gorkij utca &#8211; B\u00e9csi \u00fat (10. sz. f\u0151\u00fat) &#8211; Esztergomi \u00fat (111. sz. f\u0151\u00fat) &#8211; Esztergom Damjanich \u00fat (111. sz. f\u0151\u00fat) &#8211; k\u00f6rforgalom &#8211; Dorogi \u00fat (111. sz. f\u0151\u00fat) &#8211; Kiss J\u00e1nos Vez\u00e9rezredes \u00fat (111. sz. f\u0151\u00fat ) &#8211; k\u00f6rforgalom &#8211; Kossuth Lajos \u00fat (11. sz. f\u0151\u00fat) &#8211; Bajcsy-Zsilinszky \u00fat (11. sz. f\u0151\u00fat) &#8211; Basa utca &#8211; B\u00e1nfi Luk\u00e1cs \u00fat &#8211; K\u00f6lcsy Ferenc utca &#8211; Pet\u0151fi S\u00e1ndor utca &#8211; Vaszary Kolos k\u00f3rh\u00e1z (als\u00f3 f\u0151bej\u00e1rat) &#8211; Pet\u0151fi S\u00e1ndot utca &#8211; Ter\u00e9zia \u00fat (1111. sz. \u00fat) &#8211; k\u00f6rforgalom &#8211; T\u00e1ti \u00fat (11.sz. f\u0151\u00fat) &#8211; 117. sz. f\u0151\u00fat &#8211; T\u00e1t Esztergomi \u00fat (1001. sz \u00fat) &#8211; T\u00e1t F\u0151 \u00fat (10. sz. f\u0151\u00fat) &#8211; T\u00e1t Bajnai \u00fat &#8211; 1119. sz. \u00fat &#8211; 1121. sz. \u00fat &#8211; Tokod-Ebsz\u0151nyb\u00e1nya &#8211; Annav\u00f6lgy &#8211; S\u00e1ris\u00e1p F\u0151 \u00fat \u2013 Iskola k\u00f6z.<\/p>\n<p><em>Forr\u00e1s: dorogimedence.hu \/ Kom\u00e1rom-Esztergom Megyei Rend\u0151r-f\u0151kapit\u00e1nys\u00e1g sajt\u00f3<br \/>\n<\/em><em>Fot\u00f3k: T\u00f3th Kriszti\u00e1n<\/em><\/p>\n","protected":false},"excerpt":{"rendered":"<p>J\u00fanius 23-\u00e1n, szombaton Dorog \u00e9s Esztergom ter\u00fclet\u00e9n motoros rendezv\u00e9ny megtart\u00e1s\u00e1ra ker\u00fcl sor, melyre a rendez\u0151k k\u00f6r\u00fclbel\u00fcl 500 f\u0151 motorker\u00e9kp\u00e1ros megjelen\u00e9s\u00e9re sz\u00e1m\u00edtanak. Id\u00e9n imm\u00e1ron negyedik alkalommal ker\u00fcl megrendez\u00e9sre &#8222;A Motorosok is lehetnek Angyalok&#8221; j\u00f3t\u00e9konys\u00e1gi motoros felvonul\u00e1s. Minden motoros angyalt, aki r\u00e9szt vesz a felvonul\u00e1son, regisztr\u00e1l (matric\u00e1t vesz), a felvonul\u00e1s ut\u00e1n megh\u00edvj\u00e1k egy eb\u00e9dre! A Kom\u00e1rom-Esztergom Megyei<\/p>\n","protected":false},"author":1,"featured_media":3859,"comment_status":"closed","ping_status":"closed","sticky":false,"template":"","format":"standard","meta":{"ngg_post_thumbnail":0,"footnotes":""},"categories":[2,38,3,39,110,6],"tags":[2671,15,42,738,99,1149,2670,61,111,12],"class_list":{"0":"post-10816","1":"post","2":"type-post","3":"status-publish","4":"format-standard","5":"has-post-thumbnail","7":"category-dorog","8":"category-esztergom","9":"category-hirek","10":"category-kek-hirek","11":"category-tat","12":"category-tokod","13":"tag-a-motorosok-is-lehetnek-angyalok","14":"tag-dorog","15":"tag-esztergom","16":"tag-forgalomkorlatozas","17":"tag-jotekonysag","18":"tag-motoros-felvonulas","19":"tag-motoros-rendezveny","20":"tag-rendorsegi-hirek","21":"tag-tat","22":"tag-tokod"},"yoast_head":"<!-- This site is optimized with the Yoast SEO plugin v27.4 - https:\/\/yoast.com\/product\/yoast-seo-wordpress\/ -->\n<title>Forgalomkorl\u00e1toz\u00e1s motoros rendezv\u00e9ny miatt<\/title>\n<meta name=\"robots\" content=\"index, follow, max-snippet:-1, max-image-preview:large, max-video-preview:-1\" \/>\n<link rel=\"canonical\" href=\"https:\/\/dorogimedence.hu\/index.php\/2018\/06\/21\/forgalomkorlatozas-motoros-rendezveny-miatt\/\" class=\"yoast-seo-meta-tag\" \/>\n<meta property=\"og:locale\" content=\"hu_HU\" class=\"yoast-seo-meta-tag\" \/>\n<meta property=\"og:type\" content=\"article\" class=\"yoast-seo-meta-tag\" \/>\n<meta property=\"og:title\" content=\"Forgalomkorl\u00e1toz\u00e1s motoros rendezv\u00e9ny miatt\" class=\"yoast-seo-meta-tag\" \/>\n<meta property=\"og:description\" content=\"J\u00fanius 23-\u00e1n, szombaton Dorog \u00e9s Esztergom ter\u00fclet\u00e9n motoros rendezv\u00e9ny megtart\u00e1s\u00e1ra ker\u00fcl sor, melyre a rendez\u0151k k\u00f6r\u00fclbel\u00fcl 500 f\u0151 motorker\u00e9kp\u00e1ros megjelen\u00e9s\u00e9re sz\u00e1m\u00edtanak. Id\u00e9n imm\u00e1ron negyedik alkalommal ker\u00fcl megrendez\u00e9sre &#8222;A Motorosok is lehetnek Angyalok&#8221; j\u00f3t\u00e9konys\u00e1gi motoros felvonul\u00e1s. Minden motoros angyalt, aki r\u00e9szt vesz a felvonul\u00e1son, regisztr\u00e1l (matric\u00e1t vesz), a felvonul\u00e1s ut\u00e1n megh\u00edvj\u00e1k egy eb\u00e9dre! A Kom\u00e1rom-Esztergom Megyei\" class=\"yoast-seo-meta-tag\" \/>\n<meta property=\"og:url\" content=\"https:\/\/dorogimedence.hu\/index.php\/2018\/06\/21\/forgalomkorlatozas-motoros-rendezveny-miatt\/\" class=\"yoast-seo-meta-tag\" \/>\n<meta property=\"og:site_name\" content=\"Dorogi-medence Region\u00e1lis H\u00edrport\u00e1l\" class=\"yoast-seo-meta-tag\" \/>\n<meta property=\"article:publisher\" content=\"https:\/\/www.facebook.com\/dorogimedence\/\" class=\"yoast-seo-meta-tag\" \/>\n<meta property=\"article:published_time\" content=\"2018-06-21T08:43:08+00:00\" class=\"yoast-seo-meta-tag\" \/>\n<meta property=\"og:image\" content=\"https:\/\/i0.wp.com\/dorogimedence.hu\/wp-content\/uploads\/2017\/06\/motoros-02.jpg?fit=670%2C365&ssl=1\" class=\"yoast-seo-meta-tag\" \/>\n\t<meta property=\"og:image:width\" content=\"670\" class=\"yoast-seo-meta-tag\" \/>\n\t<meta property=\"og:image:height\" content=\"365\" class=\"yoast-seo-meta-tag\" \/>\n\t<meta property=\"og:image:type\" content=\"image\/jpeg\" class=\"yoast-seo-meta-tag\" \/>\n<meta name=\"author\" content=\"dorogimedence.hu\" class=\"yoast-seo-meta-tag\" \/>\n<meta name=\"twitter:card\" content=\"summary_large_image\" class=\"yoast-seo-meta-tag\" \/>\n<meta name=\"twitter:label1\" content=\"Szerz\u0151:\" class=\"yoast-seo-meta-tag\" \/>\n\t<meta name=\"twitter:data1\" content=\"dorogimedence.hu\" class=\"yoast-seo-meta-tag\" \/>\n\t<meta name=\"twitter:label2\" content=\"Becs\u00fclt olvas\u00e1si id\u0151\" class=\"yoast-seo-meta-tag\" \/>\n\t<meta name=\"twitter:data2\" content=\"2 perc\" class=\"yoast-seo-meta-tag\" \/>\n<script type=\"application\/ld+json\" class=\"yoast-schema-graph\">{\"@context\":\"https:\\\/\\\/schema.org\",\"@graph\":[{\"@type\":\"Article\",\"@id\":\"https:\\\/\\\/dorogimedence.hu\\\/index.php\\\/2018\\\/06\\\/21\\\/forgalomkorlatozas-motoros-rendezveny-miatt\\\/#article\",\"isPartOf\":{\"@id\":\"https:\\\/\\\/dorogimedence.hu\\\/index.php\\\/2018\\\/06\\\/21\\\/forgalomkorlatozas-motoros-rendezveny-miatt\\\/\"},\"author\":{\"name\":\"dorogimedence.hu\",\"@id\":\"https:\\\/\\\/dorogimedence.hu\\\/#\\\/schema\\\/person\\\/ce6091eeb7e95ecdc87890d6aa8e0fd4\"},\"headline\":\"Forgalomkorl\u00e1toz\u00e1s motoros rendezv\u00e9ny miatt\",\"datePublished\":\"2018-06-21T08:43:08+00:00\",\"mainEntityOfPage\":{\"@id\":\"https:\\\/\\\/dorogimedence.hu\\\/index.php\\\/2018\\\/06\\\/21\\\/forgalomkorlatozas-motoros-rendezveny-miatt\\\/\"},\"wordCount\":400,\"publisher\":{\"@id\":\"https:\\\/\\\/dorogimedence.hu\\\/#organization\"},\"image\":{\"@id\":\"https:\\\/\\\/dorogimedence.hu\\\/index.php\\\/2018\\\/06\\\/21\\\/forgalomkorlatozas-motoros-rendezveny-miatt\\\/#primaryimage\"},\"thumbnailUrl\":\"https:\\\/\\\/dorogimedence.hu\\\/wp-content\\\/uploads\\\/2017\\\/06\\\/motoros-02.jpg\",\"keywords\":[\"A Motorosok is lehetnek Angyalok\",\"Dorog\",\"esztergom\",\"forgalomkorl\u00e1toz\u00e1s\",\"j\u00f3t\u00e9konys\u00e1g\",\"motoros felvonul\u00e1s\",\"motoros rendezv\u00e9ny\",\"rend\u0151rs\u00e9gi h\u00edrek\",\"T\u00e1t\",\"Tokod\"],\"articleSection\":[\"Dorog\",\"Esztergom\",\"H\u00edrek\",\"K\u00e9k h\u00edrek\",\"T\u00e1t\",\"Tokod\"],\"inLanguage\":\"hu\"},{\"@type\":\"WebPage\",\"@id\":\"https:\\\/\\\/dorogimedence.hu\\\/index.php\\\/2018\\\/06\\\/21\\\/forgalomkorlatozas-motoros-rendezveny-miatt\\\/\",\"url\":\"https:\\\/\\\/dorogimedence.hu\\\/index.php\\\/2018\\\/06\\\/21\\\/forgalomkorlatozas-motoros-rendezveny-miatt\\\/\",\"name\":\"Forgalomkorl\u00e1toz\u00e1s motoros rendezv\u00e9ny miatt\",\"isPartOf\":{\"@id\":\"https:\\\/\\\/dorogimedence.hu\\\/#website\"},\"primaryImageOfPage\":{\"@id\":\"https:\\\/\\\/dorogimedence.hu\\\/index.php\\\/2018\\\/06\\\/21\\\/forgalomkorlatozas-motoros-rendezveny-miatt\\\/#primaryimage\"},\"image\":{\"@id\":\"https:\\\/\\\/dorogimedence.hu\\\/index.php\\\/2018\\\/06\\\/21\\\/forgalomkorlatozas-motoros-rendezveny-miatt\\\/#primaryimage\"},\"thumbnailUrl\":\"https:\\\/\\\/dorogimedence.hu\\\/wp-content\\\/uploads\\\/2017\\\/06\\\/motoros-02.jpg\",\"datePublished\":\"2018-06-21T08:43:08+00:00\",\"breadcrumb\":{\"@id\":\"https:\\\/\\\/dorogimedence.hu\\\/index.php\\\/2018\\\/06\\\/21\\\/forgalomkorlatozas-motoros-rendezveny-miatt\\\/#breadcrumb\"},\"inLanguage\":\"hu\",\"potentialAction\":[{\"@type\":\"ReadAction\",\"target\":[\"https:\\\/\\\/dorogimedence.hu\\\/index.php\\\/2018\\\/06\\\/21\\\/forgalomkorlatozas-motoros-rendezveny-miatt\\\/\"]}]},{\"@type\":\"ImageObject\",\"inLanguage\":\"hu\",\"@id\":\"https:\\\/\\\/dorogimedence.hu\\\/index.php\\\/2018\\\/06\\\/21\\\/forgalomkorlatozas-motoros-rendezveny-miatt\\\/#primaryimage\",\"url\":\"https:\\\/\\\/dorogimedence.hu\\\/wp-content\\\/uploads\\\/2017\\\/06\\\/motoros-02.jpg\",\"contentUrl\":\"https:\\\/\\\/dorogimedence.hu\\\/wp-content\\\/uploads\\\/2017\\\/06\\\/motoros-02.jpg\",\"width\":670,\"height\":365},{\"@type\":\"BreadcrumbList\",\"@id\":\"https:\\\/\\\/dorogimedence.hu\\\/index.php\\\/2018\\\/06\\\/21\\\/forgalomkorlatozas-motoros-rendezveny-miatt\\\/#breadcrumb\",\"itemListElement\":[{\"@type\":\"ListItem\",\"position\":1,\"name\":\"Kezd\u0151lap\",\"item\":\"https:\\\/\\\/dorogimedence.hu\\\/\"},{\"@type\":\"ListItem\",\"position\":2,\"name\":\"Forgalomkorl\u00e1toz\u00e1s motoros rendezv\u00e9ny miatt\"}]},{\"@type\":\"WebSite\",\"@id\":\"https:\\\/\\\/dorogimedence.hu\\\/#website\",\"url\":\"https:\\\/\\\/dorogimedence.hu\\\/\",\"name\":\"Dorogi-medence Region\u00e1lis H\u00edrport\u00e1l\",\"description\":\"Dorog, Keszt\u00f6lc, Le\u00e1nyv\u00e1r, Piliscs\u00e9v, Tokod, Tokodalt\u00e1r\u00f3, Csolnok, Esztergom-kertv\u00e1ros: h\u00edrek, programok\",\"publisher\":{\"@id\":\"https:\\\/\\\/dorogimedence.hu\\\/#organization\"},\"potentialAction\":[{\"@type\":\"SearchAction\",\"target\":{\"@type\":\"EntryPoint\",\"urlTemplate\":\"https:\\\/\\\/dorogimedence.hu\\\/?s={search_term_string}\"},\"query-input\":{\"@type\":\"PropertyValueSpecification\",\"valueRequired\":true,\"valueName\":\"search_term_string\"}}],\"inLanguage\":\"hu\"},{\"@type\":\"Organization\",\"@id\":\"https:\\\/\\\/dorogimedence.hu\\\/#organization\",\"name\":\"Dorogi-medence Region\u00e1lis H\u00edrport\u00e1l\",\"url\":\"https:\\\/\\\/dorogimedence.hu\\\/\",\"logo\":{\"@type\":\"ImageObject\",\"inLanguage\":\"hu\",\"@id\":\"https:\\\/\\\/dorogimedence.hu\\\/#\\\/schema\\\/logo\\\/image\\\/\",\"url\":\"https:\\\/\\\/dorogimedence.hu\\\/wp-content\\\/uploads\\\/2021\\\/04\\\/logo-feher-600.png\",\"contentUrl\":\"https:\\\/\\\/dorogimedence.hu\\\/wp-content\\\/uploads\\\/2021\\\/04\\\/logo-feher-600.png\",\"width\":600,\"height\":100,\"caption\":\"Dorogi-medence Region\u00e1lis H\u00edrport\u00e1l\"},\"image\":{\"@id\":\"https:\\\/\\\/dorogimedence.hu\\\/#\\\/schema\\\/logo\\\/image\\\/\"},\"sameAs\":[\"https:\\\/\\\/www.facebook.com\\\/dorogimedence\\\/\"]},{\"@type\":\"Person\",\"@id\":\"https:\\\/\\\/dorogimedence.hu\\\/#\\\/schema\\\/person\\\/ce6091eeb7e95ecdc87890d6aa8e0fd4\",\"name\":\"dorogimedence.hu\",\"image\":{\"@type\":\"ImageObject\",\"inLanguage\":\"hu\",\"@id\":\"\\\/\\\/www.gravatar.com\\\/avatar\\\/d8d45f8901aadff40a4af72c0b826f1d?s=96&#038;r=g&#038;d=mm\",\"url\":\"\\\/\\\/www.gravatar.com\\\/avatar\\\/d8d45f8901aadff40a4af72c0b826f1d?s=96&#038;r=g&#038;d=mm\",\"contentUrl\":\"\\\/\\\/www.gravatar.com\\\/avatar\\\/d8d45f8901aadff40a4af72c0b826f1d?s=96&#038;r=g&#038;d=mm\",\"caption\":\"dorogimedence.hu\"}}]}<\/script>\n<!-- \/ Yoast SEO plugin. -->","yoast_head_json":{"title":"Forgalomkorl\u00e1toz\u00e1s motoros rendezv\u00e9ny miatt","robots":{"index":"index","follow":"follow","max-snippet":"max-snippet:-1","max-image-preview":"max-image-preview:large","max-video-preview":"max-video-preview:-1"},"canonical":"https:\/\/dorogimedence.hu\/index.php\/2018\/06\/21\/forgalomkorlatozas-motoros-rendezveny-miatt\/","og_locale":"hu_HU","og_type":"article","og_title":"Forgalomkorl\u00e1toz\u00e1s motoros rendezv\u00e9ny miatt","og_description":"J\u00fanius 23-\u00e1n, szombaton Dorog \u00e9s Esztergom ter\u00fclet\u00e9n motoros rendezv\u00e9ny megtart\u00e1s\u00e1ra ker\u00fcl sor, melyre a rendez\u0151k k\u00f6r\u00fclbel\u00fcl 500 f\u0151 motorker\u00e9kp\u00e1ros megjelen\u00e9s\u00e9re sz\u00e1m\u00edtanak. Id\u00e9n imm\u00e1ron negyedik alkalommal ker\u00fcl megrendez\u00e9sre &#8222;A Motorosok is lehetnek Angyalok&#8221; j\u00f3t\u00e9konys\u00e1gi motoros felvonul\u00e1s. Minden motoros angyalt, aki r\u00e9szt vesz a felvonul\u00e1son, regisztr\u00e1l (matric\u00e1t vesz), a felvonul\u00e1s ut\u00e1n megh\u00edvj\u00e1k egy eb\u00e9dre! A Kom\u00e1rom-Esztergom Megyei","og_url":"https:\/\/dorogimedence.hu\/index.php\/2018\/06\/21\/forgalomkorlatozas-motoros-rendezveny-miatt\/","og_site_name":"Dorogi-medence Region\u00e1lis H\u00edrport\u00e1l","article_publisher":"https:\/\/www.facebook.com\/dorogimedence\/","article_published_time":"2018-06-21T08:43:08+00:00","og_image":[{"width":670,"height":365,"url":"https:\/\/i0.wp.com\/dorogimedence.hu\/wp-content\/uploads\/2017\/06\/motoros-02.jpg?fit=670%2C365&ssl=1","type":"image\/jpeg"}],"author":"dorogimedence.hu","twitter_card":"summary_large_image","twitter_misc":{"Szerz\u0151:":"dorogimedence.hu","Becs\u00fclt olvas\u00e1si id\u0151":"2 perc"},"schema":{"@context":"https:\/\/schema.org","@graph":[{"@type":"Article","@id":"https:\/\/dorogimedence.hu\/index.php\/2018\/06\/21\/forgalomkorlatozas-motoros-rendezveny-miatt\/#article","isPartOf":{"@id":"https:\/\/dorogimedence.hu\/index.php\/2018\/06\/21\/forgalomkorlatozas-motoros-rendezveny-miatt\/"},"author":{"name":"dorogimedence.hu","@id":"https:\/\/dorogimedence.hu\/#\/schema\/person\/ce6091eeb7e95ecdc87890d6aa8e0fd4"},"headline":"Forgalomkorl\u00e1toz\u00e1s motoros rendezv\u00e9ny miatt","datePublished":"2018-06-21T08:43:08+00:00","mainEntityOfPage":{"@id":"https:\/\/dorogimedence.hu\/index.php\/2018\/06\/21\/forgalomkorlatozas-motoros-rendezveny-miatt\/"},"wordCount":400,"publisher":{"@id":"https:\/\/dorogimedence.hu\/#organization"},"image":{"@id":"https:\/\/dorogimedence.hu\/index.php\/2018\/06\/21\/forgalomkorlatozas-motoros-rendezveny-miatt\/#primaryimage"},"thumbnailUrl":"https:\/\/dorogimedence.hu\/wp-content\/uploads\/2017\/06\/motoros-02.jpg","keywords":["A Motorosok is lehetnek Angyalok","Dorog","esztergom","forgalomkorl\u00e1toz\u00e1s","j\u00f3t\u00e9konys\u00e1g","motoros felvonul\u00e1s","motoros rendezv\u00e9ny","rend\u0151rs\u00e9gi h\u00edrek","T\u00e1t","Tokod"],"articleSection":["Dorog","Esztergom","H\u00edrek","K\u00e9k h\u00edrek","T\u00e1t","Tokod"],"inLanguage":"hu"},{"@type":"WebPage","@id":"https:\/\/dorogimedence.hu\/index.php\/2018\/06\/21\/forgalomkorlatozas-motoros-rendezveny-miatt\/","url":"https:\/\/dorogimedence.hu\/index.php\/2018\/06\/21\/forgalomkorlatozas-motoros-rendezveny-miatt\/","name":"Forgalomkorl\u00e1toz\u00e1s motoros rendezv\u00e9ny miatt","isPartOf":{"@id":"https:\/\/dorogimedence.hu\/#website"},"primaryImageOfPage":{"@id":"https:\/\/dorogimedence.hu\/index.php\/2018\/06\/21\/forgalomkorlatozas-motoros-rendezveny-miatt\/#primaryimage"},"image":{"@id":"https:\/\/dorogimedence.hu\/index.php\/2018\/06\/21\/forgalomkorlatozas-motoros-rendezveny-miatt\/#primaryimage"},"thumbnailUrl":"https:\/\/dorogimedence.hu\/wp-content\/uploads\/2017\/06\/motoros-02.jpg","datePublished":"2018-06-21T08:43:08+00:00","breadcrumb":{"@id":"https:\/\/dorogimedence.hu\/index.php\/2018\/06\/21\/forgalomkorlatozas-motoros-rendezveny-miatt\/#breadcrumb"},"inLanguage":"hu","potentialAction":[{"@type":"ReadAction","target":["https:\/\/dorogimedence.hu\/index.php\/2018\/06\/21\/forgalomkorlatozas-motoros-rendezveny-miatt\/"]}]},{"@type":"ImageObject","inLanguage":"hu","@id":"https:\/\/dorogimedence.hu\/index.php\/2018\/06\/21\/forgalomkorlatozas-motoros-rendezveny-miatt\/#primaryimage","url":"https:\/\/dorogimedence.hu\/wp-content\/uploads\/2017\/06\/motoros-02.jpg","contentUrl":"https:\/\/dorogimedence.hu\/wp-content\/uploads\/2017\/06\/motoros-02.jpg","width":670,"height":365},{"@type":"BreadcrumbList","@id":"https:\/\/dorogimedence.hu\/index.php\/2018\/06\/21\/forgalomkorlatozas-motoros-rendezveny-miatt\/#breadcrumb","itemListElement":[{"@type":"ListItem","position":1,"name":"Kezd\u0151lap","item":"https:\/\/dorogimedence.hu\/"},{"@type":"ListItem","position":2,"name":"Forgalomkorl\u00e1toz\u00e1s motoros rendezv\u00e9ny miatt"}]},{"@type":"WebSite","@id":"https:\/\/dorogimedence.hu\/#website","url":"https:\/\/dorogimedence.hu\/","name":"Dorogi-medence Region\u00e1lis H\u00edrport\u00e1l","description":"Dorog, Keszt\u00f6lc, Le\u00e1nyv\u00e1r, Piliscs\u00e9v, Tokod, Tokodalt\u00e1r\u00f3, Csolnok, Esztergom-kertv\u00e1ros: h\u00edrek, programok","publisher":{"@id":"https:\/\/dorogimedence.hu\/#organization"},"potentialAction":[{"@type":"SearchAction","target":{"@type":"EntryPoint","urlTemplate":"https:\/\/dorogimedence.hu\/?s={search_term_string}"},"query-input":{"@type":"PropertyValueSpecification","valueRequired":true,"valueName":"search_term_string"}}],"inLanguage":"hu"},{"@type":"Organization","@id":"https:\/\/dorogimedence.hu\/#organization","name":"Dorogi-medence Region\u00e1lis H\u00edrport\u00e1l","url":"https:\/\/dorogimedence.hu\/","logo":{"@type":"ImageObject","inLanguage":"hu","@id":"https:\/\/dorogimedence.hu\/#\/schema\/logo\/image\/","url":"https:\/\/dorogimedence.hu\/wp-content\/uploads\/2021\/04\/logo-feher-600.png","contentUrl":"https:\/\/dorogimedence.hu\/wp-content\/uploads\/2021\/04\/logo-feher-600.png","width":600,"height":100,"caption":"Dorogi-medence Region\u00e1lis H\u00edrport\u00e1l"},"image":{"@id":"https:\/\/dorogimedence.hu\/#\/schema\/logo\/image\/"},"sameAs":["https:\/\/www.facebook.com\/dorogimedence\/"]},{"@type":"Person","@id":"https:\/\/dorogimedence.hu\/#\/schema\/person\/ce6091eeb7e95ecdc87890d6aa8e0fd4","name":"dorogimedence.hu","image":{"@type":"ImageObject","inLanguage":"hu","@id":"\/\/www.gravatar.com\/avatar\/d8d45f8901aadff40a4af72c0b826f1d?s=96&#038;r=g&#038;d=mm","url":"\/\/www.gravatar.com\/avatar\/d8d45f8901aadff40a4af72c0b826f1d?s=96&#038;r=g&#038;d=mm","contentUrl":"\/\/www.gravatar.com\/avatar\/d8d45f8901aadff40a4af72c0b826f1d?s=96&#038;r=g&#038;d=mm","caption":"dorogimedence.hu"}}]}},"_links":{"self":[{"href":"https:\/\/dorogimedence.hu\/index.php\/wp-json\/wp\/v2\/posts\/10816","targetHints":{"allow":["GET"]}}],"collection":[{"href":"https:\/\/dorogimedence.hu\/index.php\/wp-json\/wp\/v2\/posts"}],"about":[{"href":"https:\/\/dorogimedence.hu\/index.php\/wp-json\/wp\/v2\/types\/post"}],"author":[{"embeddable":true,"href":"https:\/\/dorogimedence.hu\/index.php\/wp-json\/wp\/v2\/users\/1"}],"replies":[{"embeddable":true,"href":"https:\/\/dorogimedence.hu\/index.php\/wp-json\/wp\/v2\/comments?post=10816"}],"version-history":[{"count":0,"href":"https:\/\/dorogimedence.hu\/index.php\/wp-json\/wp\/v2\/posts\/10816\/revisions"}],"wp:featuredmedia":[{"embeddable":true,"href":"https:\/\/dorogimedence.hu\/index.php\/wp-json\/wp\/v2\/media\/3859"}],"wp:attachment":[{"href":"https:\/\/dorogimedence.hu\/index.php\/wp-json\/wp\/v2\/media?parent=10816"}],"wp:term":[{"taxonomy":"category","embeddable":true,"href":"https:\/\/dorogimedence.hu\/index.php\/wp-json\/wp\/v2\/categories?post=10816"},{"taxonomy":"post_tag","embeddable":true,"href":"https:\/\/dorogimedence.hu\/index.php\/wp-json\/wp\/v2\/tags?post=10816"}],"curies":[{"name":"wp","href":"https:\/\/api.w.org\/{rel}","templated":true}]}}