{"id":10768,"date":"2018-06-18T15:26:08","date_gmt":"2018-06-18T13:26:08","guid":{"rendered":"http:\/\/dorogimedence.hu\/?p=10768"},"modified":"2018-06-18T15:26:08","modified_gmt":"2018-06-18T13:26:08","slug":"muzeumok-ejszakaja-esztergomban-2","status":"publish","type":"post","link":"https:\/\/dorogimedence.hu\/index.php\/2018\/06\/18\/muzeumok-ejszakaja-esztergomban-2\/","title":{"rendered":"M\u00fazeumok \u00c9jszak\u00e1ja Esztergomban"},"content":{"rendered":"<p><strong>Id\u00e9n is az \u00e9v legr\u00f6videbb \u00e9jszak\u00e1j\u00e1n j\u00fanius 23-\u00e1n, szombaton megrendezik a M\u00fazeumok \u00c9jszak\u00e1ja programsorozatot Esztergomban a Bazilik\u00e1ban.<\/strong><\/p>\n<p><em>Program:<\/em><\/p>\n<p>&#8211; <strong>15:00 &#8211; 15:30 Bab\u00e1val a Bazilik\u00e1ban<br \/>\n<\/strong>Ezzel a programmal a kisgyermekes csal\u00e1dok r\u00e9sz\u00e9re pr\u00f3b\u00e1lunk lehet\u0151s\u00e9get biztos\u00edtani arra, hogy meg tudj\u00e1k tekinteni az ESztergomi F\u0151sz\u00e9kesegyh\u00e1z templomter\u00e9t.<\/p>\n<p>&#8211; <strong>19:00 &#8211; 19:30 A Bak\u00f3cz-k\u00e1polna t\u00f6rt\u00e9nete<br \/>\n<\/strong>Ki volt Bak\u00f3cz Tam\u00e1s? Mikor \u00e9p\u00fclt a k\u00e1polna, hogyan siker\u00fclt t\u00fal\u00e9lnie a t\u00f6r\u00f6k kort? Hogyan ker\u00fclt jelenlegi hely\u00e9re?<br \/>\nT\u00f6bbek k\u00f6z\u00f6tt ezekre a k\u00e9rd\u00e9sekre is v\u00e1laszt kaphat az, aki ell\u00e1togat a t\u00e1rlatvezet\u00e9sre, melynek keret\u00e9ben a Bak\u00f3cz-k\u00e1poln\u00e1t ismertej\u00fck meg vend\u00e9geinkkel.<\/p>\n<p>&#8211; <strong>19:00 &#8211; 22:00 Gyerekprogramok a panor\u00e1materemben<br \/>\n<\/strong>Am\u00edg a sz\u00fcl\u0151k k\u00fcl\u00f6nb\u00f6z\u0151 t\u00e1rlatvezet\u00e9seken \u00e9s el\u0151ad\u00e1sokon vesznek r\u00e9szt, a gyerekeknek izgalmas programokkat k\u00edn\u00e1lunk a panor\u00e1materemben.<br \/>\nLesz t\u00f6bbek k\u00f6z\u00f6tt arcfest\u00e9s, lufihajtogat\u00e1s \u00e9s \u00f3ri\u00e1spuzzle is.<\/p>\n<p>&#8211; <strong>19:30 &#8211; 20:00 Antiochiai Szent Margit \u00e9lete, sorsa, diavet\u00edt\u00e9ssel egybek\u00f6tve<br \/>\n<\/strong>M\u0171v\u00e9szett\u00f6rt\u00e9n\u00e9sz Koll\u00e9g\u00e1nk Antiochiai Szent Margitr\u00f3l tart egy \u00e9rdekes el\u0151ad\u00e1st.<br \/>\nMindenkit szeretettel v\u00e1runk!<\/p>\n<p>&#8211; <strong>20:00 &#8211; 20:30 \u00daj t\u00e1rl\u00f3ban a Kincst\u00e1r leg\u00e9rt\u00e9kesebb t\u00e1rgya, a M\u00e1ty\u00e1s-k\u00e1lv\u00e1ria<br \/>\n<\/strong>2018-ban a M\u00e1ty\u00e1s-k\u00e1lv\u00e1ria \u00faj t\u00e1rl\u00f3ba ker\u00fclt, \u00edgy minden oldalr\u00f3l megcsod\u00e1lhat\u00f3. Koll\u00e9g\u00e1nk egy t\u00e1rlatvezet\u00e9s keret\u00e9ben megismerteti a l\u00e1togat\u00f3kkal ezt a rendk\u00edv\u00fcli t\u00e1rgyat.<\/p>\n<p>&#8211; <strong>20:30 &#8211; 21:30 A bazilika elz\u00e1rt terei<br \/>\n<\/strong>Vend\u00e9geink t\u00e1rlatvezet\u0151 seg\u00edts\u00e9g\u00e9vel olyan helyekre jutnak el, amelyek \u00e1ltal\u00e1ban a l\u00e1togat\u00f3k el\u0151tt z\u00e1rva vannak. A t\u00fara \u00e9rinti t\u00f6bbek k\u00f6z\u00f6tt az altemplom urnatemet\u0151j\u00e9t, valamint a sekresty\u00e9t is.<\/p>\n<p>&#8211; <strong>21:30 &#8211; 22:00 Kov\u00e1ts P\u00e9ter orgonakoncertje<br \/>\n<\/strong>Azok, akik ell\u00e1togatnak a F\u0151sz\u00e9kesegyh\u00e1z orgonam\u0171v\u00e9sz\u00e9nek koncertj\u00e9re, egy \u00f6ssze\u00e1ll\u00edt\u00e1st hallhatnak Johann Sebastiann Bach, Antonio Vivaldi \u00e9s Jehan Alain m\u0171veib\u0151l.<br \/>\nSzeretettel v\u00e1runk mindenkit!<\/p>\n<p><img fetchpriority=\"high\" decoding=\"async\" class=\"alignnone size-full wp-image-10769\" src=\"https:\/\/dorogimedence.hu\/wp-content\/uploads\/2018\/06\/muzeumok-ejszakaja.jpg\" alt=\"\" width=\"670\" height=\"939\" srcset=\"https:\/\/dorogimedence.hu\/wp-content\/uploads\/2018\/06\/muzeumok-ejszakaja.jpg 670w, https:\/\/dorogimedence.hu\/wp-content\/uploads\/2018\/06\/muzeumok-ejszakaja-214x300.jpg 214w\" sizes=\"(max-width: 670px) 100vw, 670px\" \/><\/p>\n<p><em>Forr\u00e1s: museum.hu\/bazilika-esztergom.hu<\/em><\/p>\n","protected":false},"excerpt":{"rendered":"<p>Id\u00e9n is az \u00e9v legr\u00f6videbb \u00e9jszak\u00e1j\u00e1n j\u00fanius 23-\u00e1n, szombaton megrendezik a M\u00fazeumok \u00c9jszak\u00e1ja programsorozatot Esztergomban a Bazilik\u00e1ban. Program: &#8211; 15:00 &#8211; 15:30 Bab\u00e1val a Bazilik\u00e1ban Ezzel a programmal a kisgyermekes csal\u00e1dok r\u00e9sz\u00e9re pr\u00f3b\u00e1lunk lehet\u0151s\u00e9get biztos\u00edtani arra, hogy meg tudj\u00e1k tekinteni az ESztergomi F\u0151sz\u00e9kesegyh\u00e1z templomter\u00e9t. &#8211; 19:00 &#8211; 19:30 A Bak\u00f3cz-k\u00e1polna t\u00f6rt\u00e9nete Ki volt Bak\u00f3cz Tam\u00e1s?<\/p>\n","protected":false},"author":1,"featured_media":10770,"comment_status":"closed","ping_status":"closed","sticky":false,"template":"","format":"standard","meta":{"ngg_post_thumbnail":0,"footnotes":""},"categories":[38,3],"tags":[798,42,194,1167,101],"class_list":{"0":"post-10768","1":"post","2":"type-post","3":"status-publish","4":"format-standard","5":"has-post-thumbnail","7":"category-esztergom","8":"category-hirek","9":"tag-bazilika","10":"tag-esztergom","11":"tag-kiallitas","12":"tag-muzeumok-ejszakaja","13":"tag-program"},"yoast_head":"<!-- This site is optimized with the Yoast SEO plugin v27.4 - https:\/\/yoast.com\/product\/yoast-seo-wordpress\/ -->\n<title>M\u00fazeumok \u00c9jszak\u00e1ja Esztergomban<\/title>\n<meta name=\"robots\" content=\"index, follow, max-snippet:-1, max-image-preview:large, max-video-preview:-1\" \/>\n<link rel=\"canonical\" href=\"https:\/\/dorogimedence.hu\/index.php\/2018\/06\/18\/muzeumok-ejszakaja-esztergomban-2\/\" class=\"yoast-seo-meta-tag\" \/>\n<meta property=\"og:locale\" content=\"hu_HU\" class=\"yoast-seo-meta-tag\" \/>\n<meta property=\"og:type\" content=\"article\" class=\"yoast-seo-meta-tag\" \/>\n<meta property=\"og:title\" content=\"M\u00fazeumok \u00c9jszak\u00e1ja Esztergomban\" class=\"yoast-seo-meta-tag\" \/>\n<meta property=\"og:description\" content=\"Id\u00e9n is az \u00e9v legr\u00f6videbb \u00e9jszak\u00e1j\u00e1n j\u00fanius 23-\u00e1n, szombaton megrendezik a M\u00fazeumok \u00c9jszak\u00e1ja programsorozatot Esztergomban a Bazilik\u00e1ban. Program: &#8211; 15:00 &#8211; 15:30 Bab\u00e1val a Bazilik\u00e1ban Ezzel a programmal a kisgyermekes csal\u00e1dok r\u00e9sz\u00e9re pr\u00f3b\u00e1lunk lehet\u0151s\u00e9get biztos\u00edtani arra, hogy meg tudj\u00e1k tekinteni az ESztergomi F\u0151sz\u00e9kesegyh\u00e1z templomter\u00e9t. &#8211; 19:00 &#8211; 19:30 A Bak\u00f3cz-k\u00e1polna t\u00f6rt\u00e9nete Ki volt Bak\u00f3cz Tam\u00e1s?\" class=\"yoast-seo-meta-tag\" \/>\n<meta property=\"og:url\" content=\"https:\/\/dorogimedence.hu\/index.php\/2018\/06\/18\/muzeumok-ejszakaja-esztergomban-2\/\" class=\"yoast-seo-meta-tag\" \/>\n<meta property=\"og:site_name\" content=\"Dorogi-medence Region\u00e1lis H\u00edrport\u00e1l\" class=\"yoast-seo-meta-tag\" \/>\n<meta property=\"article:publisher\" content=\"https:\/\/www.facebook.com\/dorogimedence\/\" class=\"yoast-seo-meta-tag\" \/>\n<meta property=\"article:published_time\" content=\"2018-06-18T13:26:08+00:00\" class=\"yoast-seo-meta-tag\" \/>\n<meta property=\"og:image\" content=\"https:\/\/i0.wp.com\/dorogimedence.hu\/wp-content\/uploads\/2018\/06\/muzeumok-ejszakaja-kep.jpg?fit=670%2C365&ssl=1\" class=\"yoast-seo-meta-tag\" \/>\n\t<meta property=\"og:image:width\" content=\"670\" class=\"yoast-seo-meta-tag\" \/>\n\t<meta property=\"og:image:height\" content=\"365\" class=\"yoast-seo-meta-tag\" \/>\n\t<meta property=\"og:image:type\" content=\"image\/jpeg\" class=\"yoast-seo-meta-tag\" \/>\n<meta name=\"author\" content=\"dorogimedence.hu\" class=\"yoast-seo-meta-tag\" \/>\n<meta name=\"twitter:card\" content=\"summary_large_image\" class=\"yoast-seo-meta-tag\" \/>\n<meta name=\"twitter:label1\" content=\"Szerz\u0151:\" class=\"yoast-seo-meta-tag\" \/>\n\t<meta name=\"twitter:data1\" content=\"dorogimedence.hu\" class=\"yoast-seo-meta-tag\" \/>\n\t<meta name=\"twitter:label2\" content=\"Becs\u00fclt olvas\u00e1si id\u0151\" class=\"yoast-seo-meta-tag\" \/>\n\t<meta name=\"twitter:data2\" content=\"2 perc\" class=\"yoast-seo-meta-tag\" \/>\n<script type=\"application\/ld+json\" class=\"yoast-schema-graph\">{\"@context\":\"https:\\\/\\\/schema.org\",\"@graph\":[{\"@type\":\"Article\",\"@id\":\"https:\\\/\\\/dorogimedence.hu\\\/index.php\\\/2018\\\/06\\\/18\\\/muzeumok-ejszakaja-esztergomban-2\\\/#article\",\"isPartOf\":{\"@id\":\"https:\\\/\\\/dorogimedence.hu\\\/index.php\\\/2018\\\/06\\\/18\\\/muzeumok-ejszakaja-esztergomban-2\\\/\"},\"author\":{\"name\":\"dorogimedence.hu\",\"@id\":\"https:\\\/\\\/dorogimedence.hu\\\/#\\\/schema\\\/person\\\/ce6091eeb7e95ecdc87890d6aa8e0fd4\"},\"headline\":\"M\u00fazeumok \u00c9jszak\u00e1ja Esztergomban\",\"datePublished\":\"2018-06-18T13:26:08+00:00\",\"mainEntityOfPage\":{\"@id\":\"https:\\\/\\\/dorogimedence.hu\\\/index.php\\\/2018\\\/06\\\/18\\\/muzeumok-ejszakaja-esztergomban-2\\\/\"},\"wordCount\":388,\"publisher\":{\"@id\":\"https:\\\/\\\/dorogimedence.hu\\\/#organization\"},\"image\":{\"@id\":\"https:\\\/\\\/dorogimedence.hu\\\/index.php\\\/2018\\\/06\\\/18\\\/muzeumok-ejszakaja-esztergomban-2\\\/#primaryimage\"},\"thumbnailUrl\":\"https:\\\/\\\/dorogimedence.hu\\\/wp-content\\\/uploads\\\/2018\\\/06\\\/muzeumok-ejszakaja-kep.jpg\",\"keywords\":[\"Bazilika\",\"esztergom\",\"ki\u00e1ll\u00edt\u00e1s\",\"M\u00fazeumok \u00c9jszak\u00e1ja\",\"program\"],\"articleSection\":[\"Esztergom\",\"H\u00edrek\"],\"inLanguage\":\"hu\"},{\"@type\":\"WebPage\",\"@id\":\"https:\\\/\\\/dorogimedence.hu\\\/index.php\\\/2018\\\/06\\\/18\\\/muzeumok-ejszakaja-esztergomban-2\\\/\",\"url\":\"https:\\\/\\\/dorogimedence.hu\\\/index.php\\\/2018\\\/06\\\/18\\\/muzeumok-ejszakaja-esztergomban-2\\\/\",\"name\":\"M\u00fazeumok \u00c9jszak\u00e1ja Esztergomban\",\"isPartOf\":{\"@id\":\"https:\\\/\\\/dorogimedence.hu\\\/#website\"},\"primaryImageOfPage\":{\"@id\":\"https:\\\/\\\/dorogimedence.hu\\\/index.php\\\/2018\\\/06\\\/18\\\/muzeumok-ejszakaja-esztergomban-2\\\/#primaryimage\"},\"image\":{\"@id\":\"https:\\\/\\\/dorogimedence.hu\\\/index.php\\\/2018\\\/06\\\/18\\\/muzeumok-ejszakaja-esztergomban-2\\\/#primaryimage\"},\"thumbnailUrl\":\"https:\\\/\\\/dorogimedence.hu\\\/wp-content\\\/uploads\\\/2018\\\/06\\\/muzeumok-ejszakaja-kep.jpg\",\"datePublished\":\"2018-06-18T13:26:08+00:00\",\"breadcrumb\":{\"@id\":\"https:\\\/\\\/dorogimedence.hu\\\/index.php\\\/2018\\\/06\\\/18\\\/muzeumok-ejszakaja-esztergomban-2\\\/#breadcrumb\"},\"inLanguage\":\"hu\",\"potentialAction\":[{\"@type\":\"ReadAction\",\"target\":[\"https:\\\/\\\/dorogimedence.hu\\\/index.php\\\/2018\\\/06\\\/18\\\/muzeumok-ejszakaja-esztergomban-2\\\/\"]}]},{\"@type\":\"ImageObject\",\"inLanguage\":\"hu\",\"@id\":\"https:\\\/\\\/dorogimedence.hu\\\/index.php\\\/2018\\\/06\\\/18\\\/muzeumok-ejszakaja-esztergomban-2\\\/#primaryimage\",\"url\":\"https:\\\/\\\/dorogimedence.hu\\\/wp-content\\\/uploads\\\/2018\\\/06\\\/muzeumok-ejszakaja-kep.jpg\",\"contentUrl\":\"https:\\\/\\\/dorogimedence.hu\\\/wp-content\\\/uploads\\\/2018\\\/06\\\/muzeumok-ejszakaja-kep.jpg\",\"width\":670,\"height\":365},{\"@type\":\"BreadcrumbList\",\"@id\":\"https:\\\/\\\/dorogimedence.hu\\\/index.php\\\/2018\\\/06\\\/18\\\/muzeumok-ejszakaja-esztergomban-2\\\/#breadcrumb\",\"itemListElement\":[{\"@type\":\"ListItem\",\"position\":1,\"name\":\"Kezd\u0151lap\",\"item\":\"https:\\\/\\\/dorogimedence.hu\\\/\"},{\"@type\":\"ListItem\",\"position\":2,\"name\":\"M\u00fazeumok \u00c9jszak\u00e1ja Esztergomban\"}]},{\"@type\":\"WebSite\",\"@id\":\"https:\\\/\\\/dorogimedence.hu\\\/#website\",\"url\":\"https:\\\/\\\/dorogimedence.hu\\\/\",\"name\":\"Dorogi-medence Region\u00e1lis H\u00edrport\u00e1l\",\"description\":\"Dorog, Keszt\u00f6lc, Le\u00e1nyv\u00e1r, Piliscs\u00e9v, Tokod, Tokodalt\u00e1r\u00f3, Csolnok, Esztergom-kertv\u00e1ros: h\u00edrek, programok\",\"publisher\":{\"@id\":\"https:\\\/\\\/dorogimedence.hu\\\/#organization\"},\"potentialAction\":[{\"@type\":\"SearchAction\",\"target\":{\"@type\":\"EntryPoint\",\"urlTemplate\":\"https:\\\/\\\/dorogimedence.hu\\\/?s={search_term_string}\"},\"query-input\":{\"@type\":\"PropertyValueSpecification\",\"valueRequired\":true,\"valueName\":\"search_term_string\"}}],\"inLanguage\":\"hu\"},{\"@type\":\"Organization\",\"@id\":\"https:\\\/\\\/dorogimedence.hu\\\/#organization\",\"name\":\"Dorogi-medence Region\u00e1lis H\u00edrport\u00e1l\",\"url\":\"https:\\\/\\\/dorogimedence.hu\\\/\",\"logo\":{\"@type\":\"ImageObject\",\"inLanguage\":\"hu\",\"@id\":\"https:\\\/\\\/dorogimedence.hu\\\/#\\\/schema\\\/logo\\\/image\\\/\",\"url\":\"https:\\\/\\\/dorogimedence.hu\\\/wp-content\\\/uploads\\\/2021\\\/04\\\/logo-feher-600.png\",\"contentUrl\":\"https:\\\/\\\/dorogimedence.hu\\\/wp-content\\\/uploads\\\/2021\\\/04\\\/logo-feher-600.png\",\"width\":600,\"height\":100,\"caption\":\"Dorogi-medence Region\u00e1lis H\u00edrport\u00e1l\"},\"image\":{\"@id\":\"https:\\\/\\\/dorogimedence.hu\\\/#\\\/schema\\\/logo\\\/image\\\/\"},\"sameAs\":[\"https:\\\/\\\/www.facebook.com\\\/dorogimedence\\\/\"]},{\"@type\":\"Person\",\"@id\":\"https:\\\/\\\/dorogimedence.hu\\\/#\\\/schema\\\/person\\\/ce6091eeb7e95ecdc87890d6aa8e0fd4\",\"name\":\"dorogimedence.hu\",\"image\":{\"@type\":\"ImageObject\",\"inLanguage\":\"hu\",\"@id\":\"\\\/\\\/www.gravatar.com\\\/avatar\\\/d8d45f8901aadff40a4af72c0b826f1d?s=96&#038;r=g&#038;d=mm\",\"url\":\"\\\/\\\/www.gravatar.com\\\/avatar\\\/d8d45f8901aadff40a4af72c0b826f1d?s=96&#038;r=g&#038;d=mm\",\"contentUrl\":\"\\\/\\\/www.gravatar.com\\\/avatar\\\/d8d45f8901aadff40a4af72c0b826f1d?s=96&#038;r=g&#038;d=mm\",\"caption\":\"dorogimedence.hu\"}}]}<\/script>\n<!-- \/ Yoast SEO plugin. -->","yoast_head_json":{"title":"M\u00fazeumok \u00c9jszak\u00e1ja Esztergomban","robots":{"index":"index","follow":"follow","max-snippet":"max-snippet:-1","max-image-preview":"max-image-preview:large","max-video-preview":"max-video-preview:-1"},"canonical":"https:\/\/dorogimedence.hu\/index.php\/2018\/06\/18\/muzeumok-ejszakaja-esztergomban-2\/","og_locale":"hu_HU","og_type":"article","og_title":"M\u00fazeumok \u00c9jszak\u00e1ja Esztergomban","og_description":"Id\u00e9n is az \u00e9v legr\u00f6videbb \u00e9jszak\u00e1j\u00e1n j\u00fanius 23-\u00e1n, szombaton megrendezik a M\u00fazeumok \u00c9jszak\u00e1ja programsorozatot Esztergomban a Bazilik\u00e1ban. Program: &#8211; 15:00 &#8211; 15:30 Bab\u00e1val a Bazilik\u00e1ban Ezzel a programmal a kisgyermekes csal\u00e1dok r\u00e9sz\u00e9re pr\u00f3b\u00e1lunk lehet\u0151s\u00e9get biztos\u00edtani arra, hogy meg tudj\u00e1k tekinteni az ESztergomi F\u0151sz\u00e9kesegyh\u00e1z templomter\u00e9t. &#8211; 19:00 &#8211; 19:30 A Bak\u00f3cz-k\u00e1polna t\u00f6rt\u00e9nete Ki volt Bak\u00f3cz Tam\u00e1s?","og_url":"https:\/\/dorogimedence.hu\/index.php\/2018\/06\/18\/muzeumok-ejszakaja-esztergomban-2\/","og_site_name":"Dorogi-medence Region\u00e1lis H\u00edrport\u00e1l","article_publisher":"https:\/\/www.facebook.com\/dorogimedence\/","article_published_time":"2018-06-18T13:26:08+00:00","og_image":[{"width":670,"height":365,"url":"https:\/\/i0.wp.com\/dorogimedence.hu\/wp-content\/uploads\/2018\/06\/muzeumok-ejszakaja-kep.jpg?fit=670%2C365&ssl=1","type":"image\/jpeg"}],"author":"dorogimedence.hu","twitter_card":"summary_large_image","twitter_misc":{"Szerz\u0151:":"dorogimedence.hu","Becs\u00fclt olvas\u00e1si id\u0151":"2 perc"},"schema":{"@context":"https:\/\/schema.org","@graph":[{"@type":"Article","@id":"https:\/\/dorogimedence.hu\/index.php\/2018\/06\/18\/muzeumok-ejszakaja-esztergomban-2\/#article","isPartOf":{"@id":"https:\/\/dorogimedence.hu\/index.php\/2018\/06\/18\/muzeumok-ejszakaja-esztergomban-2\/"},"author":{"name":"dorogimedence.hu","@id":"https:\/\/dorogimedence.hu\/#\/schema\/person\/ce6091eeb7e95ecdc87890d6aa8e0fd4"},"headline":"M\u00fazeumok \u00c9jszak\u00e1ja Esztergomban","datePublished":"2018-06-18T13:26:08+00:00","mainEntityOfPage":{"@id":"https:\/\/dorogimedence.hu\/index.php\/2018\/06\/18\/muzeumok-ejszakaja-esztergomban-2\/"},"wordCount":388,"publisher":{"@id":"https:\/\/dorogimedence.hu\/#organization"},"image":{"@id":"https:\/\/dorogimedence.hu\/index.php\/2018\/06\/18\/muzeumok-ejszakaja-esztergomban-2\/#primaryimage"},"thumbnailUrl":"https:\/\/dorogimedence.hu\/wp-content\/uploads\/2018\/06\/muzeumok-ejszakaja-kep.jpg","keywords":["Bazilika","esztergom","ki\u00e1ll\u00edt\u00e1s","M\u00fazeumok \u00c9jszak\u00e1ja","program"],"articleSection":["Esztergom","H\u00edrek"],"inLanguage":"hu"},{"@type":"WebPage","@id":"https:\/\/dorogimedence.hu\/index.php\/2018\/06\/18\/muzeumok-ejszakaja-esztergomban-2\/","url":"https:\/\/dorogimedence.hu\/index.php\/2018\/06\/18\/muzeumok-ejszakaja-esztergomban-2\/","name":"M\u00fazeumok \u00c9jszak\u00e1ja Esztergomban","isPartOf":{"@id":"https:\/\/dorogimedence.hu\/#website"},"primaryImageOfPage":{"@id":"https:\/\/dorogimedence.hu\/index.php\/2018\/06\/18\/muzeumok-ejszakaja-esztergomban-2\/#primaryimage"},"image":{"@id":"https:\/\/dorogimedence.hu\/index.php\/2018\/06\/18\/muzeumok-ejszakaja-esztergomban-2\/#primaryimage"},"thumbnailUrl":"https:\/\/dorogimedence.hu\/wp-content\/uploads\/2018\/06\/muzeumok-ejszakaja-kep.jpg","datePublished":"2018-06-18T13:26:08+00:00","breadcrumb":{"@id":"https:\/\/dorogimedence.hu\/index.php\/2018\/06\/18\/muzeumok-ejszakaja-esztergomban-2\/#breadcrumb"},"inLanguage":"hu","potentialAction":[{"@type":"ReadAction","target":["https:\/\/dorogimedence.hu\/index.php\/2018\/06\/18\/muzeumok-ejszakaja-esztergomban-2\/"]}]},{"@type":"ImageObject","inLanguage":"hu","@id":"https:\/\/dorogimedence.hu\/index.php\/2018\/06\/18\/muzeumok-ejszakaja-esztergomban-2\/#primaryimage","url":"https:\/\/dorogimedence.hu\/wp-content\/uploads\/2018\/06\/muzeumok-ejszakaja-kep.jpg","contentUrl":"https:\/\/dorogimedence.hu\/wp-content\/uploads\/2018\/06\/muzeumok-ejszakaja-kep.jpg","width":670,"height":365},{"@type":"BreadcrumbList","@id":"https:\/\/dorogimedence.hu\/index.php\/2018\/06\/18\/muzeumok-ejszakaja-esztergomban-2\/#breadcrumb","itemListElement":[{"@type":"ListItem","position":1,"name":"Kezd\u0151lap","item":"https:\/\/dorogimedence.hu\/"},{"@type":"ListItem","position":2,"name":"M\u00fazeumok \u00c9jszak\u00e1ja Esztergomban"}]},{"@type":"WebSite","@id":"https:\/\/dorogimedence.hu\/#website","url":"https:\/\/dorogimedence.hu\/","name":"Dorogi-medence Region\u00e1lis H\u00edrport\u00e1l","description":"Dorog, Keszt\u00f6lc, Le\u00e1nyv\u00e1r, Piliscs\u00e9v, Tokod, Tokodalt\u00e1r\u00f3, Csolnok, Esztergom-kertv\u00e1ros: h\u00edrek, programok","publisher":{"@id":"https:\/\/dorogimedence.hu\/#organization"},"potentialAction":[{"@type":"SearchAction","target":{"@type":"EntryPoint","urlTemplate":"https:\/\/dorogimedence.hu\/?s={search_term_string}"},"query-input":{"@type":"PropertyValueSpecification","valueRequired":true,"valueName":"search_term_string"}}],"inLanguage":"hu"},{"@type":"Organization","@id":"https:\/\/dorogimedence.hu\/#organization","name":"Dorogi-medence Region\u00e1lis H\u00edrport\u00e1l","url":"https:\/\/dorogimedence.hu\/","logo":{"@type":"ImageObject","inLanguage":"hu","@id":"https:\/\/dorogimedence.hu\/#\/schema\/logo\/image\/","url":"https:\/\/dorogimedence.hu\/wp-content\/uploads\/2021\/04\/logo-feher-600.png","contentUrl":"https:\/\/dorogimedence.hu\/wp-content\/uploads\/2021\/04\/logo-feher-600.png","width":600,"height":100,"caption":"Dorogi-medence Region\u00e1lis H\u00edrport\u00e1l"},"image":{"@id":"https:\/\/dorogimedence.hu\/#\/schema\/logo\/image\/"},"sameAs":["https:\/\/www.facebook.com\/dorogimedence\/"]},{"@type":"Person","@id":"https:\/\/dorogimedence.hu\/#\/schema\/person\/ce6091eeb7e95ecdc87890d6aa8e0fd4","name":"dorogimedence.hu","image":{"@type":"ImageObject","inLanguage":"hu","@id":"\/\/www.gravatar.com\/avatar\/d8d45f8901aadff40a4af72c0b826f1d?s=96&#038;r=g&#038;d=mm","url":"\/\/www.gravatar.com\/avatar\/d8d45f8901aadff40a4af72c0b826f1d?s=96&#038;r=g&#038;d=mm","contentUrl":"\/\/www.gravatar.com\/avatar\/d8d45f8901aadff40a4af72c0b826f1d?s=96&#038;r=g&#038;d=mm","caption":"dorogimedence.hu"}}]}},"_links":{"self":[{"href":"https:\/\/dorogimedence.hu\/index.php\/wp-json\/wp\/v2\/posts\/10768","targetHints":{"allow":["GET"]}}],"collection":[{"href":"https:\/\/dorogimedence.hu\/index.php\/wp-json\/wp\/v2\/posts"}],"about":[{"href":"https:\/\/dorogimedence.hu\/index.php\/wp-json\/wp\/v2\/types\/post"}],"author":[{"embeddable":true,"href":"https:\/\/dorogimedence.hu\/index.php\/wp-json\/wp\/v2\/users\/1"}],"replies":[{"embeddable":true,"href":"https:\/\/dorogimedence.hu\/index.php\/wp-json\/wp\/v2\/comments?post=10768"}],"version-history":[{"count":0,"href":"https:\/\/dorogimedence.hu\/index.php\/wp-json\/wp\/v2\/posts\/10768\/revisions"}],"wp:featuredmedia":[{"embeddable":true,"href":"https:\/\/dorogimedence.hu\/index.php\/wp-json\/wp\/v2\/media\/10770"}],"wp:attachment":[{"href":"https:\/\/dorogimedence.hu\/index.php\/wp-json\/wp\/v2\/media?parent=10768"}],"wp:term":[{"taxonomy":"category","embeddable":true,"href":"https:\/\/dorogimedence.hu\/index.php\/wp-json\/wp\/v2\/categories?post=10768"},{"taxonomy":"post_tag","embeddable":true,"href":"https:\/\/dorogimedence.hu\/index.php\/wp-json\/wp\/v2\/tags?post=10768"}],"curies":[{"name":"wp","href":"https:\/\/api.w.org\/{rel}","templated":true}]}}