{"id":10698,"date":"2018-06-14T17:24:04","date_gmt":"2018-06-14T15:24:04","guid":{"rendered":"http:\/\/dorogimedence.hu\/?p=10698"},"modified":"2018-06-14T17:24:04","modified_gmt":"2018-06-14T15:24:04","slug":"tamogatast-nyertek-a-kesztolci-es-a-tokodi-mentoszervezetek","status":"publish","type":"post","link":"https:\/\/dorogimedence.hu\/index.php\/2018\/06\/14\/tamogatast-nyertek-a-kesztolci-es-a-tokodi-mentoszervezetek\/","title":{"rendered":"T\u00e1mogat\u00e1st nyertek a keszt\u00f6lci \u00e9s a tokodi ment\u0151szervezetek"},"content":{"rendered":"<p><strong>Id\u00e9n n\u00e9gy \u00f6nk\u00e9ntes ment\u0151szervezet jut p\u00e1ly\u00e1zati t\u00e1mogat\u00e1shoz megy\u00e9nkben k\u00f6zponti forr\u00e1sb\u00f3l. Az erre vonatkoz\u00f3 d\u00f6nt\u00e9st a napokban hagyta j\u00f3v\u00e1 a BM Orsz\u00e1gos Katasztr\u00f3fav\u00e9delmi F\u0151igazgat\u00f3s\u00e1g f\u0151igazgat\u00f3ja.<\/strong><\/p>\n<p>Az \u00f6nk\u00e9ntes csoportok megalak\u00edt\u00e1s\u00e1t \u00e9s m\u0171k\u00f6d\u00e9s\u00fck szervezett kereteinek megteremt\u00e9s\u00e9t hat \u00e9vvel ezel\u0151tt kezdem\u00e9nyezte a katasztr\u00f3fav\u00e9delem. A k\u00f6zponti, majd a ter\u00fcleti rendeltet\u00e9s\u0171 ment\u0151szervezetek megalak\u00edt\u00e1sa \u00e9s min\u0151s\u00edt\u00e9se ut\u00e1n a j\u00e1r\u00e1si \u00e9s telep\u00fcl\u00e9si szint\u0171 szervezetek \u00e9letre h\u00edv\u00e1sa k\u00f6vetkezett. Ezek a csapatok ma m\u00e1r j\u00f3l kieg\u00e9sz\u00edtik a hivat\u00e1sos katasztr\u00f3fav\u00e9delmi egys\u00e9gek munk\u00e1j\u00e1t, k\u00e9pesek hat\u00e9konyan, a hivat\u00e1sosok ir\u00e1ny\u00edt\u00e1s\u00e1val m\u0171k\u00f6dni.<\/p>\n<p>Az \u00f6nk\u00e9ntes ment\u0151szervezetek er\u0151s\u00edt\u00e9s\u00e9nek els\u0151dleges c\u00e9lja mindig is a telep\u00fcl\u00e9sek \u00f6nv\u00e9delmi k\u00e9pess\u00e9g\u00e9nek n\u00f6vel\u00e9se volt. A szervezetek bevon\u00e1s\u00e1val emelkedik azoknak a l\u00e9tsz\u00e1ma, akik helyben v\u00e1llalhatnak szerepet a k\u00e1rok felsz\u00e1mol\u00e1s\u00e1ban, helyre\u00e1ll\u00edt\u00e1si munk\u00e1kban. Jelenleg megy\u00e9nkben k\u00f6zel 500 \u00f6nk\u00e9ntes \u00e1ll beavatkoz\u00e1sra k\u00e9szen az emberek biztons\u00e1ga \u00e9rdek\u00e9ben.<\/p>\n<p>A ment\u0151szervezetekben tev\u00e9kenyked\u0151k l\u00e9tsz\u00e1m\u00e1nak n\u00f6veked\u00e9s\u00e9vel ar\u00e1nyosan a beavatkoz\u00e1sok sz\u00e1ma is emelkedett, tavaly m\u00e1r 22 katasztr\u00f3fav\u00e9delmi m\u0171veletben vettek r\u00e9szt az \u00f6nk\u00e9ntes ment\u0151szervezetek. A beavatkoz\u00e1sokhoz azonban nemcsak elhivatotts\u00e1gra \u00e9s szakmai tud\u00e1sra, hanem megfelel\u0151 felszerelts\u00e9gre, a kor kih\u00edv\u00e1sainak megfelel\u0151 technikai eszk\u00f6z\u00f6kre is sz\u00fcks\u00e9g van.<\/p>\n<p>A kor\u00e1bbi \u00e9vekhez hasonl\u00f3an a katasztr\u00f3fav\u00e9delem id\u00e9n is ki\u00edrta azt a p\u00e1ly\u00e1zatot, ami az \u00f6nk\u00e9ntes ment\u0151szervezetek tev\u00e9kenys\u00e9g\u00e9hez kapcsol\u00f3d\u00f3 technikai eszk\u00f6z\u00f6k, m\u0171k\u00f6d\u00e9si k\u00f6lts\u00e9gek finansz\u00edroz\u00e1s\u00e1ra, v\u00e9d\u0151ruh\u00e1zattal val\u00f3 ell\u00e1t\u00e1sukra, valamint a ment\u0151szervezet tagjai oktat\u00e1s\u00e1nak, vizsg\u00e1ztat\u00e1s\u00e1nak t\u00e1mogat\u00e1s\u00e1ra ny\u00fajt lehet\u0151s\u00e9get a k\u00f6zponti k\u00f6lts\u00e9gvet\u00e9sb\u0151l.<\/p>\n<p><em><strong>Megy\u00e9nkben a k\u00f6vetkez\u0151 n\u00e9gy ment\u0151szervezet p\u00e1ly\u00e1zott sikeresen:<\/strong><\/em><br \/>\nTurul Megyei ment\u0151szervezet, Kocs \u00d6nk\u00e9ntes T\u0171zolt\u00f3 Egyes\u00fclet (239.600 forint)<br \/>\nTurul Megyei ment\u0151szervezet, Keszt\u00f6lc \u00d6nk\u00e9ntes T\u0171zolt\u00f3 Egyes\u00fclet (800.000 forint)<br \/>\nTokod Telep\u00fcl\u00e9si Ment\u0151csoport, Tokod \u00d6nk\u00e9ntes T\u0171zolt\u00f3 Egyes\u00fclet (39.915 forint)<br \/>\nKincsem J\u00e1r\u00e1si Ment\u0151csoport, R\u00e9dei \u00d6nk\u00e9ntes T\u0171zolt\u00f3 egyes\u00fclet (671.684 forint)<\/p>\n<p><em>Forr\u00e1s: komarom.katasztrofavedelem.hu<\/em><\/p>\n","protected":false},"excerpt":{"rendered":"<p>Id\u00e9n n\u00e9gy \u00f6nk\u00e9ntes ment\u0151szervezet jut p\u00e1ly\u00e1zati t\u00e1mogat\u00e1shoz megy\u00e9nkben k\u00f6zponti forr\u00e1sb\u00f3l. Az erre vonatkoz\u00f3 d\u00f6nt\u00e9st a napokban hagyta j\u00f3v\u00e1 a BM Orsz\u00e1gos Katasztr\u00f3fav\u00e9delmi F\u0151igazgat\u00f3s\u00e1g f\u0151igazgat\u00f3ja. Az \u00f6nk\u00e9ntes csoportok megalak\u00edt\u00e1s\u00e1t \u00e9s m\u0171k\u00f6d\u00e9s\u00fck szervezett kereteinek megteremt\u00e9s\u00e9t hat \u00e9vvel ezel\u0151tt kezdem\u00e9nyezte a katasztr\u00f3fav\u00e9delem. A k\u00f6zponti, majd a ter\u00fcleti rendeltet\u00e9s\u0171 ment\u0151szervezetek megalak\u00edt\u00e1sa \u00e9s min\u0151s\u00edt\u00e9se ut\u00e1n a j\u00e1r\u00e1si \u00e9s telep\u00fcl\u00e9si szint\u0171<\/p>\n","protected":false},"author":1,"featured_media":9319,"comment_status":"closed","ping_status":"closed","sticky":false,"template":"","format":"standard","meta":{"ngg_post_thumbnail":0,"footnotes":""},"categories":[3,8,6],"tags":[129,2646,613,74,503,12,65],"class_list":{"0":"post-10698","1":"post","2":"type-post","3":"status-publish","4":"format-standard","5":"has-post-thumbnail","7":"category-hirek","8":"category-kesztolc","9":"category-tokod","10":"tag-kesztolc","11":"tag-mentoszervezet","12":"tag-onkentesek","13":"tag-palyazat","14":"tag-tamogatas","15":"tag-tokod","16":"tag-tuzoltosag"},"yoast_head":"<!-- This site is optimized with the Yoast SEO plugin v27.4 - https:\/\/yoast.com\/product\/yoast-seo-wordpress\/ -->\n<title>T\u00e1mogat\u00e1st nyertek a keszt\u00f6lci \u00e9s a tokodi ment\u0151szervezetek<\/title>\n<meta name=\"robots\" content=\"index, follow, max-snippet:-1, max-image-preview:large, max-video-preview:-1\" \/>\n<link rel=\"canonical\" href=\"https:\/\/dorogimedence.hu\/index.php\/2018\/06\/14\/tamogatast-nyertek-a-kesztolci-es-a-tokodi-mentoszervezetek\/\" class=\"yoast-seo-meta-tag\" \/>\n<meta property=\"og:locale\" content=\"hu_HU\" class=\"yoast-seo-meta-tag\" \/>\n<meta property=\"og:type\" content=\"article\" class=\"yoast-seo-meta-tag\" \/>\n<meta property=\"og:title\" content=\"T\u00e1mogat\u00e1st nyertek a keszt\u00f6lci \u00e9s a tokodi ment\u0151szervezetek\" class=\"yoast-seo-meta-tag\" \/>\n<meta property=\"og:description\" content=\"Id\u00e9n n\u00e9gy \u00f6nk\u00e9ntes ment\u0151szervezet jut p\u00e1ly\u00e1zati t\u00e1mogat\u00e1shoz megy\u00e9nkben k\u00f6zponti forr\u00e1sb\u00f3l. Az erre vonatkoz\u00f3 d\u00f6nt\u00e9st a napokban hagyta j\u00f3v\u00e1 a BM Orsz\u00e1gos Katasztr\u00f3fav\u00e9delmi F\u0151igazgat\u00f3s\u00e1g f\u0151igazgat\u00f3ja. Az \u00f6nk\u00e9ntes csoportok megalak\u00edt\u00e1s\u00e1t \u00e9s m\u0171k\u00f6d\u00e9s\u00fck szervezett kereteinek megteremt\u00e9s\u00e9t hat \u00e9vvel ezel\u0151tt kezdem\u00e9nyezte a katasztr\u00f3fav\u00e9delem. A k\u00f6zponti, majd a ter\u00fcleti rendeltet\u00e9s\u0171 ment\u0151szervezetek megalak\u00edt\u00e1sa \u00e9s min\u0151s\u00edt\u00e9se ut\u00e1n a j\u00e1r\u00e1si \u00e9s telep\u00fcl\u00e9si szint\u0171\" class=\"yoast-seo-meta-tag\" \/>\n<meta property=\"og:url\" content=\"https:\/\/dorogimedence.hu\/index.php\/2018\/06\/14\/tamogatast-nyertek-a-kesztolci-es-a-tokodi-mentoszervezetek\/\" class=\"yoast-seo-meta-tag\" \/>\n<meta property=\"og:site_name\" content=\"Dorogi-medence Region\u00e1lis H\u00edrport\u00e1l\" class=\"yoast-seo-meta-tag\" \/>\n<meta property=\"article:publisher\" content=\"https:\/\/www.facebook.com\/dorogimedence\/\" class=\"yoast-seo-meta-tag\" \/>\n<meta property=\"article:published_time\" content=\"2018-06-14T15:24:04+00:00\" class=\"yoast-seo-meta-tag\" \/>\n<meta property=\"og:image\" content=\"https:\/\/i0.wp.com\/dorogimedence.hu\/wp-content\/uploads\/2018\/04\/tokod-tuz-aprilis-01.jpg?fit=670%2C365&ssl=1\" class=\"yoast-seo-meta-tag\" \/>\n\t<meta property=\"og:image:width\" content=\"670\" class=\"yoast-seo-meta-tag\" \/>\n\t<meta property=\"og:image:height\" content=\"365\" class=\"yoast-seo-meta-tag\" \/>\n\t<meta property=\"og:image:type\" content=\"image\/jpeg\" class=\"yoast-seo-meta-tag\" \/>\n<meta name=\"author\" content=\"dorogimedence.hu\" class=\"yoast-seo-meta-tag\" \/>\n<meta name=\"twitter:card\" content=\"summary_large_image\" class=\"yoast-seo-meta-tag\" \/>\n<meta name=\"twitter:label1\" content=\"Szerz\u0151:\" class=\"yoast-seo-meta-tag\" \/>\n\t<meta name=\"twitter:data1\" content=\"dorogimedence.hu\" class=\"yoast-seo-meta-tag\" \/>\n\t<meta name=\"twitter:label2\" content=\"Becs\u00fclt olvas\u00e1si id\u0151\" class=\"yoast-seo-meta-tag\" \/>\n\t<meta name=\"twitter:data2\" content=\"2 perc\" class=\"yoast-seo-meta-tag\" \/>\n<script type=\"application\/ld+json\" class=\"yoast-schema-graph\">{\"@context\":\"https:\\\/\\\/schema.org\",\"@graph\":[{\"@type\":\"Article\",\"@id\":\"https:\\\/\\\/dorogimedence.hu\\\/index.php\\\/2018\\\/06\\\/14\\\/tamogatast-nyertek-a-kesztolci-es-a-tokodi-mentoszervezetek\\\/#article\",\"isPartOf\":{\"@id\":\"https:\\\/\\\/dorogimedence.hu\\\/index.php\\\/2018\\\/06\\\/14\\\/tamogatast-nyertek-a-kesztolci-es-a-tokodi-mentoszervezetek\\\/\"},\"author\":{\"name\":\"dorogimedence.hu\",\"@id\":\"https:\\\/\\\/dorogimedence.hu\\\/#\\\/schema\\\/person\\\/ce6091eeb7e95ecdc87890d6aa8e0fd4\"},\"headline\":\"T\u00e1mogat\u00e1st nyertek a keszt\u00f6lci \u00e9s a tokodi ment\u0151szervezetek\",\"datePublished\":\"2018-06-14T15:24:04+00:00\",\"mainEntityOfPage\":{\"@id\":\"https:\\\/\\\/dorogimedence.hu\\\/index.php\\\/2018\\\/06\\\/14\\\/tamogatast-nyertek-a-kesztolci-es-a-tokodi-mentoszervezetek\\\/\"},\"wordCount\":464,\"publisher\":{\"@id\":\"https:\\\/\\\/dorogimedence.hu\\\/#organization\"},\"image\":{\"@id\":\"https:\\\/\\\/dorogimedence.hu\\\/index.php\\\/2018\\\/06\\\/14\\\/tamogatast-nyertek-a-kesztolci-es-a-tokodi-mentoszervezetek\\\/#primaryimage\"},\"thumbnailUrl\":\"https:\\\/\\\/dorogimedence.hu\\\/wp-content\\\/uploads\\\/2018\\\/04\\\/tokod-tuz-aprilis-01.jpg\",\"keywords\":[\"Keszt\u00f6lc\",\"ment\u0151szervezet\",\"\u00f6nk\u00e9ntesek\",\"p\u00e1ly\u00e1zat\",\"t\u00e1mogat\u00e1s\",\"Tokod\",\"t\u0171zolt\u00f3s\u00e1g\"],\"articleSection\":[\"H\u00edrek\",\"Keszt\u00f6lc\",\"Tokod\"],\"inLanguage\":\"hu\"},{\"@type\":\"WebPage\",\"@id\":\"https:\\\/\\\/dorogimedence.hu\\\/index.php\\\/2018\\\/06\\\/14\\\/tamogatast-nyertek-a-kesztolci-es-a-tokodi-mentoszervezetek\\\/\",\"url\":\"https:\\\/\\\/dorogimedence.hu\\\/index.php\\\/2018\\\/06\\\/14\\\/tamogatast-nyertek-a-kesztolci-es-a-tokodi-mentoszervezetek\\\/\",\"name\":\"T\u00e1mogat\u00e1st nyertek a keszt\u00f6lci \u00e9s a tokodi ment\u0151szervezetek\",\"isPartOf\":{\"@id\":\"https:\\\/\\\/dorogimedence.hu\\\/#website\"},\"primaryImageOfPage\":{\"@id\":\"https:\\\/\\\/dorogimedence.hu\\\/index.php\\\/2018\\\/06\\\/14\\\/tamogatast-nyertek-a-kesztolci-es-a-tokodi-mentoszervezetek\\\/#primaryimage\"},\"image\":{\"@id\":\"https:\\\/\\\/dorogimedence.hu\\\/index.php\\\/2018\\\/06\\\/14\\\/tamogatast-nyertek-a-kesztolci-es-a-tokodi-mentoszervezetek\\\/#primaryimage\"},\"thumbnailUrl\":\"https:\\\/\\\/dorogimedence.hu\\\/wp-content\\\/uploads\\\/2018\\\/04\\\/tokod-tuz-aprilis-01.jpg\",\"datePublished\":\"2018-06-14T15:24:04+00:00\",\"breadcrumb\":{\"@id\":\"https:\\\/\\\/dorogimedence.hu\\\/index.php\\\/2018\\\/06\\\/14\\\/tamogatast-nyertek-a-kesztolci-es-a-tokodi-mentoszervezetek\\\/#breadcrumb\"},\"inLanguage\":\"hu\",\"potentialAction\":[{\"@type\":\"ReadAction\",\"target\":[\"https:\\\/\\\/dorogimedence.hu\\\/index.php\\\/2018\\\/06\\\/14\\\/tamogatast-nyertek-a-kesztolci-es-a-tokodi-mentoszervezetek\\\/\"]}]},{\"@type\":\"ImageObject\",\"inLanguage\":\"hu\",\"@id\":\"https:\\\/\\\/dorogimedence.hu\\\/index.php\\\/2018\\\/06\\\/14\\\/tamogatast-nyertek-a-kesztolci-es-a-tokodi-mentoszervezetek\\\/#primaryimage\",\"url\":\"https:\\\/\\\/dorogimedence.hu\\\/wp-content\\\/uploads\\\/2018\\\/04\\\/tokod-tuz-aprilis-01.jpg\",\"contentUrl\":\"https:\\\/\\\/dorogimedence.hu\\\/wp-content\\\/uploads\\\/2018\\\/04\\\/tokod-tuz-aprilis-01.jpg\",\"width\":670,\"height\":365},{\"@type\":\"BreadcrumbList\",\"@id\":\"https:\\\/\\\/dorogimedence.hu\\\/index.php\\\/2018\\\/06\\\/14\\\/tamogatast-nyertek-a-kesztolci-es-a-tokodi-mentoszervezetek\\\/#breadcrumb\",\"itemListElement\":[{\"@type\":\"ListItem\",\"position\":1,\"name\":\"Kezd\u0151lap\",\"item\":\"https:\\\/\\\/dorogimedence.hu\\\/\"},{\"@type\":\"ListItem\",\"position\":2,\"name\":\"T\u00e1mogat\u00e1st nyertek a keszt\u00f6lci \u00e9s a tokodi ment\u0151szervezetek\"}]},{\"@type\":\"WebSite\",\"@id\":\"https:\\\/\\\/dorogimedence.hu\\\/#website\",\"url\":\"https:\\\/\\\/dorogimedence.hu\\\/\",\"name\":\"Dorogi-medence Region\u00e1lis H\u00edrport\u00e1l\",\"description\":\"Dorog, Keszt\u00f6lc, Le\u00e1nyv\u00e1r, Piliscs\u00e9v, Tokod, Tokodalt\u00e1r\u00f3, Csolnok, Esztergom-kertv\u00e1ros: h\u00edrek, programok\",\"publisher\":{\"@id\":\"https:\\\/\\\/dorogimedence.hu\\\/#organization\"},\"potentialAction\":[{\"@type\":\"SearchAction\",\"target\":{\"@type\":\"EntryPoint\",\"urlTemplate\":\"https:\\\/\\\/dorogimedence.hu\\\/?s={search_term_string}\"},\"query-input\":{\"@type\":\"PropertyValueSpecification\",\"valueRequired\":true,\"valueName\":\"search_term_string\"}}],\"inLanguage\":\"hu\"},{\"@type\":\"Organization\",\"@id\":\"https:\\\/\\\/dorogimedence.hu\\\/#organization\",\"name\":\"Dorogi-medence Region\u00e1lis H\u00edrport\u00e1l\",\"url\":\"https:\\\/\\\/dorogimedence.hu\\\/\",\"logo\":{\"@type\":\"ImageObject\",\"inLanguage\":\"hu\",\"@id\":\"https:\\\/\\\/dorogimedence.hu\\\/#\\\/schema\\\/logo\\\/image\\\/\",\"url\":\"https:\\\/\\\/dorogimedence.hu\\\/wp-content\\\/uploads\\\/2021\\\/04\\\/logo-feher-600.png\",\"contentUrl\":\"https:\\\/\\\/dorogimedence.hu\\\/wp-content\\\/uploads\\\/2021\\\/04\\\/logo-feher-600.png\",\"width\":600,\"height\":100,\"caption\":\"Dorogi-medence Region\u00e1lis H\u00edrport\u00e1l\"},\"image\":{\"@id\":\"https:\\\/\\\/dorogimedence.hu\\\/#\\\/schema\\\/logo\\\/image\\\/\"},\"sameAs\":[\"https:\\\/\\\/www.facebook.com\\\/dorogimedence\\\/\"]},{\"@type\":\"Person\",\"@id\":\"https:\\\/\\\/dorogimedence.hu\\\/#\\\/schema\\\/person\\\/ce6091eeb7e95ecdc87890d6aa8e0fd4\",\"name\":\"dorogimedence.hu\",\"image\":{\"@type\":\"ImageObject\",\"inLanguage\":\"hu\",\"@id\":\"\\\/\\\/www.gravatar.com\\\/avatar\\\/d8d45f8901aadff40a4af72c0b826f1d?s=96&#038;r=g&#038;d=mm\",\"url\":\"\\\/\\\/www.gravatar.com\\\/avatar\\\/d8d45f8901aadff40a4af72c0b826f1d?s=96&#038;r=g&#038;d=mm\",\"contentUrl\":\"\\\/\\\/www.gravatar.com\\\/avatar\\\/d8d45f8901aadff40a4af72c0b826f1d?s=96&#038;r=g&#038;d=mm\",\"caption\":\"dorogimedence.hu\"}}]}<\/script>\n<!-- \/ Yoast SEO plugin. -->","yoast_head_json":{"title":"T\u00e1mogat\u00e1st nyertek a keszt\u00f6lci \u00e9s a tokodi ment\u0151szervezetek","robots":{"index":"index","follow":"follow","max-snippet":"max-snippet:-1","max-image-preview":"max-image-preview:large","max-video-preview":"max-video-preview:-1"},"canonical":"https:\/\/dorogimedence.hu\/index.php\/2018\/06\/14\/tamogatast-nyertek-a-kesztolci-es-a-tokodi-mentoszervezetek\/","og_locale":"hu_HU","og_type":"article","og_title":"T\u00e1mogat\u00e1st nyertek a keszt\u00f6lci \u00e9s a tokodi ment\u0151szervezetek","og_description":"Id\u00e9n n\u00e9gy \u00f6nk\u00e9ntes ment\u0151szervezet jut p\u00e1ly\u00e1zati t\u00e1mogat\u00e1shoz megy\u00e9nkben k\u00f6zponti forr\u00e1sb\u00f3l. Az erre vonatkoz\u00f3 d\u00f6nt\u00e9st a napokban hagyta j\u00f3v\u00e1 a BM Orsz\u00e1gos Katasztr\u00f3fav\u00e9delmi F\u0151igazgat\u00f3s\u00e1g f\u0151igazgat\u00f3ja. Az \u00f6nk\u00e9ntes csoportok megalak\u00edt\u00e1s\u00e1t \u00e9s m\u0171k\u00f6d\u00e9s\u00fck szervezett kereteinek megteremt\u00e9s\u00e9t hat \u00e9vvel ezel\u0151tt kezdem\u00e9nyezte a katasztr\u00f3fav\u00e9delem. A k\u00f6zponti, majd a ter\u00fcleti rendeltet\u00e9s\u0171 ment\u0151szervezetek megalak\u00edt\u00e1sa \u00e9s min\u0151s\u00edt\u00e9se ut\u00e1n a j\u00e1r\u00e1si \u00e9s telep\u00fcl\u00e9si szint\u0171","og_url":"https:\/\/dorogimedence.hu\/index.php\/2018\/06\/14\/tamogatast-nyertek-a-kesztolci-es-a-tokodi-mentoszervezetek\/","og_site_name":"Dorogi-medence Region\u00e1lis H\u00edrport\u00e1l","article_publisher":"https:\/\/www.facebook.com\/dorogimedence\/","article_published_time":"2018-06-14T15:24:04+00:00","og_image":[{"width":670,"height":365,"url":"https:\/\/i0.wp.com\/dorogimedence.hu\/wp-content\/uploads\/2018\/04\/tokod-tuz-aprilis-01.jpg?fit=670%2C365&ssl=1","type":"image\/jpeg"}],"author":"dorogimedence.hu","twitter_card":"summary_large_image","twitter_misc":{"Szerz\u0151:":"dorogimedence.hu","Becs\u00fclt olvas\u00e1si id\u0151":"2 perc"},"schema":{"@context":"https:\/\/schema.org","@graph":[{"@type":"Article","@id":"https:\/\/dorogimedence.hu\/index.php\/2018\/06\/14\/tamogatast-nyertek-a-kesztolci-es-a-tokodi-mentoszervezetek\/#article","isPartOf":{"@id":"https:\/\/dorogimedence.hu\/index.php\/2018\/06\/14\/tamogatast-nyertek-a-kesztolci-es-a-tokodi-mentoszervezetek\/"},"author":{"name":"dorogimedence.hu","@id":"https:\/\/dorogimedence.hu\/#\/schema\/person\/ce6091eeb7e95ecdc87890d6aa8e0fd4"},"headline":"T\u00e1mogat\u00e1st nyertek a keszt\u00f6lci \u00e9s a tokodi ment\u0151szervezetek","datePublished":"2018-06-14T15:24:04+00:00","mainEntityOfPage":{"@id":"https:\/\/dorogimedence.hu\/index.php\/2018\/06\/14\/tamogatast-nyertek-a-kesztolci-es-a-tokodi-mentoszervezetek\/"},"wordCount":464,"publisher":{"@id":"https:\/\/dorogimedence.hu\/#organization"},"image":{"@id":"https:\/\/dorogimedence.hu\/index.php\/2018\/06\/14\/tamogatast-nyertek-a-kesztolci-es-a-tokodi-mentoszervezetek\/#primaryimage"},"thumbnailUrl":"https:\/\/dorogimedence.hu\/wp-content\/uploads\/2018\/04\/tokod-tuz-aprilis-01.jpg","keywords":["Keszt\u00f6lc","ment\u0151szervezet","\u00f6nk\u00e9ntesek","p\u00e1ly\u00e1zat","t\u00e1mogat\u00e1s","Tokod","t\u0171zolt\u00f3s\u00e1g"],"articleSection":["H\u00edrek","Keszt\u00f6lc","Tokod"],"inLanguage":"hu"},{"@type":"WebPage","@id":"https:\/\/dorogimedence.hu\/index.php\/2018\/06\/14\/tamogatast-nyertek-a-kesztolci-es-a-tokodi-mentoszervezetek\/","url":"https:\/\/dorogimedence.hu\/index.php\/2018\/06\/14\/tamogatast-nyertek-a-kesztolci-es-a-tokodi-mentoszervezetek\/","name":"T\u00e1mogat\u00e1st nyertek a keszt\u00f6lci \u00e9s a tokodi ment\u0151szervezetek","isPartOf":{"@id":"https:\/\/dorogimedence.hu\/#website"},"primaryImageOfPage":{"@id":"https:\/\/dorogimedence.hu\/index.php\/2018\/06\/14\/tamogatast-nyertek-a-kesztolci-es-a-tokodi-mentoszervezetek\/#primaryimage"},"image":{"@id":"https:\/\/dorogimedence.hu\/index.php\/2018\/06\/14\/tamogatast-nyertek-a-kesztolci-es-a-tokodi-mentoszervezetek\/#primaryimage"},"thumbnailUrl":"https:\/\/dorogimedence.hu\/wp-content\/uploads\/2018\/04\/tokod-tuz-aprilis-01.jpg","datePublished":"2018-06-14T15:24:04+00:00","breadcrumb":{"@id":"https:\/\/dorogimedence.hu\/index.php\/2018\/06\/14\/tamogatast-nyertek-a-kesztolci-es-a-tokodi-mentoszervezetek\/#breadcrumb"},"inLanguage":"hu","potentialAction":[{"@type":"ReadAction","target":["https:\/\/dorogimedence.hu\/index.php\/2018\/06\/14\/tamogatast-nyertek-a-kesztolci-es-a-tokodi-mentoszervezetek\/"]}]},{"@type":"ImageObject","inLanguage":"hu","@id":"https:\/\/dorogimedence.hu\/index.php\/2018\/06\/14\/tamogatast-nyertek-a-kesztolci-es-a-tokodi-mentoszervezetek\/#primaryimage","url":"https:\/\/dorogimedence.hu\/wp-content\/uploads\/2018\/04\/tokod-tuz-aprilis-01.jpg","contentUrl":"https:\/\/dorogimedence.hu\/wp-content\/uploads\/2018\/04\/tokod-tuz-aprilis-01.jpg","width":670,"height":365},{"@type":"BreadcrumbList","@id":"https:\/\/dorogimedence.hu\/index.php\/2018\/06\/14\/tamogatast-nyertek-a-kesztolci-es-a-tokodi-mentoszervezetek\/#breadcrumb","itemListElement":[{"@type":"ListItem","position":1,"name":"Kezd\u0151lap","item":"https:\/\/dorogimedence.hu\/"},{"@type":"ListItem","position":2,"name":"T\u00e1mogat\u00e1st nyertek a keszt\u00f6lci \u00e9s a tokodi ment\u0151szervezetek"}]},{"@type":"WebSite","@id":"https:\/\/dorogimedence.hu\/#website","url":"https:\/\/dorogimedence.hu\/","name":"Dorogi-medence Region\u00e1lis H\u00edrport\u00e1l","description":"Dorog, Keszt\u00f6lc, Le\u00e1nyv\u00e1r, Piliscs\u00e9v, Tokod, Tokodalt\u00e1r\u00f3, Csolnok, Esztergom-kertv\u00e1ros: h\u00edrek, programok","publisher":{"@id":"https:\/\/dorogimedence.hu\/#organization"},"potentialAction":[{"@type":"SearchAction","target":{"@type":"EntryPoint","urlTemplate":"https:\/\/dorogimedence.hu\/?s={search_term_string}"},"query-input":{"@type":"PropertyValueSpecification","valueRequired":true,"valueName":"search_term_string"}}],"inLanguage":"hu"},{"@type":"Organization","@id":"https:\/\/dorogimedence.hu\/#organization","name":"Dorogi-medence Region\u00e1lis H\u00edrport\u00e1l","url":"https:\/\/dorogimedence.hu\/","logo":{"@type":"ImageObject","inLanguage":"hu","@id":"https:\/\/dorogimedence.hu\/#\/schema\/logo\/image\/","url":"https:\/\/dorogimedence.hu\/wp-content\/uploads\/2021\/04\/logo-feher-600.png","contentUrl":"https:\/\/dorogimedence.hu\/wp-content\/uploads\/2021\/04\/logo-feher-600.png","width":600,"height":100,"caption":"Dorogi-medence Region\u00e1lis H\u00edrport\u00e1l"},"image":{"@id":"https:\/\/dorogimedence.hu\/#\/schema\/logo\/image\/"},"sameAs":["https:\/\/www.facebook.com\/dorogimedence\/"]},{"@type":"Person","@id":"https:\/\/dorogimedence.hu\/#\/schema\/person\/ce6091eeb7e95ecdc87890d6aa8e0fd4","name":"dorogimedence.hu","image":{"@type":"ImageObject","inLanguage":"hu","@id":"\/\/www.gravatar.com\/avatar\/d8d45f8901aadff40a4af72c0b826f1d?s=96&#038;r=g&#038;d=mm","url":"\/\/www.gravatar.com\/avatar\/d8d45f8901aadff40a4af72c0b826f1d?s=96&#038;r=g&#038;d=mm","contentUrl":"\/\/www.gravatar.com\/avatar\/d8d45f8901aadff40a4af72c0b826f1d?s=96&#038;r=g&#038;d=mm","caption":"dorogimedence.hu"}}]}},"_links":{"self":[{"href":"https:\/\/dorogimedence.hu\/index.php\/wp-json\/wp\/v2\/posts\/10698","targetHints":{"allow":["GET"]}}],"collection":[{"href":"https:\/\/dorogimedence.hu\/index.php\/wp-json\/wp\/v2\/posts"}],"about":[{"href":"https:\/\/dorogimedence.hu\/index.php\/wp-json\/wp\/v2\/types\/post"}],"author":[{"embeddable":true,"href":"https:\/\/dorogimedence.hu\/index.php\/wp-json\/wp\/v2\/users\/1"}],"replies":[{"embeddable":true,"href":"https:\/\/dorogimedence.hu\/index.php\/wp-json\/wp\/v2\/comments?post=10698"}],"version-history":[{"count":0,"href":"https:\/\/dorogimedence.hu\/index.php\/wp-json\/wp\/v2\/posts\/10698\/revisions"}],"wp:featuredmedia":[{"embeddable":true,"href":"https:\/\/dorogimedence.hu\/index.php\/wp-json\/wp\/v2\/media\/9319"}],"wp:attachment":[{"href":"https:\/\/dorogimedence.hu\/index.php\/wp-json\/wp\/v2\/media?parent=10698"}],"wp:term":[{"taxonomy":"category","embeddable":true,"href":"https:\/\/dorogimedence.hu\/index.php\/wp-json\/wp\/v2\/categories?post=10698"},{"taxonomy":"post_tag","embeddable":true,"href":"https:\/\/dorogimedence.hu\/index.php\/wp-json\/wp\/v2\/tags?post=10698"}],"curies":[{"name":"wp","href":"https:\/\/api.w.org\/{rel}","templated":true}]}}