{"id":10637,"date":"2018-06-12T06:58:16","date_gmt":"2018-06-12T04:58:16","guid":{"rendered":"http:\/\/dorogimedence.hu\/?p=10637"},"modified":"2018-06-12T07:01:53","modified_gmt":"2018-06-12T05:01:53","slug":"itelet-a-8-honapos-leforrazott-kislany-ugyeben","status":"publish","type":"post","link":"https:\/\/dorogimedence.hu\/index.php\/2018\/06\/12\/itelet-a-8-honapos-leforrazott-kislany-ugyeben\/","title":{"rendered":"\u00cdt\u00e9let a 8 h\u00f3napos, leforr\u00e1zott kisl\u00e1ny \u00fcgy\u00e9ben"},"content":{"rendered":"<p><strong><a href=\"https:\/\/dorogimedence.hu\/index.php\/2018\/04\/27\/figyelmetlenseg-miatt-szenvedett-egesi-seruleseket-egy-kisgyermek\/\" target=\"_blank\" rel=\"noopener\"><span style=\"text-decoration: underline; color: #0000ff;\">Kor\u00e1bban \u00edrtuk<\/span><\/a>, hogy figyelmetlens\u00e9g miatt szenvedett \u00e9letvesz\u00e9lyes \u00e9g\u00e9si s\u00e9r\u00fcl\u00e9seket egy 8 h\u00f3napos kisgyermek Csolnokon. Az esetben \u00edt\u00e9let sz\u00fcletett, ami nem joger\u0151s.<\/strong><\/p>\n<div class=\"field field-name-body field-type-text-with-summary field-label-hidden\">\n<div class=\"field-items\">\n<div class=\"field-item even\">\n<p>A Tatab\u00e1nyai T\u00f6rv\u00e9nysz\u00e9k 1 \u00e9v fogh\u00e1zb\u00fcntet\u00e9sre \u00edt\u00e9lte azt a f\u00e9rfit, akinek a gyermeke az elektromos s\u00fct\u0151 vezet\u00e9k\u00e9n\u00e9l fogva mag\u00e1ra r\u00e1ntotta a forr\u00f3 olajjal teli serpeny\u0151t. A szabads\u00e1gveszt\u00e9s v\u00e9grehajt\u00e1s\u00e1t a b\u00edr\u00f3s\u00e1g 2 \u00e9v 6 h\u00f3nap pr\u00f3baid\u0151re felf\u00fcggesztette, \u00e9s a v\u00e1dlottat el\u0151zetes mentes\u00edt\u00e9sben r\u00e9szes\u00edtette.<\/p>\n<p>A meg\u00e1llap\u00edtott t\u00e9ny\u00e1ll\u00e1s szerint a v\u00e1dlott 2017. okt\u00f3ber 9. napj\u00e1n egy legal\u00e1bb 2 dl forr\u00f3 olajat tartalmaz\u00f3, elektromos serpeny\u0151ben fas\u00edrtot s\u00fct\u00f6tt az otthon\u00e1ban. A h\u00e1zban tart\u00f3zkodott a s\u00e9rtett \u2013 a v\u00e1dlott 8 h\u00f3napos gyermeke \u2013 is, aki ezalatt kim\u00e1szott a konyh\u00e1ba, \u00e9s amikor a v\u00e1dlotthoz \u00e9rt, felkapaszkodott annak l\u00e1b\u00e1n\u00e1l fogva, k\u00f6zben pedig az elektromos s\u00fct\u0151 vezet\u00e9k\u00e9n\u00e9l fogva mag\u00e1ra r\u00e1ntotta a forr\u00f3 olajjal teli serpeny\u0151t. A s\u00e9rtettnek ennek k\u00f6vetkezt\u00e9ben a fej\u00e9n, h\u00e1t\u00e1n, bal karj\u00e1n \u00e9s bal als\u00f3 v\u00e9gtagj\u00e1n I-II-III. fok\u00fa, a testfelsz\u00edn 21%-\u00e1ra kiterjed\u0151 forr\u00e1z\u00e1sos \u00e9g\u00e9si s\u00e9r\u00fcl\u00e9sei keletkeztek.<\/p>\n<p>A jelent\u0151s sz\u00e1m\u00fa \u00e9s s\u00faly\u00fa enyh\u00edt\u0151 k\u00f6r\u00fclm\u00e9ny \u2013 <strong>a v\u00e1dlott b\u00fcntetlen el\u0151\u00e9lete, beismer\u00e9se, a cselekm\u00e9nyt k\u00f6vet\u0151 rendk\u00edv\u00fcl gondos magatart\u00e1sa a gyermek ir\u00e1ny\u00e1ba, a gondatlans\u00e1g enyh\u00e9bb foka<\/strong> \u2013 figyelembe v\u00e9tel\u00e9vel jutott a t\u00f6rv\u00e9nysz\u00e9k arra, hogy r\u00f6vid tartam\u00fa szabads\u00e1gveszt\u00e9s kiszab\u00e1sa is elegend\u0151 a v\u00e1dlottal szemben, s\u0151t a b\u00fcntet\u00e9s c\u00e9ljai annak v\u00e9grehajt\u00e1sa n\u00e9lk\u00fcl is el\u00e9rhet\u0151ek, ez\u00e9rt <strong>f\u00fcggesztette fel a fogh\u00e1zb\u00fcntet\u00e9s v\u00e9grehajt\u00e1s\u00e1t<\/strong>.<\/p>\n<p>Az \u00edt\u00e9letet a v\u00e1dlott \u00e9s v\u00e9d\u0151je tudom\u00e1sul vette, az \u00fcgy\u00e9sz 3 nap gondolkod\u00e1si id\u0151t k\u00e9rt a nyilatkozat megt\u00e9tel\u00e9re, \u00edgy az nem joger\u0151s.<\/p>\n<p><em>Forr\u00e1s: Tatab\u00e1nyai T\u00f6rv\u00e9nysz\u00e9k Sajt\u00f3<\/em><\/p>\n<\/div>\n<\/div>\n<\/div>\n","protected":false},"excerpt":{"rendered":"<p>Kor\u00e1bban \u00edrtuk, hogy figyelmetlens\u00e9g miatt szenvedett \u00e9letvesz\u00e9lyes \u00e9g\u00e9si s\u00e9r\u00fcl\u00e9seket egy 8 h\u00f3napos kisgyermek Csolnokon. Az esetben \u00edt\u00e9let sz\u00fcletett, ami nem joger\u0151s. A Tatab\u00e1nyai T\u00f6rv\u00e9nysz\u00e9k 1 \u00e9v fogh\u00e1zb\u00fcntet\u00e9sre \u00edt\u00e9lte azt a f\u00e9rfit, akinek a gyermeke az elektromos s\u00fct\u0151 vezet\u00e9k\u00e9n\u00e9l fogva mag\u00e1ra r\u00e1ntotta a forr\u00f3 olajjal teli serpeny\u0151t. A szabads\u00e1gveszt\u00e9s v\u00e9grehajt\u00e1s\u00e1t a b\u00edr\u00f3s\u00e1g 2 \u00e9v 6 h\u00f3nap<\/p>\n","protected":false},"author":1,"featured_media":9778,"comment_status":"closed","ping_status":"closed","sticky":false,"template":"","format":"standard","meta":{"ngg_post_thumbnail":0,"footnotes":""},"categories":[64,3],"tags":[1042,66,326],"class_list":{"0":"post-10637","1":"post","2":"type-post","3":"status-publish","4":"format-standard","5":"has-post-thumbnail","7":"category-csolnok","8":"category-hirek","9":"tag-birosag","10":"tag-csolnok","11":"tag-ugyeszseg"},"yoast_head":"<!-- This site is optimized with the Yoast SEO plugin v27.4 - https:\/\/yoast.com\/product\/yoast-seo-wordpress\/ -->\n<title>\u00cdt\u00e9let a 8 h\u00f3napos, leforr\u00e1zott kisl\u00e1ny \u00fcgy\u00e9ben<\/title>\n<meta name=\"robots\" content=\"index, follow, max-snippet:-1, max-image-preview:large, max-video-preview:-1\" \/>\n<link rel=\"canonical\" href=\"https:\/\/dorogimedence.hu\/index.php\/2018\/06\/12\/itelet-a-8-honapos-leforrazott-kislany-ugyeben\/\" class=\"yoast-seo-meta-tag\" \/>\n<meta property=\"og:locale\" content=\"hu_HU\" class=\"yoast-seo-meta-tag\" \/>\n<meta property=\"og:type\" content=\"article\" class=\"yoast-seo-meta-tag\" \/>\n<meta property=\"og:title\" content=\"\u00cdt\u00e9let a 8 h\u00f3napos, leforr\u00e1zott kisl\u00e1ny \u00fcgy\u00e9ben\" class=\"yoast-seo-meta-tag\" \/>\n<meta property=\"og:description\" content=\"Kor\u00e1bban \u00edrtuk, hogy figyelmetlens\u00e9g miatt szenvedett \u00e9letvesz\u00e9lyes \u00e9g\u00e9si s\u00e9r\u00fcl\u00e9seket egy 8 h\u00f3napos kisgyermek Csolnokon. Az esetben \u00edt\u00e9let sz\u00fcletett, ami nem joger\u0151s. A Tatab\u00e1nyai T\u00f6rv\u00e9nysz\u00e9k 1 \u00e9v fogh\u00e1zb\u00fcntet\u00e9sre \u00edt\u00e9lte azt a f\u00e9rfit, akinek a gyermeke az elektromos s\u00fct\u0151 vezet\u00e9k\u00e9n\u00e9l fogva mag\u00e1ra r\u00e1ntotta a forr\u00f3 olajjal teli serpeny\u0151t. A szabads\u00e1gveszt\u00e9s v\u00e9grehajt\u00e1s\u00e1t a b\u00edr\u00f3s\u00e1g 2 \u00e9v 6 h\u00f3nap\" class=\"yoast-seo-meta-tag\" \/>\n<meta property=\"og:url\" content=\"https:\/\/dorogimedence.hu\/index.php\/2018\/06\/12\/itelet-a-8-honapos-leforrazott-kislany-ugyeben\/\" class=\"yoast-seo-meta-tag\" \/>\n<meta property=\"og:site_name\" content=\"Dorogi-medence Region\u00e1lis H\u00edrport\u00e1l\" class=\"yoast-seo-meta-tag\" \/>\n<meta property=\"article:publisher\" content=\"https:\/\/www.facebook.com\/dorogimedence\/\" class=\"yoast-seo-meta-tag\" \/>\n<meta property=\"article:published_time\" content=\"2018-06-12T04:58:16+00:00\" class=\"yoast-seo-meta-tag\" \/>\n<meta property=\"article:modified_time\" content=\"2018-06-12T05:01:53+00:00\" class=\"yoast-seo-meta-tag\" \/>\n<meta property=\"og:image\" content=\"https:\/\/i0.wp.com\/dorogimedence.hu\/wp-content\/uploads\/2018\/04\/tuzhely-01.jpg?fit=670%2C365&ssl=1\" class=\"yoast-seo-meta-tag\" \/>\n\t<meta property=\"og:image:width\" content=\"670\" class=\"yoast-seo-meta-tag\" \/>\n\t<meta property=\"og:image:height\" content=\"365\" class=\"yoast-seo-meta-tag\" \/>\n\t<meta property=\"og:image:type\" content=\"image\/jpeg\" class=\"yoast-seo-meta-tag\" \/>\n<meta name=\"author\" content=\"dorogimedence.hu\" class=\"yoast-seo-meta-tag\" \/>\n<meta name=\"twitter:card\" content=\"summary_large_image\" class=\"yoast-seo-meta-tag\" \/>\n<meta name=\"twitter:label1\" content=\"Szerz\u0151:\" class=\"yoast-seo-meta-tag\" \/>\n\t<meta name=\"twitter:data1\" content=\"dorogimedence.hu\" class=\"yoast-seo-meta-tag\" \/>\n\t<meta name=\"twitter:label2\" content=\"Becs\u00fclt olvas\u00e1si id\u0151\" class=\"yoast-seo-meta-tag\" \/>\n\t<meta name=\"twitter:data2\" content=\"2 perc\" class=\"yoast-seo-meta-tag\" \/>\n<script type=\"application\/ld+json\" class=\"yoast-schema-graph\">{\"@context\":\"https:\\\/\\\/schema.org\",\"@graph\":[{\"@type\":\"Article\",\"@id\":\"https:\\\/\\\/dorogimedence.hu\\\/index.php\\\/2018\\\/06\\\/12\\\/itelet-a-8-honapos-leforrazott-kislany-ugyeben\\\/#article\",\"isPartOf\":{\"@id\":\"https:\\\/\\\/dorogimedence.hu\\\/index.php\\\/2018\\\/06\\\/12\\\/itelet-a-8-honapos-leforrazott-kislany-ugyeben\\\/\"},\"author\":{\"name\":\"dorogimedence.hu\",\"@id\":\"https:\\\/\\\/dorogimedence.hu\\\/#\\\/schema\\\/person\\\/ce6091eeb7e95ecdc87890d6aa8e0fd4\"},\"headline\":\"\u00cdt\u00e9let a 8 h\u00f3napos, leforr\u00e1zott kisl\u00e1ny \u00fcgy\u00e9ben\",\"datePublished\":\"2018-06-12T04:58:16+00:00\",\"dateModified\":\"2018-06-12T05:01:53+00:00\",\"mainEntityOfPage\":{\"@id\":\"https:\\\/\\\/dorogimedence.hu\\\/index.php\\\/2018\\\/06\\\/12\\\/itelet-a-8-honapos-leforrazott-kislany-ugyeben\\\/\"},\"wordCount\":392,\"publisher\":{\"@id\":\"https:\\\/\\\/dorogimedence.hu\\\/#organization\"},\"image\":{\"@id\":\"https:\\\/\\\/dorogimedence.hu\\\/index.php\\\/2018\\\/06\\\/12\\\/itelet-a-8-honapos-leforrazott-kislany-ugyeben\\\/#primaryimage\"},\"thumbnailUrl\":\"https:\\\/\\\/dorogimedence.hu\\\/wp-content\\\/uploads\\\/2018\\\/04\\\/tuzhely-01.jpg\",\"keywords\":[\"b\u00edr\u00f3s\u00e1g\",\"Csolnok\",\"\u00fcgy\u00e9szs\u00e9g\"],\"articleSection\":[\"Csolnok\",\"H\u00edrek\"],\"inLanguage\":\"hu\"},{\"@type\":\"WebPage\",\"@id\":\"https:\\\/\\\/dorogimedence.hu\\\/index.php\\\/2018\\\/06\\\/12\\\/itelet-a-8-honapos-leforrazott-kislany-ugyeben\\\/\",\"url\":\"https:\\\/\\\/dorogimedence.hu\\\/index.php\\\/2018\\\/06\\\/12\\\/itelet-a-8-honapos-leforrazott-kislany-ugyeben\\\/\",\"name\":\"\u00cdt\u00e9let a 8 h\u00f3napos, leforr\u00e1zott kisl\u00e1ny \u00fcgy\u00e9ben\",\"isPartOf\":{\"@id\":\"https:\\\/\\\/dorogimedence.hu\\\/#website\"},\"primaryImageOfPage\":{\"@id\":\"https:\\\/\\\/dorogimedence.hu\\\/index.php\\\/2018\\\/06\\\/12\\\/itelet-a-8-honapos-leforrazott-kislany-ugyeben\\\/#primaryimage\"},\"image\":{\"@id\":\"https:\\\/\\\/dorogimedence.hu\\\/index.php\\\/2018\\\/06\\\/12\\\/itelet-a-8-honapos-leforrazott-kislany-ugyeben\\\/#primaryimage\"},\"thumbnailUrl\":\"https:\\\/\\\/dorogimedence.hu\\\/wp-content\\\/uploads\\\/2018\\\/04\\\/tuzhely-01.jpg\",\"datePublished\":\"2018-06-12T04:58:16+00:00\",\"dateModified\":\"2018-06-12T05:01:53+00:00\",\"breadcrumb\":{\"@id\":\"https:\\\/\\\/dorogimedence.hu\\\/index.php\\\/2018\\\/06\\\/12\\\/itelet-a-8-honapos-leforrazott-kislany-ugyeben\\\/#breadcrumb\"},\"inLanguage\":\"hu\",\"potentialAction\":[{\"@type\":\"ReadAction\",\"target\":[\"https:\\\/\\\/dorogimedence.hu\\\/index.php\\\/2018\\\/06\\\/12\\\/itelet-a-8-honapos-leforrazott-kislany-ugyeben\\\/\"]}]},{\"@type\":\"ImageObject\",\"inLanguage\":\"hu\",\"@id\":\"https:\\\/\\\/dorogimedence.hu\\\/index.php\\\/2018\\\/06\\\/12\\\/itelet-a-8-honapos-leforrazott-kislany-ugyeben\\\/#primaryimage\",\"url\":\"https:\\\/\\\/dorogimedence.hu\\\/wp-content\\\/uploads\\\/2018\\\/04\\\/tuzhely-01.jpg\",\"contentUrl\":\"https:\\\/\\\/dorogimedence.hu\\\/wp-content\\\/uploads\\\/2018\\\/04\\\/tuzhely-01.jpg\",\"width\":670,\"height\":365},{\"@type\":\"BreadcrumbList\",\"@id\":\"https:\\\/\\\/dorogimedence.hu\\\/index.php\\\/2018\\\/06\\\/12\\\/itelet-a-8-honapos-leforrazott-kislany-ugyeben\\\/#breadcrumb\",\"itemListElement\":[{\"@type\":\"ListItem\",\"position\":1,\"name\":\"Kezd\u0151lap\",\"item\":\"https:\\\/\\\/dorogimedence.hu\\\/\"},{\"@type\":\"ListItem\",\"position\":2,\"name\":\"\u00cdt\u00e9let a 8 h\u00f3napos, leforr\u00e1zott kisl\u00e1ny \u00fcgy\u00e9ben\"}]},{\"@type\":\"WebSite\",\"@id\":\"https:\\\/\\\/dorogimedence.hu\\\/#website\",\"url\":\"https:\\\/\\\/dorogimedence.hu\\\/\",\"name\":\"Dorogi-medence Region\u00e1lis H\u00edrport\u00e1l\",\"description\":\"Dorog, Keszt\u00f6lc, Le\u00e1nyv\u00e1r, Piliscs\u00e9v, Tokod, Tokodalt\u00e1r\u00f3, Csolnok, Esztergom-kertv\u00e1ros: h\u00edrek, programok\",\"publisher\":{\"@id\":\"https:\\\/\\\/dorogimedence.hu\\\/#organization\"},\"potentialAction\":[{\"@type\":\"SearchAction\",\"target\":{\"@type\":\"EntryPoint\",\"urlTemplate\":\"https:\\\/\\\/dorogimedence.hu\\\/?s={search_term_string}\"},\"query-input\":{\"@type\":\"PropertyValueSpecification\",\"valueRequired\":true,\"valueName\":\"search_term_string\"}}],\"inLanguage\":\"hu\"},{\"@type\":\"Organization\",\"@id\":\"https:\\\/\\\/dorogimedence.hu\\\/#organization\",\"name\":\"Dorogi-medence Region\u00e1lis H\u00edrport\u00e1l\",\"url\":\"https:\\\/\\\/dorogimedence.hu\\\/\",\"logo\":{\"@type\":\"ImageObject\",\"inLanguage\":\"hu\",\"@id\":\"https:\\\/\\\/dorogimedence.hu\\\/#\\\/schema\\\/logo\\\/image\\\/\",\"url\":\"https:\\\/\\\/dorogimedence.hu\\\/wp-content\\\/uploads\\\/2021\\\/04\\\/logo-feher-600.png\",\"contentUrl\":\"https:\\\/\\\/dorogimedence.hu\\\/wp-content\\\/uploads\\\/2021\\\/04\\\/logo-feher-600.png\",\"width\":600,\"height\":100,\"caption\":\"Dorogi-medence Region\u00e1lis H\u00edrport\u00e1l\"},\"image\":{\"@id\":\"https:\\\/\\\/dorogimedence.hu\\\/#\\\/schema\\\/logo\\\/image\\\/\"},\"sameAs\":[\"https:\\\/\\\/www.facebook.com\\\/dorogimedence\\\/\"]},{\"@type\":\"Person\",\"@id\":\"https:\\\/\\\/dorogimedence.hu\\\/#\\\/schema\\\/person\\\/ce6091eeb7e95ecdc87890d6aa8e0fd4\",\"name\":\"dorogimedence.hu\",\"image\":{\"@type\":\"ImageObject\",\"inLanguage\":\"hu\",\"@id\":\"\\\/\\\/www.gravatar.com\\\/avatar\\\/d8d45f8901aadff40a4af72c0b826f1d?s=96&#038;r=g&#038;d=mm\",\"url\":\"\\\/\\\/www.gravatar.com\\\/avatar\\\/d8d45f8901aadff40a4af72c0b826f1d?s=96&#038;r=g&#038;d=mm\",\"contentUrl\":\"\\\/\\\/www.gravatar.com\\\/avatar\\\/d8d45f8901aadff40a4af72c0b826f1d?s=96&#038;r=g&#038;d=mm\",\"caption\":\"dorogimedence.hu\"}}]}<\/script>\n<!-- \/ Yoast SEO plugin. -->","yoast_head_json":{"title":"\u00cdt\u00e9let a 8 h\u00f3napos, leforr\u00e1zott kisl\u00e1ny \u00fcgy\u00e9ben","robots":{"index":"index","follow":"follow","max-snippet":"max-snippet:-1","max-image-preview":"max-image-preview:large","max-video-preview":"max-video-preview:-1"},"canonical":"https:\/\/dorogimedence.hu\/index.php\/2018\/06\/12\/itelet-a-8-honapos-leforrazott-kislany-ugyeben\/","og_locale":"hu_HU","og_type":"article","og_title":"\u00cdt\u00e9let a 8 h\u00f3napos, leforr\u00e1zott kisl\u00e1ny \u00fcgy\u00e9ben","og_description":"Kor\u00e1bban \u00edrtuk, hogy figyelmetlens\u00e9g miatt szenvedett \u00e9letvesz\u00e9lyes \u00e9g\u00e9si s\u00e9r\u00fcl\u00e9seket egy 8 h\u00f3napos kisgyermek Csolnokon. Az esetben \u00edt\u00e9let sz\u00fcletett, ami nem joger\u0151s. A Tatab\u00e1nyai T\u00f6rv\u00e9nysz\u00e9k 1 \u00e9v fogh\u00e1zb\u00fcntet\u00e9sre \u00edt\u00e9lte azt a f\u00e9rfit, akinek a gyermeke az elektromos s\u00fct\u0151 vezet\u00e9k\u00e9n\u00e9l fogva mag\u00e1ra r\u00e1ntotta a forr\u00f3 olajjal teli serpeny\u0151t. A szabads\u00e1gveszt\u00e9s v\u00e9grehajt\u00e1s\u00e1t a b\u00edr\u00f3s\u00e1g 2 \u00e9v 6 h\u00f3nap","og_url":"https:\/\/dorogimedence.hu\/index.php\/2018\/06\/12\/itelet-a-8-honapos-leforrazott-kislany-ugyeben\/","og_site_name":"Dorogi-medence Region\u00e1lis H\u00edrport\u00e1l","article_publisher":"https:\/\/www.facebook.com\/dorogimedence\/","article_published_time":"2018-06-12T04:58:16+00:00","article_modified_time":"2018-06-12T05:01:53+00:00","og_image":[{"width":670,"height":365,"url":"https:\/\/i0.wp.com\/dorogimedence.hu\/wp-content\/uploads\/2018\/04\/tuzhely-01.jpg?fit=670%2C365&ssl=1","type":"image\/jpeg"}],"author":"dorogimedence.hu","twitter_card":"summary_large_image","twitter_misc":{"Szerz\u0151:":"dorogimedence.hu","Becs\u00fclt olvas\u00e1si id\u0151":"2 perc"},"schema":{"@context":"https:\/\/schema.org","@graph":[{"@type":"Article","@id":"https:\/\/dorogimedence.hu\/index.php\/2018\/06\/12\/itelet-a-8-honapos-leforrazott-kislany-ugyeben\/#article","isPartOf":{"@id":"https:\/\/dorogimedence.hu\/index.php\/2018\/06\/12\/itelet-a-8-honapos-leforrazott-kislany-ugyeben\/"},"author":{"name":"dorogimedence.hu","@id":"https:\/\/dorogimedence.hu\/#\/schema\/person\/ce6091eeb7e95ecdc87890d6aa8e0fd4"},"headline":"\u00cdt\u00e9let a 8 h\u00f3napos, leforr\u00e1zott kisl\u00e1ny \u00fcgy\u00e9ben","datePublished":"2018-06-12T04:58:16+00:00","dateModified":"2018-06-12T05:01:53+00:00","mainEntityOfPage":{"@id":"https:\/\/dorogimedence.hu\/index.php\/2018\/06\/12\/itelet-a-8-honapos-leforrazott-kislany-ugyeben\/"},"wordCount":392,"publisher":{"@id":"https:\/\/dorogimedence.hu\/#organization"},"image":{"@id":"https:\/\/dorogimedence.hu\/index.php\/2018\/06\/12\/itelet-a-8-honapos-leforrazott-kislany-ugyeben\/#primaryimage"},"thumbnailUrl":"https:\/\/dorogimedence.hu\/wp-content\/uploads\/2018\/04\/tuzhely-01.jpg","keywords":["b\u00edr\u00f3s\u00e1g","Csolnok","\u00fcgy\u00e9szs\u00e9g"],"articleSection":["Csolnok","H\u00edrek"],"inLanguage":"hu"},{"@type":"WebPage","@id":"https:\/\/dorogimedence.hu\/index.php\/2018\/06\/12\/itelet-a-8-honapos-leforrazott-kislany-ugyeben\/","url":"https:\/\/dorogimedence.hu\/index.php\/2018\/06\/12\/itelet-a-8-honapos-leforrazott-kislany-ugyeben\/","name":"\u00cdt\u00e9let a 8 h\u00f3napos, leforr\u00e1zott kisl\u00e1ny \u00fcgy\u00e9ben","isPartOf":{"@id":"https:\/\/dorogimedence.hu\/#website"},"primaryImageOfPage":{"@id":"https:\/\/dorogimedence.hu\/index.php\/2018\/06\/12\/itelet-a-8-honapos-leforrazott-kislany-ugyeben\/#primaryimage"},"image":{"@id":"https:\/\/dorogimedence.hu\/index.php\/2018\/06\/12\/itelet-a-8-honapos-leforrazott-kislany-ugyeben\/#primaryimage"},"thumbnailUrl":"https:\/\/dorogimedence.hu\/wp-content\/uploads\/2018\/04\/tuzhely-01.jpg","datePublished":"2018-06-12T04:58:16+00:00","dateModified":"2018-06-12T05:01:53+00:00","breadcrumb":{"@id":"https:\/\/dorogimedence.hu\/index.php\/2018\/06\/12\/itelet-a-8-honapos-leforrazott-kislany-ugyeben\/#breadcrumb"},"inLanguage":"hu","potentialAction":[{"@type":"ReadAction","target":["https:\/\/dorogimedence.hu\/index.php\/2018\/06\/12\/itelet-a-8-honapos-leforrazott-kislany-ugyeben\/"]}]},{"@type":"ImageObject","inLanguage":"hu","@id":"https:\/\/dorogimedence.hu\/index.php\/2018\/06\/12\/itelet-a-8-honapos-leforrazott-kislany-ugyeben\/#primaryimage","url":"https:\/\/dorogimedence.hu\/wp-content\/uploads\/2018\/04\/tuzhely-01.jpg","contentUrl":"https:\/\/dorogimedence.hu\/wp-content\/uploads\/2018\/04\/tuzhely-01.jpg","width":670,"height":365},{"@type":"BreadcrumbList","@id":"https:\/\/dorogimedence.hu\/index.php\/2018\/06\/12\/itelet-a-8-honapos-leforrazott-kislany-ugyeben\/#breadcrumb","itemListElement":[{"@type":"ListItem","position":1,"name":"Kezd\u0151lap","item":"https:\/\/dorogimedence.hu\/"},{"@type":"ListItem","position":2,"name":"\u00cdt\u00e9let a 8 h\u00f3napos, leforr\u00e1zott kisl\u00e1ny \u00fcgy\u00e9ben"}]},{"@type":"WebSite","@id":"https:\/\/dorogimedence.hu\/#website","url":"https:\/\/dorogimedence.hu\/","name":"Dorogi-medence Region\u00e1lis H\u00edrport\u00e1l","description":"Dorog, Keszt\u00f6lc, Le\u00e1nyv\u00e1r, Piliscs\u00e9v, Tokod, Tokodalt\u00e1r\u00f3, Csolnok, Esztergom-kertv\u00e1ros: h\u00edrek, programok","publisher":{"@id":"https:\/\/dorogimedence.hu\/#organization"},"potentialAction":[{"@type":"SearchAction","target":{"@type":"EntryPoint","urlTemplate":"https:\/\/dorogimedence.hu\/?s={search_term_string}"},"query-input":{"@type":"PropertyValueSpecification","valueRequired":true,"valueName":"search_term_string"}}],"inLanguage":"hu"},{"@type":"Organization","@id":"https:\/\/dorogimedence.hu\/#organization","name":"Dorogi-medence Region\u00e1lis H\u00edrport\u00e1l","url":"https:\/\/dorogimedence.hu\/","logo":{"@type":"ImageObject","inLanguage":"hu","@id":"https:\/\/dorogimedence.hu\/#\/schema\/logo\/image\/","url":"https:\/\/dorogimedence.hu\/wp-content\/uploads\/2021\/04\/logo-feher-600.png","contentUrl":"https:\/\/dorogimedence.hu\/wp-content\/uploads\/2021\/04\/logo-feher-600.png","width":600,"height":100,"caption":"Dorogi-medence Region\u00e1lis H\u00edrport\u00e1l"},"image":{"@id":"https:\/\/dorogimedence.hu\/#\/schema\/logo\/image\/"},"sameAs":["https:\/\/www.facebook.com\/dorogimedence\/"]},{"@type":"Person","@id":"https:\/\/dorogimedence.hu\/#\/schema\/person\/ce6091eeb7e95ecdc87890d6aa8e0fd4","name":"dorogimedence.hu","image":{"@type":"ImageObject","inLanguage":"hu","@id":"\/\/www.gravatar.com\/avatar\/d8d45f8901aadff40a4af72c0b826f1d?s=96&#038;r=g&#038;d=mm","url":"\/\/www.gravatar.com\/avatar\/d8d45f8901aadff40a4af72c0b826f1d?s=96&#038;r=g&#038;d=mm","contentUrl":"\/\/www.gravatar.com\/avatar\/d8d45f8901aadff40a4af72c0b826f1d?s=96&#038;r=g&#038;d=mm","caption":"dorogimedence.hu"}}]}},"_links":{"self":[{"href":"https:\/\/dorogimedence.hu\/index.php\/wp-json\/wp\/v2\/posts\/10637","targetHints":{"allow":["GET"]}}],"collection":[{"href":"https:\/\/dorogimedence.hu\/index.php\/wp-json\/wp\/v2\/posts"}],"about":[{"href":"https:\/\/dorogimedence.hu\/index.php\/wp-json\/wp\/v2\/types\/post"}],"author":[{"embeddable":true,"href":"https:\/\/dorogimedence.hu\/index.php\/wp-json\/wp\/v2\/users\/1"}],"replies":[{"embeddable":true,"href":"https:\/\/dorogimedence.hu\/index.php\/wp-json\/wp\/v2\/comments?post=10637"}],"version-history":[{"count":0,"href":"https:\/\/dorogimedence.hu\/index.php\/wp-json\/wp\/v2\/posts\/10637\/revisions"}],"wp:featuredmedia":[{"embeddable":true,"href":"https:\/\/dorogimedence.hu\/index.php\/wp-json\/wp\/v2\/media\/9778"}],"wp:attachment":[{"href":"https:\/\/dorogimedence.hu\/index.php\/wp-json\/wp\/v2\/media?parent=10637"}],"wp:term":[{"taxonomy":"category","embeddable":true,"href":"https:\/\/dorogimedence.hu\/index.php\/wp-json\/wp\/v2\/categories?post=10637"},{"taxonomy":"post_tag","embeddable":true,"href":"https:\/\/dorogimedence.hu\/index.php\/wp-json\/wp\/v2\/tags?post=10637"}],"curies":[{"name":"wp","href":"https:\/\/api.w.org\/{rel}","templated":true}]}}