{"id":10558,"date":"2018-06-07T07:20:30","date_gmt":"2018-06-07T05:20:30","guid":{"rendered":"http:\/\/dorogimedence.hu\/?p=10558"},"modified":"2018-06-07T07:20:30","modified_gmt":"2018-06-07T05:20:30","slug":"hankook-abroncsokon-gurulhatnak-a-civil-szervezetek-megyenkben","status":"publish","type":"post","link":"https:\/\/dorogimedence.hu\/index.php\/2018\/06\/07\/hankook-abroncsokon-gurulhatnak-a-civil-szervezetek-megyenkben\/","title":{"rendered":"Hankook abroncsokon gurulhatnak a civil szervezetek megy\u00e9nkben"},"content":{"rendered":"<p><strong>Hetedik alkalommal hirdeti meg Abroncsadom\u00e1nyoz\u00e1si Programj\u00e1t a Hankook Tire Magyarorsz\u00e1g Kft. A program keret\u00e9n bel\u00fcl megy\u00e9nk egyes\u00fcletei, alap\u00edtv\u00e1nyai \u00e9s civil szervezetei is p\u00e1ly\u00e1zhatnak!<br \/>\n<\/strong><\/p>\n<p>A 2012-ben ind\u00edtott, ma m\u00e1r az orsz\u00e1g legnagyobb ilyen jelleg\u0171 kezdem\u00e9nyez\u00e9s\u00e9nek sz\u00e1m\u00edt\u00f3 programj\u00e1ban a v\u00e1llalat m\u00e1r t\u00f6bb mint 13 000 abronccsal, 273 milli\u00f3 forint \u00e9rt\u00e9kben t\u00e1mogatta a fontos t\u00e1rsadalmi c\u00e9lokat felkarol\u00f3 civil szervezeteket.<\/p>\n<p><span style=\"color: #ff0000;\"><strong>P\u00e1ly\u00e1zni a <a href=\"http:\/\/www.hankookadomany.hu\/\" target=\"_blank\" rel=\"noopener\"><span style=\"text-decoration: underline; color: #0000ff;\">www.hankookadomany.hu<\/span><\/a> oldalon lehet 2018. j\u00falius 20-ig.<\/strong><\/span><\/p>\n<p>Ebben az \u00e9vben is meghirdette egyed\u00fcl\u00e1ll\u00f3 Abroncsadom\u00e1nyoz\u00e1si Programj\u00e1t a Hankook Tire Magyarorsz\u00e1g Kft. Ennek keret\u00e9ben a v\u00e1llalat olyan alap\u00edtv\u00e1nyoknak, kisebb egyes\u00fcleteknek \u00e9s nonprofit szervezeteknek k\u00edv\u00e1n seg\u00edts\u00e9get ny\u00fajtani, amelyek egy\u00e9bk\u00e9nt ritk\u00e1n \u00e9s csak nagy er\u0151fesz\u00edt\u00e9sek \u00e1r\u00e1n jutnak t\u00e1mogat\u00e1shoz.<\/p>\n<p>\u201e\u00d6r\u00fcl\u00fcnk, hogy \u00e9vr\u0151l \u00e9vre t\u00e1mogathatjuk azokat szervezeteket, amelyek munk\u00e1jukkal rengeteget tesznek a helyi k\u00f6z\u00f6ss\u00e9gek \u00e9let\u00e9\u00e9rt, a k\u00f6rnyezet\u00e9rt vagy a beteg gyerekek\u00e9rt. Feladatunknak \u00e9rezz\u00fck, hogy seg\u00edts\u00fck tev\u00e9kenys\u00e9g\u00fcket, term\u00e9keinkkel sz\u00f3 szerint g\u00f6rd\u00fcl\u00e9kenyebb\u00e9, gyorsabb\u00e1, biztons\u00e1gosabb\u00e1 tegy\u00fck a napi munk\u00e1jukat\u201d <em>\u2013 mondta Roy Katalin, a Hankook Tire Magyarorsz\u00e1g Kft. kommunik\u00e1ci\u00f3s vezet\u0151je.<\/em><\/p>\n<p>Az elm\u00falt \u00e9vben t\u00f6bb Kom\u00e1rom-Esztergom megyei szervezettel egy\u00fctt t\u00e1mogat\u00e1sban r\u00e9szes\u00fclt a v\u00e9rtessoml\u00f3i \u00d6nk\u00e9ntes T\u0171zolt\u00f3 Egyes\u00fclet is. \u201eSzervezet\u00fcnkben t\u00f6bb mint 60 \u00f6nk\u00e9ntes dolgozik a t\u0171z- \u00e9s katasztr\u00f3fav\u00e9delem ter\u00fclet\u00e9n, valamint a m\u0171szaki ment\u00e9sek \u00e9s a k\u00e1relh\u00e1r\u00edt\u00e1s helyi megval\u00f3s\u00edt\u00e1s\u00e1\u00e9rt. Az \u00e9les bevet\u00e9sek mellett k\u00f6zs\u00e9g\u00fcnk lakoss\u00e1g\u00e1nak v\u00e9delm\u00e9ben \u00e9s egy\u00e9b helyzetekben is seg\u00edts\u00e9get ny\u00fajtunk \u2013 legyen sz\u00f3 fakiv\u00e1g\u00e1sr\u00f3l vagy szivatty\u00faz\u00e1sr\u00f3l. A tavalyi p\u00e1ly\u00e1zaton nyert adom\u00e1nynak k\u00f6sz\u00f6nhet\u0151en g\u00e9pj\u00e1rm\u0171veinkre \u00faj, korszer\u0171 abroncsok ker\u00fcltek, amivel biztos\u00edthatjuk t\u0171zolt\u00f3ink testi \u00e9ps\u00e9g\u00e9t az utakon\u201d \u2013 nyilatkozta Schaffer L\u00e1szl\u00f3, az egyes\u00fclet eln\u00f6ke.<\/p>\n<p>A p\u00e1ly\u00e1z\u00f3 szervezetek ez\u00fattal is egyenk\u00e9nt 12 darab, azaz 3 garnit\u00fara Hankook abroncsra adhatj\u00e1k be ig\u00e9ny\u00fcket j\u00falius 20-ig a <span style=\"text-decoration: underline; color: #0000ff;\"><a style=\"color: #0000ff; text-decoration: underline;\" href=\"http:\/\/www.hankookadomany.hu\" target=\"_blank\" rel=\"noopener\">www.hankookadomany.hu<\/a><\/span> weboldalon. A t\u00e1mogat\u00e1sra azok a legal\u00e1bb 5 \u00e9ve m\u0171k\u00f6d\u0151 alap\u00edtv\u00e1nyok, k\u00f6zalap\u00edtv\u00e1nyok, illetve egyes\u00fcletek p\u00e1ly\u00e1zhatnak, akiknek k\u00f6rnyezet-, t\u00e1j- vagy term\u00e9szetv\u00e9delem, fenntarthat\u00f3 fejl\u0151d\u00e9s, beteg gyermekek, korasz\u00fcl\u00f6ttek sz\u00e1ll\u00edt\u00e1sa vagy rend- \u00e9s katasztr\u00f3fav\u00e9delem a f\u0151 tev\u00e9kenys\u00e9gi k\u00f6re.<\/p>\n","protected":false},"excerpt":{"rendered":"<p>Hetedik alkalommal hirdeti meg Abroncsadom\u00e1nyoz\u00e1si Programj\u00e1t a Hankook Tire Magyarorsz\u00e1g Kft. A program keret\u00e9n bel\u00fcl megy\u00e9nk egyes\u00fcletei, alap\u00edtv\u00e1nyai \u00e9s civil szervezetei is p\u00e1ly\u00e1zhatnak! A 2012-ben ind\u00edtott, ma m\u00e1r az orsz\u00e1g legnagyobb ilyen jelleg\u0171 kezdem\u00e9nyez\u00e9s\u00e9nek sz\u00e1m\u00edt\u00f3 programj\u00e1ban a v\u00e1llalat m\u00e1r t\u00f6bb mint 13 000 abronccsal, 273 milli\u00f3 forint \u00e9rt\u00e9kben t\u00e1mogatta a fontos t\u00e1rsadalmi c\u00e9lokat felkarol\u00f3 civil<\/p>\n","protected":false},"author":1,"featured_media":10559,"comment_status":"closed","ping_status":"closed","sticky":false,"template":"","format":"standard","meta":{"ngg_post_thumbnail":0,"footnotes":""},"categories":[3,56],"tags":[2620,693,2619,74],"class_list":{"0":"post-10558","1":"post","2":"type-post","3":"status-publish","4":"format-standard","5":"has-post-thumbnail","7":"category-hirek","8":"category-komarom-esztergom","9":"tag-abroncs","10":"tag-civil-szervezetek","11":"tag-hankook","12":"tag-palyazat"},"yoast_head":"<!-- This site is optimized with the Yoast SEO plugin v27.5 - https:\/\/yoast.com\/product\/yoast-seo-wordpress\/ -->\n<title>Hankook abroncsokon gurulhatnak a civil szervezetek megy\u00e9nkben<\/title>\n<meta name=\"robots\" content=\"index, follow, max-snippet:-1, max-image-preview:large, max-video-preview:-1\" \/>\n<link rel=\"canonical\" href=\"https:\/\/dorogimedence.hu\/index.php\/2018\/06\/07\/hankook-abroncsokon-gurulhatnak-a-civil-szervezetek-megyenkben\/\" class=\"yoast-seo-meta-tag\" \/>\n<meta property=\"og:locale\" content=\"hu_HU\" class=\"yoast-seo-meta-tag\" \/>\n<meta property=\"og:type\" content=\"article\" class=\"yoast-seo-meta-tag\" \/>\n<meta property=\"og:title\" content=\"Hankook abroncsokon gurulhatnak a civil szervezetek megy\u00e9nkben\" class=\"yoast-seo-meta-tag\" \/>\n<meta property=\"og:description\" content=\"Hetedik alkalommal hirdeti meg Abroncsadom\u00e1nyoz\u00e1si Programj\u00e1t a Hankook Tire Magyarorsz\u00e1g Kft. A program keret\u00e9n bel\u00fcl megy\u00e9nk egyes\u00fcletei, alap\u00edtv\u00e1nyai \u00e9s civil szervezetei is p\u00e1ly\u00e1zhatnak! A 2012-ben ind\u00edtott, ma m\u00e1r az orsz\u00e1g legnagyobb ilyen jelleg\u0171 kezdem\u00e9nyez\u00e9s\u00e9nek sz\u00e1m\u00edt\u00f3 programj\u00e1ban a v\u00e1llalat m\u00e1r t\u00f6bb mint 13 000 abronccsal, 273 milli\u00f3 forint \u00e9rt\u00e9kben t\u00e1mogatta a fontos t\u00e1rsadalmi c\u00e9lokat felkarol\u00f3 civil\" class=\"yoast-seo-meta-tag\" \/>\n<meta property=\"og:url\" content=\"https:\/\/dorogimedence.hu\/index.php\/2018\/06\/07\/hankook-abroncsokon-gurulhatnak-a-civil-szervezetek-megyenkben\/\" class=\"yoast-seo-meta-tag\" \/>\n<meta property=\"og:site_name\" content=\"Dorogi-medence Region\u00e1lis H\u00edrport\u00e1l\" class=\"yoast-seo-meta-tag\" \/>\n<meta property=\"article:publisher\" content=\"https:\/\/www.facebook.com\/dorogimedence\/\" class=\"yoast-seo-meta-tag\" \/>\n<meta property=\"article:published_time\" content=\"2018-06-07T05:20:30+00:00\" class=\"yoast-seo-meta-tag\" \/>\n<meta property=\"og:image\" content=\"https:\/\/i0.wp.com\/dorogimedence.hu\/wp-content\/uploads\/2018\/06\/hankook.jpg?fit=670%2C365&ssl=1\" class=\"yoast-seo-meta-tag\" \/>\n\t<meta property=\"og:image:width\" content=\"670\" class=\"yoast-seo-meta-tag\" \/>\n\t<meta property=\"og:image:height\" content=\"365\" class=\"yoast-seo-meta-tag\" \/>\n\t<meta property=\"og:image:type\" content=\"image\/jpeg\" class=\"yoast-seo-meta-tag\" \/>\n<meta name=\"author\" content=\"dorogimedence.hu\" class=\"yoast-seo-meta-tag\" \/>\n<meta name=\"twitter:card\" content=\"summary_large_image\" class=\"yoast-seo-meta-tag\" \/>\n<meta name=\"twitter:label1\" content=\"Szerz\u0151:\" class=\"yoast-seo-meta-tag\" \/>\n\t<meta name=\"twitter:data1\" content=\"dorogimedence.hu\" class=\"yoast-seo-meta-tag\" \/>\n\t<meta name=\"twitter:label2\" content=\"Becs\u00fclt olvas\u00e1si id\u0151\" class=\"yoast-seo-meta-tag\" \/>\n\t<meta name=\"twitter:data2\" content=\"2 perc\" class=\"yoast-seo-meta-tag\" \/>\n<script type=\"application\/ld+json\" class=\"yoast-schema-graph\">{\"@context\":\"https:\\\/\\\/schema.org\",\"@graph\":[{\"@type\":\"Article\",\"@id\":\"https:\\\/\\\/dorogimedence.hu\\\/index.php\\\/2018\\\/06\\\/07\\\/hankook-abroncsokon-gurulhatnak-a-civil-szervezetek-megyenkben\\\/#article\",\"isPartOf\":{\"@id\":\"https:\\\/\\\/dorogimedence.hu\\\/index.php\\\/2018\\\/06\\\/07\\\/hankook-abroncsokon-gurulhatnak-a-civil-szervezetek-megyenkben\\\/\"},\"author\":{\"name\":\"dorogimedence.hu\",\"@id\":\"https:\\\/\\\/dorogimedence.hu\\\/#\\\/schema\\\/person\\\/ce6091eeb7e95ecdc87890d6aa8e0fd4\"},\"headline\":\"Hankook abroncsokon gurulhatnak a civil szervezetek megy\u00e9nkben\",\"datePublished\":\"2018-06-07T05:20:30+00:00\",\"mainEntityOfPage\":{\"@id\":\"https:\\\/\\\/dorogimedence.hu\\\/index.php\\\/2018\\\/06\\\/07\\\/hankook-abroncsokon-gurulhatnak-a-civil-szervezetek-megyenkben\\\/\"},\"wordCount\":472,\"publisher\":{\"@id\":\"https:\\\/\\\/dorogimedence.hu\\\/#organization\"},\"image\":{\"@id\":\"https:\\\/\\\/dorogimedence.hu\\\/index.php\\\/2018\\\/06\\\/07\\\/hankook-abroncsokon-gurulhatnak-a-civil-szervezetek-megyenkben\\\/#primaryimage\"},\"thumbnailUrl\":\"https:\\\/\\\/dorogimedence.hu\\\/wp-content\\\/uploads\\\/2018\\\/06\\\/hankook.jpg\",\"keywords\":[\"abroncs\",\"civil szervezetek\",\"Hankook\",\"p\u00e1ly\u00e1zat\"],\"articleSection\":[\"H\u00edrek\",\"Kom\u00e1rom-Esztergom\"],\"inLanguage\":\"hu\"},{\"@type\":\"WebPage\",\"@id\":\"https:\\\/\\\/dorogimedence.hu\\\/index.php\\\/2018\\\/06\\\/07\\\/hankook-abroncsokon-gurulhatnak-a-civil-szervezetek-megyenkben\\\/\",\"url\":\"https:\\\/\\\/dorogimedence.hu\\\/index.php\\\/2018\\\/06\\\/07\\\/hankook-abroncsokon-gurulhatnak-a-civil-szervezetek-megyenkben\\\/\",\"name\":\"Hankook abroncsokon gurulhatnak a civil szervezetek megy\u00e9nkben\",\"isPartOf\":{\"@id\":\"https:\\\/\\\/dorogimedence.hu\\\/#website\"},\"primaryImageOfPage\":{\"@id\":\"https:\\\/\\\/dorogimedence.hu\\\/index.php\\\/2018\\\/06\\\/07\\\/hankook-abroncsokon-gurulhatnak-a-civil-szervezetek-megyenkben\\\/#primaryimage\"},\"image\":{\"@id\":\"https:\\\/\\\/dorogimedence.hu\\\/index.php\\\/2018\\\/06\\\/07\\\/hankook-abroncsokon-gurulhatnak-a-civil-szervezetek-megyenkben\\\/#primaryimage\"},\"thumbnailUrl\":\"https:\\\/\\\/dorogimedence.hu\\\/wp-content\\\/uploads\\\/2018\\\/06\\\/hankook.jpg\",\"datePublished\":\"2018-06-07T05:20:30+00:00\",\"breadcrumb\":{\"@id\":\"https:\\\/\\\/dorogimedence.hu\\\/index.php\\\/2018\\\/06\\\/07\\\/hankook-abroncsokon-gurulhatnak-a-civil-szervezetek-megyenkben\\\/#breadcrumb\"},\"inLanguage\":\"hu\",\"potentialAction\":[{\"@type\":\"ReadAction\",\"target\":[\"https:\\\/\\\/dorogimedence.hu\\\/index.php\\\/2018\\\/06\\\/07\\\/hankook-abroncsokon-gurulhatnak-a-civil-szervezetek-megyenkben\\\/\"]}]},{\"@type\":\"ImageObject\",\"inLanguage\":\"hu\",\"@id\":\"https:\\\/\\\/dorogimedence.hu\\\/index.php\\\/2018\\\/06\\\/07\\\/hankook-abroncsokon-gurulhatnak-a-civil-szervezetek-megyenkben\\\/#primaryimage\",\"url\":\"https:\\\/\\\/dorogimedence.hu\\\/wp-content\\\/uploads\\\/2018\\\/06\\\/hankook.jpg\",\"contentUrl\":\"https:\\\/\\\/dorogimedence.hu\\\/wp-content\\\/uploads\\\/2018\\\/06\\\/hankook.jpg\",\"width\":670,\"height\":365},{\"@type\":\"BreadcrumbList\",\"@id\":\"https:\\\/\\\/dorogimedence.hu\\\/index.php\\\/2018\\\/06\\\/07\\\/hankook-abroncsokon-gurulhatnak-a-civil-szervezetek-megyenkben\\\/#breadcrumb\",\"itemListElement\":[{\"@type\":\"ListItem\",\"position\":1,\"name\":\"Kezd\u0151lap\",\"item\":\"https:\\\/\\\/dorogimedence.hu\\\/\"},{\"@type\":\"ListItem\",\"position\":2,\"name\":\"Hankook abroncsokon gurulhatnak a civil szervezetek megy\u00e9nkben\"}]},{\"@type\":\"WebSite\",\"@id\":\"https:\\\/\\\/dorogimedence.hu\\\/#website\",\"url\":\"https:\\\/\\\/dorogimedence.hu\\\/\",\"name\":\"Dorogi-medence Region\u00e1lis H\u00edrport\u00e1l\",\"description\":\"Dorog, Keszt\u00f6lc, Le\u00e1nyv\u00e1r, Piliscs\u00e9v, Tokod, Tokodalt\u00e1r\u00f3, Csolnok, Esztergom-kertv\u00e1ros: h\u00edrek, programok\",\"publisher\":{\"@id\":\"https:\\\/\\\/dorogimedence.hu\\\/#organization\"},\"potentialAction\":[{\"@type\":\"SearchAction\",\"target\":{\"@type\":\"EntryPoint\",\"urlTemplate\":\"https:\\\/\\\/dorogimedence.hu\\\/?s={search_term_string}\"},\"query-input\":{\"@type\":\"PropertyValueSpecification\",\"valueRequired\":true,\"valueName\":\"search_term_string\"}}],\"inLanguage\":\"hu\"},{\"@type\":\"Organization\",\"@id\":\"https:\\\/\\\/dorogimedence.hu\\\/#organization\",\"name\":\"Dorogi-medence Region\u00e1lis H\u00edrport\u00e1l\",\"url\":\"https:\\\/\\\/dorogimedence.hu\\\/\",\"logo\":{\"@type\":\"ImageObject\",\"inLanguage\":\"hu\",\"@id\":\"https:\\\/\\\/dorogimedence.hu\\\/#\\\/schema\\\/logo\\\/image\\\/\",\"url\":\"https:\\\/\\\/dorogimedence.hu\\\/wp-content\\\/uploads\\\/2021\\\/04\\\/logo-feher-600.png\",\"contentUrl\":\"https:\\\/\\\/dorogimedence.hu\\\/wp-content\\\/uploads\\\/2021\\\/04\\\/logo-feher-600.png\",\"width\":600,\"height\":100,\"caption\":\"Dorogi-medence Region\u00e1lis H\u00edrport\u00e1l\"},\"image\":{\"@id\":\"https:\\\/\\\/dorogimedence.hu\\\/#\\\/schema\\\/logo\\\/image\\\/\"},\"sameAs\":[\"https:\\\/\\\/www.facebook.com\\\/dorogimedence\\\/\"]},{\"@type\":\"Person\",\"@id\":\"https:\\\/\\\/dorogimedence.hu\\\/#\\\/schema\\\/person\\\/ce6091eeb7e95ecdc87890d6aa8e0fd4\",\"name\":\"dorogimedence.hu\",\"image\":{\"@type\":\"ImageObject\",\"inLanguage\":\"hu\",\"@id\":\"\\\/\\\/www.gravatar.com\\\/avatar\\\/d8d45f8901aadff40a4af72c0b826f1d?s=96&#038;r=g&#038;d=mm\",\"url\":\"\\\/\\\/www.gravatar.com\\\/avatar\\\/d8d45f8901aadff40a4af72c0b826f1d?s=96&#038;r=g&#038;d=mm\",\"contentUrl\":\"\\\/\\\/www.gravatar.com\\\/avatar\\\/d8d45f8901aadff40a4af72c0b826f1d?s=96&#038;r=g&#038;d=mm\",\"caption\":\"dorogimedence.hu\"}}]}<\/script>\n<!-- \/ Yoast SEO plugin. -->","yoast_head_json":{"title":"Hankook abroncsokon gurulhatnak a civil szervezetek megy\u00e9nkben","robots":{"index":"index","follow":"follow","max-snippet":"max-snippet:-1","max-image-preview":"max-image-preview:large","max-video-preview":"max-video-preview:-1"},"canonical":"https:\/\/dorogimedence.hu\/index.php\/2018\/06\/07\/hankook-abroncsokon-gurulhatnak-a-civil-szervezetek-megyenkben\/","og_locale":"hu_HU","og_type":"article","og_title":"Hankook abroncsokon gurulhatnak a civil szervezetek megy\u00e9nkben","og_description":"Hetedik alkalommal hirdeti meg Abroncsadom\u00e1nyoz\u00e1si Programj\u00e1t a Hankook Tire Magyarorsz\u00e1g Kft. A program keret\u00e9n bel\u00fcl megy\u00e9nk egyes\u00fcletei, alap\u00edtv\u00e1nyai \u00e9s civil szervezetei is p\u00e1ly\u00e1zhatnak! A 2012-ben ind\u00edtott, ma m\u00e1r az orsz\u00e1g legnagyobb ilyen jelleg\u0171 kezdem\u00e9nyez\u00e9s\u00e9nek sz\u00e1m\u00edt\u00f3 programj\u00e1ban a v\u00e1llalat m\u00e1r t\u00f6bb mint 13 000 abronccsal, 273 milli\u00f3 forint \u00e9rt\u00e9kben t\u00e1mogatta a fontos t\u00e1rsadalmi c\u00e9lokat felkarol\u00f3 civil","og_url":"https:\/\/dorogimedence.hu\/index.php\/2018\/06\/07\/hankook-abroncsokon-gurulhatnak-a-civil-szervezetek-megyenkben\/","og_site_name":"Dorogi-medence Region\u00e1lis H\u00edrport\u00e1l","article_publisher":"https:\/\/www.facebook.com\/dorogimedence\/","article_published_time":"2018-06-07T05:20:30+00:00","og_image":[{"width":670,"height":365,"url":"https:\/\/i0.wp.com\/dorogimedence.hu\/wp-content\/uploads\/2018\/06\/hankook.jpg?fit=670%2C365&ssl=1","type":"image\/jpeg"}],"author":"dorogimedence.hu","twitter_card":"summary_large_image","twitter_misc":{"Szerz\u0151:":"dorogimedence.hu","Becs\u00fclt olvas\u00e1si id\u0151":"2 perc"},"schema":{"@context":"https:\/\/schema.org","@graph":[{"@type":"Article","@id":"https:\/\/dorogimedence.hu\/index.php\/2018\/06\/07\/hankook-abroncsokon-gurulhatnak-a-civil-szervezetek-megyenkben\/#article","isPartOf":{"@id":"https:\/\/dorogimedence.hu\/index.php\/2018\/06\/07\/hankook-abroncsokon-gurulhatnak-a-civil-szervezetek-megyenkben\/"},"author":{"name":"dorogimedence.hu","@id":"https:\/\/dorogimedence.hu\/#\/schema\/person\/ce6091eeb7e95ecdc87890d6aa8e0fd4"},"headline":"Hankook abroncsokon gurulhatnak a civil szervezetek megy\u00e9nkben","datePublished":"2018-06-07T05:20:30+00:00","mainEntityOfPage":{"@id":"https:\/\/dorogimedence.hu\/index.php\/2018\/06\/07\/hankook-abroncsokon-gurulhatnak-a-civil-szervezetek-megyenkben\/"},"wordCount":472,"publisher":{"@id":"https:\/\/dorogimedence.hu\/#organization"},"image":{"@id":"https:\/\/dorogimedence.hu\/index.php\/2018\/06\/07\/hankook-abroncsokon-gurulhatnak-a-civil-szervezetek-megyenkben\/#primaryimage"},"thumbnailUrl":"https:\/\/dorogimedence.hu\/wp-content\/uploads\/2018\/06\/hankook.jpg","keywords":["abroncs","civil szervezetek","Hankook","p\u00e1ly\u00e1zat"],"articleSection":["H\u00edrek","Kom\u00e1rom-Esztergom"],"inLanguage":"hu"},{"@type":"WebPage","@id":"https:\/\/dorogimedence.hu\/index.php\/2018\/06\/07\/hankook-abroncsokon-gurulhatnak-a-civil-szervezetek-megyenkben\/","url":"https:\/\/dorogimedence.hu\/index.php\/2018\/06\/07\/hankook-abroncsokon-gurulhatnak-a-civil-szervezetek-megyenkben\/","name":"Hankook abroncsokon gurulhatnak a civil szervezetek megy\u00e9nkben","isPartOf":{"@id":"https:\/\/dorogimedence.hu\/#website"},"primaryImageOfPage":{"@id":"https:\/\/dorogimedence.hu\/index.php\/2018\/06\/07\/hankook-abroncsokon-gurulhatnak-a-civil-szervezetek-megyenkben\/#primaryimage"},"image":{"@id":"https:\/\/dorogimedence.hu\/index.php\/2018\/06\/07\/hankook-abroncsokon-gurulhatnak-a-civil-szervezetek-megyenkben\/#primaryimage"},"thumbnailUrl":"https:\/\/dorogimedence.hu\/wp-content\/uploads\/2018\/06\/hankook.jpg","datePublished":"2018-06-07T05:20:30+00:00","breadcrumb":{"@id":"https:\/\/dorogimedence.hu\/index.php\/2018\/06\/07\/hankook-abroncsokon-gurulhatnak-a-civil-szervezetek-megyenkben\/#breadcrumb"},"inLanguage":"hu","potentialAction":[{"@type":"ReadAction","target":["https:\/\/dorogimedence.hu\/index.php\/2018\/06\/07\/hankook-abroncsokon-gurulhatnak-a-civil-szervezetek-megyenkben\/"]}]},{"@type":"ImageObject","inLanguage":"hu","@id":"https:\/\/dorogimedence.hu\/index.php\/2018\/06\/07\/hankook-abroncsokon-gurulhatnak-a-civil-szervezetek-megyenkben\/#primaryimage","url":"https:\/\/dorogimedence.hu\/wp-content\/uploads\/2018\/06\/hankook.jpg","contentUrl":"https:\/\/dorogimedence.hu\/wp-content\/uploads\/2018\/06\/hankook.jpg","width":670,"height":365},{"@type":"BreadcrumbList","@id":"https:\/\/dorogimedence.hu\/index.php\/2018\/06\/07\/hankook-abroncsokon-gurulhatnak-a-civil-szervezetek-megyenkben\/#breadcrumb","itemListElement":[{"@type":"ListItem","position":1,"name":"Kezd\u0151lap","item":"https:\/\/dorogimedence.hu\/"},{"@type":"ListItem","position":2,"name":"Hankook abroncsokon gurulhatnak a civil szervezetek megy\u00e9nkben"}]},{"@type":"WebSite","@id":"https:\/\/dorogimedence.hu\/#website","url":"https:\/\/dorogimedence.hu\/","name":"Dorogi-medence Region\u00e1lis H\u00edrport\u00e1l","description":"Dorog, Keszt\u00f6lc, Le\u00e1nyv\u00e1r, Piliscs\u00e9v, Tokod, Tokodalt\u00e1r\u00f3, Csolnok, Esztergom-kertv\u00e1ros: h\u00edrek, programok","publisher":{"@id":"https:\/\/dorogimedence.hu\/#organization"},"potentialAction":[{"@type":"SearchAction","target":{"@type":"EntryPoint","urlTemplate":"https:\/\/dorogimedence.hu\/?s={search_term_string}"},"query-input":{"@type":"PropertyValueSpecification","valueRequired":true,"valueName":"search_term_string"}}],"inLanguage":"hu"},{"@type":"Organization","@id":"https:\/\/dorogimedence.hu\/#organization","name":"Dorogi-medence Region\u00e1lis H\u00edrport\u00e1l","url":"https:\/\/dorogimedence.hu\/","logo":{"@type":"ImageObject","inLanguage":"hu","@id":"https:\/\/dorogimedence.hu\/#\/schema\/logo\/image\/","url":"https:\/\/dorogimedence.hu\/wp-content\/uploads\/2021\/04\/logo-feher-600.png","contentUrl":"https:\/\/dorogimedence.hu\/wp-content\/uploads\/2021\/04\/logo-feher-600.png","width":600,"height":100,"caption":"Dorogi-medence Region\u00e1lis H\u00edrport\u00e1l"},"image":{"@id":"https:\/\/dorogimedence.hu\/#\/schema\/logo\/image\/"},"sameAs":["https:\/\/www.facebook.com\/dorogimedence\/"]},{"@type":"Person","@id":"https:\/\/dorogimedence.hu\/#\/schema\/person\/ce6091eeb7e95ecdc87890d6aa8e0fd4","name":"dorogimedence.hu","image":{"@type":"ImageObject","inLanguage":"hu","@id":"\/\/www.gravatar.com\/avatar\/d8d45f8901aadff40a4af72c0b826f1d?s=96&#038;r=g&#038;d=mm","url":"\/\/www.gravatar.com\/avatar\/d8d45f8901aadff40a4af72c0b826f1d?s=96&#038;r=g&#038;d=mm","contentUrl":"\/\/www.gravatar.com\/avatar\/d8d45f8901aadff40a4af72c0b826f1d?s=96&#038;r=g&#038;d=mm","caption":"dorogimedence.hu"}}]}},"_links":{"self":[{"href":"https:\/\/dorogimedence.hu\/index.php\/wp-json\/wp\/v2\/posts\/10558","targetHints":{"allow":["GET"]}}],"collection":[{"href":"https:\/\/dorogimedence.hu\/index.php\/wp-json\/wp\/v2\/posts"}],"about":[{"href":"https:\/\/dorogimedence.hu\/index.php\/wp-json\/wp\/v2\/types\/post"}],"author":[{"embeddable":true,"href":"https:\/\/dorogimedence.hu\/index.php\/wp-json\/wp\/v2\/users\/1"}],"replies":[{"embeddable":true,"href":"https:\/\/dorogimedence.hu\/index.php\/wp-json\/wp\/v2\/comments?post=10558"}],"version-history":[{"count":0,"href":"https:\/\/dorogimedence.hu\/index.php\/wp-json\/wp\/v2\/posts\/10558\/revisions"}],"wp:featuredmedia":[{"embeddable":true,"href":"https:\/\/dorogimedence.hu\/index.php\/wp-json\/wp\/v2\/media\/10559"}],"wp:attachment":[{"href":"https:\/\/dorogimedence.hu\/index.php\/wp-json\/wp\/v2\/media?parent=10558"}],"wp:term":[{"taxonomy":"category","embeddable":true,"href":"https:\/\/dorogimedence.hu\/index.php\/wp-json\/wp\/v2\/categories?post=10558"},{"taxonomy":"post_tag","embeddable":true,"href":"https:\/\/dorogimedence.hu\/index.php\/wp-json\/wp\/v2\/tags?post=10558"}],"curies":[{"name":"wp","href":"https:\/\/api.w.org\/{rel}","templated":true}]}}