{"id":10543,"date":"2018-06-06T14:55:57","date_gmt":"2018-06-06T12:55:57","guid":{"rendered":"http:\/\/dorogimedence.hu\/?p=10543"},"modified":"2018-06-06T14:55:57","modified_gmt":"2018-06-06T12:55:57","slug":"vadat-emeletek-a-kesztolcon-bujkalo-gyilkos-ellen","status":"publish","type":"post","link":"https:\/\/dorogimedence.hu\/index.php\/2018\/06\/06\/vadat-emeletek-a-kesztolcon-bujkalo-gyilkos-ellen\/","title":{"rendered":"V\u00e1dat emeletek a Keszt\u00f6lc\u00f6n b\u00fajk\u00e1l\u00f3 gyilkos ellen"},"content":{"rendered":"<p><strong><span style=\"text-decoration: underline;\"><a href=\"https:\/\/dorogimedence.hu\/index.php\/2017\/12\/07\/18-evnyi-bujkalas-utan-kaptak-el-egy-gyilkost-kesztolcon\/\" target=\"_blank\" rel=\"noopener\"><span style=\"color: #0000ff; text-decoration: underline;\">Tavaly december\u00e9ben \u00edrtuk<\/span><\/a><\/span>, hogy csaknem k\u00e9t \u00e9vtizede elk\u00f6vetett ember\u00f6l\u00e9s gyan\u00fas\u00edtottj\u00e1t fogt\u00e1k el Keszt\u00f6lc\u00f6n. A napokban emelet v\u00e1dat ellene az \u00fcgy\u00e9szs\u00e9g. A v\u00e1dlott el\u0151zetes letart\u00f3ztat\u00e1sban v\u00e1rja a t\u00e1rgyal\u00e1st.<\/strong><\/p>\n<div class=\"entry-content\">\n<p><em>A Pest Megyei F\u0151\u00fcgy\u00e9szs\u00e9g el\u0151re kitervelten, k\u00fcl\u00f6n\u00f6s kegyetlens\u00e9ggel elk\u00f6vetett ember\u00f6l\u00e9s b\u0171ntette miatt emelt v\u00e1dat azzal a f\u00e9rfival szemben, aki 1999-ben vetette k\u00fatba a feles\u00e9g\u00e9t Budakal\u00e1szon.<\/em><\/p>\n<p>A b\u0171n\u00fcgy v\u00e1dlottja az 1990-es \u00e9vekben a feles\u00e9g\u00e9vel, a b\u0171n\u00fcgy s\u00e9rtettj\u00e9vel \u00e9s gyermekeikkel Budakal\u00e1szon \u00e9lt. A h\u00e1zass\u00e1guk az id\u0151 sor\u00e1n megromlott, az asszony depresszi\u00f3ba zuhant, italozni kezdett. Sokszor veszekedtek, a f\u00e9rfi meg is verte a n\u0151t. A v\u00e1dlott szabadulni akart a\u00a0 h\u00e1zass\u00e1g\u00e1b\u00f3l, eld\u00f6nt\u00f6tte, hogy a feles\u00e9g\u00e9t meg\u00f6li, azonban azt balesetnek \u00e1lc\u00e1zza.<\/p>\n<p>1999 febru\u00e1rj\u00e1ban az egyik nap k\u00e9s\u0151 d\u00e9lel\u0151tti \u00f3r\u00e1iban a f\u00e9rfi az ittas s\u00e9rtettet a h\u00e1zuk udvar\u00e1n l\u00e9v\u0151 k\u00fathoz vezette azzal, hogy mutatni akar valamit. Ott az asszonyt a k\u00fatba l\u00f6kte, a kutat lefedte. A n\u0151 j\u00f3 \u00fasz\u00f3 volt, kor\u00e1bban b\u00fav\u00e1rkodott is, ki akart m\u00e1szni a k\u00fatb\u00f3l. Azzal fenyegette a f\u00e9rj\u00e9t, hogy h\u00fazza ki, mert h\u00edvja a rend\u0151r\u00f6ket. \u00c1m a v\u00e1dlott a fenyeget\u0151z\u0151, majd seg\u00edts\u00e9g\u00e9rt ki\u00e1lt\u00f3 s\u00e9rtettet sors\u00e1ra hagyta.<\/p>\n<p>A n\u0151 hosszabb id\u0151n kereszt\u00fcl a v\u00edz felsz\u00edn\u00e9n tudta tartani mag\u00e1t, majd a rendk\u00edv\u00fcl hideg v\u00edzben elvesz\u00edtette az erej\u00e9t, \u00e9s meghalt.<\/p>\n<p>A f\u00e9rfi m\u00e1snap reggel \u00e9rtes\u00edtette a t\u0171zolt\u00f3s\u00e1got azzal, hogy a feles\u00e9ge k\u00fatba fulladt. A hal\u00e1leset kapcs\u00e1n akkor lefolytatott vizsg\u00e1lat idegenkez\u0171s\u00e9get nem \u00e1llap\u00edtott meg.<\/p>\n<p>2017 december\u00e9ben azonban olyan bizony\u00edt\u00e9kok ker\u00fcltek el\u0151, amelyek alapj\u00e1n a f\u00e9rfival szemben a Pest Megyei Rend\u0151r-f\u0151kapit\u00e1nys\u00e1g nyomoz\u00e1s rendelt el.<\/p>\n<p>A nyomoz\u00e1s befejez\u00e9s\u00e9t k\u00f6vet\u0151en a Pest Megyei F\u0151\u00fcgy\u00e9szs\u00e9g el\u0151re kitervelten, k\u00fcl\u00f6n\u00f6s kegyetlens\u00e9ggel elk\u00f6vetett ember\u00f6l\u00e9s b\u0171ntette miatt emelt v\u00e1dat. A v\u00e1dlott el\u0151zetes letart\u00f3ztat\u00e1sban v\u00e1rja a t\u00e1rgyal\u00e1st.<\/p>\n<p><em>Forr\u00e1s: ugyeszseg.hu<\/em><\/p>\n<\/div>\n<p>&nbsp;<\/p>\n","protected":false},"excerpt":{"rendered":"<p>Tavaly december\u00e9ben \u00edrtuk, hogy csaknem k\u00e9t \u00e9vtizede elk\u00f6vetett ember\u00f6l\u00e9s gyan\u00fas\u00edtottj\u00e1t fogt\u00e1k el Keszt\u00f6lc\u00f6n. A napokban emelet v\u00e1dat ellene az \u00fcgy\u00e9szs\u00e9g. A v\u00e1dlott el\u0151zetes letart\u00f3ztat\u00e1sban v\u00e1rja a t\u00e1rgyal\u00e1st. A Pest Megyei F\u0151\u00fcgy\u00e9szs\u00e9g el\u0151re kitervelten, k\u00fcl\u00f6n\u00f6s kegyetlens\u00e9ggel elk\u00f6vetett ember\u00f6l\u00e9s b\u0171ntette miatt emelt v\u00e1dat azzal a f\u00e9rfival szemben, aki 1999-ben vetette k\u00fatba a feles\u00e9g\u00e9t Budakal\u00e1szon. A b\u0171n\u00fcgy v\u00e1dlottja<\/p>\n","protected":false},"author":1,"featured_media":7184,"comment_status":"closed","ping_status":"closed","sticky":false,"template":"","format":"standard","meta":{"ngg_post_thumbnail":0,"footnotes":""},"categories":[3,39,8],"tags":[63,899,129,61,326],"class_list":{"0":"post-10543","1":"post","2":"type-post","3":"status-publish","4":"format-standard","5":"has-post-thumbnail","7":"category-hirek","8":"category-kek-hirek","9":"category-kesztolc","10":"tag-buncselekmeny","11":"tag-gyilkossag","12":"tag-kesztolc","13":"tag-rendorsegi-hirek","14":"tag-ugyeszseg"},"yoast_head":"<!-- This site is optimized with the Yoast SEO plugin v27.5 - https:\/\/yoast.com\/product\/yoast-seo-wordpress\/ -->\n<title>V\u00e1dat emeletek a Keszt\u00f6lc\u00f6n b\u00fajk\u00e1l\u00f3 gyilkos ellen<\/title>\n<meta name=\"robots\" content=\"index, follow, max-snippet:-1, max-image-preview:large, max-video-preview:-1\" \/>\n<link rel=\"canonical\" href=\"https:\/\/dorogimedence.hu\/index.php\/2018\/06\/06\/vadat-emeletek-a-kesztolcon-bujkalo-gyilkos-ellen\/\" class=\"yoast-seo-meta-tag\" \/>\n<meta property=\"og:locale\" content=\"hu_HU\" class=\"yoast-seo-meta-tag\" \/>\n<meta property=\"og:type\" content=\"article\" class=\"yoast-seo-meta-tag\" \/>\n<meta property=\"og:title\" content=\"V\u00e1dat emeletek a Keszt\u00f6lc\u00f6n b\u00fajk\u00e1l\u00f3 gyilkos ellen\" class=\"yoast-seo-meta-tag\" \/>\n<meta property=\"og:description\" content=\"Tavaly december\u00e9ben \u00edrtuk, hogy csaknem k\u00e9t \u00e9vtizede elk\u00f6vetett ember\u00f6l\u00e9s gyan\u00fas\u00edtottj\u00e1t fogt\u00e1k el Keszt\u00f6lc\u00f6n. A napokban emelet v\u00e1dat ellene az \u00fcgy\u00e9szs\u00e9g. A v\u00e1dlott el\u0151zetes letart\u00f3ztat\u00e1sban v\u00e1rja a t\u00e1rgyal\u00e1st. A Pest Megyei F\u0151\u00fcgy\u00e9szs\u00e9g el\u0151re kitervelten, k\u00fcl\u00f6n\u00f6s kegyetlens\u00e9ggel elk\u00f6vetett ember\u00f6l\u00e9s b\u0171ntette miatt emelt v\u00e1dat azzal a f\u00e9rfival szemben, aki 1999-ben vetette k\u00fatba a feles\u00e9g\u00e9t Budakal\u00e1szon. A b\u0171n\u00fcgy v\u00e1dlottja\" class=\"yoast-seo-meta-tag\" \/>\n<meta property=\"og:url\" content=\"https:\/\/dorogimedence.hu\/index.php\/2018\/06\/06\/vadat-emeletek-a-kesztolcon-bujkalo-gyilkos-ellen\/\" class=\"yoast-seo-meta-tag\" \/>\n<meta property=\"og:site_name\" content=\"Dorogi-medence Region\u00e1lis H\u00edrport\u00e1l\" class=\"yoast-seo-meta-tag\" \/>\n<meta property=\"article:publisher\" content=\"https:\/\/www.facebook.com\/dorogimedence\/\" class=\"yoast-seo-meta-tag\" \/>\n<meta property=\"article:published_time\" content=\"2018-06-06T12:55:57+00:00\" class=\"yoast-seo-meta-tag\" \/>\n<meta property=\"og:image\" content=\"https:\/\/i0.wp.com\/dorogimedence.hu\/wp-content\/uploads\/2017\/12\/bilincs06.jpg?fit=670%2C365&ssl=1\" class=\"yoast-seo-meta-tag\" \/>\n\t<meta property=\"og:image:width\" content=\"670\" class=\"yoast-seo-meta-tag\" \/>\n\t<meta property=\"og:image:height\" content=\"365\" class=\"yoast-seo-meta-tag\" \/>\n\t<meta property=\"og:image:type\" content=\"image\/jpeg\" class=\"yoast-seo-meta-tag\" \/>\n<meta name=\"author\" content=\"dorogimedence.hu\" class=\"yoast-seo-meta-tag\" \/>\n<meta name=\"twitter:card\" content=\"summary_large_image\" class=\"yoast-seo-meta-tag\" \/>\n<meta name=\"twitter:label1\" content=\"Szerz\u0151:\" class=\"yoast-seo-meta-tag\" \/>\n\t<meta name=\"twitter:data1\" content=\"dorogimedence.hu\" class=\"yoast-seo-meta-tag\" \/>\n\t<meta name=\"twitter:label2\" content=\"Becs\u00fclt olvas\u00e1si id\u0151\" class=\"yoast-seo-meta-tag\" \/>\n\t<meta name=\"twitter:data2\" content=\"2 perc\" class=\"yoast-seo-meta-tag\" \/>\n<script type=\"application\/ld+json\" class=\"yoast-schema-graph\">{\"@context\":\"https:\\\/\\\/schema.org\",\"@graph\":[{\"@type\":\"Article\",\"@id\":\"https:\\\/\\\/dorogimedence.hu\\\/index.php\\\/2018\\\/06\\\/06\\\/vadat-emeletek-a-kesztolcon-bujkalo-gyilkos-ellen\\\/#article\",\"isPartOf\":{\"@id\":\"https:\\\/\\\/dorogimedence.hu\\\/index.php\\\/2018\\\/06\\\/06\\\/vadat-emeletek-a-kesztolcon-bujkalo-gyilkos-ellen\\\/\"},\"author\":{\"name\":\"dorogimedence.hu\",\"@id\":\"https:\\\/\\\/dorogimedence.hu\\\/#\\\/schema\\\/person\\\/ce6091eeb7e95ecdc87890d6aa8e0fd4\"},\"headline\":\"V\u00e1dat emeletek a Keszt\u00f6lc\u00f6n b\u00fajk\u00e1l\u00f3 gyilkos ellen\",\"datePublished\":\"2018-06-06T12:55:57+00:00\",\"mainEntityOfPage\":{\"@id\":\"https:\\\/\\\/dorogimedence.hu\\\/index.php\\\/2018\\\/06\\\/06\\\/vadat-emeletek-a-kesztolcon-bujkalo-gyilkos-ellen\\\/\"},\"wordCount\":435,\"publisher\":{\"@id\":\"https:\\\/\\\/dorogimedence.hu\\\/#organization\"},\"image\":{\"@id\":\"https:\\\/\\\/dorogimedence.hu\\\/index.php\\\/2018\\\/06\\\/06\\\/vadat-emeletek-a-kesztolcon-bujkalo-gyilkos-ellen\\\/#primaryimage\"},\"thumbnailUrl\":\"https:\\\/\\\/dorogimedence.hu\\\/wp-content\\\/uploads\\\/2017\\\/12\\\/bilincs06.jpg\",\"keywords\":[\"b\u0171ncselekm\u00e9ny\",\"gyilkoss\u00e1g\",\"Keszt\u00f6lc\",\"rend\u0151rs\u00e9gi h\u00edrek\",\"\u00fcgy\u00e9szs\u00e9g\"],\"articleSection\":[\"H\u00edrek\",\"K\u00e9k h\u00edrek\",\"Keszt\u00f6lc\"],\"inLanguage\":\"hu\"},{\"@type\":\"WebPage\",\"@id\":\"https:\\\/\\\/dorogimedence.hu\\\/index.php\\\/2018\\\/06\\\/06\\\/vadat-emeletek-a-kesztolcon-bujkalo-gyilkos-ellen\\\/\",\"url\":\"https:\\\/\\\/dorogimedence.hu\\\/index.php\\\/2018\\\/06\\\/06\\\/vadat-emeletek-a-kesztolcon-bujkalo-gyilkos-ellen\\\/\",\"name\":\"V\u00e1dat emeletek a Keszt\u00f6lc\u00f6n b\u00fajk\u00e1l\u00f3 gyilkos ellen\",\"isPartOf\":{\"@id\":\"https:\\\/\\\/dorogimedence.hu\\\/#website\"},\"primaryImageOfPage\":{\"@id\":\"https:\\\/\\\/dorogimedence.hu\\\/index.php\\\/2018\\\/06\\\/06\\\/vadat-emeletek-a-kesztolcon-bujkalo-gyilkos-ellen\\\/#primaryimage\"},\"image\":{\"@id\":\"https:\\\/\\\/dorogimedence.hu\\\/index.php\\\/2018\\\/06\\\/06\\\/vadat-emeletek-a-kesztolcon-bujkalo-gyilkos-ellen\\\/#primaryimage\"},\"thumbnailUrl\":\"https:\\\/\\\/dorogimedence.hu\\\/wp-content\\\/uploads\\\/2017\\\/12\\\/bilincs06.jpg\",\"datePublished\":\"2018-06-06T12:55:57+00:00\",\"breadcrumb\":{\"@id\":\"https:\\\/\\\/dorogimedence.hu\\\/index.php\\\/2018\\\/06\\\/06\\\/vadat-emeletek-a-kesztolcon-bujkalo-gyilkos-ellen\\\/#breadcrumb\"},\"inLanguage\":\"hu\",\"potentialAction\":[{\"@type\":\"ReadAction\",\"target\":[\"https:\\\/\\\/dorogimedence.hu\\\/index.php\\\/2018\\\/06\\\/06\\\/vadat-emeletek-a-kesztolcon-bujkalo-gyilkos-ellen\\\/\"]}]},{\"@type\":\"ImageObject\",\"inLanguage\":\"hu\",\"@id\":\"https:\\\/\\\/dorogimedence.hu\\\/index.php\\\/2018\\\/06\\\/06\\\/vadat-emeletek-a-kesztolcon-bujkalo-gyilkos-ellen\\\/#primaryimage\",\"url\":\"https:\\\/\\\/dorogimedence.hu\\\/wp-content\\\/uploads\\\/2017\\\/12\\\/bilincs06.jpg\",\"contentUrl\":\"https:\\\/\\\/dorogimedence.hu\\\/wp-content\\\/uploads\\\/2017\\\/12\\\/bilincs06.jpg\",\"width\":670,\"height\":365},{\"@type\":\"BreadcrumbList\",\"@id\":\"https:\\\/\\\/dorogimedence.hu\\\/index.php\\\/2018\\\/06\\\/06\\\/vadat-emeletek-a-kesztolcon-bujkalo-gyilkos-ellen\\\/#breadcrumb\",\"itemListElement\":[{\"@type\":\"ListItem\",\"position\":1,\"name\":\"Kezd\u0151lap\",\"item\":\"https:\\\/\\\/dorogimedence.hu\\\/\"},{\"@type\":\"ListItem\",\"position\":2,\"name\":\"V\u00e1dat emeletek a Keszt\u00f6lc\u00f6n b\u00fajk\u00e1l\u00f3 gyilkos ellen\"}]},{\"@type\":\"WebSite\",\"@id\":\"https:\\\/\\\/dorogimedence.hu\\\/#website\",\"url\":\"https:\\\/\\\/dorogimedence.hu\\\/\",\"name\":\"Dorogi-medence Region\u00e1lis H\u00edrport\u00e1l\",\"description\":\"Dorog, Keszt\u00f6lc, Le\u00e1nyv\u00e1r, Piliscs\u00e9v, Tokod, Tokodalt\u00e1r\u00f3, Csolnok, Esztergom-kertv\u00e1ros: h\u00edrek, programok\",\"publisher\":{\"@id\":\"https:\\\/\\\/dorogimedence.hu\\\/#organization\"},\"potentialAction\":[{\"@type\":\"SearchAction\",\"target\":{\"@type\":\"EntryPoint\",\"urlTemplate\":\"https:\\\/\\\/dorogimedence.hu\\\/?s={search_term_string}\"},\"query-input\":{\"@type\":\"PropertyValueSpecification\",\"valueRequired\":true,\"valueName\":\"search_term_string\"}}],\"inLanguage\":\"hu\"},{\"@type\":\"Organization\",\"@id\":\"https:\\\/\\\/dorogimedence.hu\\\/#organization\",\"name\":\"Dorogi-medence Region\u00e1lis H\u00edrport\u00e1l\",\"url\":\"https:\\\/\\\/dorogimedence.hu\\\/\",\"logo\":{\"@type\":\"ImageObject\",\"inLanguage\":\"hu\",\"@id\":\"https:\\\/\\\/dorogimedence.hu\\\/#\\\/schema\\\/logo\\\/image\\\/\",\"url\":\"https:\\\/\\\/dorogimedence.hu\\\/wp-content\\\/uploads\\\/2021\\\/04\\\/logo-feher-600.png\",\"contentUrl\":\"https:\\\/\\\/dorogimedence.hu\\\/wp-content\\\/uploads\\\/2021\\\/04\\\/logo-feher-600.png\",\"width\":600,\"height\":100,\"caption\":\"Dorogi-medence Region\u00e1lis H\u00edrport\u00e1l\"},\"image\":{\"@id\":\"https:\\\/\\\/dorogimedence.hu\\\/#\\\/schema\\\/logo\\\/image\\\/\"},\"sameAs\":[\"https:\\\/\\\/www.facebook.com\\\/dorogimedence\\\/\"]},{\"@type\":\"Person\",\"@id\":\"https:\\\/\\\/dorogimedence.hu\\\/#\\\/schema\\\/person\\\/ce6091eeb7e95ecdc87890d6aa8e0fd4\",\"name\":\"dorogimedence.hu\",\"image\":{\"@type\":\"ImageObject\",\"inLanguage\":\"hu\",\"@id\":\"\\\/\\\/www.gravatar.com\\\/avatar\\\/d8d45f8901aadff40a4af72c0b826f1d?s=96&#038;r=g&#038;d=mm\",\"url\":\"\\\/\\\/www.gravatar.com\\\/avatar\\\/d8d45f8901aadff40a4af72c0b826f1d?s=96&#038;r=g&#038;d=mm\",\"contentUrl\":\"\\\/\\\/www.gravatar.com\\\/avatar\\\/d8d45f8901aadff40a4af72c0b826f1d?s=96&#038;r=g&#038;d=mm\",\"caption\":\"dorogimedence.hu\"}}]}<\/script>\n<!-- \/ Yoast SEO plugin. -->","yoast_head_json":{"title":"V\u00e1dat emeletek a Keszt\u00f6lc\u00f6n b\u00fajk\u00e1l\u00f3 gyilkos ellen","robots":{"index":"index","follow":"follow","max-snippet":"max-snippet:-1","max-image-preview":"max-image-preview:large","max-video-preview":"max-video-preview:-1"},"canonical":"https:\/\/dorogimedence.hu\/index.php\/2018\/06\/06\/vadat-emeletek-a-kesztolcon-bujkalo-gyilkos-ellen\/","og_locale":"hu_HU","og_type":"article","og_title":"V\u00e1dat emeletek a Keszt\u00f6lc\u00f6n b\u00fajk\u00e1l\u00f3 gyilkos ellen","og_description":"Tavaly december\u00e9ben \u00edrtuk, hogy csaknem k\u00e9t \u00e9vtizede elk\u00f6vetett ember\u00f6l\u00e9s gyan\u00fas\u00edtottj\u00e1t fogt\u00e1k el Keszt\u00f6lc\u00f6n. A napokban emelet v\u00e1dat ellene az \u00fcgy\u00e9szs\u00e9g. A v\u00e1dlott el\u0151zetes letart\u00f3ztat\u00e1sban v\u00e1rja a t\u00e1rgyal\u00e1st. A Pest Megyei F\u0151\u00fcgy\u00e9szs\u00e9g el\u0151re kitervelten, k\u00fcl\u00f6n\u00f6s kegyetlens\u00e9ggel elk\u00f6vetett ember\u00f6l\u00e9s b\u0171ntette miatt emelt v\u00e1dat azzal a f\u00e9rfival szemben, aki 1999-ben vetette k\u00fatba a feles\u00e9g\u00e9t Budakal\u00e1szon. A b\u0171n\u00fcgy v\u00e1dlottja","og_url":"https:\/\/dorogimedence.hu\/index.php\/2018\/06\/06\/vadat-emeletek-a-kesztolcon-bujkalo-gyilkos-ellen\/","og_site_name":"Dorogi-medence Region\u00e1lis H\u00edrport\u00e1l","article_publisher":"https:\/\/www.facebook.com\/dorogimedence\/","article_published_time":"2018-06-06T12:55:57+00:00","og_image":[{"width":670,"height":365,"url":"https:\/\/i0.wp.com\/dorogimedence.hu\/wp-content\/uploads\/2017\/12\/bilincs06.jpg?fit=670%2C365&ssl=1","type":"image\/jpeg"}],"author":"dorogimedence.hu","twitter_card":"summary_large_image","twitter_misc":{"Szerz\u0151:":"dorogimedence.hu","Becs\u00fclt olvas\u00e1si id\u0151":"2 perc"},"schema":{"@context":"https:\/\/schema.org","@graph":[{"@type":"Article","@id":"https:\/\/dorogimedence.hu\/index.php\/2018\/06\/06\/vadat-emeletek-a-kesztolcon-bujkalo-gyilkos-ellen\/#article","isPartOf":{"@id":"https:\/\/dorogimedence.hu\/index.php\/2018\/06\/06\/vadat-emeletek-a-kesztolcon-bujkalo-gyilkos-ellen\/"},"author":{"name":"dorogimedence.hu","@id":"https:\/\/dorogimedence.hu\/#\/schema\/person\/ce6091eeb7e95ecdc87890d6aa8e0fd4"},"headline":"V\u00e1dat emeletek a Keszt\u00f6lc\u00f6n b\u00fajk\u00e1l\u00f3 gyilkos ellen","datePublished":"2018-06-06T12:55:57+00:00","mainEntityOfPage":{"@id":"https:\/\/dorogimedence.hu\/index.php\/2018\/06\/06\/vadat-emeletek-a-kesztolcon-bujkalo-gyilkos-ellen\/"},"wordCount":435,"publisher":{"@id":"https:\/\/dorogimedence.hu\/#organization"},"image":{"@id":"https:\/\/dorogimedence.hu\/index.php\/2018\/06\/06\/vadat-emeletek-a-kesztolcon-bujkalo-gyilkos-ellen\/#primaryimage"},"thumbnailUrl":"https:\/\/dorogimedence.hu\/wp-content\/uploads\/2017\/12\/bilincs06.jpg","keywords":["b\u0171ncselekm\u00e9ny","gyilkoss\u00e1g","Keszt\u00f6lc","rend\u0151rs\u00e9gi h\u00edrek","\u00fcgy\u00e9szs\u00e9g"],"articleSection":["H\u00edrek","K\u00e9k h\u00edrek","Keszt\u00f6lc"],"inLanguage":"hu"},{"@type":"WebPage","@id":"https:\/\/dorogimedence.hu\/index.php\/2018\/06\/06\/vadat-emeletek-a-kesztolcon-bujkalo-gyilkos-ellen\/","url":"https:\/\/dorogimedence.hu\/index.php\/2018\/06\/06\/vadat-emeletek-a-kesztolcon-bujkalo-gyilkos-ellen\/","name":"V\u00e1dat emeletek a Keszt\u00f6lc\u00f6n b\u00fajk\u00e1l\u00f3 gyilkos ellen","isPartOf":{"@id":"https:\/\/dorogimedence.hu\/#website"},"primaryImageOfPage":{"@id":"https:\/\/dorogimedence.hu\/index.php\/2018\/06\/06\/vadat-emeletek-a-kesztolcon-bujkalo-gyilkos-ellen\/#primaryimage"},"image":{"@id":"https:\/\/dorogimedence.hu\/index.php\/2018\/06\/06\/vadat-emeletek-a-kesztolcon-bujkalo-gyilkos-ellen\/#primaryimage"},"thumbnailUrl":"https:\/\/dorogimedence.hu\/wp-content\/uploads\/2017\/12\/bilincs06.jpg","datePublished":"2018-06-06T12:55:57+00:00","breadcrumb":{"@id":"https:\/\/dorogimedence.hu\/index.php\/2018\/06\/06\/vadat-emeletek-a-kesztolcon-bujkalo-gyilkos-ellen\/#breadcrumb"},"inLanguage":"hu","potentialAction":[{"@type":"ReadAction","target":["https:\/\/dorogimedence.hu\/index.php\/2018\/06\/06\/vadat-emeletek-a-kesztolcon-bujkalo-gyilkos-ellen\/"]}]},{"@type":"ImageObject","inLanguage":"hu","@id":"https:\/\/dorogimedence.hu\/index.php\/2018\/06\/06\/vadat-emeletek-a-kesztolcon-bujkalo-gyilkos-ellen\/#primaryimage","url":"https:\/\/dorogimedence.hu\/wp-content\/uploads\/2017\/12\/bilincs06.jpg","contentUrl":"https:\/\/dorogimedence.hu\/wp-content\/uploads\/2017\/12\/bilincs06.jpg","width":670,"height":365},{"@type":"BreadcrumbList","@id":"https:\/\/dorogimedence.hu\/index.php\/2018\/06\/06\/vadat-emeletek-a-kesztolcon-bujkalo-gyilkos-ellen\/#breadcrumb","itemListElement":[{"@type":"ListItem","position":1,"name":"Kezd\u0151lap","item":"https:\/\/dorogimedence.hu\/"},{"@type":"ListItem","position":2,"name":"V\u00e1dat emeletek a Keszt\u00f6lc\u00f6n b\u00fajk\u00e1l\u00f3 gyilkos ellen"}]},{"@type":"WebSite","@id":"https:\/\/dorogimedence.hu\/#website","url":"https:\/\/dorogimedence.hu\/","name":"Dorogi-medence Region\u00e1lis H\u00edrport\u00e1l","description":"Dorog, Keszt\u00f6lc, Le\u00e1nyv\u00e1r, Piliscs\u00e9v, Tokod, Tokodalt\u00e1r\u00f3, Csolnok, Esztergom-kertv\u00e1ros: h\u00edrek, programok","publisher":{"@id":"https:\/\/dorogimedence.hu\/#organization"},"potentialAction":[{"@type":"SearchAction","target":{"@type":"EntryPoint","urlTemplate":"https:\/\/dorogimedence.hu\/?s={search_term_string}"},"query-input":{"@type":"PropertyValueSpecification","valueRequired":true,"valueName":"search_term_string"}}],"inLanguage":"hu"},{"@type":"Organization","@id":"https:\/\/dorogimedence.hu\/#organization","name":"Dorogi-medence Region\u00e1lis H\u00edrport\u00e1l","url":"https:\/\/dorogimedence.hu\/","logo":{"@type":"ImageObject","inLanguage":"hu","@id":"https:\/\/dorogimedence.hu\/#\/schema\/logo\/image\/","url":"https:\/\/dorogimedence.hu\/wp-content\/uploads\/2021\/04\/logo-feher-600.png","contentUrl":"https:\/\/dorogimedence.hu\/wp-content\/uploads\/2021\/04\/logo-feher-600.png","width":600,"height":100,"caption":"Dorogi-medence Region\u00e1lis H\u00edrport\u00e1l"},"image":{"@id":"https:\/\/dorogimedence.hu\/#\/schema\/logo\/image\/"},"sameAs":["https:\/\/www.facebook.com\/dorogimedence\/"]},{"@type":"Person","@id":"https:\/\/dorogimedence.hu\/#\/schema\/person\/ce6091eeb7e95ecdc87890d6aa8e0fd4","name":"dorogimedence.hu","image":{"@type":"ImageObject","inLanguage":"hu","@id":"\/\/www.gravatar.com\/avatar\/d8d45f8901aadff40a4af72c0b826f1d?s=96&#038;r=g&#038;d=mm","url":"\/\/www.gravatar.com\/avatar\/d8d45f8901aadff40a4af72c0b826f1d?s=96&#038;r=g&#038;d=mm","contentUrl":"\/\/www.gravatar.com\/avatar\/d8d45f8901aadff40a4af72c0b826f1d?s=96&#038;r=g&#038;d=mm","caption":"dorogimedence.hu"}}]}},"_links":{"self":[{"href":"https:\/\/dorogimedence.hu\/index.php\/wp-json\/wp\/v2\/posts\/10543","targetHints":{"allow":["GET"]}}],"collection":[{"href":"https:\/\/dorogimedence.hu\/index.php\/wp-json\/wp\/v2\/posts"}],"about":[{"href":"https:\/\/dorogimedence.hu\/index.php\/wp-json\/wp\/v2\/types\/post"}],"author":[{"embeddable":true,"href":"https:\/\/dorogimedence.hu\/index.php\/wp-json\/wp\/v2\/users\/1"}],"replies":[{"embeddable":true,"href":"https:\/\/dorogimedence.hu\/index.php\/wp-json\/wp\/v2\/comments?post=10543"}],"version-history":[{"count":0,"href":"https:\/\/dorogimedence.hu\/index.php\/wp-json\/wp\/v2\/posts\/10543\/revisions"}],"wp:featuredmedia":[{"embeddable":true,"href":"https:\/\/dorogimedence.hu\/index.php\/wp-json\/wp\/v2\/media\/7184"}],"wp:attachment":[{"href":"https:\/\/dorogimedence.hu\/index.php\/wp-json\/wp\/v2\/media?parent=10543"}],"wp:term":[{"taxonomy":"category","embeddable":true,"href":"https:\/\/dorogimedence.hu\/index.php\/wp-json\/wp\/v2\/categories?post=10543"},{"taxonomy":"post_tag","embeddable":true,"href":"https:\/\/dorogimedence.hu\/index.php\/wp-json\/wp\/v2\/tags?post=10543"}],"curies":[{"name":"wp","href":"https:\/\/api.w.org\/{rel}","templated":true}]}}