{"id":10361,"date":"2018-05-29T07:12:18","date_gmt":"2018-05-29T05:12:18","guid":{"rendered":"http:\/\/dorogimedence.hu\/?p=10361"},"modified":"2018-05-29T07:12:18","modified_gmt":"2018-05-29T05:12:18","slug":"esztergomi-diakok-nyertek-a-tuzmegelozesi-palyazaton","status":"publish","type":"post","link":"https:\/\/dorogimedence.hu\/index.php\/2018\/05\/29\/esztergomi-diakok-nyertek-a-tuzmegelozesi-palyazaton\/","title":{"rendered":"Esztergomi di\u00e1kok nyertek a t\u0171zmegel\u0151z\u00e9si p\u00e1ly\u00e1zaton"},"content":{"rendered":"<p><b>A F\u0151v\u00e1rosi Nagycirkuszban tartott\u00e1k meg az Orsz\u00e1gos T\u0171zmegel\u0151z\u00e9si Bizotts\u00e1g \u00e1ltal meghirdetett alkot\u00f3i p\u00e1ly\u00e1zat 2018. \u00e9vi d\u00edj\u00e1tad\u00f3 \u00fcnneps\u00e9g\u00e9t. Az el\u0151z\u0151 \u00e9vek hagyom\u00e1nyait k\u00f6vetve id\u00e9n is \u00f3vod\u00e1sok, \u00e1ltal\u00e1nos iskol\u00e1sok \u00e9s k\u00f6z\u00e9piskol\u00e1sok vehettek r\u00e9szt a kreat\u00edv megm\u00e9rettet\u00e9sen. A be\u00e9rkezett t\u00f6bb mint \u00f6tezer p\u00e1lyam\u0171 alkot\u00f3i k\u00f6z\u00fcl a legjobbjak \u00e9rt\u00e9kes aj\u00e1nd\u00e9kokban r\u00e9szes\u00fcltek.<\/b><\/p>\n<p>Az Orsz\u00e1gos T\u0171zmegel\u0151z\u00e9si Bizotts\u00e1g \u00e1ltal meghirdetett p\u00e1ly\u00e1zat c\u00e9lja, hogy az \u00f3vod\u00e1sok \u00e9s iskol\u00e1sok k\u00fcl\u00f6nb\u00f6z\u0151 alkot\u00e1sokon kereszt\u00fcl mutass\u00e1k be a t\u0171zolt\u00f3k izgalmas \u00e9s egyben vesz\u00e9lyes vil\u00e1g\u00e1t. A felmen\u0151 rendszer\u0171 p\u00e1ly\u00e1zatra h\u00e1rom korcsoportb\u00f3l k\u00fcldhettek alkot\u00e1sokat, a k\u00f6zponti t\u00e9ma az idei \u00e9vben a t\u0171zv\u00e9delem volt. K\u00e9z\u00fcgyess\u00e9g\u00fcket \u00e9s kreativit\u00e1sukat szabadk\u00e9zi rajz, plak\u00e1t, egy\u00e9b k\u00e9zm\u0171ves alkot\u00e1s, vers, mese \u00e9s sz\u00e1m\u00edt\u00f3g\u00e9pes alkalmaz\u00e1son k\u00e9sz\u00edtett m\u0171vekkel bizony\u00edtott\u00e1k.<\/p>\n<p>\u00d6sszesen 5216 p\u00e1lyam\u0171 \u00e9rkezett, az orsz\u00e1g minden pontj\u00e1r\u00f3l. A f\u0151v\u00e1rosi \u00e9s a megyei b\u00edr\u00e1l\u00f3bizotts\u00e1gok a p\u00e1ly\u00e1z\u00f3kat \u00e9letkor alapj\u00e1n h\u00e1rom csoportba sorolt\u00e1k, minden korcsoportban kateg\u00f3ri\u00e1nk\u00e9nt h\u00e1rom alkot\u00e1st d\u00edjaztak. A ter\u00fcleti versenyen els\u0151 helyez\u00e9st el\u00e9rt p\u00e1lyam\u0171vek automatikusan r\u00e9szt vettek az orsz\u00e1gos versenyben is, amelynek d\u00edjait m\u00e1jus 25-\u00e9n, a F\u0151v\u00e1rosi Nagycirkuszban adt\u00e1k \u00e1t. Az orsz\u00e1gos fordul\u00f3 d\u00edj\u00e1tad\u00f3j\u00e1ra a d\u00edjazottak \u00e9s csal\u00e1dtagjaik is megh\u00edv\u00e1st kaptak.<\/p>\n<p>A p\u00e1ly\u00e1zatot z\u00e1r\u00f3 \u00fcnneps\u00e9get a b\u00edr\u00e1l\u00f3bizotts\u00e1g eln\u00f6ke,<strong> dr. B\u00e9rczi L\u00e1szl\u00f3<\/strong>\u00a0t\u0171zolt\u00f3 dand\u00e1rt\u00e1bornok, orsz\u00e1gos t\u0171zolt\u00f3s\u00e1gi f\u0151fel\u00fcgyel\u0151, az orsz\u00e1gos b\u00edr\u00e1l\u00f3bizotts\u00e1g eln\u00f6ke nyitotta meg. A t\u00e1bornok k\u00f6sz\u00f6nt\u0151j\u00e9ben \u00f6r\u00f6m\u00e9t fejezte ki, hogy az elm\u00falt \u00f6t \u00e9vben \u00f6sszesen t\u00f6bb mint 22 ezer alkot\u00e1s \u00e9rkezett a p\u00e1ly\u00e1zati felh\u00edv\u00e1sokra. \u00dagy v\u00e9lte, ez a sz\u00e1m mindenk\u00e9ppen a p\u00e1ly\u00e1zat sikeress\u00e9g\u00e9t mutatja. A dand\u00e1rt\u00e1bornok \u00fagy fogalmazott: \u201cHissz\u00fck \u00e9s valljuk, hogy ha az a gondolatis\u00e1g, amely a megel\u0151z\u0151 t\u0171zv\u00e9delem ter\u00fclet\u00e9n m\u00e1r fiatalabb korban gy\u00f6keret ver, az haszn\u00e1ra lesz a t\u00e1rsadalom \u00e9s a saj\u00e1t biztons\u00e1gunknak is.\u201d<\/p>\n<p><strong>Dr. Borsos Mih\u00e1ly<\/strong> fot\u00f3m\u0171v\u00e9sz, a b\u00edr\u00e1l\u00f3bizotts\u00e1g tagja elmondta: a zs\u0171rinek id\u00e9n is nagyon neh\u00e9z dolga volt az \u00e9rt\u00e9kel\u00e9sn\u00e9l. Leny\u0171g\u00f6z\u0151nek tal\u00e1lta az alkot\u00e1sokat \u00e9s hozz\u00e1tette: minden olyan m\u0171, ami eljutott az orsz\u00e1gos d\u00f6nt\u0151ig, dics\u00e9retet \u00e9rdemel.<\/p>\n<p><img fetchpriority=\"high\" decoding=\"async\" class=\"alignnone size-full wp-image-10363\" src=\"https:\/\/dorogimedence.hu\/wp-content\/uploads\/2018\/05\/katved-palyazat-02.jpg\" alt=\"\" width=\"670\" height=\"365\" srcset=\"https:\/\/dorogimedence.hu\/wp-content\/uploads\/2018\/05\/katved-palyazat-02.jpg 670w, https:\/\/dorogimedence.hu\/wp-content\/uploads\/2018\/05\/katved-palyazat-02-300x163.jpg 300w\" sizes=\"(max-width: 670px) 100vw, 670px\" \/><\/p>\n<p>Az orsz\u00e1gos verseny nyertese csal\u00e1dj\u00e1val egy balatoni nyaral\u00e1son vehet r\u00e9szt, a verseny tov\u00e1bbi helyezettjei a F\u0151v\u00e1rosi \u00c1llat- \u00e9s N\u00f6v\u00e9nykertbe nyertek csal\u00e1di bel\u00e9p\u0151t. Az az \u00f3voda, illetve iskola, ahonnan orsz\u00e1gosan a legt\u00f6bb p\u00e1ly\u00e1zatot ny\u00fajtott\u00e1k be, a \u201eLegkreat\u00edvabb \u00f3voda 2018\u201d \u00e9s a \u201eLegkreat\u00edvabb iskola 2018\u201d\u00a0 c\u00edmet nyerte el. Ezekben az int\u00e9zm\u00e9nyekben egy\u00e9bk\u00e9nt a k\u00f6zelj\u00f6v\u0151ben a t\u0171zolt\u00f3s\u00e1g bemutat\u00f3t \u00e9s t\u0171zv\u00e9delmi oktat\u00e1st tart. Az orsz\u00e1gos p\u00e1ly\u00e1zat f\u0151v\u00e9dn\u00f6ke, <strong>dr. G\u00f3ra Zolt\u00e1n<\/strong> t\u0171zolt\u00f3 vez\u00e9r\u0151rnagy, a BM Orsz\u00e1gos Katasztr\u00f3fav\u00e9delmi F\u0151igazgat\u00f3s\u00e1g f\u0151igazgat\u00f3ja, az Orsz\u00e1gos T\u0171zmegel\u0151z\u00e9si Bizotts\u00e1g eln\u00f6ke k\u00fcl\u00f6nd\u00edjakat aj\u00e1nlott fel, amelyeket ugyancsak az \u00fcnneps\u00e9gen adtak \u00e1t a gyermekeknek.<\/p>\n<p>Kom\u00e1rom-Esztergom megy\u00e9b\u0151l <strong>K\u00e9ri Zolt\u00e1n, Orosz Vikt\u00f3ria, Schmausz D\u00e1niel, Szalai Rebeka Szonja<\/strong> egy\u00e9b k\u00e9zm\u0171ves alkot\u00e1s kateg\u00f3ri\u00e1ban els\u0151k, <strong>Egri Noel<\/strong> plak\u00e1t kateg\u00f3ri\u00e1ban szint\u00e9n els\u0151 helyez\u00e9st \u00e9rt el, \u00e9s <strong>Mur\u00e1nyi N\u00f3ra <\/strong>vers kateg\u00f3ri\u00e1ban dobog\u00f3s harmadik lett.<\/p>\n<p><img decoding=\"async\" class=\"alignnone size-full wp-image-10364\" src=\"https:\/\/dorogimedence.hu\/wp-content\/uploads\/2018\/05\/katved-palyazat-03.jpg\" alt=\"\" width=\"670\" height=\"365\" srcset=\"https:\/\/dorogimedence.hu\/wp-content\/uploads\/2018\/05\/katved-palyazat-03.jpg 670w, https:\/\/dorogimedence.hu\/wp-content\/uploads\/2018\/05\/katved-palyazat-03-300x163.jpg 300w\" sizes=\"(max-width: 670px) 100vw, 670px\" \/><\/p>\n","protected":false},"excerpt":{"rendered":"<p>A F\u0151v\u00e1rosi Nagycirkuszban tartott\u00e1k meg az Orsz\u00e1gos T\u0171zmegel\u0151z\u00e9si Bizotts\u00e1g \u00e1ltal meghirdetett alkot\u00f3i p\u00e1ly\u00e1zat 2018. \u00e9vi d\u00edj\u00e1tad\u00f3 \u00fcnneps\u00e9g\u00e9t. Az el\u0151z\u0151 \u00e9vek hagyom\u00e1nyait k\u00f6vetve id\u00e9n is \u00f3vod\u00e1sok, \u00e1ltal\u00e1nos iskol\u00e1sok \u00e9s k\u00f6z\u00e9piskol\u00e1sok vehettek r\u00e9szt a kreat\u00edv megm\u00e9rettet\u00e9sen. A be\u00e9rkezett t\u00f6bb mint \u00f6tezer p\u00e1lyam\u0171 alkot\u00f3i k\u00f6z\u00fcl a legjobbjak \u00e9rt\u00e9kes aj\u00e1nd\u00e9kokban r\u00e9szes\u00fcltek. Az Orsz\u00e1gos T\u0171zmegel\u0151z\u00e9si Bizotts\u00e1g \u00e1ltal meghirdetett p\u00e1ly\u00e1zat c\u00e9lja,<\/p>\n","protected":false},"author":1,"featured_media":10362,"comment_status":"closed","ping_status":"closed","sticky":false,"template":"","format":"standard","meta":{"ngg_post_thumbnail":0,"footnotes":""},"categories":[38,3],"tags":[2591,175,2589,74,2590,65],"class_list":{"0":"post-10361","1":"post","2":"type-post","3":"status-publish","4":"format-standard","5":"has-post-thumbnail","7":"category-esztergom","8":"category-hirek","9":"tag-alkotoi-palyazat","10":"tag-katasztrofavedelem","11":"tag-orszagos-tuzmegelozesi-bizottsag","12":"tag-palyazat","13":"tag-tuzmegelozes","14":"tag-tuzoltosag"},"yoast_head":"<!-- This site is optimized with the Yoast SEO plugin v27.5 - https:\/\/yoast.com\/product\/yoast-seo-wordpress\/ -->\n<title>Esztergomi di\u00e1kok nyertek a t\u0171zmegel\u0151z\u00e9si p\u00e1ly\u00e1zaton<\/title>\n<meta name=\"robots\" content=\"index, follow, max-snippet:-1, max-image-preview:large, max-video-preview:-1\" \/>\n<link rel=\"canonical\" href=\"https:\/\/dorogimedence.hu\/index.php\/2018\/05\/29\/esztergomi-diakok-nyertek-a-tuzmegelozesi-palyazaton\/\" class=\"yoast-seo-meta-tag\" \/>\n<meta property=\"og:locale\" content=\"hu_HU\" class=\"yoast-seo-meta-tag\" \/>\n<meta property=\"og:type\" content=\"article\" class=\"yoast-seo-meta-tag\" \/>\n<meta property=\"og:title\" content=\"Esztergomi di\u00e1kok nyertek a t\u0171zmegel\u0151z\u00e9si p\u00e1ly\u00e1zaton\" class=\"yoast-seo-meta-tag\" \/>\n<meta property=\"og:description\" content=\"A F\u0151v\u00e1rosi Nagycirkuszban tartott\u00e1k meg az Orsz\u00e1gos T\u0171zmegel\u0151z\u00e9si Bizotts\u00e1g \u00e1ltal meghirdetett alkot\u00f3i p\u00e1ly\u00e1zat 2018. \u00e9vi d\u00edj\u00e1tad\u00f3 \u00fcnneps\u00e9g\u00e9t. Az el\u0151z\u0151 \u00e9vek hagyom\u00e1nyait k\u00f6vetve id\u00e9n is \u00f3vod\u00e1sok, \u00e1ltal\u00e1nos iskol\u00e1sok \u00e9s k\u00f6z\u00e9piskol\u00e1sok vehettek r\u00e9szt a kreat\u00edv megm\u00e9rettet\u00e9sen. A be\u00e9rkezett t\u00f6bb mint \u00f6tezer p\u00e1lyam\u0171 alkot\u00f3i k\u00f6z\u00fcl a legjobbjak \u00e9rt\u00e9kes aj\u00e1nd\u00e9kokban r\u00e9szes\u00fcltek. Az Orsz\u00e1gos T\u0171zmegel\u0151z\u00e9si Bizotts\u00e1g \u00e1ltal meghirdetett p\u00e1ly\u00e1zat c\u00e9lja,\" class=\"yoast-seo-meta-tag\" \/>\n<meta property=\"og:url\" content=\"https:\/\/dorogimedence.hu\/index.php\/2018\/05\/29\/esztergomi-diakok-nyertek-a-tuzmegelozesi-palyazaton\/\" class=\"yoast-seo-meta-tag\" \/>\n<meta property=\"og:site_name\" content=\"Dorogi-medence Region\u00e1lis H\u00edrport\u00e1l\" class=\"yoast-seo-meta-tag\" \/>\n<meta property=\"article:publisher\" content=\"https:\/\/www.facebook.com\/dorogimedence\/\" class=\"yoast-seo-meta-tag\" \/>\n<meta property=\"article:published_time\" content=\"2018-05-29T05:12:18+00:00\" class=\"yoast-seo-meta-tag\" \/>\n<meta property=\"og:image\" content=\"https:\/\/i0.wp.com\/dorogimedence.hu\/wp-content\/uploads\/2018\/05\/katved-palyazat-01.jpg?fit=670%2C365&ssl=1\" class=\"yoast-seo-meta-tag\" \/>\n\t<meta property=\"og:image:width\" content=\"670\" class=\"yoast-seo-meta-tag\" \/>\n\t<meta property=\"og:image:height\" content=\"365\" class=\"yoast-seo-meta-tag\" \/>\n\t<meta property=\"og:image:type\" content=\"image\/jpeg\" class=\"yoast-seo-meta-tag\" \/>\n<meta name=\"author\" content=\"dorogimedence.hu\" class=\"yoast-seo-meta-tag\" \/>\n<meta name=\"twitter:card\" content=\"summary_large_image\" class=\"yoast-seo-meta-tag\" \/>\n<meta name=\"twitter:label1\" content=\"Szerz\u0151:\" class=\"yoast-seo-meta-tag\" \/>\n\t<meta name=\"twitter:data1\" content=\"dorogimedence.hu\" class=\"yoast-seo-meta-tag\" \/>\n\t<meta name=\"twitter:label2\" content=\"Becs\u00fclt olvas\u00e1si id\u0151\" class=\"yoast-seo-meta-tag\" \/>\n\t<meta name=\"twitter:data2\" content=\"4 perc\" class=\"yoast-seo-meta-tag\" \/>\n<script type=\"application\/ld+json\" class=\"yoast-schema-graph\">{\"@context\":\"https:\\\/\\\/schema.org\",\"@graph\":[{\"@type\":\"Article\",\"@id\":\"https:\\\/\\\/dorogimedence.hu\\\/index.php\\\/2018\\\/05\\\/29\\\/esztergomi-diakok-nyertek-a-tuzmegelozesi-palyazaton\\\/#article\",\"isPartOf\":{\"@id\":\"https:\\\/\\\/dorogimedence.hu\\\/index.php\\\/2018\\\/05\\\/29\\\/esztergomi-diakok-nyertek-a-tuzmegelozesi-palyazaton\\\/\"},\"author\":{\"name\":\"dorogimedence.hu\",\"@id\":\"https:\\\/\\\/dorogimedence.hu\\\/#\\\/schema\\\/person\\\/ce6091eeb7e95ecdc87890d6aa8e0fd4\"},\"headline\":\"Esztergomi di\u00e1kok nyertek a t\u0171zmegel\u0151z\u00e9si p\u00e1ly\u00e1zaton\",\"datePublished\":\"2018-05-29T05:12:18+00:00\",\"mainEntityOfPage\":{\"@id\":\"https:\\\/\\\/dorogimedence.hu\\\/index.php\\\/2018\\\/05\\\/29\\\/esztergomi-diakok-nyertek-a-tuzmegelozesi-palyazaton\\\/\"},\"wordCount\":727,\"publisher\":{\"@id\":\"https:\\\/\\\/dorogimedence.hu\\\/#organization\"},\"image\":{\"@id\":\"https:\\\/\\\/dorogimedence.hu\\\/index.php\\\/2018\\\/05\\\/29\\\/esztergomi-diakok-nyertek-a-tuzmegelozesi-palyazaton\\\/#primaryimage\"},\"thumbnailUrl\":\"https:\\\/\\\/dorogimedence.hu\\\/wp-content\\\/uploads\\\/2018\\\/05\\\/katved-palyazat-01.jpg\",\"keywords\":[\"alkot\u00f3i p\u00e1ly\u00e1zat\",\"katasztr\u00f3fav\u00e9delem\",\"Orsz\u00e1gos T\u0171zmegel\u0151z\u00e9si Bizotts\u00e1g\",\"p\u00e1ly\u00e1zat\",\"t\u0171zmegel\u0151z\u00e9s\",\"t\u0171zolt\u00f3s\u00e1g\"],\"articleSection\":[\"Esztergom\",\"H\u00edrek\"],\"inLanguage\":\"hu\"},{\"@type\":\"WebPage\",\"@id\":\"https:\\\/\\\/dorogimedence.hu\\\/index.php\\\/2018\\\/05\\\/29\\\/esztergomi-diakok-nyertek-a-tuzmegelozesi-palyazaton\\\/\",\"url\":\"https:\\\/\\\/dorogimedence.hu\\\/index.php\\\/2018\\\/05\\\/29\\\/esztergomi-diakok-nyertek-a-tuzmegelozesi-palyazaton\\\/\",\"name\":\"Esztergomi di\u00e1kok nyertek a t\u0171zmegel\u0151z\u00e9si p\u00e1ly\u00e1zaton\",\"isPartOf\":{\"@id\":\"https:\\\/\\\/dorogimedence.hu\\\/#website\"},\"primaryImageOfPage\":{\"@id\":\"https:\\\/\\\/dorogimedence.hu\\\/index.php\\\/2018\\\/05\\\/29\\\/esztergomi-diakok-nyertek-a-tuzmegelozesi-palyazaton\\\/#primaryimage\"},\"image\":{\"@id\":\"https:\\\/\\\/dorogimedence.hu\\\/index.php\\\/2018\\\/05\\\/29\\\/esztergomi-diakok-nyertek-a-tuzmegelozesi-palyazaton\\\/#primaryimage\"},\"thumbnailUrl\":\"https:\\\/\\\/dorogimedence.hu\\\/wp-content\\\/uploads\\\/2018\\\/05\\\/katved-palyazat-01.jpg\",\"datePublished\":\"2018-05-29T05:12:18+00:00\",\"breadcrumb\":{\"@id\":\"https:\\\/\\\/dorogimedence.hu\\\/index.php\\\/2018\\\/05\\\/29\\\/esztergomi-diakok-nyertek-a-tuzmegelozesi-palyazaton\\\/#breadcrumb\"},\"inLanguage\":\"hu\",\"potentialAction\":[{\"@type\":\"ReadAction\",\"target\":[\"https:\\\/\\\/dorogimedence.hu\\\/index.php\\\/2018\\\/05\\\/29\\\/esztergomi-diakok-nyertek-a-tuzmegelozesi-palyazaton\\\/\"]}]},{\"@type\":\"ImageObject\",\"inLanguage\":\"hu\",\"@id\":\"https:\\\/\\\/dorogimedence.hu\\\/index.php\\\/2018\\\/05\\\/29\\\/esztergomi-diakok-nyertek-a-tuzmegelozesi-palyazaton\\\/#primaryimage\",\"url\":\"https:\\\/\\\/dorogimedence.hu\\\/wp-content\\\/uploads\\\/2018\\\/05\\\/katved-palyazat-01.jpg\",\"contentUrl\":\"https:\\\/\\\/dorogimedence.hu\\\/wp-content\\\/uploads\\\/2018\\\/05\\\/katved-palyazat-01.jpg\",\"width\":670,\"height\":365},{\"@type\":\"BreadcrumbList\",\"@id\":\"https:\\\/\\\/dorogimedence.hu\\\/index.php\\\/2018\\\/05\\\/29\\\/esztergomi-diakok-nyertek-a-tuzmegelozesi-palyazaton\\\/#breadcrumb\",\"itemListElement\":[{\"@type\":\"ListItem\",\"position\":1,\"name\":\"Kezd\u0151lap\",\"item\":\"https:\\\/\\\/dorogimedence.hu\\\/\"},{\"@type\":\"ListItem\",\"position\":2,\"name\":\"Esztergomi di\u00e1kok nyertek a t\u0171zmegel\u0151z\u00e9si p\u00e1ly\u00e1zaton\"}]},{\"@type\":\"WebSite\",\"@id\":\"https:\\\/\\\/dorogimedence.hu\\\/#website\",\"url\":\"https:\\\/\\\/dorogimedence.hu\\\/\",\"name\":\"Dorogi-medence Region\u00e1lis H\u00edrport\u00e1l\",\"description\":\"Dorog, Keszt\u00f6lc, Le\u00e1nyv\u00e1r, Piliscs\u00e9v, Tokod, Tokodalt\u00e1r\u00f3, Csolnok, Esztergom-kertv\u00e1ros: h\u00edrek, programok\",\"publisher\":{\"@id\":\"https:\\\/\\\/dorogimedence.hu\\\/#organization\"},\"potentialAction\":[{\"@type\":\"SearchAction\",\"target\":{\"@type\":\"EntryPoint\",\"urlTemplate\":\"https:\\\/\\\/dorogimedence.hu\\\/?s={search_term_string}\"},\"query-input\":{\"@type\":\"PropertyValueSpecification\",\"valueRequired\":true,\"valueName\":\"search_term_string\"}}],\"inLanguage\":\"hu\"},{\"@type\":\"Organization\",\"@id\":\"https:\\\/\\\/dorogimedence.hu\\\/#organization\",\"name\":\"Dorogi-medence Region\u00e1lis H\u00edrport\u00e1l\",\"url\":\"https:\\\/\\\/dorogimedence.hu\\\/\",\"logo\":{\"@type\":\"ImageObject\",\"inLanguage\":\"hu\",\"@id\":\"https:\\\/\\\/dorogimedence.hu\\\/#\\\/schema\\\/logo\\\/image\\\/\",\"url\":\"https:\\\/\\\/dorogimedence.hu\\\/wp-content\\\/uploads\\\/2021\\\/04\\\/logo-feher-600.png\",\"contentUrl\":\"https:\\\/\\\/dorogimedence.hu\\\/wp-content\\\/uploads\\\/2021\\\/04\\\/logo-feher-600.png\",\"width\":600,\"height\":100,\"caption\":\"Dorogi-medence Region\u00e1lis H\u00edrport\u00e1l\"},\"image\":{\"@id\":\"https:\\\/\\\/dorogimedence.hu\\\/#\\\/schema\\\/logo\\\/image\\\/\"},\"sameAs\":[\"https:\\\/\\\/www.facebook.com\\\/dorogimedence\\\/\"]},{\"@type\":\"Person\",\"@id\":\"https:\\\/\\\/dorogimedence.hu\\\/#\\\/schema\\\/person\\\/ce6091eeb7e95ecdc87890d6aa8e0fd4\",\"name\":\"dorogimedence.hu\",\"image\":{\"@type\":\"ImageObject\",\"inLanguage\":\"hu\",\"@id\":\"\\\/\\\/www.gravatar.com\\\/avatar\\\/d8d45f8901aadff40a4af72c0b826f1d?s=96&#038;r=g&#038;d=mm\",\"url\":\"\\\/\\\/www.gravatar.com\\\/avatar\\\/d8d45f8901aadff40a4af72c0b826f1d?s=96&#038;r=g&#038;d=mm\",\"contentUrl\":\"\\\/\\\/www.gravatar.com\\\/avatar\\\/d8d45f8901aadff40a4af72c0b826f1d?s=96&#038;r=g&#038;d=mm\",\"caption\":\"dorogimedence.hu\"}}]}<\/script>\n<!-- \/ Yoast SEO plugin. -->","yoast_head_json":{"title":"Esztergomi di\u00e1kok nyertek a t\u0171zmegel\u0151z\u00e9si p\u00e1ly\u00e1zaton","robots":{"index":"index","follow":"follow","max-snippet":"max-snippet:-1","max-image-preview":"max-image-preview:large","max-video-preview":"max-video-preview:-1"},"canonical":"https:\/\/dorogimedence.hu\/index.php\/2018\/05\/29\/esztergomi-diakok-nyertek-a-tuzmegelozesi-palyazaton\/","og_locale":"hu_HU","og_type":"article","og_title":"Esztergomi di\u00e1kok nyertek a t\u0171zmegel\u0151z\u00e9si p\u00e1ly\u00e1zaton","og_description":"A F\u0151v\u00e1rosi Nagycirkuszban tartott\u00e1k meg az Orsz\u00e1gos T\u0171zmegel\u0151z\u00e9si Bizotts\u00e1g \u00e1ltal meghirdetett alkot\u00f3i p\u00e1ly\u00e1zat 2018. \u00e9vi d\u00edj\u00e1tad\u00f3 \u00fcnneps\u00e9g\u00e9t. Az el\u0151z\u0151 \u00e9vek hagyom\u00e1nyait k\u00f6vetve id\u00e9n is \u00f3vod\u00e1sok, \u00e1ltal\u00e1nos iskol\u00e1sok \u00e9s k\u00f6z\u00e9piskol\u00e1sok vehettek r\u00e9szt a kreat\u00edv megm\u00e9rettet\u00e9sen. A be\u00e9rkezett t\u00f6bb mint \u00f6tezer p\u00e1lyam\u0171 alkot\u00f3i k\u00f6z\u00fcl a legjobbjak \u00e9rt\u00e9kes aj\u00e1nd\u00e9kokban r\u00e9szes\u00fcltek. Az Orsz\u00e1gos T\u0171zmegel\u0151z\u00e9si Bizotts\u00e1g \u00e1ltal meghirdetett p\u00e1ly\u00e1zat c\u00e9lja,","og_url":"https:\/\/dorogimedence.hu\/index.php\/2018\/05\/29\/esztergomi-diakok-nyertek-a-tuzmegelozesi-palyazaton\/","og_site_name":"Dorogi-medence Region\u00e1lis H\u00edrport\u00e1l","article_publisher":"https:\/\/www.facebook.com\/dorogimedence\/","article_published_time":"2018-05-29T05:12:18+00:00","og_image":[{"width":670,"height":365,"url":"https:\/\/i0.wp.com\/dorogimedence.hu\/wp-content\/uploads\/2018\/05\/katved-palyazat-01.jpg?fit=670%2C365&ssl=1","type":"image\/jpeg"}],"author":"dorogimedence.hu","twitter_card":"summary_large_image","twitter_misc":{"Szerz\u0151:":"dorogimedence.hu","Becs\u00fclt olvas\u00e1si id\u0151":"4 perc"},"schema":{"@context":"https:\/\/schema.org","@graph":[{"@type":"Article","@id":"https:\/\/dorogimedence.hu\/index.php\/2018\/05\/29\/esztergomi-diakok-nyertek-a-tuzmegelozesi-palyazaton\/#article","isPartOf":{"@id":"https:\/\/dorogimedence.hu\/index.php\/2018\/05\/29\/esztergomi-diakok-nyertek-a-tuzmegelozesi-palyazaton\/"},"author":{"name":"dorogimedence.hu","@id":"https:\/\/dorogimedence.hu\/#\/schema\/person\/ce6091eeb7e95ecdc87890d6aa8e0fd4"},"headline":"Esztergomi di\u00e1kok nyertek a t\u0171zmegel\u0151z\u00e9si p\u00e1ly\u00e1zaton","datePublished":"2018-05-29T05:12:18+00:00","mainEntityOfPage":{"@id":"https:\/\/dorogimedence.hu\/index.php\/2018\/05\/29\/esztergomi-diakok-nyertek-a-tuzmegelozesi-palyazaton\/"},"wordCount":727,"publisher":{"@id":"https:\/\/dorogimedence.hu\/#organization"},"image":{"@id":"https:\/\/dorogimedence.hu\/index.php\/2018\/05\/29\/esztergomi-diakok-nyertek-a-tuzmegelozesi-palyazaton\/#primaryimage"},"thumbnailUrl":"https:\/\/dorogimedence.hu\/wp-content\/uploads\/2018\/05\/katved-palyazat-01.jpg","keywords":["alkot\u00f3i p\u00e1ly\u00e1zat","katasztr\u00f3fav\u00e9delem","Orsz\u00e1gos T\u0171zmegel\u0151z\u00e9si Bizotts\u00e1g","p\u00e1ly\u00e1zat","t\u0171zmegel\u0151z\u00e9s","t\u0171zolt\u00f3s\u00e1g"],"articleSection":["Esztergom","H\u00edrek"],"inLanguage":"hu"},{"@type":"WebPage","@id":"https:\/\/dorogimedence.hu\/index.php\/2018\/05\/29\/esztergomi-diakok-nyertek-a-tuzmegelozesi-palyazaton\/","url":"https:\/\/dorogimedence.hu\/index.php\/2018\/05\/29\/esztergomi-diakok-nyertek-a-tuzmegelozesi-palyazaton\/","name":"Esztergomi di\u00e1kok nyertek a t\u0171zmegel\u0151z\u00e9si p\u00e1ly\u00e1zaton","isPartOf":{"@id":"https:\/\/dorogimedence.hu\/#website"},"primaryImageOfPage":{"@id":"https:\/\/dorogimedence.hu\/index.php\/2018\/05\/29\/esztergomi-diakok-nyertek-a-tuzmegelozesi-palyazaton\/#primaryimage"},"image":{"@id":"https:\/\/dorogimedence.hu\/index.php\/2018\/05\/29\/esztergomi-diakok-nyertek-a-tuzmegelozesi-palyazaton\/#primaryimage"},"thumbnailUrl":"https:\/\/dorogimedence.hu\/wp-content\/uploads\/2018\/05\/katved-palyazat-01.jpg","datePublished":"2018-05-29T05:12:18+00:00","breadcrumb":{"@id":"https:\/\/dorogimedence.hu\/index.php\/2018\/05\/29\/esztergomi-diakok-nyertek-a-tuzmegelozesi-palyazaton\/#breadcrumb"},"inLanguage":"hu","potentialAction":[{"@type":"ReadAction","target":["https:\/\/dorogimedence.hu\/index.php\/2018\/05\/29\/esztergomi-diakok-nyertek-a-tuzmegelozesi-palyazaton\/"]}]},{"@type":"ImageObject","inLanguage":"hu","@id":"https:\/\/dorogimedence.hu\/index.php\/2018\/05\/29\/esztergomi-diakok-nyertek-a-tuzmegelozesi-palyazaton\/#primaryimage","url":"https:\/\/dorogimedence.hu\/wp-content\/uploads\/2018\/05\/katved-palyazat-01.jpg","contentUrl":"https:\/\/dorogimedence.hu\/wp-content\/uploads\/2018\/05\/katved-palyazat-01.jpg","width":670,"height":365},{"@type":"BreadcrumbList","@id":"https:\/\/dorogimedence.hu\/index.php\/2018\/05\/29\/esztergomi-diakok-nyertek-a-tuzmegelozesi-palyazaton\/#breadcrumb","itemListElement":[{"@type":"ListItem","position":1,"name":"Kezd\u0151lap","item":"https:\/\/dorogimedence.hu\/"},{"@type":"ListItem","position":2,"name":"Esztergomi di\u00e1kok nyertek a t\u0171zmegel\u0151z\u00e9si p\u00e1ly\u00e1zaton"}]},{"@type":"WebSite","@id":"https:\/\/dorogimedence.hu\/#website","url":"https:\/\/dorogimedence.hu\/","name":"Dorogi-medence Region\u00e1lis H\u00edrport\u00e1l","description":"Dorog, Keszt\u00f6lc, Le\u00e1nyv\u00e1r, Piliscs\u00e9v, Tokod, Tokodalt\u00e1r\u00f3, Csolnok, Esztergom-kertv\u00e1ros: h\u00edrek, programok","publisher":{"@id":"https:\/\/dorogimedence.hu\/#organization"},"potentialAction":[{"@type":"SearchAction","target":{"@type":"EntryPoint","urlTemplate":"https:\/\/dorogimedence.hu\/?s={search_term_string}"},"query-input":{"@type":"PropertyValueSpecification","valueRequired":true,"valueName":"search_term_string"}}],"inLanguage":"hu"},{"@type":"Organization","@id":"https:\/\/dorogimedence.hu\/#organization","name":"Dorogi-medence Region\u00e1lis H\u00edrport\u00e1l","url":"https:\/\/dorogimedence.hu\/","logo":{"@type":"ImageObject","inLanguage":"hu","@id":"https:\/\/dorogimedence.hu\/#\/schema\/logo\/image\/","url":"https:\/\/dorogimedence.hu\/wp-content\/uploads\/2021\/04\/logo-feher-600.png","contentUrl":"https:\/\/dorogimedence.hu\/wp-content\/uploads\/2021\/04\/logo-feher-600.png","width":600,"height":100,"caption":"Dorogi-medence Region\u00e1lis H\u00edrport\u00e1l"},"image":{"@id":"https:\/\/dorogimedence.hu\/#\/schema\/logo\/image\/"},"sameAs":["https:\/\/www.facebook.com\/dorogimedence\/"]},{"@type":"Person","@id":"https:\/\/dorogimedence.hu\/#\/schema\/person\/ce6091eeb7e95ecdc87890d6aa8e0fd4","name":"dorogimedence.hu","image":{"@type":"ImageObject","inLanguage":"hu","@id":"\/\/www.gravatar.com\/avatar\/d8d45f8901aadff40a4af72c0b826f1d?s=96&#038;r=g&#038;d=mm","url":"\/\/www.gravatar.com\/avatar\/d8d45f8901aadff40a4af72c0b826f1d?s=96&#038;r=g&#038;d=mm","contentUrl":"\/\/www.gravatar.com\/avatar\/d8d45f8901aadff40a4af72c0b826f1d?s=96&#038;r=g&#038;d=mm","caption":"dorogimedence.hu"}}]}},"_links":{"self":[{"href":"https:\/\/dorogimedence.hu\/index.php\/wp-json\/wp\/v2\/posts\/10361","targetHints":{"allow":["GET"]}}],"collection":[{"href":"https:\/\/dorogimedence.hu\/index.php\/wp-json\/wp\/v2\/posts"}],"about":[{"href":"https:\/\/dorogimedence.hu\/index.php\/wp-json\/wp\/v2\/types\/post"}],"author":[{"embeddable":true,"href":"https:\/\/dorogimedence.hu\/index.php\/wp-json\/wp\/v2\/users\/1"}],"replies":[{"embeddable":true,"href":"https:\/\/dorogimedence.hu\/index.php\/wp-json\/wp\/v2\/comments?post=10361"}],"version-history":[{"count":0,"href":"https:\/\/dorogimedence.hu\/index.php\/wp-json\/wp\/v2\/posts\/10361\/revisions"}],"wp:featuredmedia":[{"embeddable":true,"href":"https:\/\/dorogimedence.hu\/index.php\/wp-json\/wp\/v2\/media\/10362"}],"wp:attachment":[{"href":"https:\/\/dorogimedence.hu\/index.php\/wp-json\/wp\/v2\/media?parent=10361"}],"wp:term":[{"taxonomy":"category","embeddable":true,"href":"https:\/\/dorogimedence.hu\/index.php\/wp-json\/wp\/v2\/categories?post=10361"},{"taxonomy":"post_tag","embeddable":true,"href":"https:\/\/dorogimedence.hu\/index.php\/wp-json\/wp\/v2\/tags?post=10361"}],"curies":[{"name":"wp","href":"https:\/\/api.w.org\/{rel}","templated":true}]}}