{"id":10189,"date":"2018-05-21T06:46:24","date_gmt":"2018-05-21T04:46:24","guid":{"rendered":"http:\/\/dorogimedence.hu\/?p=10189"},"modified":"2018-05-21T06:46:24","modified_gmt":"2018-05-21T04:46:24","slug":"negyedik-alkalommal-kerult-megrendezesre-az-ultra-trail-a-pilisben","status":"publish","type":"post","link":"https:\/\/dorogimedence.hu\/index.php\/2018\/05\/21\/negyedik-alkalommal-kerult-megrendezesre-az-ultra-trail-a-pilisben\/","title":{"rendered":"Negyedik alkalommal ker\u00fclt megrendez\u00e9sre az Ultra-Trail a Pilisben"},"content":{"rendered":"<p><strong><span id=\"ctl05_lbLead\">P\u00fcnk\u00f6sd vas\u00e1rnap 0 \u00f3rakor rajtolt Szentendr\u00e9r\u0151l a Salomon Ultra-Trail Hungary, a legn\u00e9pszer\u0171bb \u00e9s legrangosabb magyar ultramaratoni t\u00e1v\u00fa terepfut\u00e1s, a legend\u00e1s Ultra-Trail du Mont-Blanc kvalifik\u00e1ci\u00f3s versenye.<\/span><\/strong><\/p>\n<p><span id=\"ctl05_lbBody\">Cs\u00e1nyi L\u00e1szl\u00f3 (Csanya) az MTI-nek elmondta, hogy id\u00e9n a magyar ultrafut\u00f3k mellett sokan \u00e9rkeztek k\u00fclf\u00f6ldr\u0151l, 34 orsz\u00e1gb\u00f3l \u00f6sszesen 1165 fut\u00f3 regisztr\u00e1lt, legt\u00f6bben a szomsz\u00e9dos orsz\u00e1gokb\u00f3l, de K\u00edn\u00e1b\u00f3l, Kanad\u00e1b\u00f3l \u00e9s az Egyes\u00fclt \u00c1llamokb\u00f3l is j\u00f6ttek versenyz\u0151k.<\/span><\/p>\n<p><span id=\"ctl05_lbBody\">N\u00e9gy t\u00e1vra nevezhettek a fut\u00f3k a november 1-t\u0151l \u00e1prilis 1-ig tart\u00f3 regisztr\u00e1ci\u00f3s id\u0151szakban. <strong>A leghosszabb t\u00e1v a 112 kilom\u00e9teres Ultra-Trail Hungary<\/strong>, melynek sor\u00e1n az ultramaratonist\u00e1k bej\u00e1rj\u00e1k a Pilis \u00e9s a Visegr\u00e1di-hegys\u00e9g szinte teljes ter\u00fclet\u00e9t, \u00f6sszesen 4200 m\u00e9ter szintemelked\u00e9st kell lek\u00fczdeni\u00fck. A 20 \u00f3r\u00e1s szintid\u0151 alatt<strong> Dobog\u00f3k\u0151, Pilisszentl\u00e9lek, Pilismar\u00f3t, D\u00f6m\u00f6s, a Pr\u00e9dik\u00e1l\u00f3sz\u00e9k, Lepence, Pilisszentl\u00e1szl\u00f3 \u00e9s Visegr\u00e1d<\/strong> <strong>\u00e9rint\u00e9s\u00e9vel<\/strong>, kilenc ellen\u0151rz\u0151 ponton \u00e1thaladva \u00e9rkeznek vissza <strong>Szentendr\u00e9re<\/strong>.<\/span><\/p>\n<p>Az Ultra-Trail Hungary versenyen els\u0151 f\u00e9rfik\u00e9nt Hrastovec Ivan &#8211; Ivi \u00e9rkezett a c\u00e9lba, aki 11 \u00f3ra 32 perc alatt teljes\u00edtette a 112 km-t, a m\u00e1sodik f\u00e9rfi Kiss Mikl\u00f3s lett 11 \u00f3ra 52 perccel, a harmadik pedig Belus Tam\u00e1s &#8211; Tomi lett 12 \u00f3ra 45 perccel.<\/p>\n<p>Els\u0151 n\u0151k\u00e9nt Nagy T\u00fcnde \u00e9rkezett a c\u00e9lba: 14 \u00f3ra 40 perc alatt teljes\u00edtette a 112 km-t. M\u00e1sodikk\u00e9nt Horv\u00e1th Anik\u00f3 (16 \u00f3ra 23 perc), harmadikk\u00e9nt pedig Csernus Brigitta (16 \u00f3ra 27 perc) \u00e9rkezett a c\u00e9lba.<\/p>\n<p>Az Salomon Ultra-Trail\u00ae Hungary 112 km mellett tov\u00e1bbi h\u00e1rom t\u00e1von is r\u00e9szt vehettek a versenyz\u0151k: Salomon Szentl\u00e1szl\u00f3 Trail 84 km, Salomon Szentendre Trail 54 km \u00e9s Salomon Visegr\u00e1d Trail 29 km.<\/p>\n<p><span id=\"ctl05_lbBody\">A verseny szervez\u0151i a gyerekeket is v\u00e1rt\u00e1k m\u00e1jus 19-\u00e9n 16 \u00e9s 17 \u00f3ra k\u00f6zt a Post\u00e1s strandra, ahol a Salomon Kids Trailen \u00e1llhattak rajthoz a 3-11 \u00e9v k\u00f6z\u00f6tti kicsik. Itt minden gyerek 1-es rajtsz\u00e1mmal indult, teh\u00e1t mindenki gy\u0151z\u00f6tt. A gyerekverseny teljes bev\u00e9tel\u00e9t a Mosolyg\u00f3s B\u00f6lcs\u0151d\u00e9sek\u00e9rt Alap\u00edtv\u00e1ny sz\u00e1m\u00e1ra aj\u00e1nlj\u00e1k fel a szervez\u0151k.<\/span><\/p>\n<p><a href=\"http:\/\/checkpointsystem.hu\/verseny\/2018-salomon-uth\" target=\"_blank\" rel=\"noopener\"><span style=\"text-decoration: underline; color: #0000ff;\"><strong>R\u00e9szletes eredm\u00e9nyek&gt;&gt;<\/strong><\/span><\/a><\/p>\n<p><span id=\"ctl05_lbLead4\"><em>Fot\u00f3: <span style=\"text-decoration: underline; color: #0000ff;\"><a class=\"_hli\" style=\"color: #0000ff; text-decoration: underline;\" href=\"https:\/\/www.facebook.com\/UltraTrailHungary\/\" target=\"_blank\" rel=\"noopener\" data-ft=\"{&quot;tn&quot;:&quot;k&quot;}\" data-hovercard=\"\/ajax\/hovercard\/page.php?id=1456495167933457\" data-hovercard-prefer-more-content-show=\"1\">Ultra-Trail Hungary<\/a><\/span><\/em> Facebook oldala<br \/>\n<em>Forr\u00e1s: dorogimedence.hu\/ultratrail.hu\/MTI<\/em><br \/>\n<\/span><\/p>\n","protected":false},"excerpt":{"rendered":"<p>P\u00fcnk\u00f6sd vas\u00e1rnap 0 \u00f3rakor rajtolt Szentendr\u00e9r\u0151l a Salomon Ultra-Trail Hungary, a legn\u00e9pszer\u0171bb \u00e9s legrangosabb magyar ultramaratoni t\u00e1v\u00fa terepfut\u00e1s, a legend\u00e1s Ultra-Trail du Mont-Blanc kvalifik\u00e1ci\u00f3s versenye. Cs\u00e1nyi L\u00e1szl\u00f3 (Csanya) az MTI-nek elmondta, hogy id\u00e9n a magyar ultrafut\u00f3k mellett sokan \u00e9rkeztek k\u00fclf\u00f6ldr\u0151l, 34 orsz\u00e1gb\u00f3l \u00f6sszesen 1165 fut\u00f3 regisztr\u00e1lt, legt\u00f6bben a szomsz\u00e9dos orsz\u00e1gokb\u00f3l, de K\u00edn\u00e1b\u00f3l, Kanad\u00e1b\u00f3l \u00e9s az<\/p>\n","protected":false},"author":1,"featured_media":10190,"comment_status":"closed","ping_status":"closed","sticky":false,"template":"","format":"standard","meta":{"ngg_post_thumbnail":0,"footnotes":""},"categories":[3,5],"tags":[287,151,16,2563,2564],"class_list":{"0":"post-10189","1":"post","2":"type-post","3":"status-publish","4":"format-standard","5":"has-post-thumbnail","7":"category-hirek","8":"category-sport","9":"tag-futas","10":"tag-pilis","11":"tag-sport","12":"tag-ultra-trail","13":"tag-ultramaraton"},"yoast_head":"<!-- This site is optimized with the Yoast SEO plugin v27.5 - https:\/\/yoast.com\/product\/yoast-seo-wordpress\/ -->\n<title>Negyedik alkalommal ker\u00fclt megrendez\u00e9sre az Ultra-Trail a Pilisben<\/title>\n<meta name=\"robots\" content=\"index, follow, max-snippet:-1, max-image-preview:large, max-video-preview:-1\" \/>\n<link rel=\"canonical\" href=\"https:\/\/dorogimedence.hu\/index.php\/2018\/05\/21\/negyedik-alkalommal-kerult-megrendezesre-az-ultra-trail-a-pilisben\/\" class=\"yoast-seo-meta-tag\" \/>\n<meta property=\"og:locale\" content=\"hu_HU\" class=\"yoast-seo-meta-tag\" \/>\n<meta property=\"og:type\" content=\"article\" class=\"yoast-seo-meta-tag\" \/>\n<meta property=\"og:title\" content=\"Negyedik alkalommal ker\u00fclt megrendez\u00e9sre az Ultra-Trail a Pilisben\" class=\"yoast-seo-meta-tag\" \/>\n<meta property=\"og:description\" content=\"P\u00fcnk\u00f6sd vas\u00e1rnap 0 \u00f3rakor rajtolt Szentendr\u00e9r\u0151l a Salomon Ultra-Trail Hungary, a legn\u00e9pszer\u0171bb \u00e9s legrangosabb magyar ultramaratoni t\u00e1v\u00fa terepfut\u00e1s, a legend\u00e1s Ultra-Trail du Mont-Blanc kvalifik\u00e1ci\u00f3s versenye. Cs\u00e1nyi L\u00e1szl\u00f3 (Csanya) az MTI-nek elmondta, hogy id\u00e9n a magyar ultrafut\u00f3k mellett sokan \u00e9rkeztek k\u00fclf\u00f6ldr\u0151l, 34 orsz\u00e1gb\u00f3l \u00f6sszesen 1165 fut\u00f3 regisztr\u00e1lt, legt\u00f6bben a szomsz\u00e9dos orsz\u00e1gokb\u00f3l, de K\u00edn\u00e1b\u00f3l, Kanad\u00e1b\u00f3l \u00e9s az\" class=\"yoast-seo-meta-tag\" \/>\n<meta property=\"og:url\" content=\"https:\/\/dorogimedence.hu\/index.php\/2018\/05\/21\/negyedik-alkalommal-kerult-megrendezesre-az-ultra-trail-a-pilisben\/\" class=\"yoast-seo-meta-tag\" \/>\n<meta property=\"og:site_name\" content=\"Dorogi-medence Region\u00e1lis H\u00edrport\u00e1l\" class=\"yoast-seo-meta-tag\" \/>\n<meta property=\"article:publisher\" content=\"https:\/\/www.facebook.com\/dorogimedence\/\" class=\"yoast-seo-meta-tag\" \/>\n<meta property=\"article:published_time\" content=\"2018-05-21T04:46:24+00:00\" class=\"yoast-seo-meta-tag\" \/>\n<meta property=\"og:image\" content=\"https:\/\/i0.wp.com\/dorogimedence.hu\/wp-content\/uploads\/2018\/05\/ultratrail-02.jpg?fit=670%2C365&ssl=1\" class=\"yoast-seo-meta-tag\" \/>\n\t<meta property=\"og:image:width\" content=\"670\" class=\"yoast-seo-meta-tag\" \/>\n\t<meta property=\"og:image:height\" content=\"365\" class=\"yoast-seo-meta-tag\" \/>\n\t<meta property=\"og:image:type\" content=\"image\/jpeg\" class=\"yoast-seo-meta-tag\" \/>\n<meta name=\"author\" content=\"dorogimedence.hu\" class=\"yoast-seo-meta-tag\" \/>\n<meta name=\"twitter:card\" content=\"summary_large_image\" class=\"yoast-seo-meta-tag\" \/>\n<meta name=\"twitter:label1\" content=\"Szerz\u0151:\" class=\"yoast-seo-meta-tag\" \/>\n\t<meta name=\"twitter:data1\" content=\"dorogimedence.hu\" class=\"yoast-seo-meta-tag\" \/>\n\t<meta name=\"twitter:label2\" content=\"Becs\u00fclt olvas\u00e1si id\u0151\" class=\"yoast-seo-meta-tag\" \/>\n\t<meta name=\"twitter:data2\" content=\"2 perc\" class=\"yoast-seo-meta-tag\" \/>\n<script type=\"application\/ld+json\" class=\"yoast-schema-graph\">{\"@context\":\"https:\\\/\\\/schema.org\",\"@graph\":[{\"@type\":\"Article\",\"@id\":\"https:\\\/\\\/dorogimedence.hu\\\/index.php\\\/2018\\\/05\\\/21\\\/negyedik-alkalommal-kerult-megrendezesre-az-ultra-trail-a-pilisben\\\/#article\",\"isPartOf\":{\"@id\":\"https:\\\/\\\/dorogimedence.hu\\\/index.php\\\/2018\\\/05\\\/21\\\/negyedik-alkalommal-kerult-megrendezesre-az-ultra-trail-a-pilisben\\\/\"},\"author\":{\"name\":\"dorogimedence.hu\",\"@id\":\"https:\\\/\\\/dorogimedence.hu\\\/#\\\/schema\\\/person\\\/ce6091eeb7e95ecdc87890d6aa8e0fd4\"},\"headline\":\"Negyedik alkalommal ker\u00fclt megrendez\u00e9sre az Ultra-Trail a Pilisben\",\"datePublished\":\"2018-05-21T04:46:24+00:00\",\"mainEntityOfPage\":{\"@id\":\"https:\\\/\\\/dorogimedence.hu\\\/index.php\\\/2018\\\/05\\\/21\\\/negyedik-alkalommal-kerult-megrendezesre-az-ultra-trail-a-pilisben\\\/\"},\"wordCount\":410,\"publisher\":{\"@id\":\"https:\\\/\\\/dorogimedence.hu\\\/#organization\"},\"image\":{\"@id\":\"https:\\\/\\\/dorogimedence.hu\\\/index.php\\\/2018\\\/05\\\/21\\\/negyedik-alkalommal-kerult-megrendezesre-az-ultra-trail-a-pilisben\\\/#primaryimage\"},\"thumbnailUrl\":\"https:\\\/\\\/dorogimedence.hu\\\/wp-content\\\/uploads\\\/2018\\\/05\\\/ultratrail-02.jpg\",\"keywords\":[\"fut\u00e1s\",\"Pilis\",\"sport\",\"Ultra-trail\",\"ultramaraton\"],\"articleSection\":[\"H\u00edrek\",\"Sport\"],\"inLanguage\":\"hu\"},{\"@type\":\"WebPage\",\"@id\":\"https:\\\/\\\/dorogimedence.hu\\\/index.php\\\/2018\\\/05\\\/21\\\/negyedik-alkalommal-kerult-megrendezesre-az-ultra-trail-a-pilisben\\\/\",\"url\":\"https:\\\/\\\/dorogimedence.hu\\\/index.php\\\/2018\\\/05\\\/21\\\/negyedik-alkalommal-kerult-megrendezesre-az-ultra-trail-a-pilisben\\\/\",\"name\":\"Negyedik alkalommal ker\u00fclt megrendez\u00e9sre az Ultra-Trail a Pilisben\",\"isPartOf\":{\"@id\":\"https:\\\/\\\/dorogimedence.hu\\\/#website\"},\"primaryImageOfPage\":{\"@id\":\"https:\\\/\\\/dorogimedence.hu\\\/index.php\\\/2018\\\/05\\\/21\\\/negyedik-alkalommal-kerult-megrendezesre-az-ultra-trail-a-pilisben\\\/#primaryimage\"},\"image\":{\"@id\":\"https:\\\/\\\/dorogimedence.hu\\\/index.php\\\/2018\\\/05\\\/21\\\/negyedik-alkalommal-kerult-megrendezesre-az-ultra-trail-a-pilisben\\\/#primaryimage\"},\"thumbnailUrl\":\"https:\\\/\\\/dorogimedence.hu\\\/wp-content\\\/uploads\\\/2018\\\/05\\\/ultratrail-02.jpg\",\"datePublished\":\"2018-05-21T04:46:24+00:00\",\"breadcrumb\":{\"@id\":\"https:\\\/\\\/dorogimedence.hu\\\/index.php\\\/2018\\\/05\\\/21\\\/negyedik-alkalommal-kerult-megrendezesre-az-ultra-trail-a-pilisben\\\/#breadcrumb\"},\"inLanguage\":\"hu\",\"potentialAction\":[{\"@type\":\"ReadAction\",\"target\":[\"https:\\\/\\\/dorogimedence.hu\\\/index.php\\\/2018\\\/05\\\/21\\\/negyedik-alkalommal-kerult-megrendezesre-az-ultra-trail-a-pilisben\\\/\"]}]},{\"@type\":\"ImageObject\",\"inLanguage\":\"hu\",\"@id\":\"https:\\\/\\\/dorogimedence.hu\\\/index.php\\\/2018\\\/05\\\/21\\\/negyedik-alkalommal-kerult-megrendezesre-az-ultra-trail-a-pilisben\\\/#primaryimage\",\"url\":\"https:\\\/\\\/dorogimedence.hu\\\/wp-content\\\/uploads\\\/2018\\\/05\\\/ultratrail-02.jpg\",\"contentUrl\":\"https:\\\/\\\/dorogimedence.hu\\\/wp-content\\\/uploads\\\/2018\\\/05\\\/ultratrail-02.jpg\",\"width\":670,\"height\":365},{\"@type\":\"BreadcrumbList\",\"@id\":\"https:\\\/\\\/dorogimedence.hu\\\/index.php\\\/2018\\\/05\\\/21\\\/negyedik-alkalommal-kerult-megrendezesre-az-ultra-trail-a-pilisben\\\/#breadcrumb\",\"itemListElement\":[{\"@type\":\"ListItem\",\"position\":1,\"name\":\"Kezd\u0151lap\",\"item\":\"https:\\\/\\\/dorogimedence.hu\\\/\"},{\"@type\":\"ListItem\",\"position\":2,\"name\":\"Negyedik alkalommal ker\u00fclt megrendez\u00e9sre az Ultra-Trail a Pilisben\"}]},{\"@type\":\"WebSite\",\"@id\":\"https:\\\/\\\/dorogimedence.hu\\\/#website\",\"url\":\"https:\\\/\\\/dorogimedence.hu\\\/\",\"name\":\"Dorogi-medence Region\u00e1lis H\u00edrport\u00e1l\",\"description\":\"Dorog, Keszt\u00f6lc, Le\u00e1nyv\u00e1r, Piliscs\u00e9v, Tokod, Tokodalt\u00e1r\u00f3, Csolnok, Esztergom-kertv\u00e1ros: h\u00edrek, programok\",\"publisher\":{\"@id\":\"https:\\\/\\\/dorogimedence.hu\\\/#organization\"},\"potentialAction\":[{\"@type\":\"SearchAction\",\"target\":{\"@type\":\"EntryPoint\",\"urlTemplate\":\"https:\\\/\\\/dorogimedence.hu\\\/?s={search_term_string}\"},\"query-input\":{\"@type\":\"PropertyValueSpecification\",\"valueRequired\":true,\"valueName\":\"search_term_string\"}}],\"inLanguage\":\"hu\"},{\"@type\":\"Organization\",\"@id\":\"https:\\\/\\\/dorogimedence.hu\\\/#organization\",\"name\":\"Dorogi-medence Region\u00e1lis H\u00edrport\u00e1l\",\"url\":\"https:\\\/\\\/dorogimedence.hu\\\/\",\"logo\":{\"@type\":\"ImageObject\",\"inLanguage\":\"hu\",\"@id\":\"https:\\\/\\\/dorogimedence.hu\\\/#\\\/schema\\\/logo\\\/image\\\/\",\"url\":\"https:\\\/\\\/dorogimedence.hu\\\/wp-content\\\/uploads\\\/2021\\\/04\\\/logo-feher-600.png\",\"contentUrl\":\"https:\\\/\\\/dorogimedence.hu\\\/wp-content\\\/uploads\\\/2021\\\/04\\\/logo-feher-600.png\",\"width\":600,\"height\":100,\"caption\":\"Dorogi-medence Region\u00e1lis H\u00edrport\u00e1l\"},\"image\":{\"@id\":\"https:\\\/\\\/dorogimedence.hu\\\/#\\\/schema\\\/logo\\\/image\\\/\"},\"sameAs\":[\"https:\\\/\\\/www.facebook.com\\\/dorogimedence\\\/\"]},{\"@type\":\"Person\",\"@id\":\"https:\\\/\\\/dorogimedence.hu\\\/#\\\/schema\\\/person\\\/ce6091eeb7e95ecdc87890d6aa8e0fd4\",\"name\":\"dorogimedence.hu\",\"image\":{\"@type\":\"ImageObject\",\"inLanguage\":\"hu\",\"@id\":\"\\\/\\\/www.gravatar.com\\\/avatar\\\/d8d45f8901aadff40a4af72c0b826f1d?s=96&#038;r=g&#038;d=mm\",\"url\":\"\\\/\\\/www.gravatar.com\\\/avatar\\\/d8d45f8901aadff40a4af72c0b826f1d?s=96&#038;r=g&#038;d=mm\",\"contentUrl\":\"\\\/\\\/www.gravatar.com\\\/avatar\\\/d8d45f8901aadff40a4af72c0b826f1d?s=96&#038;r=g&#038;d=mm\",\"caption\":\"dorogimedence.hu\"}}]}<\/script>\n<!-- \/ Yoast SEO plugin. -->","yoast_head_json":{"title":"Negyedik alkalommal ker\u00fclt megrendez\u00e9sre az Ultra-Trail a Pilisben","robots":{"index":"index","follow":"follow","max-snippet":"max-snippet:-1","max-image-preview":"max-image-preview:large","max-video-preview":"max-video-preview:-1"},"canonical":"https:\/\/dorogimedence.hu\/index.php\/2018\/05\/21\/negyedik-alkalommal-kerult-megrendezesre-az-ultra-trail-a-pilisben\/","og_locale":"hu_HU","og_type":"article","og_title":"Negyedik alkalommal ker\u00fclt megrendez\u00e9sre az Ultra-Trail a Pilisben","og_description":"P\u00fcnk\u00f6sd vas\u00e1rnap 0 \u00f3rakor rajtolt Szentendr\u00e9r\u0151l a Salomon Ultra-Trail Hungary, a legn\u00e9pszer\u0171bb \u00e9s legrangosabb magyar ultramaratoni t\u00e1v\u00fa terepfut\u00e1s, a legend\u00e1s Ultra-Trail du Mont-Blanc kvalifik\u00e1ci\u00f3s versenye. Cs\u00e1nyi L\u00e1szl\u00f3 (Csanya) az MTI-nek elmondta, hogy id\u00e9n a magyar ultrafut\u00f3k mellett sokan \u00e9rkeztek k\u00fclf\u00f6ldr\u0151l, 34 orsz\u00e1gb\u00f3l \u00f6sszesen 1165 fut\u00f3 regisztr\u00e1lt, legt\u00f6bben a szomsz\u00e9dos orsz\u00e1gokb\u00f3l, de K\u00edn\u00e1b\u00f3l, Kanad\u00e1b\u00f3l \u00e9s az","og_url":"https:\/\/dorogimedence.hu\/index.php\/2018\/05\/21\/negyedik-alkalommal-kerult-megrendezesre-az-ultra-trail-a-pilisben\/","og_site_name":"Dorogi-medence Region\u00e1lis H\u00edrport\u00e1l","article_publisher":"https:\/\/www.facebook.com\/dorogimedence\/","article_published_time":"2018-05-21T04:46:24+00:00","og_image":[{"width":670,"height":365,"url":"https:\/\/i0.wp.com\/dorogimedence.hu\/wp-content\/uploads\/2018\/05\/ultratrail-02.jpg?fit=670%2C365&ssl=1","type":"image\/jpeg"}],"author":"dorogimedence.hu","twitter_card":"summary_large_image","twitter_misc":{"Szerz\u0151:":"dorogimedence.hu","Becs\u00fclt olvas\u00e1si id\u0151":"2 perc"},"schema":{"@context":"https:\/\/schema.org","@graph":[{"@type":"Article","@id":"https:\/\/dorogimedence.hu\/index.php\/2018\/05\/21\/negyedik-alkalommal-kerult-megrendezesre-az-ultra-trail-a-pilisben\/#article","isPartOf":{"@id":"https:\/\/dorogimedence.hu\/index.php\/2018\/05\/21\/negyedik-alkalommal-kerult-megrendezesre-az-ultra-trail-a-pilisben\/"},"author":{"name":"dorogimedence.hu","@id":"https:\/\/dorogimedence.hu\/#\/schema\/person\/ce6091eeb7e95ecdc87890d6aa8e0fd4"},"headline":"Negyedik alkalommal ker\u00fclt megrendez\u00e9sre az Ultra-Trail a Pilisben","datePublished":"2018-05-21T04:46:24+00:00","mainEntityOfPage":{"@id":"https:\/\/dorogimedence.hu\/index.php\/2018\/05\/21\/negyedik-alkalommal-kerult-megrendezesre-az-ultra-trail-a-pilisben\/"},"wordCount":410,"publisher":{"@id":"https:\/\/dorogimedence.hu\/#organization"},"image":{"@id":"https:\/\/dorogimedence.hu\/index.php\/2018\/05\/21\/negyedik-alkalommal-kerult-megrendezesre-az-ultra-trail-a-pilisben\/#primaryimage"},"thumbnailUrl":"https:\/\/dorogimedence.hu\/wp-content\/uploads\/2018\/05\/ultratrail-02.jpg","keywords":["fut\u00e1s","Pilis","sport","Ultra-trail","ultramaraton"],"articleSection":["H\u00edrek","Sport"],"inLanguage":"hu"},{"@type":"WebPage","@id":"https:\/\/dorogimedence.hu\/index.php\/2018\/05\/21\/negyedik-alkalommal-kerult-megrendezesre-az-ultra-trail-a-pilisben\/","url":"https:\/\/dorogimedence.hu\/index.php\/2018\/05\/21\/negyedik-alkalommal-kerult-megrendezesre-az-ultra-trail-a-pilisben\/","name":"Negyedik alkalommal ker\u00fclt megrendez\u00e9sre az Ultra-Trail a Pilisben","isPartOf":{"@id":"https:\/\/dorogimedence.hu\/#website"},"primaryImageOfPage":{"@id":"https:\/\/dorogimedence.hu\/index.php\/2018\/05\/21\/negyedik-alkalommal-kerult-megrendezesre-az-ultra-trail-a-pilisben\/#primaryimage"},"image":{"@id":"https:\/\/dorogimedence.hu\/index.php\/2018\/05\/21\/negyedik-alkalommal-kerult-megrendezesre-az-ultra-trail-a-pilisben\/#primaryimage"},"thumbnailUrl":"https:\/\/dorogimedence.hu\/wp-content\/uploads\/2018\/05\/ultratrail-02.jpg","datePublished":"2018-05-21T04:46:24+00:00","breadcrumb":{"@id":"https:\/\/dorogimedence.hu\/index.php\/2018\/05\/21\/negyedik-alkalommal-kerult-megrendezesre-az-ultra-trail-a-pilisben\/#breadcrumb"},"inLanguage":"hu","potentialAction":[{"@type":"ReadAction","target":["https:\/\/dorogimedence.hu\/index.php\/2018\/05\/21\/negyedik-alkalommal-kerult-megrendezesre-az-ultra-trail-a-pilisben\/"]}]},{"@type":"ImageObject","inLanguage":"hu","@id":"https:\/\/dorogimedence.hu\/index.php\/2018\/05\/21\/negyedik-alkalommal-kerult-megrendezesre-az-ultra-trail-a-pilisben\/#primaryimage","url":"https:\/\/dorogimedence.hu\/wp-content\/uploads\/2018\/05\/ultratrail-02.jpg","contentUrl":"https:\/\/dorogimedence.hu\/wp-content\/uploads\/2018\/05\/ultratrail-02.jpg","width":670,"height":365},{"@type":"BreadcrumbList","@id":"https:\/\/dorogimedence.hu\/index.php\/2018\/05\/21\/negyedik-alkalommal-kerult-megrendezesre-az-ultra-trail-a-pilisben\/#breadcrumb","itemListElement":[{"@type":"ListItem","position":1,"name":"Kezd\u0151lap","item":"https:\/\/dorogimedence.hu\/"},{"@type":"ListItem","position":2,"name":"Negyedik alkalommal ker\u00fclt megrendez\u00e9sre az Ultra-Trail a Pilisben"}]},{"@type":"WebSite","@id":"https:\/\/dorogimedence.hu\/#website","url":"https:\/\/dorogimedence.hu\/","name":"Dorogi-medence Region\u00e1lis H\u00edrport\u00e1l","description":"Dorog, Keszt\u00f6lc, Le\u00e1nyv\u00e1r, Piliscs\u00e9v, Tokod, Tokodalt\u00e1r\u00f3, Csolnok, Esztergom-kertv\u00e1ros: h\u00edrek, programok","publisher":{"@id":"https:\/\/dorogimedence.hu\/#organization"},"potentialAction":[{"@type":"SearchAction","target":{"@type":"EntryPoint","urlTemplate":"https:\/\/dorogimedence.hu\/?s={search_term_string}"},"query-input":{"@type":"PropertyValueSpecification","valueRequired":true,"valueName":"search_term_string"}}],"inLanguage":"hu"},{"@type":"Organization","@id":"https:\/\/dorogimedence.hu\/#organization","name":"Dorogi-medence Region\u00e1lis H\u00edrport\u00e1l","url":"https:\/\/dorogimedence.hu\/","logo":{"@type":"ImageObject","inLanguage":"hu","@id":"https:\/\/dorogimedence.hu\/#\/schema\/logo\/image\/","url":"https:\/\/dorogimedence.hu\/wp-content\/uploads\/2021\/04\/logo-feher-600.png","contentUrl":"https:\/\/dorogimedence.hu\/wp-content\/uploads\/2021\/04\/logo-feher-600.png","width":600,"height":100,"caption":"Dorogi-medence Region\u00e1lis H\u00edrport\u00e1l"},"image":{"@id":"https:\/\/dorogimedence.hu\/#\/schema\/logo\/image\/"},"sameAs":["https:\/\/www.facebook.com\/dorogimedence\/"]},{"@type":"Person","@id":"https:\/\/dorogimedence.hu\/#\/schema\/person\/ce6091eeb7e95ecdc87890d6aa8e0fd4","name":"dorogimedence.hu","image":{"@type":"ImageObject","inLanguage":"hu","@id":"\/\/www.gravatar.com\/avatar\/d8d45f8901aadff40a4af72c0b826f1d?s=96&#038;r=g&#038;d=mm","url":"\/\/www.gravatar.com\/avatar\/d8d45f8901aadff40a4af72c0b826f1d?s=96&#038;r=g&#038;d=mm","contentUrl":"\/\/www.gravatar.com\/avatar\/d8d45f8901aadff40a4af72c0b826f1d?s=96&#038;r=g&#038;d=mm","caption":"dorogimedence.hu"}}]}},"_links":{"self":[{"href":"https:\/\/dorogimedence.hu\/index.php\/wp-json\/wp\/v2\/posts\/10189","targetHints":{"allow":["GET"]}}],"collection":[{"href":"https:\/\/dorogimedence.hu\/index.php\/wp-json\/wp\/v2\/posts"}],"about":[{"href":"https:\/\/dorogimedence.hu\/index.php\/wp-json\/wp\/v2\/types\/post"}],"author":[{"embeddable":true,"href":"https:\/\/dorogimedence.hu\/index.php\/wp-json\/wp\/v2\/users\/1"}],"replies":[{"embeddable":true,"href":"https:\/\/dorogimedence.hu\/index.php\/wp-json\/wp\/v2\/comments?post=10189"}],"version-history":[{"count":0,"href":"https:\/\/dorogimedence.hu\/index.php\/wp-json\/wp\/v2\/posts\/10189\/revisions"}],"wp:featuredmedia":[{"embeddable":true,"href":"https:\/\/dorogimedence.hu\/index.php\/wp-json\/wp\/v2\/media\/10190"}],"wp:attachment":[{"href":"https:\/\/dorogimedence.hu\/index.php\/wp-json\/wp\/v2\/media?parent=10189"}],"wp:term":[{"taxonomy":"category","embeddable":true,"href":"https:\/\/dorogimedence.hu\/index.php\/wp-json\/wp\/v2\/categories?post=10189"},{"taxonomy":"post_tag","embeddable":true,"href":"https:\/\/dorogimedence.hu\/index.php\/wp-json\/wp\/v2\/tags?post=10189"}],"curies":[{"name":"wp","href":"https:\/\/api.w.org\/{rel}","templated":true}]}}