{"id":1005,"date":"2017-02-27T14:26:44","date_gmt":"2017-02-27T13:26:44","guid":{"rendered":"http:\/\/dorogimedence.hu\/?p=1005"},"modified":"2017-02-27T14:49:41","modified_gmt":"2017-02-27T13:49:41","slug":"dorogi-est-esztergomban","status":"publish","type":"post","link":"https:\/\/dorogimedence.hu\/index.php\/2017\/02\/27\/dorogi-est-esztergomban\/","title":{"rendered":"Dorogi est Esztergomban"},"content":{"rendered":"<p>Febru\u00e1r 24-\u00e9n Esztergomban, a Szent Adalbert K\u00f6zpontban ker\u00fclt sor a Laskai Osv\u00e1t Antikv\u00e1rium szervez\u00e9s\u00e9ben Dorog V\u00e1ros Bar\u00e1tainak Egyes\u00fclete bemutatkoz\u00f3 el\u0151ad\u00e1s\u00e1ra. Az \u201eEsztergom \u00e9s k\u00f6rny\u00e9ke kincsei&#8221; sorozat keret\u00e9ben Kov\u00e1cs Lajos egyes\u00fcleti eln\u00f6k a Dorogi F\u00fczetek 51 k\u00f6tet\u00e9t \u00e9s az iskol\u00e1k di\u00e1kalkot\u00f3inak \u201eDorogi \u00e9rt\u00e9kek nyom\u00e1ban&#8221; c\u00edm\u0171 26 kiadv\u00e1ny\u00e1t, helyt\u00f6rt\u00e9neti \u00e9rt\u00e9keket felt\u00e1r\u00f3 v\u00e1logatott \u00edr\u00e1sait ismertette az \u00e9rdekl\u0151d\u0151 k\u00f6z\u00f6ns\u00e9gnek.<\/p>\n<p>Nemcsak Esztergom \u00e9s Dorog lak\u00f3i, de T\u00e1t, Le\u00e1nyv\u00e1r, Nyerges\u00fajfalu, P\u00e1rk\u00e1ny \u00e9s N\u00e1na kutat\u00f3 szakemberei is \u00e9rdekl\u0151d\u00e9ssel hallgatt\u00e1k a dorogiak helyt\u00f6rt\u00e9neti felfedez\u00e9seit, s azok m\u00e1s telep\u00fcl\u00e9sekre is kisug\u00e1rz\u00f3 hat\u00e1s\u00e1t. Moln\u00e1r Vill\u0151 di\u00e1kkutat\u00f3 az \u00e1ltal\u00e1nos iskol\u00e1ban k\u00e9sz\u00fclt tudom\u00e1nyos dolgozat\u00e1val illusztr\u00e1lta, hogyan tanulhatja meg ak\u00e1r 10 \u00e9ves kor\u00e1t\u00f3l egy \u00e9rdekl\u0151d\u0151 tanul\u00f3 &#8211; tan\u00e1ri seg\u00edts\u00e9ggel &#8211; a tudom\u00e1nyos ig\u00e9ny\u0171 dolgozatk\u00e9sz\u00edt\u00e9s technik\u00e1it. Kov\u00e1cs Kl\u00e1ra mentor pedag\u00f3gus R\u00f3nay Gy\u00f6rgy k\u00f6lt\u0151 e t\u00e1jr\u00f3l \u00edrt vers\u00e9nek el\u0151ad\u00e1s\u00e1val id\u00e9zte meg a k\u00f6rnyezet hangulat\u00e1t, melyr\u0151l a dorogi kiadv\u00e1nyok \u00e9s alkot\u00f3k ig\u00e9nyes munk\u00e1i teremtenek egyre \u00e1rnyaltabb k\u00e9pet. A dorogi t\u00f6rt\u00e9nelem &#8211; k\u00f6rnyezet\u00e9hez ezer sz\u00e1llal k\u00f6t\u0151dve &#8211; egyre sz\u00ednesebb \u00e9s izgalmasabb arc\u00e1t t\u00e1rja fel az 1990-ben megkezdett kiadv\u00e1nysorozatok seg\u00edts\u00e9g\u00e9vel.<\/p>\n<p><em>Fot\u00f3, forr\u00e1s: dorog.hu<\/em><\/p>\n","protected":false},"excerpt":{"rendered":"<p>Febru\u00e1r 24-\u00e9n Esztergomban, a Szent Adalbert K\u00f6zpontban ker\u00fclt sor a Laskai Osv\u00e1t Antikv\u00e1rium szervez\u00e9s\u00e9ben Dorog V\u00e1ros Bar\u00e1tainak Egyes\u00fclete bemutatkoz\u00f3 el\u0151ad\u00e1s\u00e1ra. Az \u201eEsztergom \u00e9s k\u00f6rny\u00e9ke kincsei&#8221; sorozat keret\u00e9ben Kov\u00e1cs Lajos egyes\u00fcleti eln\u00f6k a Dorogi F\u00fczetek 51 k\u00f6tet\u00e9t \u00e9s az iskol\u00e1k di\u00e1kalkot\u00f3inak \u201eDorogi \u00e9rt\u00e9kek nyom\u00e1ban&#8221; c\u00edm\u0171 26 kiadv\u00e1ny\u00e1t, helyt\u00f6rt\u00e9neti \u00e9rt\u00e9keket felt\u00e1r\u00f3 v\u00e1logatott \u00edr\u00e1sait ismertette az \u00e9rdekl\u0151d\u0151 k\u00f6z\u00f6ns\u00e9gnek.<\/p>\n","protected":false},"author":1,"featured_media":1012,"comment_status":"closed","ping_status":"closed","sticky":false,"template":"","format":"standard","meta":{"ngg_post_thumbnail":0,"footnotes":""},"categories":[2,38,3],"tags":[15,42,357,101],"class_list":{"0":"post-1005","1":"post","2":"type-post","3":"status-publish","4":"format-standard","5":"has-post-thumbnail","7":"category-dorog","8":"category-esztergom","9":"category-hirek","10":"tag-dorog","11":"tag-esztergom","12":"tag-helytortenet","13":"tag-program"},"yoast_head":"<!-- This site is optimized with the Yoast SEO plugin v27.4 - https:\/\/yoast.com\/product\/yoast-seo-wordpress\/ -->\n<title>Dorogi est Esztergomban<\/title>\n<meta name=\"robots\" content=\"index, follow, max-snippet:-1, max-image-preview:large, max-video-preview:-1\" \/>\n<link rel=\"canonical\" href=\"https:\/\/dorogimedence.hu\/index.php\/2017\/02\/27\/dorogi-est-esztergomban\/\" class=\"yoast-seo-meta-tag\" \/>\n<meta property=\"og:locale\" content=\"hu_HU\" class=\"yoast-seo-meta-tag\" \/>\n<meta property=\"og:type\" content=\"article\" class=\"yoast-seo-meta-tag\" \/>\n<meta property=\"og:title\" content=\"Dorogi est Esztergomban\" class=\"yoast-seo-meta-tag\" \/>\n<meta property=\"og:description\" content=\"Febru\u00e1r 24-\u00e9n Esztergomban, a Szent Adalbert K\u00f6zpontban ker\u00fclt sor a Laskai Osv\u00e1t Antikv\u00e1rium szervez\u00e9s\u00e9ben Dorog V\u00e1ros Bar\u00e1tainak Egyes\u00fclete bemutatkoz\u00f3 el\u0151ad\u00e1s\u00e1ra. Az \u201eEsztergom \u00e9s k\u00f6rny\u00e9ke kincsei&#8221; sorozat keret\u00e9ben Kov\u00e1cs Lajos egyes\u00fcleti eln\u00f6k a Dorogi F\u00fczetek 51 k\u00f6tet\u00e9t \u00e9s az iskol\u00e1k di\u00e1kalkot\u00f3inak \u201eDorogi \u00e9rt\u00e9kek nyom\u00e1ban&#8221; c\u00edm\u0171 26 kiadv\u00e1ny\u00e1t, helyt\u00f6rt\u00e9neti \u00e9rt\u00e9keket felt\u00e1r\u00f3 v\u00e1logatott \u00edr\u00e1sait ismertette az \u00e9rdekl\u0151d\u0151 k\u00f6z\u00f6ns\u00e9gnek.\" class=\"yoast-seo-meta-tag\" \/>\n<meta property=\"og:url\" content=\"https:\/\/dorogimedence.hu\/index.php\/2017\/02\/27\/dorogi-est-esztergomban\/\" class=\"yoast-seo-meta-tag\" \/>\n<meta property=\"og:site_name\" content=\"Dorogi-medence Region\u00e1lis H\u00edrport\u00e1l\" class=\"yoast-seo-meta-tag\" \/>\n<meta property=\"article:publisher\" content=\"https:\/\/www.facebook.com\/dorogimedence\/\" class=\"yoast-seo-meta-tag\" \/>\n<meta property=\"article:published_time\" content=\"2017-02-27T13:26:44+00:00\" class=\"yoast-seo-meta-tag\" \/>\n<meta property=\"article:modified_time\" content=\"2017-02-27T13:49:41+00:00\" class=\"yoast-seo-meta-tag\" \/>\n<meta property=\"og:image\" content=\"https:\/\/i0.wp.com\/dorogimedence.hu\/wp-content\/uploads\/2017\/02\/dorogi-est2.jpg?fit=667%2C365&ssl=1\" class=\"yoast-seo-meta-tag\" \/>\n\t<meta property=\"og:image:width\" content=\"667\" class=\"yoast-seo-meta-tag\" \/>\n\t<meta property=\"og:image:height\" content=\"365\" class=\"yoast-seo-meta-tag\" \/>\n\t<meta property=\"og:image:type\" content=\"image\/jpeg\" class=\"yoast-seo-meta-tag\" \/>\n<meta name=\"author\" content=\"dorogimedence.hu\" class=\"yoast-seo-meta-tag\" \/>\n<meta name=\"twitter:card\" content=\"summary_large_image\" class=\"yoast-seo-meta-tag\" \/>\n<meta name=\"twitter:label1\" content=\"Szerz\u0151:\" class=\"yoast-seo-meta-tag\" \/>\n\t<meta name=\"twitter:data1\" content=\"dorogimedence.hu\" class=\"yoast-seo-meta-tag\" \/>\n\t<meta name=\"twitter:label2\" content=\"Becs\u00fclt olvas\u00e1si id\u0151\" class=\"yoast-seo-meta-tag\" \/>\n\t<meta name=\"twitter:data2\" content=\"1 perc\" class=\"yoast-seo-meta-tag\" \/>\n<script type=\"application\/ld+json\" class=\"yoast-schema-graph\">{\"@context\":\"https:\\\/\\\/schema.org\",\"@graph\":[{\"@type\":\"Article\",\"@id\":\"https:\\\/\\\/dorogimedence.hu\\\/index.php\\\/2017\\\/02\\\/27\\\/dorogi-est-esztergomban\\\/#article\",\"isPartOf\":{\"@id\":\"https:\\\/\\\/dorogimedence.hu\\\/index.php\\\/2017\\\/02\\\/27\\\/dorogi-est-esztergomban\\\/\"},\"author\":{\"name\":\"dorogimedence.hu\",\"@id\":\"https:\\\/\\\/dorogimedence.hu\\\/#\\\/schema\\\/person\\\/ce6091eeb7e95ecdc87890d6aa8e0fd4\"},\"headline\":\"Dorogi est Esztergomban\",\"datePublished\":\"2017-02-27T13:26:44+00:00\",\"dateModified\":\"2017-02-27T13:49:41+00:00\",\"mainEntityOfPage\":{\"@id\":\"https:\\\/\\\/dorogimedence.hu\\\/index.php\\\/2017\\\/02\\\/27\\\/dorogi-est-esztergomban\\\/\"},\"wordCount\":285,\"publisher\":{\"@id\":\"https:\\\/\\\/dorogimedence.hu\\\/#organization\"},\"image\":{\"@id\":\"https:\\\/\\\/dorogimedence.hu\\\/index.php\\\/2017\\\/02\\\/27\\\/dorogi-est-esztergomban\\\/#primaryimage\"},\"thumbnailUrl\":\"https:\\\/\\\/dorogimedence.hu\\\/wp-content\\\/uploads\\\/2017\\\/02\\\/dorogi-est2.jpg\",\"keywords\":[\"Dorog\",\"esztergom\",\"helyt\u00f6rt\u00e9net\",\"program\"],\"articleSection\":[\"Dorog\",\"Esztergom\",\"H\u00edrek\"],\"inLanguage\":\"hu\"},{\"@type\":\"WebPage\",\"@id\":\"https:\\\/\\\/dorogimedence.hu\\\/index.php\\\/2017\\\/02\\\/27\\\/dorogi-est-esztergomban\\\/\",\"url\":\"https:\\\/\\\/dorogimedence.hu\\\/index.php\\\/2017\\\/02\\\/27\\\/dorogi-est-esztergomban\\\/\",\"name\":\"Dorogi est Esztergomban\",\"isPartOf\":{\"@id\":\"https:\\\/\\\/dorogimedence.hu\\\/#website\"},\"primaryImageOfPage\":{\"@id\":\"https:\\\/\\\/dorogimedence.hu\\\/index.php\\\/2017\\\/02\\\/27\\\/dorogi-est-esztergomban\\\/#primaryimage\"},\"image\":{\"@id\":\"https:\\\/\\\/dorogimedence.hu\\\/index.php\\\/2017\\\/02\\\/27\\\/dorogi-est-esztergomban\\\/#primaryimage\"},\"thumbnailUrl\":\"https:\\\/\\\/dorogimedence.hu\\\/wp-content\\\/uploads\\\/2017\\\/02\\\/dorogi-est2.jpg\",\"datePublished\":\"2017-02-27T13:26:44+00:00\",\"dateModified\":\"2017-02-27T13:49:41+00:00\",\"breadcrumb\":{\"@id\":\"https:\\\/\\\/dorogimedence.hu\\\/index.php\\\/2017\\\/02\\\/27\\\/dorogi-est-esztergomban\\\/#breadcrumb\"},\"inLanguage\":\"hu\",\"potentialAction\":[{\"@type\":\"ReadAction\",\"target\":[\"https:\\\/\\\/dorogimedence.hu\\\/index.php\\\/2017\\\/02\\\/27\\\/dorogi-est-esztergomban\\\/\"]}]},{\"@type\":\"ImageObject\",\"inLanguage\":\"hu\",\"@id\":\"https:\\\/\\\/dorogimedence.hu\\\/index.php\\\/2017\\\/02\\\/27\\\/dorogi-est-esztergomban\\\/#primaryimage\",\"url\":\"https:\\\/\\\/dorogimedence.hu\\\/wp-content\\\/uploads\\\/2017\\\/02\\\/dorogi-est2.jpg\",\"contentUrl\":\"https:\\\/\\\/dorogimedence.hu\\\/wp-content\\\/uploads\\\/2017\\\/02\\\/dorogi-est2.jpg\",\"width\":667,\"height\":365},{\"@type\":\"BreadcrumbList\",\"@id\":\"https:\\\/\\\/dorogimedence.hu\\\/index.php\\\/2017\\\/02\\\/27\\\/dorogi-est-esztergomban\\\/#breadcrumb\",\"itemListElement\":[{\"@type\":\"ListItem\",\"position\":1,\"name\":\"Kezd\u0151lap\",\"item\":\"https:\\\/\\\/dorogimedence.hu\\\/\"},{\"@type\":\"ListItem\",\"position\":2,\"name\":\"Dorogi est Esztergomban\"}]},{\"@type\":\"WebSite\",\"@id\":\"https:\\\/\\\/dorogimedence.hu\\\/#website\",\"url\":\"https:\\\/\\\/dorogimedence.hu\\\/\",\"name\":\"Dorogi-medence Region\u00e1lis H\u00edrport\u00e1l\",\"description\":\"Dorog, Keszt\u00f6lc, Le\u00e1nyv\u00e1r, Piliscs\u00e9v, Tokod, Tokodalt\u00e1r\u00f3, Csolnok, Esztergom-kertv\u00e1ros: h\u00edrek, programok\",\"publisher\":{\"@id\":\"https:\\\/\\\/dorogimedence.hu\\\/#organization\"},\"potentialAction\":[{\"@type\":\"SearchAction\",\"target\":{\"@type\":\"EntryPoint\",\"urlTemplate\":\"https:\\\/\\\/dorogimedence.hu\\\/?s={search_term_string}\"},\"query-input\":{\"@type\":\"PropertyValueSpecification\",\"valueRequired\":true,\"valueName\":\"search_term_string\"}}],\"inLanguage\":\"hu\"},{\"@type\":\"Organization\",\"@id\":\"https:\\\/\\\/dorogimedence.hu\\\/#organization\",\"name\":\"Dorogi-medence Region\u00e1lis H\u00edrport\u00e1l\",\"url\":\"https:\\\/\\\/dorogimedence.hu\\\/\",\"logo\":{\"@type\":\"ImageObject\",\"inLanguage\":\"hu\",\"@id\":\"https:\\\/\\\/dorogimedence.hu\\\/#\\\/schema\\\/logo\\\/image\\\/\",\"url\":\"https:\\\/\\\/dorogimedence.hu\\\/wp-content\\\/uploads\\\/2021\\\/04\\\/logo-feher-600.png\",\"contentUrl\":\"https:\\\/\\\/dorogimedence.hu\\\/wp-content\\\/uploads\\\/2021\\\/04\\\/logo-feher-600.png\",\"width\":600,\"height\":100,\"caption\":\"Dorogi-medence Region\u00e1lis H\u00edrport\u00e1l\"},\"image\":{\"@id\":\"https:\\\/\\\/dorogimedence.hu\\\/#\\\/schema\\\/logo\\\/image\\\/\"},\"sameAs\":[\"https:\\\/\\\/www.facebook.com\\\/dorogimedence\\\/\"]},{\"@type\":\"Person\",\"@id\":\"https:\\\/\\\/dorogimedence.hu\\\/#\\\/schema\\\/person\\\/ce6091eeb7e95ecdc87890d6aa8e0fd4\",\"name\":\"dorogimedence.hu\",\"image\":{\"@type\":\"ImageObject\",\"inLanguage\":\"hu\",\"@id\":\"\\\/\\\/www.gravatar.com\\\/avatar\\\/d8d45f8901aadff40a4af72c0b826f1d?s=96&#038;r=g&#038;d=mm\",\"url\":\"\\\/\\\/www.gravatar.com\\\/avatar\\\/d8d45f8901aadff40a4af72c0b826f1d?s=96&#038;r=g&#038;d=mm\",\"contentUrl\":\"\\\/\\\/www.gravatar.com\\\/avatar\\\/d8d45f8901aadff40a4af72c0b826f1d?s=96&#038;r=g&#038;d=mm\",\"caption\":\"dorogimedence.hu\"}}]}<\/script>\n<!-- \/ Yoast SEO plugin. -->","yoast_head_json":{"title":"Dorogi est Esztergomban","robots":{"index":"index","follow":"follow","max-snippet":"max-snippet:-1","max-image-preview":"max-image-preview:large","max-video-preview":"max-video-preview:-1"},"canonical":"https:\/\/dorogimedence.hu\/index.php\/2017\/02\/27\/dorogi-est-esztergomban\/","og_locale":"hu_HU","og_type":"article","og_title":"Dorogi est Esztergomban","og_description":"Febru\u00e1r 24-\u00e9n Esztergomban, a Szent Adalbert K\u00f6zpontban ker\u00fclt sor a Laskai Osv\u00e1t Antikv\u00e1rium szervez\u00e9s\u00e9ben Dorog V\u00e1ros Bar\u00e1tainak Egyes\u00fclete bemutatkoz\u00f3 el\u0151ad\u00e1s\u00e1ra. Az \u201eEsztergom \u00e9s k\u00f6rny\u00e9ke kincsei&#8221; sorozat keret\u00e9ben Kov\u00e1cs Lajos egyes\u00fcleti eln\u00f6k a Dorogi F\u00fczetek 51 k\u00f6tet\u00e9t \u00e9s az iskol\u00e1k di\u00e1kalkot\u00f3inak \u201eDorogi \u00e9rt\u00e9kek nyom\u00e1ban&#8221; c\u00edm\u0171 26 kiadv\u00e1ny\u00e1t, helyt\u00f6rt\u00e9neti \u00e9rt\u00e9keket felt\u00e1r\u00f3 v\u00e1logatott \u00edr\u00e1sait ismertette az \u00e9rdekl\u0151d\u0151 k\u00f6z\u00f6ns\u00e9gnek.","og_url":"https:\/\/dorogimedence.hu\/index.php\/2017\/02\/27\/dorogi-est-esztergomban\/","og_site_name":"Dorogi-medence Region\u00e1lis H\u00edrport\u00e1l","article_publisher":"https:\/\/www.facebook.com\/dorogimedence\/","article_published_time":"2017-02-27T13:26:44+00:00","article_modified_time":"2017-02-27T13:49:41+00:00","og_image":[{"width":667,"height":365,"url":"https:\/\/i0.wp.com\/dorogimedence.hu\/wp-content\/uploads\/2017\/02\/dorogi-est2.jpg?fit=667%2C365&ssl=1","type":"image\/jpeg"}],"author":"dorogimedence.hu","twitter_card":"summary_large_image","twitter_misc":{"Szerz\u0151:":"dorogimedence.hu","Becs\u00fclt olvas\u00e1si id\u0151":"1 perc"},"schema":{"@context":"https:\/\/schema.org","@graph":[{"@type":"Article","@id":"https:\/\/dorogimedence.hu\/index.php\/2017\/02\/27\/dorogi-est-esztergomban\/#article","isPartOf":{"@id":"https:\/\/dorogimedence.hu\/index.php\/2017\/02\/27\/dorogi-est-esztergomban\/"},"author":{"name":"dorogimedence.hu","@id":"https:\/\/dorogimedence.hu\/#\/schema\/person\/ce6091eeb7e95ecdc87890d6aa8e0fd4"},"headline":"Dorogi est Esztergomban","datePublished":"2017-02-27T13:26:44+00:00","dateModified":"2017-02-27T13:49:41+00:00","mainEntityOfPage":{"@id":"https:\/\/dorogimedence.hu\/index.php\/2017\/02\/27\/dorogi-est-esztergomban\/"},"wordCount":285,"publisher":{"@id":"https:\/\/dorogimedence.hu\/#organization"},"image":{"@id":"https:\/\/dorogimedence.hu\/index.php\/2017\/02\/27\/dorogi-est-esztergomban\/#primaryimage"},"thumbnailUrl":"https:\/\/dorogimedence.hu\/wp-content\/uploads\/2017\/02\/dorogi-est2.jpg","keywords":["Dorog","esztergom","helyt\u00f6rt\u00e9net","program"],"articleSection":["Dorog","Esztergom","H\u00edrek"],"inLanguage":"hu"},{"@type":"WebPage","@id":"https:\/\/dorogimedence.hu\/index.php\/2017\/02\/27\/dorogi-est-esztergomban\/","url":"https:\/\/dorogimedence.hu\/index.php\/2017\/02\/27\/dorogi-est-esztergomban\/","name":"Dorogi est Esztergomban","isPartOf":{"@id":"https:\/\/dorogimedence.hu\/#website"},"primaryImageOfPage":{"@id":"https:\/\/dorogimedence.hu\/index.php\/2017\/02\/27\/dorogi-est-esztergomban\/#primaryimage"},"image":{"@id":"https:\/\/dorogimedence.hu\/index.php\/2017\/02\/27\/dorogi-est-esztergomban\/#primaryimage"},"thumbnailUrl":"https:\/\/dorogimedence.hu\/wp-content\/uploads\/2017\/02\/dorogi-est2.jpg","datePublished":"2017-02-27T13:26:44+00:00","dateModified":"2017-02-27T13:49:41+00:00","breadcrumb":{"@id":"https:\/\/dorogimedence.hu\/index.php\/2017\/02\/27\/dorogi-est-esztergomban\/#breadcrumb"},"inLanguage":"hu","potentialAction":[{"@type":"ReadAction","target":["https:\/\/dorogimedence.hu\/index.php\/2017\/02\/27\/dorogi-est-esztergomban\/"]}]},{"@type":"ImageObject","inLanguage":"hu","@id":"https:\/\/dorogimedence.hu\/index.php\/2017\/02\/27\/dorogi-est-esztergomban\/#primaryimage","url":"https:\/\/dorogimedence.hu\/wp-content\/uploads\/2017\/02\/dorogi-est2.jpg","contentUrl":"https:\/\/dorogimedence.hu\/wp-content\/uploads\/2017\/02\/dorogi-est2.jpg","width":667,"height":365},{"@type":"BreadcrumbList","@id":"https:\/\/dorogimedence.hu\/index.php\/2017\/02\/27\/dorogi-est-esztergomban\/#breadcrumb","itemListElement":[{"@type":"ListItem","position":1,"name":"Kezd\u0151lap","item":"https:\/\/dorogimedence.hu\/"},{"@type":"ListItem","position":2,"name":"Dorogi est Esztergomban"}]},{"@type":"WebSite","@id":"https:\/\/dorogimedence.hu\/#website","url":"https:\/\/dorogimedence.hu\/","name":"Dorogi-medence Region\u00e1lis H\u00edrport\u00e1l","description":"Dorog, Keszt\u00f6lc, Le\u00e1nyv\u00e1r, Piliscs\u00e9v, Tokod, Tokodalt\u00e1r\u00f3, Csolnok, Esztergom-kertv\u00e1ros: h\u00edrek, programok","publisher":{"@id":"https:\/\/dorogimedence.hu\/#organization"},"potentialAction":[{"@type":"SearchAction","target":{"@type":"EntryPoint","urlTemplate":"https:\/\/dorogimedence.hu\/?s={search_term_string}"},"query-input":{"@type":"PropertyValueSpecification","valueRequired":true,"valueName":"search_term_string"}}],"inLanguage":"hu"},{"@type":"Organization","@id":"https:\/\/dorogimedence.hu\/#organization","name":"Dorogi-medence Region\u00e1lis H\u00edrport\u00e1l","url":"https:\/\/dorogimedence.hu\/","logo":{"@type":"ImageObject","inLanguage":"hu","@id":"https:\/\/dorogimedence.hu\/#\/schema\/logo\/image\/","url":"https:\/\/dorogimedence.hu\/wp-content\/uploads\/2021\/04\/logo-feher-600.png","contentUrl":"https:\/\/dorogimedence.hu\/wp-content\/uploads\/2021\/04\/logo-feher-600.png","width":600,"height":100,"caption":"Dorogi-medence Region\u00e1lis H\u00edrport\u00e1l"},"image":{"@id":"https:\/\/dorogimedence.hu\/#\/schema\/logo\/image\/"},"sameAs":["https:\/\/www.facebook.com\/dorogimedence\/"]},{"@type":"Person","@id":"https:\/\/dorogimedence.hu\/#\/schema\/person\/ce6091eeb7e95ecdc87890d6aa8e0fd4","name":"dorogimedence.hu","image":{"@type":"ImageObject","inLanguage":"hu","@id":"\/\/www.gravatar.com\/avatar\/d8d45f8901aadff40a4af72c0b826f1d?s=96&#038;r=g&#038;d=mm","url":"\/\/www.gravatar.com\/avatar\/d8d45f8901aadff40a4af72c0b826f1d?s=96&#038;r=g&#038;d=mm","contentUrl":"\/\/www.gravatar.com\/avatar\/d8d45f8901aadff40a4af72c0b826f1d?s=96&#038;r=g&#038;d=mm","caption":"dorogimedence.hu"}}]}},"_links":{"self":[{"href":"https:\/\/dorogimedence.hu\/index.php\/wp-json\/wp\/v2\/posts\/1005","targetHints":{"allow":["GET"]}}],"collection":[{"href":"https:\/\/dorogimedence.hu\/index.php\/wp-json\/wp\/v2\/posts"}],"about":[{"href":"https:\/\/dorogimedence.hu\/index.php\/wp-json\/wp\/v2\/types\/post"}],"author":[{"embeddable":true,"href":"https:\/\/dorogimedence.hu\/index.php\/wp-json\/wp\/v2\/users\/1"}],"replies":[{"embeddable":true,"href":"https:\/\/dorogimedence.hu\/index.php\/wp-json\/wp\/v2\/comments?post=1005"}],"version-history":[{"count":0,"href":"https:\/\/dorogimedence.hu\/index.php\/wp-json\/wp\/v2\/posts\/1005\/revisions"}],"wp:featuredmedia":[{"embeddable":true,"href":"https:\/\/dorogimedence.hu\/index.php\/wp-json\/wp\/v2\/media\/1012"}],"wp:attachment":[{"href":"https:\/\/dorogimedence.hu\/index.php\/wp-json\/wp\/v2\/media?parent=1005"}],"wp:term":[{"taxonomy":"category","embeddable":true,"href":"https:\/\/dorogimedence.hu\/index.php\/wp-json\/wp\/v2\/categories?post=1005"},{"taxonomy":"post_tag","embeddable":true,"href":"https:\/\/dorogimedence.hu\/index.php\/wp-json\/wp\/v2\/tags?post=1005"}],"curies":[{"name":"wp","href":"https:\/\/api.w.org\/{rel}","templated":true}]}}